{"id":48573,"date":"2023-03-18T14:26:40","date_gmt":"2023-03-18T19:26:40","guid":{"rendered":"https:\/\/luchonoticias.com\/?p=48573"},"modified":"2023-03-18T14:26:41","modified_gmt":"2023-03-18T19:26:41","slug":"capturado-exparamilitar-alias-monoleche","status":"publish","type":"post","link":"https:\/\/luchonoticias.com\/editor\/capturado-exparamilitar-alias-monoleche\/","title":{"rendered":"Capturado exparamilitar alias \u2018Monoleche\u2019"},"content":{"rendered":"\n<p>Una fiscal de la Direcci\u00f3n Especializada contra las Violaciones a los Derechos Humanos encontr\u00f3 m\u00e9rito suficiente para resolver la situaci\u00f3n jur\u00eddica del exparamilitar Jes\u00fas Ignacio Rold\u00e1n P\u00e9rez, conocido como \u2018Monoleche\u2019, e imponer medida de aseguramiento de detenci\u00f3n preventiva en su contra como determinador del homicidio de la l\u00edder reclamante de tierras, Yolanda Yamile Izquierdo Berr\u00edo, ocurrido el 31 de enero de 2007, en Monter\u00eda (C\u00f3rdoba).<\/p>\n\n\n\n<p>Para hacer efectiva la decisi\u00f3n, personal del CTI de la Fiscal\u00eda, con apoyo de unidades del Ej\u00e9rcito Nacional, ubic\u00f3 y captur\u00f3 a \u2018Monoleche\u2019 durante un concierto que se cumpl\u00eda en Bogot\u00e1.<\/p>\n\n\n\n<figure class=\"wp-block-video\"><video controls src=\"https:\/\/luchonoticias.com\/wp-content\/uploads\/2023\/03\/WhatsApp-Video-2023-03-18-at-12.00.39-PM-2.mp4\"><\/video><\/figure>\n\n\n\n<p><strong>El crimen<\/strong><\/p>\n\n\n\n<p>Yolanda Yamile Izquierdo representaba a 843 familias que buscaban recuperar varias fincas en C\u00f3rdoba que los entonces grupos de autodefensas les arrebataron, y adelantaba gestiones ante instancias judiciales y gubernamentales para recobrar la titularidad de los predios.<\/p>\n\n\n\n<p>\u2018Monoleche\u2019 ser\u00eda el propietario de uno de los bienes en disputa y, al parecer, pretend\u00eda evitar que les devolvieran los terrenos a los reclamantes. En ese sentido, habr\u00eda contactado a un hombre conocido como \u2018Jawi\u2019 para que siguiera y atentara contra la l\u00edder social.<\/p>\n\n\n\n<p>El d\u00eda del crimen, el sicario dispar\u00f3 en varias oportunidades contra Yolanda Izquierdo y su compa\u00f1ero sentimental, que estaban frente a su vivienda ubicada en el barrio Mi Ranchito. La mujer muri\u00f3, mientras que su pareja sufri\u00f3 varias heridas de gravedad y sobrevivi\u00f3.<\/p>\n\n\n\n<figure class=\"wp-block-audio\"><audio controls src=\"https:\/\/luchonoticias.com\/wp-content\/uploads\/2023\/03\/a3ba73ee-425b-4aeb-b2f9-c07749780617.mp3\" autoplay><\/audio><\/figure>\n\n\n\n<p>Por tratarse de un hecho sucedido luego de la desmovilizaci\u00f3n de Jes\u00fas Ignacio Rold\u00e1n P\u00e9rez, registrada el 18 de diciembre de 2004, la Fiscal\u00eda lo vincul\u00f3 foralmente por los delitos de homicidio agravado y tentativa de homicidio, en atenci\u00f3n a los par\u00e1metros de la Ley 600 de 2000 (anterior Sistema Penal).<\/p>\n","protected":false},"excerpt":{"rendered":"<p>Una fiscal de la Direcci\u00f3n Especializada contra las Violaciones a los Derechos Humanos encontr\u00f3 m\u00e9rito suficiente para resolver la situaci\u00f3n jur\u00eddica del exparamilitar Jes\u00fas Ignacio Rold\u00e1n P\u00e9rez, conocido como \u2018Monoleche\u2019, e imponer medida de aseguramiento de detenci\u00f3n preventiva en su contra como determinador del homicidio de la l\u00edder reclamante de tierras, Yolanda Yamile Izquierdo Berr\u00edo, [&hellip;]<\/p>\n","protected":false},"author":2,"featured_media":0,"comment_status":"open","ping_status":"open","sticky":false,"template":"","format":"standard","meta":{"footnotes":""},"categories":[36,29,3962],"tags":[],"class_list":["post-48573","post","type-post","status-publish","format-standard","hentry","category-destacado","category-judicial","category-videos"],"yoast_head":"<!-- This site is optimized with the Yoast SEO plugin v26.6 - https:\/\/yoast.com\/wordpress\/plugins\/seo\/ -->\n<title>Capturado exparamilitar alias \u2018Monoleche\u2019 -<\/title>\n<meta name=\"robots\" content=\"index, follow, max-snippet:-1, max-image-preview:large, max-video-preview:-1\" \/>\n<link rel=\"canonical\" href=\"https:\/\/luchonoticias.com\/editor\/capturado-exparamilitar-alias-monoleche\/\" \/>\n<meta property=\"og:locale\" content=\"es_ES\" \/>\n<meta property=\"og:type\" content=\"article\" \/>\n<meta property=\"og:title\" content=\"Capturado exparamilitar alias \u2018Monoleche\u2019 -\" \/>\n<meta property=\"og:url\" content=\"https:\/\/luchonoticias.com\/editor\/capturado-exparamilitar-alias-monoleche\/\" \/>\n<meta property=\"article:publisher\" content=\"https:\/\/www.facebook.com\/luchonoticiasneiva\" \/>\n<meta property=\"article:published_time\" content=\"2023-03-18T19:26:40+00:00\" \/>\n<meta property=\"article:modified_time\" content=\"2023-03-18T19:26:41+00:00\" \/>\n<meta name=\"author\" content=\"Editor General\" \/>\n<meta name=\"twitter:card\" content=\"summary_large_image\" \/>\n<meta name=\"twitter:label1\" content=\"Escrito por\" \/>\n\t<meta name=\"twitter:data1\" content=\"Editor General\" \/>\n\t<meta name=\"twitter:label2\" content=\"Tiempo de lectura\" \/>\n\t<meta name=\"twitter:data2\" content=\"1 minuto\" \/>\n<script type=\"application\/ld+json\" class=\"yoast-schema-graph\">{\"@context\":\"https:\/\/schema.org\",\"@graph\":[{\"@type\":\"Article\",\"@id\":\"https:\/\/luchonoticias.com\/editor\/capturado-exparamilitar-alias-monoleche\/#article\",\"isPartOf\":{\"@id\":\"https:\/\/luchonoticias.com\/editor\/capturado-exparamilitar-alias-monoleche\/\"},\"author\":{\"name\":\"Editor General\",\"@id\":\"https:\/\/luchonoticias.com\/editor\/#\/schema\/person\/29217990ddf6f14e35912b2866d591fb\"},\"headline\":\"Capturado exparamilitar alias \u2018Monoleche\u2019\",\"datePublished\":\"2023-03-18T19:26:40+00:00\",\"dateModified\":\"2023-03-18T19:26:41+00:00\",\"mainEntityOfPage\":{\"@id\":\"https:\/\/luchonoticias.com\/editor\/capturado-exparamilitar-alias-monoleche\/\"},\"wordCount\":300,\"commentCount\":0,\"publisher\":{\"@id\":\"https:\/\/luchonoticias.com\/editor\/#\/schema\/person\/7a7fd911f58561fd056dbac7b55af9cd\"},\"articleSection\":[\"Destacado\",\"Judicial\",\"Videos\"],\"inLanguage\":\"es\",\"potentialAction\":[{\"@type\":\"CommentAction\",\"name\":\"Comment\",\"target\":[\"https:\/\/luchonoticias.com\/editor\/capturado-exparamilitar-alias-monoleche\/#respond\"]}]},{\"@type\":\"WebPage\",\"@id\":\"https:\/\/luchonoticias.com\/editor\/capturado-exparamilitar-alias-monoleche\/\",\"url\":\"https:\/\/luchonoticias.com\/editor\/capturado-exparamilitar-alias-monoleche\/\",\"name\":\"Capturado exparamilitar alias \u2018Monoleche\u2019 -\",\"isPartOf\":{\"@id\":\"https:\/\/luchonoticias.com\/editor\/#website\"},\"datePublished\":\"2023-03-18T19:26:40+00:00\",\"dateModified\":\"2023-03-18T19:26:41+00:00\",\"breadcrumb\":{\"@id\":\"https:\/\/luchonoticias.com\/editor\/capturado-exparamilitar-alias-monoleche\/#breadcrumb\"},\"inLanguage\":\"es\",\"potentialAction\":[{\"@type\":\"ReadAction\",\"target\":[\"https:\/\/luchonoticias.com\/editor\/capturado-exparamilitar-alias-monoleche\/\"]}]},{\"@type\":\"BreadcrumbList\",\"@id\":\"https:\/\/luchonoticias.com\/editor\/capturado-exparamilitar-alias-monoleche\/#breadcrumb\",\"itemListElement\":[{\"@type\":\"ListItem\",\"position\":1,\"name\":\"Portada\",\"item\":\"https:\/\/luchonoticias.com\/editor\/\"},{\"@type\":\"ListItem\",\"position\":2,\"name\":\"Capturado exparamilitar alias \u2018Monoleche\u2019\"}]},{\"@type\":\"WebSite\",\"@id\":\"https:\/\/luchonoticias.com\/editor\/#website\",\"url\":\"https:\/\/luchonoticias.com\/editor\/\",\"name\":\"\",\"description\":\"\",\"publisher\":{\"@id\":\"https:\/\/luchonoticias.com\/editor\/#\/schema\/person\/7a7fd911f58561fd056dbac7b55af9cd\"},\"potentialAction\":[{\"@type\":\"SearchAction\",\"target\":{\"@type\":\"EntryPoint\",\"urlTemplate\":\"https:\/\/luchonoticias.com\/editor\/?s={search_term_string}\"},\"query-input\":{\"@type\":\"PropertyValueSpecification\",\"valueRequired\":true,\"valueName\":\"search_term_string\"}}],\"inLanguage\":\"es\"},{\"@type\":[\"Person\",\"Organization\"],\"@id\":\"https:\/\/luchonoticias.com\/editor\/#\/schema\/person\/7a7fd911f58561fd056dbac7b55af9cd\",\"name\":\"admin\",\"image\":{\"@type\":\"ImageObject\",\"inLanguage\":\"es\",\"@id\":\"https:\/\/luchonoticias.com\/editor\/#\/schema\/person\/image\/\",\"url\":\"https:\/\/luchonoticias.com\/editor\/wp-content\/uploads\/2024\/02\/cropped-cropped-logolu.webp\",\"contentUrl\":\"https:\/\/luchonoticias.com\/editor\/wp-content\/uploads\/2024\/02\/cropped-cropped-logolu.webp\",\"width\":382,\"height\":170,\"caption\":\"admin\"},\"logo\":{\"@id\":\"https:\/\/luchonoticias.com\/editor\/#\/schema\/person\/image\/\"},\"sameAs\":[\"https:\/\/www.facebook.com\/luchonoticiasneiva\"]},{\"@type\":\"Person\",\"@id\":\"https:\/\/luchonoticias.com\/editor\/#\/schema\/person\/29217990ddf6f14e35912b2866d591fb\",\"name\":\"Editor General\",\"image\":{\"@type\":\"ImageObject\",\"inLanguage\":\"es\",\"@id\":\"https:\/\/luchonoticias.com\/editor\/#\/schema\/person\/image\/\",\"url\":\"https:\/\/luchonoticias.com\/editor\/wp-content\/uploads\/2024\/02\/cropped-cropped-logolu-150x150.webp\",\"contentUrl\":\"https:\/\/luchonoticias.com\/editor\/wp-content\/uploads\/2024\/02\/cropped-cropped-logolu-150x150.webp\",\"caption\":\"Editor General\"},\"sameAs\":[\"https:\/\/luchonoticias.com\/\"],\"url\":\"https:\/\/luchonoticias.com\/editor\/author\/editor-general\/\"}]}<\/script>\n<!-- \/ Yoast SEO plugin. -->","yoast_head_json":{"title":"Capturado exparamilitar alias \u2018Monoleche\u2019 -","robots":{"index":"index","follow":"follow","max-snippet":"max-snippet:-1","max-image-preview":"max-image-preview:large","max-video-preview":"max-video-preview:-1"},"canonical":"https:\/\/luchonoticias.com\/editor\/capturado-exparamilitar-alias-monoleche\/","og_locale":"es_ES","og_type":"article","og_title":"Capturado exparamilitar alias \u2018Monoleche\u2019 -","og_url":"https:\/\/luchonoticias.com\/editor\/capturado-exparamilitar-alias-monoleche\/","article_publisher":"https:\/\/www.facebook.com\/luchonoticiasneiva","article_published_time":"2023-03-18T19:26:40+00:00","article_modified_time":"2023-03-18T19:26:41+00:00","author":"Editor General","twitter_card":"summary_large_image","twitter_misc":{"Escrito por":"Editor General","Tiempo de lectura":"1 minuto"},"schema":{"@context":"https:\/\/schema.org","@graph":[{"@type":"Article","@id":"https:\/\/luchonoticias.com\/editor\/capturado-exparamilitar-alias-monoleche\/#article","isPartOf":{"@id":"https:\/\/luchonoticias.com\/editor\/capturado-exparamilitar-alias-monoleche\/"},"author":{"name":"Editor General","@id":"https:\/\/luchonoticias.com\/editor\/#\/schema\/person\/29217990ddf6f14e35912b2866d591fb"},"headline":"Capturado exparamilitar alias \u2018Monoleche\u2019","datePublished":"2023-03-18T19:26:40+00:00","dateModified":"2023-03-18T19:26:41+00:00","mainEntityOfPage":{"@id":"https:\/\/luchonoticias.com\/editor\/capturado-exparamilitar-alias-monoleche\/"},"wordCount":300,"commentCount":0,"publisher":{"@id":"https:\/\/luchonoticias.com\/editor\/#\/schema\/person\/7a7fd911f58561fd056dbac7b55af9cd"},"articleSection":["Destacado","Judicial","Videos"],"inLanguage":"es","potentialAction":[{"@type":"CommentAction","name":"Comment","target":["https:\/\/luchonoticias.com\/editor\/capturado-exparamilitar-alias-monoleche\/#respond"]}]},{"@type":"WebPage","@id":"https:\/\/luchonoticias.com\/editor\/capturado-exparamilitar-alias-monoleche\/","url":"https:\/\/luchonoticias.com\/editor\/capturado-exparamilitar-alias-monoleche\/","name":"Capturado exparamilitar alias \u2018Monoleche\u2019 -","isPartOf":{"@id":"https:\/\/luchonoticias.com\/editor\/#website"},"datePublished":"2023-03-18T19:26:40+00:00","dateModified":"2023-03-18T19:26:41+00:00","breadcrumb":{"@id":"https:\/\/luchonoticias.com\/editor\/capturado-exparamilitar-alias-monoleche\/#breadcrumb"},"inLanguage":"es","potentialAction":[{"@type":"ReadAction","target":["https:\/\/luchonoticias.com\/editor\/capturado-exparamilitar-alias-monoleche\/"]}]},{"@type":"BreadcrumbList","@id":"https:\/\/luchonoticias.com\/editor\/capturado-exparamilitar-alias-monoleche\/#breadcrumb","itemListElement":[{"@type":"ListItem","position":1,"name":"Portada","item":"https:\/\/luchonoticias.com\/editor\/"},{"@type":"ListItem","position":2,"name":"Capturado exparamilitar alias \u2018Monoleche\u2019"}]},{"@type":"WebSite","@id":"https:\/\/luchonoticias.com\/editor\/#website","url":"https:\/\/luchonoticias.com\/editor\/","name":"","description":"","publisher":{"@id":"https:\/\/luchonoticias.com\/editor\/#\/schema\/person\/7a7fd911f58561fd056dbac7b55af9cd"},"potentialAction":[{"@type":"SearchAction","target":{"@type":"EntryPoint","urlTemplate":"https:\/\/luchonoticias.com\/editor\/?s={search_term_string}"},"query-input":{"@type":"PropertyValueSpecification","valueRequired":true,"valueName":"search_term_string"}}],"inLanguage":"es"},{"@type":["Person","Organization"],"@id":"https:\/\/luchonoticias.com\/editor\/#\/schema\/person\/7a7fd911f58561fd056dbac7b55af9cd","name":"admin","image":{"@type":"ImageObject","inLanguage":"es","@id":"https:\/\/luchonoticias.com\/editor\/#\/schema\/person\/image\/","url":"https:\/\/luchonoticias.com\/editor\/wp-content\/uploads\/2024\/02\/cropped-cropped-logolu.webp","contentUrl":"https:\/\/luchonoticias.com\/editor\/wp-content\/uploads\/2024\/02\/cropped-cropped-logolu.webp","width":382,"height":170,"caption":"admin"},"logo":{"@id":"https:\/\/luchonoticias.com\/editor\/#\/schema\/person\/image\/"},"sameAs":["https:\/\/www.facebook.com\/luchonoticiasneiva"]},{"@type":"Person","@id":"https:\/\/luchonoticias.com\/editor\/#\/schema\/person\/29217990ddf6f14e35912b2866d591fb","name":"Editor General","image":{"@type":"ImageObject","inLanguage":"es","@id":"https:\/\/luchonoticias.com\/editor\/#\/schema\/person\/image\/","url":"https:\/\/luchonoticias.com\/editor\/wp-content\/uploads\/2024\/02\/cropped-cropped-logolu-150x150.webp","contentUrl":"https:\/\/luchonoticias.com\/editor\/wp-content\/uploads\/2024\/02\/cropped-cropped-logolu-150x150.webp","caption":"Editor General"},"sameAs":["https:\/\/luchonoticias.com\/"],"url":"https:\/\/luchonoticias.com\/editor\/author\/editor-general\/"}]}},"_links":{"self":[{"href":"https:\/\/luchonoticias.com\/editor\/wp-json\/wp\/v2\/posts\/48573","targetHints":{"allow":["GET"]}}],"collection":[{"href":"https:\/\/luchonoticias.com\/editor\/wp-json\/wp\/v2\/posts"}],"about":[{"href":"https:\/\/luchonoticias.com\/editor\/wp-json\/wp\/v2\/types\/post"}],"author":[{"embeddable":true,"href":"https:\/\/luchonoticias.com\/editor\/wp-json\/wp\/v2\/users\/2"}],"replies":[{"embeddable":true,"href":"https:\/\/luchonoticias.com\/editor\/wp-json\/wp\/v2\/comments?post=48573"}],"version-history":[{"count":0,"href":"https:\/\/luchonoticias.com\/editor\/wp-json\/wp\/v2\/posts\/48573\/revisions"}],"wp:attachment":[{"href":"https:\/\/luchonoticias.com\/editor\/wp-json\/wp\/v2\/media?parent=48573"}],"wp:term":[{"taxonomy":"category","embeddable":true,"href":"https:\/\/luchonoticias.com\/editor\/wp-json\/wp\/v2\/categories?post=48573"},{"taxonomy":"post_tag","embeddable":true,"href":"https:\/\/luchonoticias.com\/editor\/wp-json\/wp\/v2\/tags?post=48573"}],"curies":[{"name":"wp","href":"https:\/\/api.w.org\/{rel}","templated":true}]}}