{"id":48579,"date":"2023-03-18T15:00:13","date_gmt":"2023-03-18T20:00:13","guid":{"rendered":"https:\/\/luchonoticias.com\/?p=48579"},"modified":"2023-03-18T15:02:46","modified_gmt":"2023-03-18T20:02:46","slug":"invierno-deja-incomunicada-vereda-la-mojarra-de-fortalecillas-neiva","status":"publish","type":"post","link":"https:\/\/luchonoticias.com\/editor\/invierno-deja-incomunicada-vereda-la-mojarra-de-fortalecillas-neiva\/","title":{"rendered":"Invierno deja incomunicada vereda La Mojarra de Fortalecillas \u2013 Neiva"},"content":{"rendered":"\n<p>Gran preocupaci\u00f3n viven los pobladores de la vereda La Mojarra del corregimiento de Fortalecillas jurisdicci\u00f3n de Neiva, tras quedar incomunicado cerca de 300 familias a causa de que su v\u00eda de acceso resultara gravemente afectada, por motivos a las fuertes lluvias que han ocurrido en los \u00faltimos d\u00edas en el Departamento.<\/p>\n\n\n\n<p>Seg\u00fan lo manifestado por uno de los lideres del sector, esta situaci\u00f3n a acarreado grandes problemas como en el comercio para los habitantes de la Vereda<\/p>\n\n\n\n<figure class=\"wp-block-gallery has-nested-images columns-default is-cropped wp-block-gallery-1 is-layout-flex wp-block-gallery-is-layout-flex\">\n<figure class=\"wp-block-image size-large\"><img decoding=\"async\" data-id=\"48583\" src=\"https:\/\/luchonoticias.com\/wp-content\/uploads\/2023\/03\/WhatsApp-Image-2023-03-18-at-12.45.17-PM-1-1-768x1024.jpeg\" alt=\"\" class=\"wp-image-48583\"\/><\/figure>\n\n\n\n<figure class=\"wp-block-image size-large\"><img decoding=\"async\" data-id=\"48585\" src=\"https:\/\/luchonoticias.com\/wp-content\/uploads\/2023\/03\/WhatsApp-Image-2023-03-18-at-12.45.16-PM-1-1-768x1024.jpeg\" alt=\"\" class=\"wp-image-48585\"\/><\/figure>\n\n\n\n<figure class=\"wp-block-image size-large\"><img decoding=\"async\" data-id=\"48584\" src=\"https:\/\/luchonoticias.com\/wp-content\/uploads\/2023\/03\/WhatsApp-Image-2023-03-18-at-12.45.16-PM-768x1024.jpeg\" alt=\"\" class=\"wp-image-48584\"\/><\/figure>\n<\/figure>\n\n\n\n<p>\u201cYa quedamos incomunicas, tenemos personas con pescado, falta de subir comida piscicultura en la parte alta de la Vereda donde van a salir estos damnificados. Ya lleg\u00f3 la semana santa y esa gente tiene toda la pesca y necesitan sacarlos para poderlos vender y llevar un sustento para sus hogares\u201d, expres\u00f3 uno de los voceros.<\/p>\n\n\n\n<figure class=\"wp-block-audio\"><audio controls src=\"https:\/\/luchonoticias.com\/wp-content\/uploads\/2023\/03\/WhatsApp-Audio-2023-03-18-at-12.45.16-PM.ogg\" autoplay><\/audio><\/figure>\n\n\n\n<p>Finalmente, en la petici\u00f3n realizada por el vocero de los afectados, piden una pronta soluci\u00f3n para su v\u00eda de acceso, ya que tienen gravemente preocupados a sus pobladores y pescaderos.<\/p>\n","protected":false},"excerpt":{"rendered":"<p>Gran preocupaci\u00f3n viven los pobladores de la vereda La Mojarra del corregimiento de Fortalecillas jurisdicci\u00f3n de Neiva, tras quedar incomunicado cerca de 300 familias a causa de que su v\u00eda de acceso resultara gravemente afectada, por motivos a las fuertes lluvias que han ocurrido en los \u00faltimos d\u00edas en el Departamento. Seg\u00fan lo manifestado por [&hellip;]<\/p>\n","protected":false},"author":2,"featured_media":0,"comment_status":"open","ping_status":"open","sticky":false,"template":"","format":"standard","meta":{"footnotes":""},"categories":[3961,36],"tags":[],"class_list":["post-48579","post","type-post","status-publish","format-standard","hentry","category-comunidad","category-destacado"],"yoast_head":"<!-- This site is optimized with the Yoast SEO plugin v26.6 - https:\/\/yoast.com\/wordpress\/plugins\/seo\/ -->\n<title>Invierno deja incomunicada vereda La Mojarra de Fortalecillas \u2013 Neiva -<\/title>\n<meta name=\"robots\" content=\"index, follow, max-snippet:-1, max-image-preview:large, max-video-preview:-1\" \/>\n<link rel=\"canonical\" href=\"https:\/\/luchonoticias.com\/editor\/invierno-deja-incomunicada-vereda-la-mojarra-de-fortalecillas-neiva\/\" \/>\n<meta property=\"og:locale\" content=\"es_ES\" \/>\n<meta property=\"og:type\" content=\"article\" \/>\n<meta property=\"og:title\" content=\"Invierno deja incomunicada vereda La Mojarra de Fortalecillas \u2013 Neiva -\" \/>\n<meta property=\"og:url\" content=\"https:\/\/luchonoticias.com\/editor\/invierno-deja-incomunicada-vereda-la-mojarra-de-fortalecillas-neiva\/\" \/>\n<meta property=\"article:publisher\" content=\"https:\/\/www.facebook.com\/luchonoticiasneiva\" \/>\n<meta property=\"article:published_time\" content=\"2023-03-18T20:00:13+00:00\" \/>\n<meta property=\"article:modified_time\" content=\"2023-03-18T20:02:46+00:00\" \/>\n<meta property=\"og:image\" content=\"https:\/\/luchonoticias.com\/wp-content\/uploads\/2023\/03\/WhatsApp-Image-2023-03-18-at-12.45.17-PM-1-1-768x1024.jpeg\" \/>\n<meta name=\"author\" content=\"Editor General\" \/>\n<meta name=\"twitter:card\" content=\"summary_large_image\" \/>\n<meta name=\"twitter:label1\" content=\"Escrito por\" \/>\n\t<meta name=\"twitter:data1\" content=\"Editor General\" \/>\n\t<meta name=\"twitter:label2\" content=\"Tiempo de lectura\" \/>\n\t<meta name=\"twitter:data2\" content=\"1 minuto\" \/>\n<script type=\"application\/ld+json\" class=\"yoast-schema-graph\">{\"@context\":\"https:\/\/schema.org\",\"@graph\":[{\"@type\":\"Article\",\"@id\":\"https:\/\/luchonoticias.com\/editor\/invierno-deja-incomunicada-vereda-la-mojarra-de-fortalecillas-neiva\/#article\",\"isPartOf\":{\"@id\":\"https:\/\/luchonoticias.com\/editor\/invierno-deja-incomunicada-vereda-la-mojarra-de-fortalecillas-neiva\/\"},\"author\":{\"name\":\"Editor General\",\"@id\":\"https:\/\/luchonoticias.com\/editor\/#\/schema\/person\/29217990ddf6f14e35912b2866d591fb\"},\"headline\":\"Invierno deja incomunicada vereda La Mojarra de Fortalecillas \u2013 Neiva\",\"datePublished\":\"2023-03-18T20:00:13+00:00\",\"dateModified\":\"2023-03-18T20:02:46+00:00\",\"mainEntityOfPage\":{\"@id\":\"https:\/\/luchonoticias.com\/editor\/invierno-deja-incomunicada-vereda-la-mojarra-de-fortalecillas-neiva\/\"},\"wordCount\":179,\"commentCount\":0,\"publisher\":{\"@id\":\"https:\/\/luchonoticias.com\/editor\/#\/schema\/person\/7a7fd911f58561fd056dbac7b55af9cd\"},\"image\":{\"@id\":\"https:\/\/luchonoticias.com\/editor\/invierno-deja-incomunicada-vereda-la-mojarra-de-fortalecillas-neiva\/#primaryimage\"},\"thumbnailUrl\":\"https:\/\/luchonoticias.com\/wp-content\/uploads\/2023\/03\/WhatsApp-Image-2023-03-18-at-12.45.17-PM-1-1-768x1024.jpeg\",\"articleSection\":[\"Comunidad\",\"Destacado\"],\"inLanguage\":\"es\",\"potentialAction\":[{\"@type\":\"CommentAction\",\"name\":\"Comment\",\"target\":[\"https:\/\/luchonoticias.com\/editor\/invierno-deja-incomunicada-vereda-la-mojarra-de-fortalecillas-neiva\/#respond\"]}]},{\"@type\":\"WebPage\",\"@id\":\"https:\/\/luchonoticias.com\/editor\/invierno-deja-incomunicada-vereda-la-mojarra-de-fortalecillas-neiva\/\",\"url\":\"https:\/\/luchonoticias.com\/editor\/invierno-deja-incomunicada-vereda-la-mojarra-de-fortalecillas-neiva\/\",\"name\":\"Invierno deja incomunicada vereda La Mojarra de Fortalecillas \u2013 Neiva -\",\"isPartOf\":{\"@id\":\"https:\/\/luchonoticias.com\/editor\/#website\"},\"primaryImageOfPage\":{\"@id\":\"https:\/\/luchonoticias.com\/editor\/invierno-deja-incomunicada-vereda-la-mojarra-de-fortalecillas-neiva\/#primaryimage\"},\"image\":{\"@id\":\"https:\/\/luchonoticias.com\/editor\/invierno-deja-incomunicada-vereda-la-mojarra-de-fortalecillas-neiva\/#primaryimage\"},\"thumbnailUrl\":\"https:\/\/luchonoticias.com\/wp-content\/uploads\/2023\/03\/WhatsApp-Image-2023-03-18-at-12.45.17-PM-1-1-768x1024.jpeg\",\"datePublished\":\"2023-03-18T20:00:13+00:00\",\"dateModified\":\"2023-03-18T20:02:46+00:00\",\"breadcrumb\":{\"@id\":\"https:\/\/luchonoticias.com\/editor\/invierno-deja-incomunicada-vereda-la-mojarra-de-fortalecillas-neiva\/#breadcrumb\"},\"inLanguage\":\"es\",\"potentialAction\":[{\"@type\":\"ReadAction\",\"target\":[\"https:\/\/luchonoticias.com\/editor\/invierno-deja-incomunicada-vereda-la-mojarra-de-fortalecillas-neiva\/\"]}]},{\"@type\":\"ImageObject\",\"inLanguage\":\"es\",\"@id\":\"https:\/\/luchonoticias.com\/editor\/invierno-deja-incomunicada-vereda-la-mojarra-de-fortalecillas-neiva\/#primaryimage\",\"url\":\"https:\/\/luchonoticias.com\/wp-content\/uploads\/2023\/03\/WhatsApp-Image-2023-03-18-at-12.45.17-PM-1-1-768x1024.jpeg\",\"contentUrl\":\"https:\/\/luchonoticias.com\/wp-content\/uploads\/2023\/03\/WhatsApp-Image-2023-03-18-at-12.45.17-PM-1-1-768x1024.jpeg\"},{\"@type\":\"BreadcrumbList\",\"@id\":\"https:\/\/luchonoticias.com\/editor\/invierno-deja-incomunicada-vereda-la-mojarra-de-fortalecillas-neiva\/#breadcrumb\",\"itemListElement\":[{\"@type\":\"ListItem\",\"position\":1,\"name\":\"Portada\",\"item\":\"https:\/\/luchonoticias.com\/editor\/\"},{\"@type\":\"ListItem\",\"position\":2,\"name\":\"Invierno deja incomunicada vereda La Mojarra de Fortalecillas \u2013 Neiva\"}]},{\"@type\":\"WebSite\",\"@id\":\"https:\/\/luchonoticias.com\/editor\/#website\",\"url\":\"https:\/\/luchonoticias.com\/editor\/\",\"name\":\"\",\"description\":\"\",\"publisher\":{\"@id\":\"https:\/\/luchonoticias.com\/editor\/#\/schema\/person\/7a7fd911f58561fd056dbac7b55af9cd\"},\"potentialAction\":[{\"@type\":\"SearchAction\",\"target\":{\"@type\":\"EntryPoint\",\"urlTemplate\":\"https:\/\/luchonoticias.com\/editor\/?s={search_term_string}\"},\"query-input\":{\"@type\":\"PropertyValueSpecification\",\"valueRequired\":true,\"valueName\":\"search_term_string\"}}],\"inLanguage\":\"es\"},{\"@type\":[\"Person\",\"Organization\"],\"@id\":\"https:\/\/luchonoticias.com\/editor\/#\/schema\/person\/7a7fd911f58561fd056dbac7b55af9cd\",\"name\":\"admin\",\"image\":{\"@type\":\"ImageObject\",\"inLanguage\":\"es\",\"@id\":\"https:\/\/luchonoticias.com\/editor\/#\/schema\/person\/image\/\",\"url\":\"https:\/\/luchonoticias.com\/editor\/wp-content\/uploads\/2024\/02\/cropped-cropped-logolu.webp\",\"contentUrl\":\"https:\/\/luchonoticias.com\/editor\/wp-content\/uploads\/2024\/02\/cropped-cropped-logolu.webp\",\"width\":382,\"height\":170,\"caption\":\"admin\"},\"logo\":{\"@id\":\"https:\/\/luchonoticias.com\/editor\/#\/schema\/person\/image\/\"},\"sameAs\":[\"https:\/\/www.facebook.com\/luchonoticiasneiva\"]},{\"@type\":\"Person\",\"@id\":\"https:\/\/luchonoticias.com\/editor\/#\/schema\/person\/29217990ddf6f14e35912b2866d591fb\",\"name\":\"Editor General\",\"image\":{\"@type\":\"ImageObject\",\"inLanguage\":\"es\",\"@id\":\"https:\/\/luchonoticias.com\/editor\/#\/schema\/person\/image\/\",\"url\":\"https:\/\/luchonoticias.com\/editor\/wp-content\/uploads\/2024\/02\/cropped-cropped-logolu-150x150.webp\",\"contentUrl\":\"https:\/\/luchonoticias.com\/editor\/wp-content\/uploads\/2024\/02\/cropped-cropped-logolu-150x150.webp\",\"caption\":\"Editor General\"},\"sameAs\":[\"https:\/\/luchonoticias.com\/\"],\"url\":\"https:\/\/luchonoticias.com\/editor\/author\/editor-general\/\"}]}<\/script>\n<!-- \/ Yoast SEO plugin. -->","yoast_head_json":{"title":"Invierno deja incomunicada vereda La Mojarra de Fortalecillas \u2013 Neiva -","robots":{"index":"index","follow":"follow","max-snippet":"max-snippet:-1","max-image-preview":"max-image-preview:large","max-video-preview":"max-video-preview:-1"},"canonical":"https:\/\/luchonoticias.com\/editor\/invierno-deja-incomunicada-vereda-la-mojarra-de-fortalecillas-neiva\/","og_locale":"es_ES","og_type":"article","og_title":"Invierno deja incomunicada vereda La Mojarra de Fortalecillas \u2013 Neiva -","og_url":"https:\/\/luchonoticias.com\/editor\/invierno-deja-incomunicada-vereda-la-mojarra-de-fortalecillas-neiva\/","article_publisher":"https:\/\/www.facebook.com\/luchonoticiasneiva","article_published_time":"2023-03-18T20:00:13+00:00","article_modified_time":"2023-03-18T20:02:46+00:00","og_image":[{"url":"https:\/\/luchonoticias.com\/wp-content\/uploads\/2023\/03\/WhatsApp-Image-2023-03-18-at-12.45.17-PM-1-1-768x1024.jpeg","type":"","width":"","height":""}],"author":"Editor General","twitter_card":"summary_large_image","twitter_misc":{"Escrito por":"Editor General","Tiempo de lectura":"1 minuto"},"schema":{"@context":"https:\/\/schema.org","@graph":[{"@type":"Article","@id":"https:\/\/luchonoticias.com\/editor\/invierno-deja-incomunicada-vereda-la-mojarra-de-fortalecillas-neiva\/#article","isPartOf":{"@id":"https:\/\/luchonoticias.com\/editor\/invierno-deja-incomunicada-vereda-la-mojarra-de-fortalecillas-neiva\/"},"author":{"name":"Editor General","@id":"https:\/\/luchonoticias.com\/editor\/#\/schema\/person\/29217990ddf6f14e35912b2866d591fb"},"headline":"Invierno deja incomunicada vereda La Mojarra de Fortalecillas \u2013 Neiva","datePublished":"2023-03-18T20:00:13+00:00","dateModified":"2023-03-18T20:02:46+00:00","mainEntityOfPage":{"@id":"https:\/\/luchonoticias.com\/editor\/invierno-deja-incomunicada-vereda-la-mojarra-de-fortalecillas-neiva\/"},"wordCount":179,"commentCount":0,"publisher":{"@id":"https:\/\/luchonoticias.com\/editor\/#\/schema\/person\/7a7fd911f58561fd056dbac7b55af9cd"},"image":{"@id":"https:\/\/luchonoticias.com\/editor\/invierno-deja-incomunicada-vereda-la-mojarra-de-fortalecillas-neiva\/#primaryimage"},"thumbnailUrl":"https:\/\/luchonoticias.com\/wp-content\/uploads\/2023\/03\/WhatsApp-Image-2023-03-18-at-12.45.17-PM-1-1-768x1024.jpeg","articleSection":["Comunidad","Destacado"],"inLanguage":"es","potentialAction":[{"@type":"CommentAction","name":"Comment","target":["https:\/\/luchonoticias.com\/editor\/invierno-deja-incomunicada-vereda-la-mojarra-de-fortalecillas-neiva\/#respond"]}]},{"@type":"WebPage","@id":"https:\/\/luchonoticias.com\/editor\/invierno-deja-incomunicada-vereda-la-mojarra-de-fortalecillas-neiva\/","url":"https:\/\/luchonoticias.com\/editor\/invierno-deja-incomunicada-vereda-la-mojarra-de-fortalecillas-neiva\/","name":"Invierno deja incomunicada vereda La Mojarra de Fortalecillas \u2013 Neiva -","isPartOf":{"@id":"https:\/\/luchonoticias.com\/editor\/#website"},"primaryImageOfPage":{"@id":"https:\/\/luchonoticias.com\/editor\/invierno-deja-incomunicada-vereda-la-mojarra-de-fortalecillas-neiva\/#primaryimage"},"image":{"@id":"https:\/\/luchonoticias.com\/editor\/invierno-deja-incomunicada-vereda-la-mojarra-de-fortalecillas-neiva\/#primaryimage"},"thumbnailUrl":"https:\/\/luchonoticias.com\/wp-content\/uploads\/2023\/03\/WhatsApp-Image-2023-03-18-at-12.45.17-PM-1-1-768x1024.jpeg","datePublished":"2023-03-18T20:00:13+00:00","dateModified":"2023-03-18T20:02:46+00:00","breadcrumb":{"@id":"https:\/\/luchonoticias.com\/editor\/invierno-deja-incomunicada-vereda-la-mojarra-de-fortalecillas-neiva\/#breadcrumb"},"inLanguage":"es","potentialAction":[{"@type":"ReadAction","target":["https:\/\/luchonoticias.com\/editor\/invierno-deja-incomunicada-vereda-la-mojarra-de-fortalecillas-neiva\/"]}]},{"@type":"ImageObject","inLanguage":"es","@id":"https:\/\/luchonoticias.com\/editor\/invierno-deja-incomunicada-vereda-la-mojarra-de-fortalecillas-neiva\/#primaryimage","url":"https:\/\/luchonoticias.com\/wp-content\/uploads\/2023\/03\/WhatsApp-Image-2023-03-18-at-12.45.17-PM-1-1-768x1024.jpeg","contentUrl":"https:\/\/luchonoticias.com\/wp-content\/uploads\/2023\/03\/WhatsApp-Image-2023-03-18-at-12.45.17-PM-1-1-768x1024.jpeg"},{"@type":"BreadcrumbList","@id":"https:\/\/luchonoticias.com\/editor\/invierno-deja-incomunicada-vereda-la-mojarra-de-fortalecillas-neiva\/#breadcrumb","itemListElement":[{"@type":"ListItem","position":1,"name":"Portada","item":"https:\/\/luchonoticias.com\/editor\/"},{"@type":"ListItem","position":2,"name":"Invierno deja incomunicada vereda La Mojarra de Fortalecillas \u2013 Neiva"}]},{"@type":"WebSite","@id":"https:\/\/luchonoticias.com\/editor\/#website","url":"https:\/\/luchonoticias.com\/editor\/","name":"","description":"","publisher":{"@id":"https:\/\/luchonoticias.com\/editor\/#\/schema\/person\/7a7fd911f58561fd056dbac7b55af9cd"},"potentialAction":[{"@type":"SearchAction","target":{"@type":"EntryPoint","urlTemplate":"https:\/\/luchonoticias.com\/editor\/?s={search_term_string}"},"query-input":{"@type":"PropertyValueSpecification","valueRequired":true,"valueName":"search_term_string"}}],"inLanguage":"es"},{"@type":["Person","Organization"],"@id":"https:\/\/luchonoticias.com\/editor\/#\/schema\/person\/7a7fd911f58561fd056dbac7b55af9cd","name":"admin","image":{"@type":"ImageObject","inLanguage":"es","@id":"https:\/\/luchonoticias.com\/editor\/#\/schema\/person\/image\/","url":"https:\/\/luchonoticias.com\/editor\/wp-content\/uploads\/2024\/02\/cropped-cropped-logolu.webp","contentUrl":"https:\/\/luchonoticias.com\/editor\/wp-content\/uploads\/2024\/02\/cropped-cropped-logolu.webp","width":382,"height":170,"caption":"admin"},"logo":{"@id":"https:\/\/luchonoticias.com\/editor\/#\/schema\/person\/image\/"},"sameAs":["https:\/\/www.facebook.com\/luchonoticiasneiva"]},{"@type":"Person","@id":"https:\/\/luchonoticias.com\/editor\/#\/schema\/person\/29217990ddf6f14e35912b2866d591fb","name":"Editor General","image":{"@type":"ImageObject","inLanguage":"es","@id":"https:\/\/luchonoticias.com\/editor\/#\/schema\/person\/image\/","url":"https:\/\/luchonoticias.com\/editor\/wp-content\/uploads\/2024\/02\/cropped-cropped-logolu-150x150.webp","contentUrl":"https:\/\/luchonoticias.com\/editor\/wp-content\/uploads\/2024\/02\/cropped-cropped-logolu-150x150.webp","caption":"Editor General"},"sameAs":["https:\/\/luchonoticias.com\/"],"url":"https:\/\/luchonoticias.com\/editor\/author\/editor-general\/"}]}},"_links":{"self":[{"href":"https:\/\/luchonoticias.com\/editor\/wp-json\/wp\/v2\/posts\/48579","targetHints":{"allow":["GET"]}}],"collection":[{"href":"https:\/\/luchonoticias.com\/editor\/wp-json\/wp\/v2\/posts"}],"about":[{"href":"https:\/\/luchonoticias.com\/editor\/wp-json\/wp\/v2\/types\/post"}],"author":[{"embeddable":true,"href":"https:\/\/luchonoticias.com\/editor\/wp-json\/wp\/v2\/users\/2"}],"replies":[{"embeddable":true,"href":"https:\/\/luchonoticias.com\/editor\/wp-json\/wp\/v2\/comments?post=48579"}],"version-history":[{"count":0,"href":"https:\/\/luchonoticias.com\/editor\/wp-json\/wp\/v2\/posts\/48579\/revisions"}],"wp:attachment":[{"href":"https:\/\/luchonoticias.com\/editor\/wp-json\/wp\/v2\/media?parent=48579"}],"wp:term":[{"taxonomy":"category","embeddable":true,"href":"https:\/\/luchonoticias.com\/editor\/wp-json\/wp\/v2\/categories?post=48579"},{"taxonomy":"post_tag","embeddable":true,"href":"https:\/\/luchonoticias.com\/editor\/wp-json\/wp\/v2\/tags?post=48579"}],"curies":[{"name":"wp","href":"https:\/\/api.w.org\/{rel}","templated":true}]}}