{"id":48602,"date":"2023-03-19T06:43:45","date_gmt":"2023-03-19T11:43:45","guid":{"rendered":"https:\/\/luchonoticias.com\/?p=48602"},"modified":"2023-03-19T06:43:47","modified_gmt":"2023-03-19T11:43:47","slug":"en-tiempo-record-fueron-recuperadas-dos-motocicletas-que-habian-sido-hurtadas-en-neiva","status":"publish","type":"post","link":"https:\/\/luchonoticias.com\/editor\/en-tiempo-record-fueron-recuperadas-dos-motocicletas-que-habian-sido-hurtadas-en-neiva\/","title":{"rendered":"En tiempo r\u00e9cord fueron recuperadas dos motocicletas que hab\u00edan sido hurtadas en Neiva"},"content":{"rendered":"\n<p>La Polic\u00eda Nacional dio a conocer que en ejecuci\u00f3n del \u00abPlan Cazador\u00bb, en las \u00faltimas horas logr\u00f3 la recuperaci\u00f3n de dos motocicletas que hab\u00edan sido hurtadas.<\/p>\n\n\n\n<p>La primera acci\u00f3n se dio luego de que uniformados del grupo de Carabineros y Gu\u00edas Caninos y el cuadrante 25 adscritos al CAI Alpes mediante labores de patrullaje logran la recuperaci\u00f3n en la carrera 30 D con calle 1 del barrio Pe\u00f1o Redondo de una motocicleta Honda color negro, la cual hab\u00eda sido hurtada mediante la modalidad de halada en horas de la madrugada en el barrio la Florida.<\/p>\n\n\n\n<figure class=\"wp-block-gallery has-nested-images columns-default is-cropped wp-block-gallery-1 is-layout-flex wp-block-gallery-is-layout-flex\">\n<figure class=\"wp-block-image size-large\"><img decoding=\"async\" data-id=\"48604\" src=\"https:\/\/luchonoticias.com\/wp-content\/uploads\/2023\/03\/WhatsApp-Image-2023-03-18-at-5.45.56-PM-1024x703.jpeg\" alt=\"\" class=\"wp-image-48604\"\/><\/figure>\n\n\n\n<figure class=\"wp-block-image size-large\"><img decoding=\"async\" data-id=\"48605\" src=\"https:\/\/luchonoticias.com\/wp-content\/uploads\/2023\/03\/WhatsApp-Image-2023-03-18-at-5.44.40-PM-1-1024x595.jpeg\" alt=\"\" class=\"wp-image-48605\"\/><\/figure>\n<\/figure>\n\n\n\n<p>La segunda acci\u00f3n la realizaron los uniformados del cuadrante 44 adscritos a la Subestaci\u00f3n de Polic\u00eda Cagu\u00e1n, quienes mediante labores de patrullaje en el asentamiento 20 de mayo del mismo corregimiento, logran la recuperaci\u00f3n de una motocicleta Honda XR modelo 2023 la cual hab\u00eda sido hurtada en horas de la madrugada en el Barrio Villa del R\u00edo.<\/p>\n\n\n\n<p>\u201cLas dos motocicletas recuperadas fueron devueltas a sus propietarios, quienes felices agradecieron la oportuna y efectiva acci\u00f3n de la Polic\u00eda Nacional al devolverles su herramienta de trabajo\u201d, indicaron las autoridades.<\/p>\n\n\n\n<p>Finalmente, la Polic\u00eda Metropolitana de Neiva, hace el llamado a la ciudadan\u00eda para que al momento de presentarse lluvias, est\u00e9n atentos de las motocicletas dejadas en la parte externa de su residencia, toda vez que los delincuentes est\u00e1n aprovechando la oscuridad de la noche y el ruido generado por las lluvias, para dar apertura a las rejas y extraer este medio de locomoci\u00f3n.<\/p>\n\n\n\n<figure class=\"wp-block-video\"><video autoplay controls src=\"https:\/\/luchonoticias.com\/wp-content\/uploads\/2023\/03\/WhatsApp-Video-2023-03-18-at-7.54.40-PM-1.mp4\"><\/video><\/figure>\n","protected":false},"excerpt":{"rendered":"<p>La Polic\u00eda Nacional dio a conocer que en ejecuci\u00f3n del \u00abPlan Cazador\u00bb, en las \u00faltimas horas logr\u00f3 la recuperaci\u00f3n de dos motocicletas que hab\u00edan sido hurtadas. La primera acci\u00f3n se dio luego de que uniformados del grupo de Carabineros y Gu\u00edas Caninos y el cuadrante 25 adscritos al CAI Alpes mediante labores de patrullaje logran [&hellip;]<\/p>\n","protected":false},"author":2,"featured_media":0,"comment_status":"open","ping_status":"open","sticky":false,"template":"","format":"standard","meta":{"footnotes":""},"categories":[3962],"tags":[],"class_list":["post-48602","post","type-post","status-publish","format-standard","hentry","category-videos"],"yoast_head":"<!-- This site is optimized with the Yoast SEO plugin v26.6 - https:\/\/yoast.com\/wordpress\/plugins\/seo\/ -->\n<title>En tiempo r\u00e9cord fueron recuperadas dos motocicletas que hab\u00edan sido hurtadas en Neiva -<\/title>\n<meta name=\"robots\" content=\"index, follow, max-snippet:-1, max-image-preview:large, max-video-preview:-1\" \/>\n<link rel=\"canonical\" href=\"https:\/\/luchonoticias.com\/editor\/en-tiempo-record-fueron-recuperadas-dos-motocicletas-que-habian-sido-hurtadas-en-neiva\/\" \/>\n<meta property=\"og:locale\" content=\"es_ES\" \/>\n<meta property=\"og:type\" content=\"article\" \/>\n<meta property=\"og:title\" content=\"En tiempo r\u00e9cord fueron recuperadas dos motocicletas que hab\u00edan sido hurtadas en Neiva -\" \/>\n<meta property=\"og:url\" content=\"https:\/\/luchonoticias.com\/editor\/en-tiempo-record-fueron-recuperadas-dos-motocicletas-que-habian-sido-hurtadas-en-neiva\/\" \/>\n<meta property=\"article:publisher\" content=\"https:\/\/www.facebook.com\/luchonoticiasneiva\" \/>\n<meta property=\"article:published_time\" content=\"2023-03-19T11:43:45+00:00\" \/>\n<meta property=\"article:modified_time\" content=\"2023-03-19T11:43:47+00:00\" \/>\n<meta property=\"og:image\" content=\"https:\/\/luchonoticias.com\/wp-content\/uploads\/2023\/03\/WhatsApp-Image-2023-03-18-at-5.45.56-PM-1024x703.jpeg\" \/>\n<meta name=\"author\" content=\"Editor General\" \/>\n<meta name=\"twitter:card\" content=\"summary_large_image\" \/>\n<meta name=\"twitter:label1\" content=\"Escrito por\" \/>\n\t<meta name=\"twitter:data1\" content=\"Editor General\" \/>\n\t<meta name=\"twitter:label2\" content=\"Tiempo de lectura\" \/>\n\t<meta name=\"twitter:data2\" content=\"1 minuto\" \/>\n<script type=\"application\/ld+json\" class=\"yoast-schema-graph\">{\"@context\":\"https:\/\/schema.org\",\"@graph\":[{\"@type\":\"Article\",\"@id\":\"https:\/\/luchonoticias.com\/editor\/en-tiempo-record-fueron-recuperadas-dos-motocicletas-que-habian-sido-hurtadas-en-neiva\/#article\",\"isPartOf\":{\"@id\":\"https:\/\/luchonoticias.com\/editor\/en-tiempo-record-fueron-recuperadas-dos-motocicletas-que-habian-sido-hurtadas-en-neiva\/\"},\"author\":{\"name\":\"Editor General\",\"@id\":\"https:\/\/luchonoticias.com\/editor\/#\/schema\/person\/29217990ddf6f14e35912b2866d591fb\"},\"headline\":\"En tiempo r\u00e9cord fueron recuperadas dos motocicletas que hab\u00edan sido hurtadas en Neiva\",\"datePublished\":\"2023-03-19T11:43:45+00:00\",\"dateModified\":\"2023-03-19T11:43:47+00:00\",\"mainEntityOfPage\":{\"@id\":\"https:\/\/luchonoticias.com\/editor\/en-tiempo-record-fueron-recuperadas-dos-motocicletas-que-habian-sido-hurtadas-en-neiva\/\"},\"wordCount\":277,\"commentCount\":0,\"publisher\":{\"@id\":\"https:\/\/luchonoticias.com\/editor\/#\/schema\/person\/7a7fd911f58561fd056dbac7b55af9cd\"},\"image\":{\"@id\":\"https:\/\/luchonoticias.com\/editor\/en-tiempo-record-fueron-recuperadas-dos-motocicletas-que-habian-sido-hurtadas-en-neiva\/#primaryimage\"},\"thumbnailUrl\":\"https:\/\/luchonoticias.com\/wp-content\/uploads\/2023\/03\/WhatsApp-Image-2023-03-18-at-5.45.56-PM-1024x703.jpeg\",\"articleSection\":[\"Videos\"],\"inLanguage\":\"es\",\"potentialAction\":[{\"@type\":\"CommentAction\",\"name\":\"Comment\",\"target\":[\"https:\/\/luchonoticias.com\/editor\/en-tiempo-record-fueron-recuperadas-dos-motocicletas-que-habian-sido-hurtadas-en-neiva\/#respond\"]}]},{\"@type\":\"WebPage\",\"@id\":\"https:\/\/luchonoticias.com\/editor\/en-tiempo-record-fueron-recuperadas-dos-motocicletas-que-habian-sido-hurtadas-en-neiva\/\",\"url\":\"https:\/\/luchonoticias.com\/editor\/en-tiempo-record-fueron-recuperadas-dos-motocicletas-que-habian-sido-hurtadas-en-neiva\/\",\"name\":\"En tiempo r\u00e9cord fueron recuperadas dos motocicletas que hab\u00edan sido hurtadas en Neiva -\",\"isPartOf\":{\"@id\":\"https:\/\/luchonoticias.com\/editor\/#website\"},\"primaryImageOfPage\":{\"@id\":\"https:\/\/luchonoticias.com\/editor\/en-tiempo-record-fueron-recuperadas-dos-motocicletas-que-habian-sido-hurtadas-en-neiva\/#primaryimage\"},\"image\":{\"@id\":\"https:\/\/luchonoticias.com\/editor\/en-tiempo-record-fueron-recuperadas-dos-motocicletas-que-habian-sido-hurtadas-en-neiva\/#primaryimage\"},\"thumbnailUrl\":\"https:\/\/luchonoticias.com\/wp-content\/uploads\/2023\/03\/WhatsApp-Image-2023-03-18-at-5.45.56-PM-1024x703.jpeg\",\"datePublished\":\"2023-03-19T11:43:45+00:00\",\"dateModified\":\"2023-03-19T11:43:47+00:00\",\"breadcrumb\":{\"@id\":\"https:\/\/luchonoticias.com\/editor\/en-tiempo-record-fueron-recuperadas-dos-motocicletas-que-habian-sido-hurtadas-en-neiva\/#breadcrumb\"},\"inLanguage\":\"es\",\"potentialAction\":[{\"@type\":\"ReadAction\",\"target\":[\"https:\/\/luchonoticias.com\/editor\/en-tiempo-record-fueron-recuperadas-dos-motocicletas-que-habian-sido-hurtadas-en-neiva\/\"]}]},{\"@type\":\"ImageObject\",\"inLanguage\":\"es\",\"@id\":\"https:\/\/luchonoticias.com\/editor\/en-tiempo-record-fueron-recuperadas-dos-motocicletas-que-habian-sido-hurtadas-en-neiva\/#primaryimage\",\"url\":\"https:\/\/luchonoticias.com\/wp-content\/uploads\/2023\/03\/WhatsApp-Image-2023-03-18-at-5.45.56-PM-1024x703.jpeg\",\"contentUrl\":\"https:\/\/luchonoticias.com\/wp-content\/uploads\/2023\/03\/WhatsApp-Image-2023-03-18-at-5.45.56-PM-1024x703.jpeg\"},{\"@type\":\"BreadcrumbList\",\"@id\":\"https:\/\/luchonoticias.com\/editor\/en-tiempo-record-fueron-recuperadas-dos-motocicletas-que-habian-sido-hurtadas-en-neiva\/#breadcrumb\",\"itemListElement\":[{\"@type\":\"ListItem\",\"position\":1,\"name\":\"Portada\",\"item\":\"https:\/\/luchonoticias.com\/editor\/\"},{\"@type\":\"ListItem\",\"position\":2,\"name\":\"En tiempo r\u00e9cord fueron recuperadas dos motocicletas que hab\u00edan sido hurtadas en Neiva\"}]},{\"@type\":\"WebSite\",\"@id\":\"https:\/\/luchonoticias.com\/editor\/#website\",\"url\":\"https:\/\/luchonoticias.com\/editor\/\",\"name\":\"\",\"description\":\"\",\"publisher\":{\"@id\":\"https:\/\/luchonoticias.com\/editor\/#\/schema\/person\/7a7fd911f58561fd056dbac7b55af9cd\"},\"potentialAction\":[{\"@type\":\"SearchAction\",\"target\":{\"@type\":\"EntryPoint\",\"urlTemplate\":\"https:\/\/luchonoticias.com\/editor\/?s={search_term_string}\"},\"query-input\":{\"@type\":\"PropertyValueSpecification\",\"valueRequired\":true,\"valueName\":\"search_term_string\"}}],\"inLanguage\":\"es\"},{\"@type\":[\"Person\",\"Organization\"],\"@id\":\"https:\/\/luchonoticias.com\/editor\/#\/schema\/person\/7a7fd911f58561fd056dbac7b55af9cd\",\"name\":\"admin\",\"image\":{\"@type\":\"ImageObject\",\"inLanguage\":\"es\",\"@id\":\"https:\/\/luchonoticias.com\/editor\/#\/schema\/person\/image\/\",\"url\":\"https:\/\/luchonoticias.com\/editor\/wp-content\/uploads\/2024\/02\/cropped-cropped-logolu.webp\",\"contentUrl\":\"https:\/\/luchonoticias.com\/editor\/wp-content\/uploads\/2024\/02\/cropped-cropped-logolu.webp\",\"width\":382,\"height\":170,\"caption\":\"admin\"},\"logo\":{\"@id\":\"https:\/\/luchonoticias.com\/editor\/#\/schema\/person\/image\/\"},\"sameAs\":[\"https:\/\/www.facebook.com\/luchonoticiasneiva\"]},{\"@type\":\"Person\",\"@id\":\"https:\/\/luchonoticias.com\/editor\/#\/schema\/person\/29217990ddf6f14e35912b2866d591fb\",\"name\":\"Editor General\",\"image\":{\"@type\":\"ImageObject\",\"inLanguage\":\"es\",\"@id\":\"https:\/\/luchonoticias.com\/editor\/#\/schema\/person\/image\/\",\"url\":\"https:\/\/luchonoticias.com\/editor\/wp-content\/uploads\/2024\/02\/cropped-cropped-logolu-150x150.webp\",\"contentUrl\":\"https:\/\/luchonoticias.com\/editor\/wp-content\/uploads\/2024\/02\/cropped-cropped-logolu-150x150.webp\",\"caption\":\"Editor General\"},\"sameAs\":[\"https:\/\/luchonoticias.com\/\"],\"url\":\"https:\/\/luchonoticias.com\/editor\/author\/editor-general\/\"}]}<\/script>\n<!-- \/ Yoast SEO plugin. -->","yoast_head_json":{"title":"En tiempo r\u00e9cord fueron recuperadas dos motocicletas que hab\u00edan sido hurtadas en Neiva -","robots":{"index":"index","follow":"follow","max-snippet":"max-snippet:-1","max-image-preview":"max-image-preview:large","max-video-preview":"max-video-preview:-1"},"canonical":"https:\/\/luchonoticias.com\/editor\/en-tiempo-record-fueron-recuperadas-dos-motocicletas-que-habian-sido-hurtadas-en-neiva\/","og_locale":"es_ES","og_type":"article","og_title":"En tiempo r\u00e9cord fueron recuperadas dos motocicletas que hab\u00edan sido hurtadas en Neiva -","og_url":"https:\/\/luchonoticias.com\/editor\/en-tiempo-record-fueron-recuperadas-dos-motocicletas-que-habian-sido-hurtadas-en-neiva\/","article_publisher":"https:\/\/www.facebook.com\/luchonoticiasneiva","article_published_time":"2023-03-19T11:43:45+00:00","article_modified_time":"2023-03-19T11:43:47+00:00","og_image":[{"url":"https:\/\/luchonoticias.com\/wp-content\/uploads\/2023\/03\/WhatsApp-Image-2023-03-18-at-5.45.56-PM-1024x703.jpeg","type":"","width":"","height":""}],"author":"Editor General","twitter_card":"summary_large_image","twitter_misc":{"Escrito por":"Editor General","Tiempo de lectura":"1 minuto"},"schema":{"@context":"https:\/\/schema.org","@graph":[{"@type":"Article","@id":"https:\/\/luchonoticias.com\/editor\/en-tiempo-record-fueron-recuperadas-dos-motocicletas-que-habian-sido-hurtadas-en-neiva\/#article","isPartOf":{"@id":"https:\/\/luchonoticias.com\/editor\/en-tiempo-record-fueron-recuperadas-dos-motocicletas-que-habian-sido-hurtadas-en-neiva\/"},"author":{"name":"Editor General","@id":"https:\/\/luchonoticias.com\/editor\/#\/schema\/person\/29217990ddf6f14e35912b2866d591fb"},"headline":"En tiempo r\u00e9cord fueron recuperadas dos motocicletas que hab\u00edan sido hurtadas en Neiva","datePublished":"2023-03-19T11:43:45+00:00","dateModified":"2023-03-19T11:43:47+00:00","mainEntityOfPage":{"@id":"https:\/\/luchonoticias.com\/editor\/en-tiempo-record-fueron-recuperadas-dos-motocicletas-que-habian-sido-hurtadas-en-neiva\/"},"wordCount":277,"commentCount":0,"publisher":{"@id":"https:\/\/luchonoticias.com\/editor\/#\/schema\/person\/7a7fd911f58561fd056dbac7b55af9cd"},"image":{"@id":"https:\/\/luchonoticias.com\/editor\/en-tiempo-record-fueron-recuperadas-dos-motocicletas-que-habian-sido-hurtadas-en-neiva\/#primaryimage"},"thumbnailUrl":"https:\/\/luchonoticias.com\/wp-content\/uploads\/2023\/03\/WhatsApp-Image-2023-03-18-at-5.45.56-PM-1024x703.jpeg","articleSection":["Videos"],"inLanguage":"es","potentialAction":[{"@type":"CommentAction","name":"Comment","target":["https:\/\/luchonoticias.com\/editor\/en-tiempo-record-fueron-recuperadas-dos-motocicletas-que-habian-sido-hurtadas-en-neiva\/#respond"]}]},{"@type":"WebPage","@id":"https:\/\/luchonoticias.com\/editor\/en-tiempo-record-fueron-recuperadas-dos-motocicletas-que-habian-sido-hurtadas-en-neiva\/","url":"https:\/\/luchonoticias.com\/editor\/en-tiempo-record-fueron-recuperadas-dos-motocicletas-que-habian-sido-hurtadas-en-neiva\/","name":"En tiempo r\u00e9cord fueron recuperadas dos motocicletas que hab\u00edan sido hurtadas en Neiva -","isPartOf":{"@id":"https:\/\/luchonoticias.com\/editor\/#website"},"primaryImageOfPage":{"@id":"https:\/\/luchonoticias.com\/editor\/en-tiempo-record-fueron-recuperadas-dos-motocicletas-que-habian-sido-hurtadas-en-neiva\/#primaryimage"},"image":{"@id":"https:\/\/luchonoticias.com\/editor\/en-tiempo-record-fueron-recuperadas-dos-motocicletas-que-habian-sido-hurtadas-en-neiva\/#primaryimage"},"thumbnailUrl":"https:\/\/luchonoticias.com\/wp-content\/uploads\/2023\/03\/WhatsApp-Image-2023-03-18-at-5.45.56-PM-1024x703.jpeg","datePublished":"2023-03-19T11:43:45+00:00","dateModified":"2023-03-19T11:43:47+00:00","breadcrumb":{"@id":"https:\/\/luchonoticias.com\/editor\/en-tiempo-record-fueron-recuperadas-dos-motocicletas-que-habian-sido-hurtadas-en-neiva\/#breadcrumb"},"inLanguage":"es","potentialAction":[{"@type":"ReadAction","target":["https:\/\/luchonoticias.com\/editor\/en-tiempo-record-fueron-recuperadas-dos-motocicletas-que-habian-sido-hurtadas-en-neiva\/"]}]},{"@type":"ImageObject","inLanguage":"es","@id":"https:\/\/luchonoticias.com\/editor\/en-tiempo-record-fueron-recuperadas-dos-motocicletas-que-habian-sido-hurtadas-en-neiva\/#primaryimage","url":"https:\/\/luchonoticias.com\/wp-content\/uploads\/2023\/03\/WhatsApp-Image-2023-03-18-at-5.45.56-PM-1024x703.jpeg","contentUrl":"https:\/\/luchonoticias.com\/wp-content\/uploads\/2023\/03\/WhatsApp-Image-2023-03-18-at-5.45.56-PM-1024x703.jpeg"},{"@type":"BreadcrumbList","@id":"https:\/\/luchonoticias.com\/editor\/en-tiempo-record-fueron-recuperadas-dos-motocicletas-que-habian-sido-hurtadas-en-neiva\/#breadcrumb","itemListElement":[{"@type":"ListItem","position":1,"name":"Portada","item":"https:\/\/luchonoticias.com\/editor\/"},{"@type":"ListItem","position":2,"name":"En tiempo r\u00e9cord fueron recuperadas dos motocicletas que hab\u00edan sido hurtadas en Neiva"}]},{"@type":"WebSite","@id":"https:\/\/luchonoticias.com\/editor\/#website","url":"https:\/\/luchonoticias.com\/editor\/","name":"","description":"","publisher":{"@id":"https:\/\/luchonoticias.com\/editor\/#\/schema\/person\/7a7fd911f58561fd056dbac7b55af9cd"},"potentialAction":[{"@type":"SearchAction","target":{"@type":"EntryPoint","urlTemplate":"https:\/\/luchonoticias.com\/editor\/?s={search_term_string}"},"query-input":{"@type":"PropertyValueSpecification","valueRequired":true,"valueName":"search_term_string"}}],"inLanguage":"es"},{"@type":["Person","Organization"],"@id":"https:\/\/luchonoticias.com\/editor\/#\/schema\/person\/7a7fd911f58561fd056dbac7b55af9cd","name":"admin","image":{"@type":"ImageObject","inLanguage":"es","@id":"https:\/\/luchonoticias.com\/editor\/#\/schema\/person\/image\/","url":"https:\/\/luchonoticias.com\/editor\/wp-content\/uploads\/2024\/02\/cropped-cropped-logolu.webp","contentUrl":"https:\/\/luchonoticias.com\/editor\/wp-content\/uploads\/2024\/02\/cropped-cropped-logolu.webp","width":382,"height":170,"caption":"admin"},"logo":{"@id":"https:\/\/luchonoticias.com\/editor\/#\/schema\/person\/image\/"},"sameAs":["https:\/\/www.facebook.com\/luchonoticiasneiva"]},{"@type":"Person","@id":"https:\/\/luchonoticias.com\/editor\/#\/schema\/person\/29217990ddf6f14e35912b2866d591fb","name":"Editor General","image":{"@type":"ImageObject","inLanguage":"es","@id":"https:\/\/luchonoticias.com\/editor\/#\/schema\/person\/image\/","url":"https:\/\/luchonoticias.com\/editor\/wp-content\/uploads\/2024\/02\/cropped-cropped-logolu-150x150.webp","contentUrl":"https:\/\/luchonoticias.com\/editor\/wp-content\/uploads\/2024\/02\/cropped-cropped-logolu-150x150.webp","caption":"Editor General"},"sameAs":["https:\/\/luchonoticias.com\/"],"url":"https:\/\/luchonoticias.com\/editor\/author\/editor-general\/"}]}},"_links":{"self":[{"href":"https:\/\/luchonoticias.com\/editor\/wp-json\/wp\/v2\/posts\/48602","targetHints":{"allow":["GET"]}}],"collection":[{"href":"https:\/\/luchonoticias.com\/editor\/wp-json\/wp\/v2\/posts"}],"about":[{"href":"https:\/\/luchonoticias.com\/editor\/wp-json\/wp\/v2\/types\/post"}],"author":[{"embeddable":true,"href":"https:\/\/luchonoticias.com\/editor\/wp-json\/wp\/v2\/users\/2"}],"replies":[{"embeddable":true,"href":"https:\/\/luchonoticias.com\/editor\/wp-json\/wp\/v2\/comments?post=48602"}],"version-history":[{"count":0,"href":"https:\/\/luchonoticias.com\/editor\/wp-json\/wp\/v2\/posts\/48602\/revisions"}],"wp:attachment":[{"href":"https:\/\/luchonoticias.com\/editor\/wp-json\/wp\/v2\/media?parent=48602"}],"wp:term":[{"taxonomy":"category","embeddable":true,"href":"https:\/\/luchonoticias.com\/editor\/wp-json\/wp\/v2\/categories?post=48602"},{"taxonomy":"post_tag","embeddable":true,"href":"https:\/\/luchonoticias.com\/editor\/wp-json\/wp\/v2\/tags?post=48602"}],"curies":[{"name":"wp","href":"https:\/\/api.w.org\/{rel}","templated":true}]}}