{"id":48611,"date":"2023-03-19T06:57:50","date_gmt":"2023-03-19T11:57:50","guid":{"rendered":"https:\/\/luchonoticias.com\/?p=48611"},"modified":"2023-03-19T06:57:51","modified_gmt":"2023-03-19T11:57:51","slug":"proyecto-de-ley-de-humanizacion-del-sistema-penitenciario-no-contiene-una-rebaja-general-de-penas-minjusticia","status":"publish","type":"post","link":"https:\/\/luchonoticias.com\/editor\/proyecto-de-ley-de-humanizacion-del-sistema-penitenciario-no-contiene-una-rebaja-general-de-penas-minjusticia\/","title":{"rendered":"Proyecto de ley de Humanizaci\u00f3n del Sistema Penitenciario no contiene una rebaja general de penas: MinJusticia"},"content":{"rendered":"\n<p>El ministro de Justicia y del Derecho, N\u00e9stor Iv\u00e1n Osuna Pati\u00f1o, afirm\u00f3 que una vez aprobado el proyecto de ley de Humanizaci\u00f3n del Sistema Penitenciario y Carcelario buscar\u00e1 establecer convenios con la empresa privada con el fin de que se contrate a privados de la libertad y a pospenados.<\/p>\n\n\n\n<p>Osuna Pati\u00f1o se\u00f1al\u00f3 que esta iniciativa no contempla una rebaja general de penas, pues en l\u00ednea con los criterios de la Corte Constitucional propone una disminuci\u00f3n de las penas m\u00e1ximas, de 60 a 50 a\u00f1os para concurso de delitos y de 50 a 40 para un solo delito.<\/p>\n\n\n\n<p>En su intervenci\u00f3n en el conversatorio &#8216;Humanizaci\u00f3n de las c\u00e1rceles y la creaci\u00f3n de la Jurisdicci\u00f3n Agraria&#8217;, que se desarroll\u00f3 en la Universidad Industrial de Santander, el jefe de la cartera de Justicia record\u00f3 que el #GobiernoDelCambio encontr\u00f3 un panorama de \u201c20 a\u00f1os de una pol\u00edtica populista, punitivista y carcelera que no ha reducido los \u00edndices de criminalidad de modo significativo y no ha servido para resocializar ni para que las v\u00edctimas hayan sido reparadas\u00bb.<\/p>\n\n\n\n<p>Indic\u00f3 que \u201cse han aumentado penas, suprimido beneficios y creados delitos nuevos de un modo emocional y sin tener una base en la evidencia\u00bb, y agreg\u00f3 que \u201ccreci\u00f3 significativamente la poblaci\u00f3n carcelaria pero no aument\u00f3 el presupuesto p\u00fablico para atender a los establecimientos de reclusi\u00f3n, por lo que tenemos un problema de hacinamiento terrible y eso nos tiene en un Estado de Cosas Inconstitucional francamente vergonzoso\u00bb.<\/p>\n\n\n\n<p>El ministro explic\u00f3 que el proyecto de ley busca reactivar la resocializaci\u00f3n, y que en ese esfuerzo se proponen mecanismos cuyo objetivo es que todas las personas privadas de la libertad est\u00e9n trabajando o estudiando. \u201cTambi\u00e9n hay una apuesta por la justicia restaurativa con el fin de que la reparaci\u00f3n integral a la v\u00edctima sea causal de la terminaci\u00f3n del proceso penal\u00bb, explic\u00f3.<\/p>\n\n\n\n<p><strong>Jurisdicci\u00f3n Agraria<\/strong><\/p>\n\n\n\n<p>Osuna Pati\u00f1o se refiri\u00f3 tambi\u00e9n al proyecto de ley que propone la creaci\u00f3n de una Jurisdicci\u00f3n Agraria y Rural, el cual dar\u00eda vida a una corte especializada en temas agrarios y que ser\u00eda del mismo rango que la Corte Suprema de Justicia, la Corte Constitucional y el Consejo de Estado. Cabe recordar que dicha iniciativa ya inici\u00f3 su tr\u00e1mite en segunda vuelta.<\/p>\n\n\n\n<p>\u201cHemos pensado en crear un sistema judicial de dos instancias: la primera, de jueces de circuito rurales y agrarios con amplia competencia para resolver los problemas que surgen en el mundo de la ruralidad; y la segunda, que contempla la creaci\u00f3n de cuatro o cinco grandes tribunales regionales agrarios que pueden ser productores de jurisprudencia y manejar\u00edan enfoques diferenciales en cada territorio\u00bb.<\/p>\n\n\n\n<p>El ministro a\u00f1adi\u00f3 que hay un enorme fervor en el campesinado y en los partidos pol\u00edticos que recogen esas voces para crear la Jurisdicci\u00f3n Agraria y Rural, la cual ser\u00eda una forma de acceso a la justicia al alcance de la ciudadan\u00eda.<\/p>\n\n\n\n<p><strong>Proyecto de Ley de Sujeci\u00f3n<\/strong><\/p>\n\n\n\n<p>\u201cLlevar a cabo unos di\u00e1logos de paz con grupos armados de car\u00e1cter pol\u00edtico -como lo han sido hist\u00f3ricamente las guerrillas que se han integrado a la paz- es una buena estrategia que sin embargo ser\u00eda incompleta si no acabamos con la gasolina del conflicto armado: las econom\u00edas il\u00edcitas\u00bb, explic\u00f3 el titular de la cartera de Justicia, quien asegur\u00f3 que \u201cla Paz Total significa paz con los actores armados rebeldes pero tambi\u00e9n el desmantelamiento del combustible de esos conflictos: las estructuras criminales de alto impacto\u00bb.<\/p>\n\n\n\n<p>Osuna Pati\u00f1o cerr\u00f3 su intervenci\u00f3n reiterando el compromiso de estar atento a lo que surja, al esp\u00edritu cr\u00edtico y a las iniciativas que propone la academia. \u201cEl #GobiernoDelCambio que proviene del pueblo y se debe al pueblo\u00bb, puntualiz\u00f3.<br><\/p>\n","protected":false},"excerpt":{"rendered":"<p>El ministro de Justicia y del Derecho, N\u00e9stor Iv\u00e1n Osuna Pati\u00f1o, afirm\u00f3 que una vez aprobado el proyecto de ley de Humanizaci\u00f3n del Sistema Penitenciario y Carcelario buscar\u00e1 establecer convenios con la empresa privada con el fin de que se contrate a privados de la libertad y a pospenados. Osuna Pati\u00f1o se\u00f1al\u00f3 que esta iniciativa [&hellip;]<\/p>\n","protected":false},"author":2,"featured_media":0,"comment_status":"open","ping_status":"open","sticky":false,"template":"","format":"standard","meta":{"footnotes":""},"categories":[36,32],"tags":[],"class_list":["post-48611","post","type-post","status-publish","format-standard","hentry","category-destacado","category-nacional"],"yoast_head":"<!-- This site is optimized with the Yoast SEO plugin v26.6 - https:\/\/yoast.com\/wordpress\/plugins\/seo\/ -->\n<title>Proyecto de ley de Humanizaci\u00f3n del Sistema Penitenciario no contiene una rebaja general de penas: MinJusticia -<\/title>\n<meta name=\"robots\" content=\"index, follow, max-snippet:-1, max-image-preview:large, max-video-preview:-1\" \/>\n<link rel=\"canonical\" href=\"https:\/\/luchonoticias.com\/editor\/proyecto-de-ley-de-humanizacion-del-sistema-penitenciario-no-contiene-una-rebaja-general-de-penas-minjusticia\/\" \/>\n<meta property=\"og:locale\" content=\"es_ES\" \/>\n<meta property=\"og:type\" content=\"article\" \/>\n<meta property=\"og:title\" content=\"Proyecto de ley de Humanizaci\u00f3n del Sistema Penitenciario no contiene una rebaja general de penas: MinJusticia -\" \/>\n<meta property=\"og:url\" content=\"https:\/\/luchonoticias.com\/editor\/proyecto-de-ley-de-humanizacion-del-sistema-penitenciario-no-contiene-una-rebaja-general-de-penas-minjusticia\/\" \/>\n<meta property=\"article:publisher\" content=\"https:\/\/www.facebook.com\/luchonoticiasneiva\" \/>\n<meta property=\"article:published_time\" content=\"2023-03-19T11:57:50+00:00\" \/>\n<meta property=\"article:modified_time\" content=\"2023-03-19T11:57:51+00:00\" \/>\n<meta name=\"author\" content=\"Editor General\" \/>\n<meta name=\"twitter:card\" content=\"summary_large_image\" \/>\n<meta name=\"twitter:label1\" content=\"Escrito por\" \/>\n\t<meta name=\"twitter:data1\" content=\"Editor General\" \/>\n\t<meta name=\"twitter:label2\" content=\"Tiempo de lectura\" \/>\n\t<meta name=\"twitter:data2\" content=\"3 minutos\" \/>\n<script type=\"application\/ld+json\" class=\"yoast-schema-graph\">{\"@context\":\"https:\/\/schema.org\",\"@graph\":[{\"@type\":\"Article\",\"@id\":\"https:\/\/luchonoticias.com\/editor\/proyecto-de-ley-de-humanizacion-del-sistema-penitenciario-no-contiene-una-rebaja-general-de-penas-minjusticia\/#article\",\"isPartOf\":{\"@id\":\"https:\/\/luchonoticias.com\/editor\/proyecto-de-ley-de-humanizacion-del-sistema-penitenciario-no-contiene-una-rebaja-general-de-penas-minjusticia\/\"},\"author\":{\"name\":\"Editor General\",\"@id\":\"https:\/\/luchonoticias.com\/editor\/#\/schema\/person\/29217990ddf6f14e35912b2866d591fb\"},\"headline\":\"Proyecto de ley de Humanizaci\u00f3n del Sistema Penitenciario no contiene una rebaja general de penas: MinJusticia\",\"datePublished\":\"2023-03-19T11:57:50+00:00\",\"dateModified\":\"2023-03-19T11:57:51+00:00\",\"mainEntityOfPage\":{\"@id\":\"https:\/\/luchonoticias.com\/editor\/proyecto-de-ley-de-humanizacion-del-sistema-penitenciario-no-contiene-una-rebaja-general-de-penas-minjusticia\/\"},\"wordCount\":663,\"commentCount\":0,\"publisher\":{\"@id\":\"https:\/\/luchonoticias.com\/editor\/#\/schema\/person\/7a7fd911f58561fd056dbac7b55af9cd\"},\"articleSection\":[\"Destacado\",\"Nacional\"],\"inLanguage\":\"es\",\"potentialAction\":[{\"@type\":\"CommentAction\",\"name\":\"Comment\",\"target\":[\"https:\/\/luchonoticias.com\/editor\/proyecto-de-ley-de-humanizacion-del-sistema-penitenciario-no-contiene-una-rebaja-general-de-penas-minjusticia\/#respond\"]}]},{\"@type\":\"WebPage\",\"@id\":\"https:\/\/luchonoticias.com\/editor\/proyecto-de-ley-de-humanizacion-del-sistema-penitenciario-no-contiene-una-rebaja-general-de-penas-minjusticia\/\",\"url\":\"https:\/\/luchonoticias.com\/editor\/proyecto-de-ley-de-humanizacion-del-sistema-penitenciario-no-contiene-una-rebaja-general-de-penas-minjusticia\/\",\"name\":\"Proyecto de ley de Humanizaci\u00f3n del Sistema Penitenciario no contiene una rebaja general de penas: MinJusticia -\",\"isPartOf\":{\"@id\":\"https:\/\/luchonoticias.com\/editor\/#website\"},\"datePublished\":\"2023-03-19T11:57:50+00:00\",\"dateModified\":\"2023-03-19T11:57:51+00:00\",\"breadcrumb\":{\"@id\":\"https:\/\/luchonoticias.com\/editor\/proyecto-de-ley-de-humanizacion-del-sistema-penitenciario-no-contiene-una-rebaja-general-de-penas-minjusticia\/#breadcrumb\"},\"inLanguage\":\"es\",\"potentialAction\":[{\"@type\":\"ReadAction\",\"target\":[\"https:\/\/luchonoticias.com\/editor\/proyecto-de-ley-de-humanizacion-del-sistema-penitenciario-no-contiene-una-rebaja-general-de-penas-minjusticia\/\"]}]},{\"@type\":\"BreadcrumbList\",\"@id\":\"https:\/\/luchonoticias.com\/editor\/proyecto-de-ley-de-humanizacion-del-sistema-penitenciario-no-contiene-una-rebaja-general-de-penas-minjusticia\/#breadcrumb\",\"itemListElement\":[{\"@type\":\"ListItem\",\"position\":1,\"name\":\"Portada\",\"item\":\"https:\/\/luchonoticias.com\/editor\/\"},{\"@type\":\"ListItem\",\"position\":2,\"name\":\"Proyecto de ley de Humanizaci\u00f3n del Sistema Penitenciario no contiene una rebaja general de penas: MinJusticia\"}]},{\"@type\":\"WebSite\",\"@id\":\"https:\/\/luchonoticias.com\/editor\/#website\",\"url\":\"https:\/\/luchonoticias.com\/editor\/\",\"name\":\"\",\"description\":\"\",\"publisher\":{\"@id\":\"https:\/\/luchonoticias.com\/editor\/#\/schema\/person\/7a7fd911f58561fd056dbac7b55af9cd\"},\"potentialAction\":[{\"@type\":\"SearchAction\",\"target\":{\"@type\":\"EntryPoint\",\"urlTemplate\":\"https:\/\/luchonoticias.com\/editor\/?s={search_term_string}\"},\"query-input\":{\"@type\":\"PropertyValueSpecification\",\"valueRequired\":true,\"valueName\":\"search_term_string\"}}],\"inLanguage\":\"es\"},{\"@type\":[\"Person\",\"Organization\"],\"@id\":\"https:\/\/luchonoticias.com\/editor\/#\/schema\/person\/7a7fd911f58561fd056dbac7b55af9cd\",\"name\":\"admin\",\"image\":{\"@type\":\"ImageObject\",\"inLanguage\":\"es\",\"@id\":\"https:\/\/luchonoticias.com\/editor\/#\/schema\/person\/image\/\",\"url\":\"https:\/\/luchonoticias.com\/editor\/wp-content\/uploads\/2024\/02\/cropped-cropped-logolu.webp\",\"contentUrl\":\"https:\/\/luchonoticias.com\/editor\/wp-content\/uploads\/2024\/02\/cropped-cropped-logolu.webp\",\"width\":382,\"height\":170,\"caption\":\"admin\"},\"logo\":{\"@id\":\"https:\/\/luchonoticias.com\/editor\/#\/schema\/person\/image\/\"},\"sameAs\":[\"https:\/\/www.facebook.com\/luchonoticiasneiva\"]},{\"@type\":\"Person\",\"@id\":\"https:\/\/luchonoticias.com\/editor\/#\/schema\/person\/29217990ddf6f14e35912b2866d591fb\",\"name\":\"Editor General\",\"image\":{\"@type\":\"ImageObject\",\"inLanguage\":\"es\",\"@id\":\"https:\/\/luchonoticias.com\/editor\/#\/schema\/person\/image\/\",\"url\":\"https:\/\/luchonoticias.com\/editor\/wp-content\/uploads\/2024\/02\/cropped-cropped-logolu-150x150.webp\",\"contentUrl\":\"https:\/\/luchonoticias.com\/editor\/wp-content\/uploads\/2024\/02\/cropped-cropped-logolu-150x150.webp\",\"caption\":\"Editor General\"},\"sameAs\":[\"https:\/\/luchonoticias.com\/\"],\"url\":\"https:\/\/luchonoticias.com\/editor\/author\/editor-general\/\"}]}<\/script>\n<!-- \/ Yoast SEO plugin. -->","yoast_head_json":{"title":"Proyecto de ley de Humanizaci\u00f3n del Sistema Penitenciario no contiene una rebaja general de penas: MinJusticia -","robots":{"index":"index","follow":"follow","max-snippet":"max-snippet:-1","max-image-preview":"max-image-preview:large","max-video-preview":"max-video-preview:-1"},"canonical":"https:\/\/luchonoticias.com\/editor\/proyecto-de-ley-de-humanizacion-del-sistema-penitenciario-no-contiene-una-rebaja-general-de-penas-minjusticia\/","og_locale":"es_ES","og_type":"article","og_title":"Proyecto de ley de Humanizaci\u00f3n del Sistema Penitenciario no contiene una rebaja general de penas: MinJusticia -","og_url":"https:\/\/luchonoticias.com\/editor\/proyecto-de-ley-de-humanizacion-del-sistema-penitenciario-no-contiene-una-rebaja-general-de-penas-minjusticia\/","article_publisher":"https:\/\/www.facebook.com\/luchonoticiasneiva","article_published_time":"2023-03-19T11:57:50+00:00","article_modified_time":"2023-03-19T11:57:51+00:00","author":"Editor General","twitter_card":"summary_large_image","twitter_misc":{"Escrito por":"Editor General","Tiempo de lectura":"3 minutos"},"schema":{"@context":"https:\/\/schema.org","@graph":[{"@type":"Article","@id":"https:\/\/luchonoticias.com\/editor\/proyecto-de-ley-de-humanizacion-del-sistema-penitenciario-no-contiene-una-rebaja-general-de-penas-minjusticia\/#article","isPartOf":{"@id":"https:\/\/luchonoticias.com\/editor\/proyecto-de-ley-de-humanizacion-del-sistema-penitenciario-no-contiene-una-rebaja-general-de-penas-minjusticia\/"},"author":{"name":"Editor General","@id":"https:\/\/luchonoticias.com\/editor\/#\/schema\/person\/29217990ddf6f14e35912b2866d591fb"},"headline":"Proyecto de ley de Humanizaci\u00f3n del Sistema Penitenciario no contiene una rebaja general de penas: MinJusticia","datePublished":"2023-03-19T11:57:50+00:00","dateModified":"2023-03-19T11:57:51+00:00","mainEntityOfPage":{"@id":"https:\/\/luchonoticias.com\/editor\/proyecto-de-ley-de-humanizacion-del-sistema-penitenciario-no-contiene-una-rebaja-general-de-penas-minjusticia\/"},"wordCount":663,"commentCount":0,"publisher":{"@id":"https:\/\/luchonoticias.com\/editor\/#\/schema\/person\/7a7fd911f58561fd056dbac7b55af9cd"},"articleSection":["Destacado","Nacional"],"inLanguage":"es","potentialAction":[{"@type":"CommentAction","name":"Comment","target":["https:\/\/luchonoticias.com\/editor\/proyecto-de-ley-de-humanizacion-del-sistema-penitenciario-no-contiene-una-rebaja-general-de-penas-minjusticia\/#respond"]}]},{"@type":"WebPage","@id":"https:\/\/luchonoticias.com\/editor\/proyecto-de-ley-de-humanizacion-del-sistema-penitenciario-no-contiene-una-rebaja-general-de-penas-minjusticia\/","url":"https:\/\/luchonoticias.com\/editor\/proyecto-de-ley-de-humanizacion-del-sistema-penitenciario-no-contiene-una-rebaja-general-de-penas-minjusticia\/","name":"Proyecto de ley de Humanizaci\u00f3n del Sistema Penitenciario no contiene una rebaja general de penas: MinJusticia -","isPartOf":{"@id":"https:\/\/luchonoticias.com\/editor\/#website"},"datePublished":"2023-03-19T11:57:50+00:00","dateModified":"2023-03-19T11:57:51+00:00","breadcrumb":{"@id":"https:\/\/luchonoticias.com\/editor\/proyecto-de-ley-de-humanizacion-del-sistema-penitenciario-no-contiene-una-rebaja-general-de-penas-minjusticia\/#breadcrumb"},"inLanguage":"es","potentialAction":[{"@type":"ReadAction","target":["https:\/\/luchonoticias.com\/editor\/proyecto-de-ley-de-humanizacion-del-sistema-penitenciario-no-contiene-una-rebaja-general-de-penas-minjusticia\/"]}]},{"@type":"BreadcrumbList","@id":"https:\/\/luchonoticias.com\/editor\/proyecto-de-ley-de-humanizacion-del-sistema-penitenciario-no-contiene-una-rebaja-general-de-penas-minjusticia\/#breadcrumb","itemListElement":[{"@type":"ListItem","position":1,"name":"Portada","item":"https:\/\/luchonoticias.com\/editor\/"},{"@type":"ListItem","position":2,"name":"Proyecto de ley de Humanizaci\u00f3n del Sistema Penitenciario no contiene una rebaja general de penas: MinJusticia"}]},{"@type":"WebSite","@id":"https:\/\/luchonoticias.com\/editor\/#website","url":"https:\/\/luchonoticias.com\/editor\/","name":"","description":"","publisher":{"@id":"https:\/\/luchonoticias.com\/editor\/#\/schema\/person\/7a7fd911f58561fd056dbac7b55af9cd"},"potentialAction":[{"@type":"SearchAction","target":{"@type":"EntryPoint","urlTemplate":"https:\/\/luchonoticias.com\/editor\/?s={search_term_string}"},"query-input":{"@type":"PropertyValueSpecification","valueRequired":true,"valueName":"search_term_string"}}],"inLanguage":"es"},{"@type":["Person","Organization"],"@id":"https:\/\/luchonoticias.com\/editor\/#\/schema\/person\/7a7fd911f58561fd056dbac7b55af9cd","name":"admin","image":{"@type":"ImageObject","inLanguage":"es","@id":"https:\/\/luchonoticias.com\/editor\/#\/schema\/person\/image\/","url":"https:\/\/luchonoticias.com\/editor\/wp-content\/uploads\/2024\/02\/cropped-cropped-logolu.webp","contentUrl":"https:\/\/luchonoticias.com\/editor\/wp-content\/uploads\/2024\/02\/cropped-cropped-logolu.webp","width":382,"height":170,"caption":"admin"},"logo":{"@id":"https:\/\/luchonoticias.com\/editor\/#\/schema\/person\/image\/"},"sameAs":["https:\/\/www.facebook.com\/luchonoticiasneiva"]},{"@type":"Person","@id":"https:\/\/luchonoticias.com\/editor\/#\/schema\/person\/29217990ddf6f14e35912b2866d591fb","name":"Editor General","image":{"@type":"ImageObject","inLanguage":"es","@id":"https:\/\/luchonoticias.com\/editor\/#\/schema\/person\/image\/","url":"https:\/\/luchonoticias.com\/editor\/wp-content\/uploads\/2024\/02\/cropped-cropped-logolu-150x150.webp","contentUrl":"https:\/\/luchonoticias.com\/editor\/wp-content\/uploads\/2024\/02\/cropped-cropped-logolu-150x150.webp","caption":"Editor General"},"sameAs":["https:\/\/luchonoticias.com\/"],"url":"https:\/\/luchonoticias.com\/editor\/author\/editor-general\/"}]}},"_links":{"self":[{"href":"https:\/\/luchonoticias.com\/editor\/wp-json\/wp\/v2\/posts\/48611","targetHints":{"allow":["GET"]}}],"collection":[{"href":"https:\/\/luchonoticias.com\/editor\/wp-json\/wp\/v2\/posts"}],"about":[{"href":"https:\/\/luchonoticias.com\/editor\/wp-json\/wp\/v2\/types\/post"}],"author":[{"embeddable":true,"href":"https:\/\/luchonoticias.com\/editor\/wp-json\/wp\/v2\/users\/2"}],"replies":[{"embeddable":true,"href":"https:\/\/luchonoticias.com\/editor\/wp-json\/wp\/v2\/comments?post=48611"}],"version-history":[{"count":0,"href":"https:\/\/luchonoticias.com\/editor\/wp-json\/wp\/v2\/posts\/48611\/revisions"}],"wp:attachment":[{"href":"https:\/\/luchonoticias.com\/editor\/wp-json\/wp\/v2\/media?parent=48611"}],"wp:term":[{"taxonomy":"category","embeddable":true,"href":"https:\/\/luchonoticias.com\/editor\/wp-json\/wp\/v2\/categories?post=48611"},{"taxonomy":"post_tag","embeddable":true,"href":"https:\/\/luchonoticias.com\/editor\/wp-json\/wp\/v2\/tags?post=48611"}],"curies":[{"name":"wp","href":"https:\/\/api.w.org\/{rel}","templated":true}]}}