{"id":48625,"date":"2023-03-19T10:43:55","date_gmt":"2023-03-19T15:43:55","guid":{"rendered":"https:\/\/luchonoticias.com\/?p=48625"},"modified":"2023-03-19T10:43:56","modified_gmt":"2023-03-19T15:43:56","slug":"comenzo-concentracion-de-colombia-pensando-en-amistosos-en-asia","status":"publish","type":"post","link":"https:\/\/luchonoticias.com\/editor\/comenzo-concentracion-de-colombia-pensando-en-amistosos-en-asia\/","title":{"rendered":"Comenz\u00f3 concentraci\u00f3n de Colombia pensando en amistosos en Asia"},"content":{"rendered":"\n<p>Inici\u00f3 la&nbsp;<strong>concentraci\u00f3n de la Selecci\u00f3n Colombia en territorio asi\u00e1tico&nbsp;<\/strong>con la llegada de los&nbsp;<strong>primeros jugadores convocados<\/strong>&nbsp;al hotel ubicado en Se\u00fal, Corea del Sur.<\/p>\n\n\n\n<p>Los primeros en unirse al campamento Tricolor fueron&nbsp;<strong>Carlos Cuesta, Daniel Mu\u00f1oz y Alexis P\u00e9rez.<\/strong>&nbsp;En el transcurso de este lunes se unir\u00e1n a la concentraci\u00f3n 10 jugadores m\u00e1s.<\/p>\n\n\n\n<p>El seleccionado nacional tendr\u00e1&nbsp;<strong>su primera unidad de entrenamiento este lunes<\/strong>&nbsp;pensando en lo que ser\u00e1 el primer amistoso ante Corea del Sur.<\/p>\n\n\n\n<p>Con informaci\u00f3n y foto de la Federaci\u00f3n Colombiana de F\u00fatbol.<\/p>\n","protected":false},"excerpt":{"rendered":"<p>Inici\u00f3 la&nbsp;concentraci\u00f3n de la Selecci\u00f3n Colombia en territorio asi\u00e1tico&nbsp;con la llegada de los&nbsp;primeros jugadores convocados&nbsp;al hotel ubicado en Se\u00fal, Corea del Sur. Los primeros en unirse al campamento Tricolor fueron&nbsp;Carlos Cuesta, Daniel Mu\u00f1oz y Alexis P\u00e9rez.&nbsp;En el transcurso de este lunes se unir\u00e1n a la concentraci\u00f3n 10 jugadores m\u00e1s. El seleccionado nacional tendr\u00e1&nbsp;su primera unidad [&hellip;]<\/p>\n","protected":false},"author":2,"featured_media":0,"comment_status":"open","ping_status":"open","sticky":false,"template":"","format":"standard","meta":{"footnotes":""},"categories":[34],"tags":[],"class_list":["post-48625","post","type-post","status-publish","format-standard","hentry","category-deportes"],"yoast_head":"<!-- This site is optimized with the Yoast SEO plugin v26.6 - https:\/\/yoast.com\/wordpress\/plugins\/seo\/ -->\n<title>Comenz\u00f3 concentraci\u00f3n de Colombia pensando en amistosos en Asia -<\/title>\n<meta name=\"robots\" content=\"index, follow, max-snippet:-1, max-image-preview:large, max-video-preview:-1\" \/>\n<link rel=\"canonical\" href=\"https:\/\/luchonoticias.com\/editor\/comenzo-concentracion-de-colombia-pensando-en-amistosos-en-asia\/\" \/>\n<meta property=\"og:locale\" content=\"es_ES\" \/>\n<meta property=\"og:type\" content=\"article\" \/>\n<meta property=\"og:title\" content=\"Comenz\u00f3 concentraci\u00f3n de Colombia pensando en amistosos en Asia -\" \/>\n<meta property=\"og:url\" content=\"https:\/\/luchonoticias.com\/editor\/comenzo-concentracion-de-colombia-pensando-en-amistosos-en-asia\/\" \/>\n<meta property=\"article:publisher\" content=\"https:\/\/www.facebook.com\/luchonoticiasneiva\" \/>\n<meta property=\"article:published_time\" content=\"2023-03-19T15:43:55+00:00\" \/>\n<meta property=\"article:modified_time\" content=\"2023-03-19T15:43:56+00:00\" \/>\n<meta name=\"author\" content=\"Editor General\" \/>\n<meta name=\"twitter:card\" content=\"summary_large_image\" \/>\n<meta name=\"twitter:label1\" content=\"Escrito por\" \/>\n\t<meta name=\"twitter:data1\" content=\"Editor General\" \/>\n\t<meta name=\"twitter:label2\" content=\"Tiempo de lectura\" \/>\n\t<meta name=\"twitter:data2\" content=\"1 minuto\" \/>\n<script type=\"application\/ld+json\" class=\"yoast-schema-graph\">{\"@context\":\"https:\/\/schema.org\",\"@graph\":[{\"@type\":\"Article\",\"@id\":\"https:\/\/luchonoticias.com\/editor\/comenzo-concentracion-de-colombia-pensando-en-amistosos-en-asia\/#article\",\"isPartOf\":{\"@id\":\"https:\/\/luchonoticias.com\/editor\/comenzo-concentracion-de-colombia-pensando-en-amistosos-en-asia\/\"},\"author\":{\"name\":\"Editor General\",\"@id\":\"https:\/\/luchonoticias.com\/editor\/#\/schema\/person\/29217990ddf6f14e35912b2866d591fb\"},\"headline\":\"Comenz\u00f3 concentraci\u00f3n de Colombia pensando en amistosos en Asia\",\"datePublished\":\"2023-03-19T15:43:55+00:00\",\"dateModified\":\"2023-03-19T15:43:56+00:00\",\"mainEntityOfPage\":{\"@id\":\"https:\/\/luchonoticias.com\/editor\/comenzo-concentracion-de-colombia-pensando-en-amistosos-en-asia\/\"},\"wordCount\":117,\"commentCount\":0,\"publisher\":{\"@id\":\"https:\/\/luchonoticias.com\/editor\/#\/schema\/person\/7a7fd911f58561fd056dbac7b55af9cd\"},\"articleSection\":[\"Deportes\"],\"inLanguage\":\"es\",\"potentialAction\":[{\"@type\":\"CommentAction\",\"name\":\"Comment\",\"target\":[\"https:\/\/luchonoticias.com\/editor\/comenzo-concentracion-de-colombia-pensando-en-amistosos-en-asia\/#respond\"]}]},{\"@type\":\"WebPage\",\"@id\":\"https:\/\/luchonoticias.com\/editor\/comenzo-concentracion-de-colombia-pensando-en-amistosos-en-asia\/\",\"url\":\"https:\/\/luchonoticias.com\/editor\/comenzo-concentracion-de-colombia-pensando-en-amistosos-en-asia\/\",\"name\":\"Comenz\u00f3 concentraci\u00f3n de Colombia pensando en amistosos en Asia -\",\"isPartOf\":{\"@id\":\"https:\/\/luchonoticias.com\/editor\/#website\"},\"datePublished\":\"2023-03-19T15:43:55+00:00\",\"dateModified\":\"2023-03-19T15:43:56+00:00\",\"breadcrumb\":{\"@id\":\"https:\/\/luchonoticias.com\/editor\/comenzo-concentracion-de-colombia-pensando-en-amistosos-en-asia\/#breadcrumb\"},\"inLanguage\":\"es\",\"potentialAction\":[{\"@type\":\"ReadAction\",\"target\":[\"https:\/\/luchonoticias.com\/editor\/comenzo-concentracion-de-colombia-pensando-en-amistosos-en-asia\/\"]}]},{\"@type\":\"BreadcrumbList\",\"@id\":\"https:\/\/luchonoticias.com\/editor\/comenzo-concentracion-de-colombia-pensando-en-amistosos-en-asia\/#breadcrumb\",\"itemListElement\":[{\"@type\":\"ListItem\",\"position\":1,\"name\":\"Portada\",\"item\":\"https:\/\/luchonoticias.com\/editor\/\"},{\"@type\":\"ListItem\",\"position\":2,\"name\":\"Comenz\u00f3 concentraci\u00f3n de Colombia pensando en amistosos en Asia\"}]},{\"@type\":\"WebSite\",\"@id\":\"https:\/\/luchonoticias.com\/editor\/#website\",\"url\":\"https:\/\/luchonoticias.com\/editor\/\",\"name\":\"\",\"description\":\"\",\"publisher\":{\"@id\":\"https:\/\/luchonoticias.com\/editor\/#\/schema\/person\/7a7fd911f58561fd056dbac7b55af9cd\"},\"potentialAction\":[{\"@type\":\"SearchAction\",\"target\":{\"@type\":\"EntryPoint\",\"urlTemplate\":\"https:\/\/luchonoticias.com\/editor\/?s={search_term_string}\"},\"query-input\":{\"@type\":\"PropertyValueSpecification\",\"valueRequired\":true,\"valueName\":\"search_term_string\"}}],\"inLanguage\":\"es\"},{\"@type\":[\"Person\",\"Organization\"],\"@id\":\"https:\/\/luchonoticias.com\/editor\/#\/schema\/person\/7a7fd911f58561fd056dbac7b55af9cd\",\"name\":\"admin\",\"image\":{\"@type\":\"ImageObject\",\"inLanguage\":\"es\",\"@id\":\"https:\/\/luchonoticias.com\/editor\/#\/schema\/person\/image\/\",\"url\":\"https:\/\/luchonoticias.com\/editor\/wp-content\/uploads\/2024\/02\/cropped-cropped-logolu.webp\",\"contentUrl\":\"https:\/\/luchonoticias.com\/editor\/wp-content\/uploads\/2024\/02\/cropped-cropped-logolu.webp\",\"width\":382,\"height\":170,\"caption\":\"admin\"},\"logo\":{\"@id\":\"https:\/\/luchonoticias.com\/editor\/#\/schema\/person\/image\/\"},\"sameAs\":[\"https:\/\/www.facebook.com\/luchonoticiasneiva\"]},{\"@type\":\"Person\",\"@id\":\"https:\/\/luchonoticias.com\/editor\/#\/schema\/person\/29217990ddf6f14e35912b2866d591fb\",\"name\":\"Editor General\",\"image\":{\"@type\":\"ImageObject\",\"inLanguage\":\"es\",\"@id\":\"https:\/\/luchonoticias.com\/editor\/#\/schema\/person\/image\/\",\"url\":\"https:\/\/luchonoticias.com\/editor\/wp-content\/uploads\/2024\/02\/cropped-cropped-logolu-150x150.webp\",\"contentUrl\":\"https:\/\/luchonoticias.com\/editor\/wp-content\/uploads\/2024\/02\/cropped-cropped-logolu-150x150.webp\",\"caption\":\"Editor General\"},\"sameAs\":[\"https:\/\/luchonoticias.com\/\"],\"url\":\"https:\/\/luchonoticias.com\/editor\/author\/editor-general\/\"}]}<\/script>\n<!-- \/ Yoast SEO plugin. -->","yoast_head_json":{"title":"Comenz\u00f3 concentraci\u00f3n de Colombia pensando en amistosos en Asia -","robots":{"index":"index","follow":"follow","max-snippet":"max-snippet:-1","max-image-preview":"max-image-preview:large","max-video-preview":"max-video-preview:-1"},"canonical":"https:\/\/luchonoticias.com\/editor\/comenzo-concentracion-de-colombia-pensando-en-amistosos-en-asia\/","og_locale":"es_ES","og_type":"article","og_title":"Comenz\u00f3 concentraci\u00f3n de Colombia pensando en amistosos en Asia -","og_url":"https:\/\/luchonoticias.com\/editor\/comenzo-concentracion-de-colombia-pensando-en-amistosos-en-asia\/","article_publisher":"https:\/\/www.facebook.com\/luchonoticiasneiva","article_published_time":"2023-03-19T15:43:55+00:00","article_modified_time":"2023-03-19T15:43:56+00:00","author":"Editor General","twitter_card":"summary_large_image","twitter_misc":{"Escrito por":"Editor General","Tiempo de lectura":"1 minuto"},"schema":{"@context":"https:\/\/schema.org","@graph":[{"@type":"Article","@id":"https:\/\/luchonoticias.com\/editor\/comenzo-concentracion-de-colombia-pensando-en-amistosos-en-asia\/#article","isPartOf":{"@id":"https:\/\/luchonoticias.com\/editor\/comenzo-concentracion-de-colombia-pensando-en-amistosos-en-asia\/"},"author":{"name":"Editor General","@id":"https:\/\/luchonoticias.com\/editor\/#\/schema\/person\/29217990ddf6f14e35912b2866d591fb"},"headline":"Comenz\u00f3 concentraci\u00f3n de Colombia pensando en amistosos en Asia","datePublished":"2023-03-19T15:43:55+00:00","dateModified":"2023-03-19T15:43:56+00:00","mainEntityOfPage":{"@id":"https:\/\/luchonoticias.com\/editor\/comenzo-concentracion-de-colombia-pensando-en-amistosos-en-asia\/"},"wordCount":117,"commentCount":0,"publisher":{"@id":"https:\/\/luchonoticias.com\/editor\/#\/schema\/person\/7a7fd911f58561fd056dbac7b55af9cd"},"articleSection":["Deportes"],"inLanguage":"es","potentialAction":[{"@type":"CommentAction","name":"Comment","target":["https:\/\/luchonoticias.com\/editor\/comenzo-concentracion-de-colombia-pensando-en-amistosos-en-asia\/#respond"]}]},{"@type":"WebPage","@id":"https:\/\/luchonoticias.com\/editor\/comenzo-concentracion-de-colombia-pensando-en-amistosos-en-asia\/","url":"https:\/\/luchonoticias.com\/editor\/comenzo-concentracion-de-colombia-pensando-en-amistosos-en-asia\/","name":"Comenz\u00f3 concentraci\u00f3n de Colombia pensando en amistosos en Asia -","isPartOf":{"@id":"https:\/\/luchonoticias.com\/editor\/#website"},"datePublished":"2023-03-19T15:43:55+00:00","dateModified":"2023-03-19T15:43:56+00:00","breadcrumb":{"@id":"https:\/\/luchonoticias.com\/editor\/comenzo-concentracion-de-colombia-pensando-en-amistosos-en-asia\/#breadcrumb"},"inLanguage":"es","potentialAction":[{"@type":"ReadAction","target":["https:\/\/luchonoticias.com\/editor\/comenzo-concentracion-de-colombia-pensando-en-amistosos-en-asia\/"]}]},{"@type":"BreadcrumbList","@id":"https:\/\/luchonoticias.com\/editor\/comenzo-concentracion-de-colombia-pensando-en-amistosos-en-asia\/#breadcrumb","itemListElement":[{"@type":"ListItem","position":1,"name":"Portada","item":"https:\/\/luchonoticias.com\/editor\/"},{"@type":"ListItem","position":2,"name":"Comenz\u00f3 concentraci\u00f3n de Colombia pensando en amistosos en Asia"}]},{"@type":"WebSite","@id":"https:\/\/luchonoticias.com\/editor\/#website","url":"https:\/\/luchonoticias.com\/editor\/","name":"","description":"","publisher":{"@id":"https:\/\/luchonoticias.com\/editor\/#\/schema\/person\/7a7fd911f58561fd056dbac7b55af9cd"},"potentialAction":[{"@type":"SearchAction","target":{"@type":"EntryPoint","urlTemplate":"https:\/\/luchonoticias.com\/editor\/?s={search_term_string}"},"query-input":{"@type":"PropertyValueSpecification","valueRequired":true,"valueName":"search_term_string"}}],"inLanguage":"es"},{"@type":["Person","Organization"],"@id":"https:\/\/luchonoticias.com\/editor\/#\/schema\/person\/7a7fd911f58561fd056dbac7b55af9cd","name":"admin","image":{"@type":"ImageObject","inLanguage":"es","@id":"https:\/\/luchonoticias.com\/editor\/#\/schema\/person\/image\/","url":"https:\/\/luchonoticias.com\/editor\/wp-content\/uploads\/2024\/02\/cropped-cropped-logolu.webp","contentUrl":"https:\/\/luchonoticias.com\/editor\/wp-content\/uploads\/2024\/02\/cropped-cropped-logolu.webp","width":382,"height":170,"caption":"admin"},"logo":{"@id":"https:\/\/luchonoticias.com\/editor\/#\/schema\/person\/image\/"},"sameAs":["https:\/\/www.facebook.com\/luchonoticiasneiva"]},{"@type":"Person","@id":"https:\/\/luchonoticias.com\/editor\/#\/schema\/person\/29217990ddf6f14e35912b2866d591fb","name":"Editor General","image":{"@type":"ImageObject","inLanguage":"es","@id":"https:\/\/luchonoticias.com\/editor\/#\/schema\/person\/image\/","url":"https:\/\/luchonoticias.com\/editor\/wp-content\/uploads\/2024\/02\/cropped-cropped-logolu-150x150.webp","contentUrl":"https:\/\/luchonoticias.com\/editor\/wp-content\/uploads\/2024\/02\/cropped-cropped-logolu-150x150.webp","caption":"Editor General"},"sameAs":["https:\/\/luchonoticias.com\/"],"url":"https:\/\/luchonoticias.com\/editor\/author\/editor-general\/"}]}},"_links":{"self":[{"href":"https:\/\/luchonoticias.com\/editor\/wp-json\/wp\/v2\/posts\/48625","targetHints":{"allow":["GET"]}}],"collection":[{"href":"https:\/\/luchonoticias.com\/editor\/wp-json\/wp\/v2\/posts"}],"about":[{"href":"https:\/\/luchonoticias.com\/editor\/wp-json\/wp\/v2\/types\/post"}],"author":[{"embeddable":true,"href":"https:\/\/luchonoticias.com\/editor\/wp-json\/wp\/v2\/users\/2"}],"replies":[{"embeddable":true,"href":"https:\/\/luchonoticias.com\/editor\/wp-json\/wp\/v2\/comments?post=48625"}],"version-history":[{"count":0,"href":"https:\/\/luchonoticias.com\/editor\/wp-json\/wp\/v2\/posts\/48625\/revisions"}],"wp:attachment":[{"href":"https:\/\/luchonoticias.com\/editor\/wp-json\/wp\/v2\/media?parent=48625"}],"wp:term":[{"taxonomy":"category","embeddable":true,"href":"https:\/\/luchonoticias.com\/editor\/wp-json\/wp\/v2\/categories?post=48625"},{"taxonomy":"post_tag","embeddable":true,"href":"https:\/\/luchonoticias.com\/editor\/wp-json\/wp\/v2\/tags?post=48625"}],"curies":[{"name":"wp","href":"https:\/\/api.w.org\/{rel}","templated":true}]}}