{"id":48632,"date":"2023-03-19T14:10:01","date_gmt":"2023-03-19T19:10:01","guid":{"rendered":"https:\/\/luchonoticias.com\/?p=48632"},"modified":"2023-03-19T14:10:02","modified_gmt":"2023-03-19T19:10:02","slug":"deambulaba-por-las-calles-de-suaza-con-un-arma-en-una-mochila","status":"publish","type":"post","link":"https:\/\/luchonoticias.com\/editor\/deambulaba-por-las-calles-de-suaza-con-un-arma-en-una-mochila\/","title":{"rendered":"Deambulaba por las calles de Suaza, con un arma en una mochila"},"content":{"rendered":"\n<p>El Departamento de Polic\u00eda del Huila, dieron a conocer que la patrulla del cuadrante del municipio de Suaza, &nbsp;capturaron en las \u00faltimas horas a un sujeto que llevaba en una mochila un rev\u00f3lver marca Colt calibre 38 con 6 cartuchos.<\/p>\n\n\n\n<p>\u201cEl hombre fue interceptado por los uniformados en la v\u00eda p\u00fablica a la altura de la calle 5 con carrera 2 del municipio de Suaza. El capturado fue dejado a disposici\u00f3n de la Fiscal\u00eda General de la Naci\u00f3n\u201d, indicaron las autoridades.<\/p>\n\n\n\n<p>En lo corrido del a\u00f1o 2023, 43 armas de fuego han sido incautadas por la Polic\u00eda Huila y sacadas de las calles, estas armas son una potencial amenaza a la integridad y a la vida, por esa raz\u00f3n se hace tan importante la judicializaci\u00f3n de quienes las portan.<\/p>\n","protected":false},"excerpt":{"rendered":"<p>El Departamento de Polic\u00eda del Huila, dieron a conocer que la patrulla del cuadrante del municipio de Suaza, &nbsp;capturaron en las \u00faltimas horas a un sujeto que llevaba en una mochila un rev\u00f3lver marca Colt calibre 38 con 6 cartuchos. \u201cEl hombre fue interceptado por los uniformados en la v\u00eda p\u00fablica a la altura de [&hellip;]<\/p>\n","protected":false},"author":2,"featured_media":0,"comment_status":"open","ping_status":"open","sticky":false,"template":"","format":"standard","meta":{"footnotes":""},"categories":[36,29],"tags":[],"class_list":["post-48632","post","type-post","status-publish","format-standard","hentry","category-destacado","category-judicial"],"yoast_head":"<!-- This site is optimized with the Yoast SEO plugin v26.6 - https:\/\/yoast.com\/wordpress\/plugins\/seo\/ -->\n<title>Deambulaba por las calles de Suaza, con un arma en una mochila -<\/title>\n<meta name=\"robots\" content=\"index, follow, max-snippet:-1, max-image-preview:large, max-video-preview:-1\" \/>\n<link rel=\"canonical\" href=\"https:\/\/luchonoticias.com\/editor\/deambulaba-por-las-calles-de-suaza-con-un-arma-en-una-mochila\/\" \/>\n<meta property=\"og:locale\" content=\"es_ES\" \/>\n<meta property=\"og:type\" content=\"article\" \/>\n<meta property=\"og:title\" content=\"Deambulaba por las calles de Suaza, con un arma en una mochila -\" \/>\n<meta property=\"og:url\" content=\"https:\/\/luchonoticias.com\/editor\/deambulaba-por-las-calles-de-suaza-con-un-arma-en-una-mochila\/\" \/>\n<meta property=\"article:publisher\" content=\"https:\/\/www.facebook.com\/luchonoticiasneiva\" \/>\n<meta property=\"article:published_time\" content=\"2023-03-19T19:10:01+00:00\" \/>\n<meta property=\"article:modified_time\" content=\"2023-03-19T19:10:02+00:00\" \/>\n<meta name=\"author\" content=\"Editor General\" \/>\n<meta name=\"twitter:card\" content=\"summary_large_image\" \/>\n<meta name=\"twitter:label1\" content=\"Escrito por\" \/>\n\t<meta name=\"twitter:data1\" content=\"Editor General\" \/>\n\t<meta name=\"twitter:label2\" content=\"Tiempo de lectura\" \/>\n\t<meta name=\"twitter:data2\" content=\"1 minuto\" \/>\n<script type=\"application\/ld+json\" class=\"yoast-schema-graph\">{\"@context\":\"https:\/\/schema.org\",\"@graph\":[{\"@type\":\"Article\",\"@id\":\"https:\/\/luchonoticias.com\/editor\/deambulaba-por-las-calles-de-suaza-con-un-arma-en-una-mochila\/#article\",\"isPartOf\":{\"@id\":\"https:\/\/luchonoticias.com\/editor\/deambulaba-por-las-calles-de-suaza-con-un-arma-en-una-mochila\/\"},\"author\":{\"name\":\"Editor General\",\"@id\":\"https:\/\/luchonoticias.com\/editor\/#\/schema\/person\/29217990ddf6f14e35912b2866d591fb\"},\"headline\":\"Deambulaba por las calles de Suaza, con un arma en una mochila\",\"datePublished\":\"2023-03-19T19:10:01+00:00\",\"dateModified\":\"2023-03-19T19:10:02+00:00\",\"mainEntityOfPage\":{\"@id\":\"https:\/\/luchonoticias.com\/editor\/deambulaba-por-las-calles-de-suaza-con-un-arma-en-una-mochila\/\"},\"wordCount\":147,\"commentCount\":0,\"publisher\":{\"@id\":\"https:\/\/luchonoticias.com\/editor\/#\/schema\/person\/7a7fd911f58561fd056dbac7b55af9cd\"},\"articleSection\":[\"Destacado\",\"Judicial\"],\"inLanguage\":\"es\",\"potentialAction\":[{\"@type\":\"CommentAction\",\"name\":\"Comment\",\"target\":[\"https:\/\/luchonoticias.com\/editor\/deambulaba-por-las-calles-de-suaza-con-un-arma-en-una-mochila\/#respond\"]}]},{\"@type\":\"WebPage\",\"@id\":\"https:\/\/luchonoticias.com\/editor\/deambulaba-por-las-calles-de-suaza-con-un-arma-en-una-mochila\/\",\"url\":\"https:\/\/luchonoticias.com\/editor\/deambulaba-por-las-calles-de-suaza-con-un-arma-en-una-mochila\/\",\"name\":\"Deambulaba por las calles de Suaza, con un arma en una mochila -\",\"isPartOf\":{\"@id\":\"https:\/\/luchonoticias.com\/editor\/#website\"},\"datePublished\":\"2023-03-19T19:10:01+00:00\",\"dateModified\":\"2023-03-19T19:10:02+00:00\",\"breadcrumb\":{\"@id\":\"https:\/\/luchonoticias.com\/editor\/deambulaba-por-las-calles-de-suaza-con-un-arma-en-una-mochila\/#breadcrumb\"},\"inLanguage\":\"es\",\"potentialAction\":[{\"@type\":\"ReadAction\",\"target\":[\"https:\/\/luchonoticias.com\/editor\/deambulaba-por-las-calles-de-suaza-con-un-arma-en-una-mochila\/\"]}]},{\"@type\":\"BreadcrumbList\",\"@id\":\"https:\/\/luchonoticias.com\/editor\/deambulaba-por-las-calles-de-suaza-con-un-arma-en-una-mochila\/#breadcrumb\",\"itemListElement\":[{\"@type\":\"ListItem\",\"position\":1,\"name\":\"Portada\",\"item\":\"https:\/\/luchonoticias.com\/editor\/\"},{\"@type\":\"ListItem\",\"position\":2,\"name\":\"Deambulaba por las calles de Suaza, con un arma en una mochila\"}]},{\"@type\":\"WebSite\",\"@id\":\"https:\/\/luchonoticias.com\/editor\/#website\",\"url\":\"https:\/\/luchonoticias.com\/editor\/\",\"name\":\"\",\"description\":\"\",\"publisher\":{\"@id\":\"https:\/\/luchonoticias.com\/editor\/#\/schema\/person\/7a7fd911f58561fd056dbac7b55af9cd\"},\"potentialAction\":[{\"@type\":\"SearchAction\",\"target\":{\"@type\":\"EntryPoint\",\"urlTemplate\":\"https:\/\/luchonoticias.com\/editor\/?s={search_term_string}\"},\"query-input\":{\"@type\":\"PropertyValueSpecification\",\"valueRequired\":true,\"valueName\":\"search_term_string\"}}],\"inLanguage\":\"es\"},{\"@type\":[\"Person\",\"Organization\"],\"@id\":\"https:\/\/luchonoticias.com\/editor\/#\/schema\/person\/7a7fd911f58561fd056dbac7b55af9cd\",\"name\":\"admin\",\"image\":{\"@type\":\"ImageObject\",\"inLanguage\":\"es\",\"@id\":\"https:\/\/luchonoticias.com\/editor\/#\/schema\/person\/image\/\",\"url\":\"https:\/\/luchonoticias.com\/editor\/wp-content\/uploads\/2024\/02\/cropped-cropped-logolu.webp\",\"contentUrl\":\"https:\/\/luchonoticias.com\/editor\/wp-content\/uploads\/2024\/02\/cropped-cropped-logolu.webp\",\"width\":382,\"height\":170,\"caption\":\"admin\"},\"logo\":{\"@id\":\"https:\/\/luchonoticias.com\/editor\/#\/schema\/person\/image\/\"},\"sameAs\":[\"https:\/\/www.facebook.com\/luchonoticiasneiva\"]},{\"@type\":\"Person\",\"@id\":\"https:\/\/luchonoticias.com\/editor\/#\/schema\/person\/29217990ddf6f14e35912b2866d591fb\",\"name\":\"Editor General\",\"image\":{\"@type\":\"ImageObject\",\"inLanguage\":\"es\",\"@id\":\"https:\/\/luchonoticias.com\/editor\/#\/schema\/person\/image\/\",\"url\":\"https:\/\/luchonoticias.com\/editor\/wp-content\/uploads\/2024\/02\/cropped-cropped-logolu-150x150.webp\",\"contentUrl\":\"https:\/\/luchonoticias.com\/editor\/wp-content\/uploads\/2024\/02\/cropped-cropped-logolu-150x150.webp\",\"caption\":\"Editor General\"},\"sameAs\":[\"https:\/\/luchonoticias.com\/\"],\"url\":\"https:\/\/luchonoticias.com\/editor\/author\/editor-general\/\"}]}<\/script>\n<!-- \/ Yoast SEO plugin. -->","yoast_head_json":{"title":"Deambulaba por las calles de Suaza, con un arma en una mochila -","robots":{"index":"index","follow":"follow","max-snippet":"max-snippet:-1","max-image-preview":"max-image-preview:large","max-video-preview":"max-video-preview:-1"},"canonical":"https:\/\/luchonoticias.com\/editor\/deambulaba-por-las-calles-de-suaza-con-un-arma-en-una-mochila\/","og_locale":"es_ES","og_type":"article","og_title":"Deambulaba por las calles de Suaza, con un arma en una mochila -","og_url":"https:\/\/luchonoticias.com\/editor\/deambulaba-por-las-calles-de-suaza-con-un-arma-en-una-mochila\/","article_publisher":"https:\/\/www.facebook.com\/luchonoticiasneiva","article_published_time":"2023-03-19T19:10:01+00:00","article_modified_time":"2023-03-19T19:10:02+00:00","author":"Editor General","twitter_card":"summary_large_image","twitter_misc":{"Escrito por":"Editor General","Tiempo de lectura":"1 minuto"},"schema":{"@context":"https:\/\/schema.org","@graph":[{"@type":"Article","@id":"https:\/\/luchonoticias.com\/editor\/deambulaba-por-las-calles-de-suaza-con-un-arma-en-una-mochila\/#article","isPartOf":{"@id":"https:\/\/luchonoticias.com\/editor\/deambulaba-por-las-calles-de-suaza-con-un-arma-en-una-mochila\/"},"author":{"name":"Editor General","@id":"https:\/\/luchonoticias.com\/editor\/#\/schema\/person\/29217990ddf6f14e35912b2866d591fb"},"headline":"Deambulaba por las calles de Suaza, con un arma en una mochila","datePublished":"2023-03-19T19:10:01+00:00","dateModified":"2023-03-19T19:10:02+00:00","mainEntityOfPage":{"@id":"https:\/\/luchonoticias.com\/editor\/deambulaba-por-las-calles-de-suaza-con-un-arma-en-una-mochila\/"},"wordCount":147,"commentCount":0,"publisher":{"@id":"https:\/\/luchonoticias.com\/editor\/#\/schema\/person\/7a7fd911f58561fd056dbac7b55af9cd"},"articleSection":["Destacado","Judicial"],"inLanguage":"es","potentialAction":[{"@type":"CommentAction","name":"Comment","target":["https:\/\/luchonoticias.com\/editor\/deambulaba-por-las-calles-de-suaza-con-un-arma-en-una-mochila\/#respond"]}]},{"@type":"WebPage","@id":"https:\/\/luchonoticias.com\/editor\/deambulaba-por-las-calles-de-suaza-con-un-arma-en-una-mochila\/","url":"https:\/\/luchonoticias.com\/editor\/deambulaba-por-las-calles-de-suaza-con-un-arma-en-una-mochila\/","name":"Deambulaba por las calles de Suaza, con un arma en una mochila -","isPartOf":{"@id":"https:\/\/luchonoticias.com\/editor\/#website"},"datePublished":"2023-03-19T19:10:01+00:00","dateModified":"2023-03-19T19:10:02+00:00","breadcrumb":{"@id":"https:\/\/luchonoticias.com\/editor\/deambulaba-por-las-calles-de-suaza-con-un-arma-en-una-mochila\/#breadcrumb"},"inLanguage":"es","potentialAction":[{"@type":"ReadAction","target":["https:\/\/luchonoticias.com\/editor\/deambulaba-por-las-calles-de-suaza-con-un-arma-en-una-mochila\/"]}]},{"@type":"BreadcrumbList","@id":"https:\/\/luchonoticias.com\/editor\/deambulaba-por-las-calles-de-suaza-con-un-arma-en-una-mochila\/#breadcrumb","itemListElement":[{"@type":"ListItem","position":1,"name":"Portada","item":"https:\/\/luchonoticias.com\/editor\/"},{"@type":"ListItem","position":2,"name":"Deambulaba por las calles de Suaza, con un arma en una mochila"}]},{"@type":"WebSite","@id":"https:\/\/luchonoticias.com\/editor\/#website","url":"https:\/\/luchonoticias.com\/editor\/","name":"","description":"","publisher":{"@id":"https:\/\/luchonoticias.com\/editor\/#\/schema\/person\/7a7fd911f58561fd056dbac7b55af9cd"},"potentialAction":[{"@type":"SearchAction","target":{"@type":"EntryPoint","urlTemplate":"https:\/\/luchonoticias.com\/editor\/?s={search_term_string}"},"query-input":{"@type":"PropertyValueSpecification","valueRequired":true,"valueName":"search_term_string"}}],"inLanguage":"es"},{"@type":["Person","Organization"],"@id":"https:\/\/luchonoticias.com\/editor\/#\/schema\/person\/7a7fd911f58561fd056dbac7b55af9cd","name":"admin","image":{"@type":"ImageObject","inLanguage":"es","@id":"https:\/\/luchonoticias.com\/editor\/#\/schema\/person\/image\/","url":"https:\/\/luchonoticias.com\/editor\/wp-content\/uploads\/2024\/02\/cropped-cropped-logolu.webp","contentUrl":"https:\/\/luchonoticias.com\/editor\/wp-content\/uploads\/2024\/02\/cropped-cropped-logolu.webp","width":382,"height":170,"caption":"admin"},"logo":{"@id":"https:\/\/luchonoticias.com\/editor\/#\/schema\/person\/image\/"},"sameAs":["https:\/\/www.facebook.com\/luchonoticiasneiva"]},{"@type":"Person","@id":"https:\/\/luchonoticias.com\/editor\/#\/schema\/person\/29217990ddf6f14e35912b2866d591fb","name":"Editor General","image":{"@type":"ImageObject","inLanguage":"es","@id":"https:\/\/luchonoticias.com\/editor\/#\/schema\/person\/image\/","url":"https:\/\/luchonoticias.com\/editor\/wp-content\/uploads\/2024\/02\/cropped-cropped-logolu-150x150.webp","contentUrl":"https:\/\/luchonoticias.com\/editor\/wp-content\/uploads\/2024\/02\/cropped-cropped-logolu-150x150.webp","caption":"Editor General"},"sameAs":["https:\/\/luchonoticias.com\/"],"url":"https:\/\/luchonoticias.com\/editor\/author\/editor-general\/"}]}},"_links":{"self":[{"href":"https:\/\/luchonoticias.com\/editor\/wp-json\/wp\/v2\/posts\/48632","targetHints":{"allow":["GET"]}}],"collection":[{"href":"https:\/\/luchonoticias.com\/editor\/wp-json\/wp\/v2\/posts"}],"about":[{"href":"https:\/\/luchonoticias.com\/editor\/wp-json\/wp\/v2\/types\/post"}],"author":[{"embeddable":true,"href":"https:\/\/luchonoticias.com\/editor\/wp-json\/wp\/v2\/users\/2"}],"replies":[{"embeddable":true,"href":"https:\/\/luchonoticias.com\/editor\/wp-json\/wp\/v2\/comments?post=48632"}],"version-history":[{"count":0,"href":"https:\/\/luchonoticias.com\/editor\/wp-json\/wp\/v2\/posts\/48632\/revisions"}],"wp:attachment":[{"href":"https:\/\/luchonoticias.com\/editor\/wp-json\/wp\/v2\/media?parent=48632"}],"wp:term":[{"taxonomy":"category","embeddable":true,"href":"https:\/\/luchonoticias.com\/editor\/wp-json\/wp\/v2\/categories?post=48632"},{"taxonomy":"post_tag","embeddable":true,"href":"https:\/\/luchonoticias.com\/editor\/wp-json\/wp\/v2\/tags?post=48632"}],"curies":[{"name":"wp","href":"https:\/\/api.w.org\/{rel}","templated":true}]}}