{"id":48727,"date":"2023-03-21T06:44:23","date_gmt":"2023-03-21T11:44:23","guid":{"rendered":"https:\/\/luchonoticias.com\/?p=48727"},"modified":"2023-03-21T06:44:24","modified_gmt":"2023-03-21T11:44:24","slug":"seguridad-y-convivencia-prioridad-de-la-administracion-municipal-en-los-corregimientos","status":"publish","type":"post","link":"https:\/\/luchonoticias.com\/editor\/seguridad-y-convivencia-prioridad-de-la-administracion-municipal-en-los-corregimientos\/","title":{"rendered":"Seguridad y Convivencia, prioridad de la Administraci\u00f3n Municipal en los corregimientos"},"content":{"rendered":"\n<p>Con la presencia de Polic\u00eda Metropolitana de Neiva, Ej\u00e9rcito Nacional, Fuerza A\u00e9rea, Fiscal\u00eda, Procuradur\u00eda, Personer\u00eda, Defensor\u00eda del Pueblo y Corregidores de Neiva, se adelant\u00f3 un Consejo de Seguridad para evaluar los hechos violentos que se han registrado en los \u00faltimos d\u00edas en la zona rural del municipio.<\/p>\n\n\n\n<p>De acuerdo con el alcalde de Neiva, Gorky Mu\u00f1oz Calder\u00f3n, que lider\u00f3 el Consejo de Seguridad, el objetivo principal fue la de tomar acciones efectivas que permitan generar tranquilidad y proteger la vida de la poblaci\u00f3n.<\/p>\n\n\n\n<p>\u201cEstamos llegando con inversi\u00f3n social y tambi\u00e9n con acciones puntuales por parte de las autoridades (\u2026) Es de precisar que desde el pasado 01 de marzo que entr\u00f3 en vigencia el Decreto 0163, hemos logrado tener resultados positivos en disminuci\u00f3n de ri\u00f1as, homicidios y robos, tanto en la zona urbana, como rural\u201d sostuvo el mandatario de los neivanos.<\/p>\n\n\n\n<figure class=\"wp-block-gallery has-nested-images columns-default is-cropped wp-block-gallery-1 is-layout-flex wp-block-gallery-is-layout-flex\">\n<figure class=\"wp-block-image size-large\"><img decoding=\"async\" data-id=\"48730\" src=\"https:\/\/luchonoticias.com\/wp-content\/uploads\/2023\/03\/WhatsApp-Image-2023-03-20-at-8.59.09-PM-1-1024x726.jpeg\" alt=\"\" class=\"wp-image-48730\"\/><\/figure>\n\n\n\n<figure class=\"wp-block-image size-large\"><img decoding=\"async\" data-id=\"48729\" src=\"https:\/\/luchonoticias.com\/wp-content\/uploads\/2023\/03\/WhatsApp-Image-2023-03-20-at-8.59.09-PM-1024x768.jpeg\" alt=\"\" class=\"wp-image-48729\"\/><\/figure>\n\n\n\n<figure class=\"wp-block-image size-large\"><img decoding=\"async\" data-id=\"48731\" src=\"https:\/\/luchonoticias.com\/wp-content\/uploads\/2023\/03\/WhatsApp-Image-2023-03-20-at-8.59.08-PM-1024x680.jpeg\" alt=\"\" class=\"wp-image-48731\"\/><\/figure>\n<\/figure>\n\n\n\n<p>Y a\u00f1adi\u00f3 \u201cContinuaremos fortaleciendo la seguridad en Neiva con un trabajo articulado desde la Institucionalidad y estando al lado de la comunidad, con el regreso de estrategias como &#8216;Alcalde en Casa&#8217; donde tenemos un di\u00e1logo directo con la gente\u201d.<\/p>\n\n\n\n<p>El Consejo de Seguridad, asimismo sirvi\u00f3 para que instituciones como Fiscal\u00eda y Personer\u00eda, rindieran informe de c\u00f3mo se le est\u00e1 haciendo seguimiento a las denuncias que realizaron algunos concejales, por amenazas de las que han sido v\u00edctimas.<\/p>\n\n\n\n<p><strong>Otras conclusiones<\/strong><\/p>\n\n\n\n<p>Una de las conclusiones del Consejo de Seguridad, ser\u00e1 una reuni\u00f3n de car\u00e1cter urgente con cada uno de los corregidores de Neiva, para trazar\u00a0 una hoja de ruta de acuerdo a cada una de sus condiciones y zona y poder con ello, adelantar acciones concretas por parte de las autoridades.<\/p>\n\n\n\n<p>\u201cEvaluamos nuestras estad\u00edsticas de seguridad y convivencia en Neiva y tenemos importantes resultados en materia de hurtos, homicidios y otros delitos\u201d sostuvo Ra\u00fal Rivera, Secretario de Gobierno de Neiva.<\/p>\n\n\n\n<figure class=\"wp-block-gallery has-nested-images columns-default is-cropped wp-block-gallery-2 is-layout-flex wp-block-gallery-is-layout-flex\">\n<figure class=\"wp-block-image size-large\"><img decoding=\"async\" data-id=\"48734\" src=\"https:\/\/luchonoticias.com\/wp-content\/uploads\/2023\/03\/WhatsApp-Image-2023-03-20-at-8.59.10-PM-1024x768.jpeg\" alt=\"\" class=\"wp-image-48734\"\/><\/figure>\n\n\n\n<figure class=\"wp-block-image size-large\"><img decoding=\"async\" data-id=\"48732\" src=\"https:\/\/luchonoticias.com\/wp-content\/uploads\/2023\/03\/WhatsApp-Image-2023-03-20-at-8.59.08-PM-1-1024x768.jpeg\" alt=\"\" class=\"wp-image-48732\"\/><\/figure>\n<\/figure>\n\n\n\n<p>Otras medidas que se adoptaron est\u00e1n encaminadas al sostenimiento del orden p\u00fablico en la zona rural de Neiva y desde ya se ha pedido al Ministerio de Defensa, el aumento de pie de fuerza para hacer control territorial en los corregimientos que han sido afectados por el accionar de grupos al margen de la ley.<\/p>\n","protected":false},"excerpt":{"rendered":"<p>Con la presencia de Polic\u00eda Metropolitana de Neiva, Ej\u00e9rcito Nacional, Fuerza A\u00e9rea, Fiscal\u00eda, Procuradur\u00eda, Personer\u00eda, Defensor\u00eda del Pueblo y Corregidores de Neiva, se adelant\u00f3 un Consejo de Seguridad para evaluar los hechos violentos que se han registrado en los \u00faltimos d\u00edas en la zona rural del municipio. De acuerdo con el alcalde de Neiva, Gorky [&hellip;]<\/p>\n","protected":false},"author":2,"featured_media":0,"comment_status":"open","ping_status":"open","sticky":false,"template":"","format":"standard","meta":{"footnotes":""},"categories":[36,31],"tags":[],"class_list":["post-48727","post","type-post","status-publish","format-standard","hentry","category-destacado","category-local"],"yoast_head":"<!-- This site is optimized with the Yoast SEO plugin v26.6 - https:\/\/yoast.com\/wordpress\/plugins\/seo\/ -->\n<title>Seguridad y Convivencia, prioridad de la Administraci\u00f3n Municipal en los corregimientos -<\/title>\n<meta name=\"robots\" content=\"index, follow, max-snippet:-1, max-image-preview:large, max-video-preview:-1\" \/>\n<link rel=\"canonical\" href=\"https:\/\/luchonoticias.com\/editor\/seguridad-y-convivencia-prioridad-de-la-administracion-municipal-en-los-corregimientos\/\" \/>\n<meta property=\"og:locale\" content=\"es_ES\" \/>\n<meta property=\"og:type\" content=\"article\" \/>\n<meta property=\"og:title\" content=\"Seguridad y Convivencia, prioridad de la Administraci\u00f3n Municipal en los corregimientos -\" \/>\n<meta property=\"og:url\" content=\"https:\/\/luchonoticias.com\/editor\/seguridad-y-convivencia-prioridad-de-la-administracion-municipal-en-los-corregimientos\/\" \/>\n<meta property=\"article:publisher\" content=\"https:\/\/www.facebook.com\/luchonoticiasneiva\" \/>\n<meta property=\"article:published_time\" content=\"2023-03-21T11:44:23+00:00\" \/>\n<meta property=\"article:modified_time\" content=\"2023-03-21T11:44:24+00:00\" \/>\n<meta property=\"og:image\" content=\"https:\/\/luchonoticias.com\/wp-content\/uploads\/2023\/03\/WhatsApp-Image-2023-03-20-at-8.59.09-PM-1-1024x726.jpeg\" \/>\n<meta name=\"author\" content=\"Editor General\" \/>\n<meta name=\"twitter:card\" content=\"summary_large_image\" \/>\n<meta name=\"twitter:label1\" content=\"Escrito por\" \/>\n\t<meta name=\"twitter:data1\" content=\"Editor General\" \/>\n\t<meta name=\"twitter:label2\" content=\"Tiempo de lectura\" \/>\n\t<meta name=\"twitter:data2\" content=\"2 minutos\" \/>\n<script type=\"application\/ld+json\" class=\"yoast-schema-graph\">{\"@context\":\"https:\/\/schema.org\",\"@graph\":[{\"@type\":\"Article\",\"@id\":\"https:\/\/luchonoticias.com\/editor\/seguridad-y-convivencia-prioridad-de-la-administracion-municipal-en-los-corregimientos\/#article\",\"isPartOf\":{\"@id\":\"https:\/\/luchonoticias.com\/editor\/seguridad-y-convivencia-prioridad-de-la-administracion-municipal-en-los-corregimientos\/\"},\"author\":{\"name\":\"Editor General\",\"@id\":\"https:\/\/luchonoticias.com\/editor\/#\/schema\/person\/29217990ddf6f14e35912b2866d591fb\"},\"headline\":\"Seguridad y Convivencia, prioridad de la Administraci\u00f3n Municipal en los corregimientos\",\"datePublished\":\"2023-03-21T11:44:23+00:00\",\"dateModified\":\"2023-03-21T11:44:24+00:00\",\"mainEntityOfPage\":{\"@id\":\"https:\/\/luchonoticias.com\/editor\/seguridad-y-convivencia-prioridad-de-la-administracion-municipal-en-los-corregimientos\/\"},\"wordCount\":389,\"commentCount\":0,\"publisher\":{\"@id\":\"https:\/\/luchonoticias.com\/editor\/#\/schema\/person\/7a7fd911f58561fd056dbac7b55af9cd\"},\"image\":{\"@id\":\"https:\/\/luchonoticias.com\/editor\/seguridad-y-convivencia-prioridad-de-la-administracion-municipal-en-los-corregimientos\/#primaryimage\"},\"thumbnailUrl\":\"https:\/\/luchonoticias.com\/wp-content\/uploads\/2023\/03\/WhatsApp-Image-2023-03-20-at-8.59.09-PM-1-1024x726.jpeg\",\"articleSection\":[\"Destacado\",\"Local\"],\"inLanguage\":\"es\",\"potentialAction\":[{\"@type\":\"CommentAction\",\"name\":\"Comment\",\"target\":[\"https:\/\/luchonoticias.com\/editor\/seguridad-y-convivencia-prioridad-de-la-administracion-municipal-en-los-corregimientos\/#respond\"]}]},{\"@type\":\"WebPage\",\"@id\":\"https:\/\/luchonoticias.com\/editor\/seguridad-y-convivencia-prioridad-de-la-administracion-municipal-en-los-corregimientos\/\",\"url\":\"https:\/\/luchonoticias.com\/editor\/seguridad-y-convivencia-prioridad-de-la-administracion-municipal-en-los-corregimientos\/\",\"name\":\"Seguridad y Convivencia, prioridad de la Administraci\u00f3n Municipal en los corregimientos -\",\"isPartOf\":{\"@id\":\"https:\/\/luchonoticias.com\/editor\/#website\"},\"primaryImageOfPage\":{\"@id\":\"https:\/\/luchonoticias.com\/editor\/seguridad-y-convivencia-prioridad-de-la-administracion-municipal-en-los-corregimientos\/#primaryimage\"},\"image\":{\"@id\":\"https:\/\/luchonoticias.com\/editor\/seguridad-y-convivencia-prioridad-de-la-administracion-municipal-en-los-corregimientos\/#primaryimage\"},\"thumbnailUrl\":\"https:\/\/luchonoticias.com\/wp-content\/uploads\/2023\/03\/WhatsApp-Image-2023-03-20-at-8.59.09-PM-1-1024x726.jpeg\",\"datePublished\":\"2023-03-21T11:44:23+00:00\",\"dateModified\":\"2023-03-21T11:44:24+00:00\",\"breadcrumb\":{\"@id\":\"https:\/\/luchonoticias.com\/editor\/seguridad-y-convivencia-prioridad-de-la-administracion-municipal-en-los-corregimientos\/#breadcrumb\"},\"inLanguage\":\"es\",\"potentialAction\":[{\"@type\":\"ReadAction\",\"target\":[\"https:\/\/luchonoticias.com\/editor\/seguridad-y-convivencia-prioridad-de-la-administracion-municipal-en-los-corregimientos\/\"]}]},{\"@type\":\"ImageObject\",\"inLanguage\":\"es\",\"@id\":\"https:\/\/luchonoticias.com\/editor\/seguridad-y-convivencia-prioridad-de-la-administracion-municipal-en-los-corregimientos\/#primaryimage\",\"url\":\"https:\/\/luchonoticias.com\/wp-content\/uploads\/2023\/03\/WhatsApp-Image-2023-03-20-at-8.59.09-PM-1-1024x726.jpeg\",\"contentUrl\":\"https:\/\/luchonoticias.com\/wp-content\/uploads\/2023\/03\/WhatsApp-Image-2023-03-20-at-8.59.09-PM-1-1024x726.jpeg\"},{\"@type\":\"BreadcrumbList\",\"@id\":\"https:\/\/luchonoticias.com\/editor\/seguridad-y-convivencia-prioridad-de-la-administracion-municipal-en-los-corregimientos\/#breadcrumb\",\"itemListElement\":[{\"@type\":\"ListItem\",\"position\":1,\"name\":\"Portada\",\"item\":\"https:\/\/luchonoticias.com\/editor\/\"},{\"@type\":\"ListItem\",\"position\":2,\"name\":\"Seguridad y Convivencia, prioridad de la Administraci\u00f3n Municipal en los corregimientos\"}]},{\"@type\":\"WebSite\",\"@id\":\"https:\/\/luchonoticias.com\/editor\/#website\",\"url\":\"https:\/\/luchonoticias.com\/editor\/\",\"name\":\"\",\"description\":\"\",\"publisher\":{\"@id\":\"https:\/\/luchonoticias.com\/editor\/#\/schema\/person\/7a7fd911f58561fd056dbac7b55af9cd\"},\"potentialAction\":[{\"@type\":\"SearchAction\",\"target\":{\"@type\":\"EntryPoint\",\"urlTemplate\":\"https:\/\/luchonoticias.com\/editor\/?s={search_term_string}\"},\"query-input\":{\"@type\":\"PropertyValueSpecification\",\"valueRequired\":true,\"valueName\":\"search_term_string\"}}],\"inLanguage\":\"es\"},{\"@type\":[\"Person\",\"Organization\"],\"@id\":\"https:\/\/luchonoticias.com\/editor\/#\/schema\/person\/7a7fd911f58561fd056dbac7b55af9cd\",\"name\":\"admin\",\"image\":{\"@type\":\"ImageObject\",\"inLanguage\":\"es\",\"@id\":\"https:\/\/luchonoticias.com\/editor\/#\/schema\/person\/image\/\",\"url\":\"https:\/\/luchonoticias.com\/editor\/wp-content\/uploads\/2024\/02\/cropped-cropped-logolu.webp\",\"contentUrl\":\"https:\/\/luchonoticias.com\/editor\/wp-content\/uploads\/2024\/02\/cropped-cropped-logolu.webp\",\"width\":382,\"height\":170,\"caption\":\"admin\"},\"logo\":{\"@id\":\"https:\/\/luchonoticias.com\/editor\/#\/schema\/person\/image\/\"},\"sameAs\":[\"https:\/\/www.facebook.com\/luchonoticiasneiva\"]},{\"@type\":\"Person\",\"@id\":\"https:\/\/luchonoticias.com\/editor\/#\/schema\/person\/29217990ddf6f14e35912b2866d591fb\",\"name\":\"Editor General\",\"image\":{\"@type\":\"ImageObject\",\"inLanguage\":\"es\",\"@id\":\"https:\/\/luchonoticias.com\/editor\/#\/schema\/person\/image\/\",\"url\":\"https:\/\/luchonoticias.com\/editor\/wp-content\/uploads\/2024\/02\/cropped-cropped-logolu-150x150.webp\",\"contentUrl\":\"https:\/\/luchonoticias.com\/editor\/wp-content\/uploads\/2024\/02\/cropped-cropped-logolu-150x150.webp\",\"caption\":\"Editor General\"},\"sameAs\":[\"https:\/\/luchonoticias.com\/\"],\"url\":\"https:\/\/luchonoticias.com\/editor\/author\/editor-general\/\"}]}<\/script>\n<!-- \/ Yoast SEO plugin. -->","yoast_head_json":{"title":"Seguridad y Convivencia, prioridad de la Administraci\u00f3n Municipal en los corregimientos -","robots":{"index":"index","follow":"follow","max-snippet":"max-snippet:-1","max-image-preview":"max-image-preview:large","max-video-preview":"max-video-preview:-1"},"canonical":"https:\/\/luchonoticias.com\/editor\/seguridad-y-convivencia-prioridad-de-la-administracion-municipal-en-los-corregimientos\/","og_locale":"es_ES","og_type":"article","og_title":"Seguridad y Convivencia, prioridad de la Administraci\u00f3n Municipal en los corregimientos -","og_url":"https:\/\/luchonoticias.com\/editor\/seguridad-y-convivencia-prioridad-de-la-administracion-municipal-en-los-corregimientos\/","article_publisher":"https:\/\/www.facebook.com\/luchonoticiasneiva","article_published_time":"2023-03-21T11:44:23+00:00","article_modified_time":"2023-03-21T11:44:24+00:00","og_image":[{"url":"https:\/\/luchonoticias.com\/wp-content\/uploads\/2023\/03\/WhatsApp-Image-2023-03-20-at-8.59.09-PM-1-1024x726.jpeg","type":"","width":"","height":""}],"author":"Editor General","twitter_card":"summary_large_image","twitter_misc":{"Escrito por":"Editor General","Tiempo de lectura":"2 minutos"},"schema":{"@context":"https:\/\/schema.org","@graph":[{"@type":"Article","@id":"https:\/\/luchonoticias.com\/editor\/seguridad-y-convivencia-prioridad-de-la-administracion-municipal-en-los-corregimientos\/#article","isPartOf":{"@id":"https:\/\/luchonoticias.com\/editor\/seguridad-y-convivencia-prioridad-de-la-administracion-municipal-en-los-corregimientos\/"},"author":{"name":"Editor General","@id":"https:\/\/luchonoticias.com\/editor\/#\/schema\/person\/29217990ddf6f14e35912b2866d591fb"},"headline":"Seguridad y Convivencia, prioridad de la Administraci\u00f3n Municipal en los corregimientos","datePublished":"2023-03-21T11:44:23+00:00","dateModified":"2023-03-21T11:44:24+00:00","mainEntityOfPage":{"@id":"https:\/\/luchonoticias.com\/editor\/seguridad-y-convivencia-prioridad-de-la-administracion-municipal-en-los-corregimientos\/"},"wordCount":389,"commentCount":0,"publisher":{"@id":"https:\/\/luchonoticias.com\/editor\/#\/schema\/person\/7a7fd911f58561fd056dbac7b55af9cd"},"image":{"@id":"https:\/\/luchonoticias.com\/editor\/seguridad-y-convivencia-prioridad-de-la-administracion-municipal-en-los-corregimientos\/#primaryimage"},"thumbnailUrl":"https:\/\/luchonoticias.com\/wp-content\/uploads\/2023\/03\/WhatsApp-Image-2023-03-20-at-8.59.09-PM-1-1024x726.jpeg","articleSection":["Destacado","Local"],"inLanguage":"es","potentialAction":[{"@type":"CommentAction","name":"Comment","target":["https:\/\/luchonoticias.com\/editor\/seguridad-y-convivencia-prioridad-de-la-administracion-municipal-en-los-corregimientos\/#respond"]}]},{"@type":"WebPage","@id":"https:\/\/luchonoticias.com\/editor\/seguridad-y-convivencia-prioridad-de-la-administracion-municipal-en-los-corregimientos\/","url":"https:\/\/luchonoticias.com\/editor\/seguridad-y-convivencia-prioridad-de-la-administracion-municipal-en-los-corregimientos\/","name":"Seguridad y Convivencia, prioridad de la Administraci\u00f3n Municipal en los corregimientos -","isPartOf":{"@id":"https:\/\/luchonoticias.com\/editor\/#website"},"primaryImageOfPage":{"@id":"https:\/\/luchonoticias.com\/editor\/seguridad-y-convivencia-prioridad-de-la-administracion-municipal-en-los-corregimientos\/#primaryimage"},"image":{"@id":"https:\/\/luchonoticias.com\/editor\/seguridad-y-convivencia-prioridad-de-la-administracion-municipal-en-los-corregimientos\/#primaryimage"},"thumbnailUrl":"https:\/\/luchonoticias.com\/wp-content\/uploads\/2023\/03\/WhatsApp-Image-2023-03-20-at-8.59.09-PM-1-1024x726.jpeg","datePublished":"2023-03-21T11:44:23+00:00","dateModified":"2023-03-21T11:44:24+00:00","breadcrumb":{"@id":"https:\/\/luchonoticias.com\/editor\/seguridad-y-convivencia-prioridad-de-la-administracion-municipal-en-los-corregimientos\/#breadcrumb"},"inLanguage":"es","potentialAction":[{"@type":"ReadAction","target":["https:\/\/luchonoticias.com\/editor\/seguridad-y-convivencia-prioridad-de-la-administracion-municipal-en-los-corregimientos\/"]}]},{"@type":"ImageObject","inLanguage":"es","@id":"https:\/\/luchonoticias.com\/editor\/seguridad-y-convivencia-prioridad-de-la-administracion-municipal-en-los-corregimientos\/#primaryimage","url":"https:\/\/luchonoticias.com\/wp-content\/uploads\/2023\/03\/WhatsApp-Image-2023-03-20-at-8.59.09-PM-1-1024x726.jpeg","contentUrl":"https:\/\/luchonoticias.com\/wp-content\/uploads\/2023\/03\/WhatsApp-Image-2023-03-20-at-8.59.09-PM-1-1024x726.jpeg"},{"@type":"BreadcrumbList","@id":"https:\/\/luchonoticias.com\/editor\/seguridad-y-convivencia-prioridad-de-la-administracion-municipal-en-los-corregimientos\/#breadcrumb","itemListElement":[{"@type":"ListItem","position":1,"name":"Portada","item":"https:\/\/luchonoticias.com\/editor\/"},{"@type":"ListItem","position":2,"name":"Seguridad y Convivencia, prioridad de la Administraci\u00f3n Municipal en los corregimientos"}]},{"@type":"WebSite","@id":"https:\/\/luchonoticias.com\/editor\/#website","url":"https:\/\/luchonoticias.com\/editor\/","name":"","description":"","publisher":{"@id":"https:\/\/luchonoticias.com\/editor\/#\/schema\/person\/7a7fd911f58561fd056dbac7b55af9cd"},"potentialAction":[{"@type":"SearchAction","target":{"@type":"EntryPoint","urlTemplate":"https:\/\/luchonoticias.com\/editor\/?s={search_term_string}"},"query-input":{"@type":"PropertyValueSpecification","valueRequired":true,"valueName":"search_term_string"}}],"inLanguage":"es"},{"@type":["Person","Organization"],"@id":"https:\/\/luchonoticias.com\/editor\/#\/schema\/person\/7a7fd911f58561fd056dbac7b55af9cd","name":"admin","image":{"@type":"ImageObject","inLanguage":"es","@id":"https:\/\/luchonoticias.com\/editor\/#\/schema\/person\/image\/","url":"https:\/\/luchonoticias.com\/editor\/wp-content\/uploads\/2024\/02\/cropped-cropped-logolu.webp","contentUrl":"https:\/\/luchonoticias.com\/editor\/wp-content\/uploads\/2024\/02\/cropped-cropped-logolu.webp","width":382,"height":170,"caption":"admin"},"logo":{"@id":"https:\/\/luchonoticias.com\/editor\/#\/schema\/person\/image\/"},"sameAs":["https:\/\/www.facebook.com\/luchonoticiasneiva"]},{"@type":"Person","@id":"https:\/\/luchonoticias.com\/editor\/#\/schema\/person\/29217990ddf6f14e35912b2866d591fb","name":"Editor General","image":{"@type":"ImageObject","inLanguage":"es","@id":"https:\/\/luchonoticias.com\/editor\/#\/schema\/person\/image\/","url":"https:\/\/luchonoticias.com\/editor\/wp-content\/uploads\/2024\/02\/cropped-cropped-logolu-150x150.webp","contentUrl":"https:\/\/luchonoticias.com\/editor\/wp-content\/uploads\/2024\/02\/cropped-cropped-logolu-150x150.webp","caption":"Editor General"},"sameAs":["https:\/\/luchonoticias.com\/"],"url":"https:\/\/luchonoticias.com\/editor\/author\/editor-general\/"}]}},"_links":{"self":[{"href":"https:\/\/luchonoticias.com\/editor\/wp-json\/wp\/v2\/posts\/48727","targetHints":{"allow":["GET"]}}],"collection":[{"href":"https:\/\/luchonoticias.com\/editor\/wp-json\/wp\/v2\/posts"}],"about":[{"href":"https:\/\/luchonoticias.com\/editor\/wp-json\/wp\/v2\/types\/post"}],"author":[{"embeddable":true,"href":"https:\/\/luchonoticias.com\/editor\/wp-json\/wp\/v2\/users\/2"}],"replies":[{"embeddable":true,"href":"https:\/\/luchonoticias.com\/editor\/wp-json\/wp\/v2\/comments?post=48727"}],"version-history":[{"count":0,"href":"https:\/\/luchonoticias.com\/editor\/wp-json\/wp\/v2\/posts\/48727\/revisions"}],"wp:attachment":[{"href":"https:\/\/luchonoticias.com\/editor\/wp-json\/wp\/v2\/media?parent=48727"}],"wp:term":[{"taxonomy":"category","embeddable":true,"href":"https:\/\/luchonoticias.com\/editor\/wp-json\/wp\/v2\/categories?post=48727"},{"taxonomy":"post_tag","embeddable":true,"href":"https:\/\/luchonoticias.com\/editor\/wp-json\/wp\/v2\/tags?post=48727"}],"curies":[{"name":"wp","href":"https:\/\/api.w.org\/{rel}","templated":true}]}}