{"id":48741,"date":"2023-03-21T07:10:23","date_gmt":"2023-03-21T12:10:23","guid":{"rendered":"https:\/\/luchonoticias.com\/?p=48741"},"modified":"2023-03-21T07:10:24","modified_gmt":"2023-03-21T12:10:24","slug":"19-personas-capturadas-durante-el-puente-festivo-en-el-huila","status":"publish","type":"post","link":"https:\/\/luchonoticias.com\/editor\/19-personas-capturadas-durante-el-puente-festivo-en-el-huila\/","title":{"rendered":"19 personas capturadas durante el puente festivo en el Huila"},"content":{"rendered":"\n<p>El Departamento de Polic\u00eda Huila, dio a conocer en un comunicado que, durante el puente festivo transcurrido, 19 personas fueron capturadas en flagrancia, dos por orden judicial y dos m\u00e1s fueron aprehendidos por delitos como hurto, receptaci\u00f3n, porte ilegal de armas, violencia intrafamiliar, porte de estupefacientes y otros.<\/p>\n\n\n\n<p>Igualmente, las fuentes oficiales resaltaron que el fin de semana la Seccional de Tr\u00e1nsito y Transporte y el Modelo de Vigilancia\u00a0 por Cuadrantes, \u201cincautaron 204 kilos de marihuana y 10 kilos de coca\u00edna que eran transportados desde departamentos vecinos hacia la capital huilense\u201d, afirmaron las autoridades en su informe oficial.<\/p>\n\n\n\n<figure class=\"wp-block-gallery has-nested-images columns-default is-cropped wp-block-gallery-1 is-layout-flex wp-block-gallery-is-layout-flex\">\n<figure class=\"wp-block-image size-large\"><img decoding=\"async\" data-id=\"48750\" src=\"https:\/\/luchonoticias.com\/wp-content\/uploads\/2023\/03\/WhatsApp-Image-2023-03-20-at-3.20.53-PM-768x1024.jpeg\" alt=\"\" class=\"wp-image-48750\"\/><\/figure>\n\n\n\n<figure class=\"wp-block-image size-large\"><img decoding=\"async\" data-id=\"48749\" src=\"https:\/\/luchonoticias.com\/wp-content\/uploads\/2023\/03\/WhatsApp-Image-2023-03-20-at-3.20.52-PM-768x1024.jpeg\" alt=\"\" class=\"wp-image-48749\"\/><\/figure>\n<\/figure>\n\n\n\n<p><strong>Incautaci\u00f3n de armas<\/strong><\/p>\n\n\n\n<p>Del mismo modo, la Polic\u00eda del Huila dio a conocer que, gracias a la acci\u00f3n operativa de las patrullas de cuadrante, se sacaron de circulaci\u00f3n ocho armas de fuego, \u201ccon las que pudieron perder la vida la misma cantidad de personas, este a\u00f1o se han incautado 42 armas de fuego\u201d, afirmaron voceros policiales.<\/p>\n\n\n\n<figure class=\"wp-block-video\"><video controls src=\"https:\/\/luchonoticias.com\/wp-content\/uploads\/2023\/03\/WhatsApp-Video-2023-03-20-at-8.00.51-PM-1.mp4\"><\/video><\/figure>\n\n\n\n<p><strong>Recuperaci\u00f3n de veh\u00edculos hurtados<\/strong><\/p>\n\n\n\n<p>Asimismo, las autoridades revelaron que durante el puente festivo, cuatro motocicletas fueron recuperadas, \u201ccon estas se suman 150 velomotores que pronto ser\u00e1n devueltas a sus due\u00f1os naturales, en lo corrido del a\u00f1o se han recuperado 11 veh\u00edculos que fueron hurtados en diferentes partes del Huila\u201d, agreg\u00f3 la Teniente Coronel Jenny Paola Franco Rodr\u00edguez, subcomandante departamento de Polic\u00eda Huila.<\/p>\n\n\n\n<figure class=\"wp-block-gallery has-nested-images columns-default is-cropped wp-block-gallery-2 is-layout-flex wp-block-gallery-is-layout-flex\">\n<figure class=\"wp-block-image size-large\"><img decoding=\"async\" data-id=\"48744\" src=\"https:\/\/luchonoticias.com\/wp-content\/uploads\/2023\/03\/WhatsApp-Image-2023-03-20-at-3.20.55-PM-1-1024x576.jpeg\" alt=\"\" class=\"wp-image-48744\"\/><\/figure>\n\n\n\n<figure class=\"wp-block-image size-large\"><img decoding=\"async\" data-id=\"48746\" src=\"https:\/\/luchonoticias.com\/wp-content\/uploads\/2023\/03\/WhatsApp-Image-2023-03-20-at-3.20.55-PM-1024x576.jpeg\" alt=\"\" class=\"wp-image-48746\"\/><\/figure>\n\n\n\n<figure class=\"wp-block-image size-large\"><img decoding=\"async\" data-id=\"48745\" src=\"https:\/\/luchonoticias.com\/wp-content\/uploads\/2023\/03\/WhatsApp-Image-2023-03-20-at-3.20.54-PM-1-1024x777.jpeg\" alt=\"\" class=\"wp-image-48745\"\/><\/figure>\n<\/figure>\n\n\n\n<p><strong>Municipios con buen comportamiento<\/strong><\/p>\n\n\n\n<p>Finalmente, la alta oficial resalt\u00f3 el buen compartimiento que tuvieron algunos municipios del Huila, durante el puente festivo que pas\u00f3.<\/p>\n\n\n\n<p>\u201cA trav\u00e9s de un plan especial y estrat\u00e9gico de apoyo y acompa\u00f1amiento, custodi\u00f3 las ferias y fiestas, en los municipios de Tello, Hobo y Zuluaga d\u00f3nde no se presentaron hechos que lamentar y el comportamiento ciudadano fue ejemplar\u201d, concluy\u00f3.<\/p>\n\n\n\n<figure class=\"wp-block-video\"><video autoplay controls src=\"https:\/\/luchonoticias.com\/wp-content\/uploads\/2023\/03\/WhatsApp-Video-2023-03-20-at-8.05.56-PM-1.mp4\"><\/video><\/figure>\n","protected":false},"excerpt":{"rendered":"<p>El Departamento de Polic\u00eda Huila, dio a conocer en un comunicado que, durante el puente festivo transcurrido, 19 personas fueron capturadas en flagrancia, dos por orden judicial y dos m\u00e1s fueron aprehendidos por delitos como hurto, receptaci\u00f3n, porte ilegal de armas, violencia intrafamiliar, porte de estupefacientes y otros. Igualmente, las fuentes oficiales resaltaron que el [&hellip;]<\/p>\n","protected":false},"author":2,"featured_media":0,"comment_status":"open","ping_status":"open","sticky":false,"template":"","format":"standard","meta":{"footnotes":""},"categories":[36,29,3962],"tags":[],"class_list":["post-48741","post","type-post","status-publish","format-standard","hentry","category-destacado","category-judicial","category-videos"],"yoast_head":"<!-- This site is optimized with the Yoast SEO plugin v26.6 - https:\/\/yoast.com\/wordpress\/plugins\/seo\/ -->\n<title>19 personas capturadas durante el puente festivo en el Huila -<\/title>\n<meta name=\"robots\" content=\"index, follow, max-snippet:-1, max-image-preview:large, max-video-preview:-1\" \/>\n<link rel=\"canonical\" href=\"https:\/\/luchonoticias.com\/editor\/19-personas-capturadas-durante-el-puente-festivo-en-el-huila\/\" \/>\n<meta property=\"og:locale\" content=\"es_ES\" \/>\n<meta property=\"og:type\" content=\"article\" \/>\n<meta property=\"og:title\" content=\"19 personas capturadas durante el puente festivo en el Huila -\" \/>\n<meta property=\"og:url\" content=\"https:\/\/luchonoticias.com\/editor\/19-personas-capturadas-durante-el-puente-festivo-en-el-huila\/\" \/>\n<meta property=\"article:publisher\" content=\"https:\/\/www.facebook.com\/luchonoticiasneiva\" \/>\n<meta property=\"article:published_time\" content=\"2023-03-21T12:10:23+00:00\" \/>\n<meta property=\"article:modified_time\" content=\"2023-03-21T12:10:24+00:00\" \/>\n<meta property=\"og:image\" content=\"https:\/\/luchonoticias.com\/wp-content\/uploads\/2023\/03\/WhatsApp-Image-2023-03-20-at-3.20.53-PM-768x1024.jpeg\" \/>\n<meta name=\"author\" content=\"Editor General\" \/>\n<meta name=\"twitter:card\" content=\"summary_large_image\" \/>\n<meta name=\"twitter:label1\" content=\"Escrito por\" \/>\n\t<meta name=\"twitter:data1\" content=\"Editor General\" \/>\n\t<meta name=\"twitter:label2\" content=\"Tiempo de lectura\" \/>\n\t<meta name=\"twitter:data2\" content=\"1 minuto\" \/>\n<script type=\"application\/ld+json\" class=\"yoast-schema-graph\">{\"@context\":\"https:\/\/schema.org\",\"@graph\":[{\"@type\":\"Article\",\"@id\":\"https:\/\/luchonoticias.com\/editor\/19-personas-capturadas-durante-el-puente-festivo-en-el-huila\/#article\",\"isPartOf\":{\"@id\":\"https:\/\/luchonoticias.com\/editor\/19-personas-capturadas-durante-el-puente-festivo-en-el-huila\/\"},\"author\":{\"name\":\"Editor General\",\"@id\":\"https:\/\/luchonoticias.com\/editor\/#\/schema\/person\/29217990ddf6f14e35912b2866d591fb\"},\"headline\":\"19 personas capturadas durante el puente festivo en el Huila\",\"datePublished\":\"2023-03-21T12:10:23+00:00\",\"dateModified\":\"2023-03-21T12:10:24+00:00\",\"mainEntityOfPage\":{\"@id\":\"https:\/\/luchonoticias.com\/editor\/19-personas-capturadas-durante-el-puente-festivo-en-el-huila\/\"},\"wordCount\":304,\"commentCount\":0,\"publisher\":{\"@id\":\"https:\/\/luchonoticias.com\/editor\/#\/schema\/person\/7a7fd911f58561fd056dbac7b55af9cd\"},\"image\":{\"@id\":\"https:\/\/luchonoticias.com\/editor\/19-personas-capturadas-durante-el-puente-festivo-en-el-huila\/#primaryimage\"},\"thumbnailUrl\":\"https:\/\/luchonoticias.com\/wp-content\/uploads\/2023\/03\/WhatsApp-Image-2023-03-20-at-3.20.53-PM-768x1024.jpeg\",\"articleSection\":[\"Destacado\",\"Judicial\",\"Videos\"],\"inLanguage\":\"es\",\"potentialAction\":[{\"@type\":\"CommentAction\",\"name\":\"Comment\",\"target\":[\"https:\/\/luchonoticias.com\/editor\/19-personas-capturadas-durante-el-puente-festivo-en-el-huila\/#respond\"]}]},{\"@type\":\"WebPage\",\"@id\":\"https:\/\/luchonoticias.com\/editor\/19-personas-capturadas-durante-el-puente-festivo-en-el-huila\/\",\"url\":\"https:\/\/luchonoticias.com\/editor\/19-personas-capturadas-durante-el-puente-festivo-en-el-huila\/\",\"name\":\"19 personas capturadas durante el puente festivo en el Huila -\",\"isPartOf\":{\"@id\":\"https:\/\/luchonoticias.com\/editor\/#website\"},\"primaryImageOfPage\":{\"@id\":\"https:\/\/luchonoticias.com\/editor\/19-personas-capturadas-durante-el-puente-festivo-en-el-huila\/#primaryimage\"},\"image\":{\"@id\":\"https:\/\/luchonoticias.com\/editor\/19-personas-capturadas-durante-el-puente-festivo-en-el-huila\/#primaryimage\"},\"thumbnailUrl\":\"https:\/\/luchonoticias.com\/wp-content\/uploads\/2023\/03\/WhatsApp-Image-2023-03-20-at-3.20.53-PM-768x1024.jpeg\",\"datePublished\":\"2023-03-21T12:10:23+00:00\",\"dateModified\":\"2023-03-21T12:10:24+00:00\",\"breadcrumb\":{\"@id\":\"https:\/\/luchonoticias.com\/editor\/19-personas-capturadas-durante-el-puente-festivo-en-el-huila\/#breadcrumb\"},\"inLanguage\":\"es\",\"potentialAction\":[{\"@type\":\"ReadAction\",\"target\":[\"https:\/\/luchonoticias.com\/editor\/19-personas-capturadas-durante-el-puente-festivo-en-el-huila\/\"]}]},{\"@type\":\"ImageObject\",\"inLanguage\":\"es\",\"@id\":\"https:\/\/luchonoticias.com\/editor\/19-personas-capturadas-durante-el-puente-festivo-en-el-huila\/#primaryimage\",\"url\":\"https:\/\/luchonoticias.com\/wp-content\/uploads\/2023\/03\/WhatsApp-Image-2023-03-20-at-3.20.53-PM-768x1024.jpeg\",\"contentUrl\":\"https:\/\/luchonoticias.com\/wp-content\/uploads\/2023\/03\/WhatsApp-Image-2023-03-20-at-3.20.53-PM-768x1024.jpeg\"},{\"@type\":\"BreadcrumbList\",\"@id\":\"https:\/\/luchonoticias.com\/editor\/19-personas-capturadas-durante-el-puente-festivo-en-el-huila\/#breadcrumb\",\"itemListElement\":[{\"@type\":\"ListItem\",\"position\":1,\"name\":\"Portada\",\"item\":\"https:\/\/luchonoticias.com\/editor\/\"},{\"@type\":\"ListItem\",\"position\":2,\"name\":\"19 personas capturadas durante el puente festivo en el Huila\"}]},{\"@type\":\"WebSite\",\"@id\":\"https:\/\/luchonoticias.com\/editor\/#website\",\"url\":\"https:\/\/luchonoticias.com\/editor\/\",\"name\":\"\",\"description\":\"\",\"publisher\":{\"@id\":\"https:\/\/luchonoticias.com\/editor\/#\/schema\/person\/7a7fd911f58561fd056dbac7b55af9cd\"},\"potentialAction\":[{\"@type\":\"SearchAction\",\"target\":{\"@type\":\"EntryPoint\",\"urlTemplate\":\"https:\/\/luchonoticias.com\/editor\/?s={search_term_string}\"},\"query-input\":{\"@type\":\"PropertyValueSpecification\",\"valueRequired\":true,\"valueName\":\"search_term_string\"}}],\"inLanguage\":\"es\"},{\"@type\":[\"Person\",\"Organization\"],\"@id\":\"https:\/\/luchonoticias.com\/editor\/#\/schema\/person\/7a7fd911f58561fd056dbac7b55af9cd\",\"name\":\"admin\",\"image\":{\"@type\":\"ImageObject\",\"inLanguage\":\"es\",\"@id\":\"https:\/\/luchonoticias.com\/editor\/#\/schema\/person\/image\/\",\"url\":\"https:\/\/luchonoticias.com\/editor\/wp-content\/uploads\/2024\/02\/cropped-cropped-logolu.webp\",\"contentUrl\":\"https:\/\/luchonoticias.com\/editor\/wp-content\/uploads\/2024\/02\/cropped-cropped-logolu.webp\",\"width\":382,\"height\":170,\"caption\":\"admin\"},\"logo\":{\"@id\":\"https:\/\/luchonoticias.com\/editor\/#\/schema\/person\/image\/\"},\"sameAs\":[\"https:\/\/www.facebook.com\/luchonoticiasneiva\"]},{\"@type\":\"Person\",\"@id\":\"https:\/\/luchonoticias.com\/editor\/#\/schema\/person\/29217990ddf6f14e35912b2866d591fb\",\"name\":\"Editor General\",\"image\":{\"@type\":\"ImageObject\",\"inLanguage\":\"es\",\"@id\":\"https:\/\/luchonoticias.com\/editor\/#\/schema\/person\/image\/\",\"url\":\"https:\/\/luchonoticias.com\/editor\/wp-content\/uploads\/2024\/02\/cropped-cropped-logolu-150x150.webp\",\"contentUrl\":\"https:\/\/luchonoticias.com\/editor\/wp-content\/uploads\/2024\/02\/cropped-cropped-logolu-150x150.webp\",\"caption\":\"Editor General\"},\"sameAs\":[\"https:\/\/luchonoticias.com\/\"],\"url\":\"https:\/\/luchonoticias.com\/editor\/author\/editor-general\/\"}]}<\/script>\n<!-- \/ Yoast SEO plugin. -->","yoast_head_json":{"title":"19 personas capturadas durante el puente festivo en el Huila -","robots":{"index":"index","follow":"follow","max-snippet":"max-snippet:-1","max-image-preview":"max-image-preview:large","max-video-preview":"max-video-preview:-1"},"canonical":"https:\/\/luchonoticias.com\/editor\/19-personas-capturadas-durante-el-puente-festivo-en-el-huila\/","og_locale":"es_ES","og_type":"article","og_title":"19 personas capturadas durante el puente festivo en el Huila -","og_url":"https:\/\/luchonoticias.com\/editor\/19-personas-capturadas-durante-el-puente-festivo-en-el-huila\/","article_publisher":"https:\/\/www.facebook.com\/luchonoticiasneiva","article_published_time":"2023-03-21T12:10:23+00:00","article_modified_time":"2023-03-21T12:10:24+00:00","og_image":[{"url":"https:\/\/luchonoticias.com\/wp-content\/uploads\/2023\/03\/WhatsApp-Image-2023-03-20-at-3.20.53-PM-768x1024.jpeg","type":"","width":"","height":""}],"author":"Editor General","twitter_card":"summary_large_image","twitter_misc":{"Escrito por":"Editor General","Tiempo de lectura":"1 minuto"},"schema":{"@context":"https:\/\/schema.org","@graph":[{"@type":"Article","@id":"https:\/\/luchonoticias.com\/editor\/19-personas-capturadas-durante-el-puente-festivo-en-el-huila\/#article","isPartOf":{"@id":"https:\/\/luchonoticias.com\/editor\/19-personas-capturadas-durante-el-puente-festivo-en-el-huila\/"},"author":{"name":"Editor General","@id":"https:\/\/luchonoticias.com\/editor\/#\/schema\/person\/29217990ddf6f14e35912b2866d591fb"},"headline":"19 personas capturadas durante el puente festivo en el Huila","datePublished":"2023-03-21T12:10:23+00:00","dateModified":"2023-03-21T12:10:24+00:00","mainEntityOfPage":{"@id":"https:\/\/luchonoticias.com\/editor\/19-personas-capturadas-durante-el-puente-festivo-en-el-huila\/"},"wordCount":304,"commentCount":0,"publisher":{"@id":"https:\/\/luchonoticias.com\/editor\/#\/schema\/person\/7a7fd911f58561fd056dbac7b55af9cd"},"image":{"@id":"https:\/\/luchonoticias.com\/editor\/19-personas-capturadas-durante-el-puente-festivo-en-el-huila\/#primaryimage"},"thumbnailUrl":"https:\/\/luchonoticias.com\/wp-content\/uploads\/2023\/03\/WhatsApp-Image-2023-03-20-at-3.20.53-PM-768x1024.jpeg","articleSection":["Destacado","Judicial","Videos"],"inLanguage":"es","potentialAction":[{"@type":"CommentAction","name":"Comment","target":["https:\/\/luchonoticias.com\/editor\/19-personas-capturadas-durante-el-puente-festivo-en-el-huila\/#respond"]}]},{"@type":"WebPage","@id":"https:\/\/luchonoticias.com\/editor\/19-personas-capturadas-durante-el-puente-festivo-en-el-huila\/","url":"https:\/\/luchonoticias.com\/editor\/19-personas-capturadas-durante-el-puente-festivo-en-el-huila\/","name":"19 personas capturadas durante el puente festivo en el Huila -","isPartOf":{"@id":"https:\/\/luchonoticias.com\/editor\/#website"},"primaryImageOfPage":{"@id":"https:\/\/luchonoticias.com\/editor\/19-personas-capturadas-durante-el-puente-festivo-en-el-huila\/#primaryimage"},"image":{"@id":"https:\/\/luchonoticias.com\/editor\/19-personas-capturadas-durante-el-puente-festivo-en-el-huila\/#primaryimage"},"thumbnailUrl":"https:\/\/luchonoticias.com\/wp-content\/uploads\/2023\/03\/WhatsApp-Image-2023-03-20-at-3.20.53-PM-768x1024.jpeg","datePublished":"2023-03-21T12:10:23+00:00","dateModified":"2023-03-21T12:10:24+00:00","breadcrumb":{"@id":"https:\/\/luchonoticias.com\/editor\/19-personas-capturadas-durante-el-puente-festivo-en-el-huila\/#breadcrumb"},"inLanguage":"es","potentialAction":[{"@type":"ReadAction","target":["https:\/\/luchonoticias.com\/editor\/19-personas-capturadas-durante-el-puente-festivo-en-el-huila\/"]}]},{"@type":"ImageObject","inLanguage":"es","@id":"https:\/\/luchonoticias.com\/editor\/19-personas-capturadas-durante-el-puente-festivo-en-el-huila\/#primaryimage","url":"https:\/\/luchonoticias.com\/wp-content\/uploads\/2023\/03\/WhatsApp-Image-2023-03-20-at-3.20.53-PM-768x1024.jpeg","contentUrl":"https:\/\/luchonoticias.com\/wp-content\/uploads\/2023\/03\/WhatsApp-Image-2023-03-20-at-3.20.53-PM-768x1024.jpeg"},{"@type":"BreadcrumbList","@id":"https:\/\/luchonoticias.com\/editor\/19-personas-capturadas-durante-el-puente-festivo-en-el-huila\/#breadcrumb","itemListElement":[{"@type":"ListItem","position":1,"name":"Portada","item":"https:\/\/luchonoticias.com\/editor\/"},{"@type":"ListItem","position":2,"name":"19 personas capturadas durante el puente festivo en el Huila"}]},{"@type":"WebSite","@id":"https:\/\/luchonoticias.com\/editor\/#website","url":"https:\/\/luchonoticias.com\/editor\/","name":"","description":"","publisher":{"@id":"https:\/\/luchonoticias.com\/editor\/#\/schema\/person\/7a7fd911f58561fd056dbac7b55af9cd"},"potentialAction":[{"@type":"SearchAction","target":{"@type":"EntryPoint","urlTemplate":"https:\/\/luchonoticias.com\/editor\/?s={search_term_string}"},"query-input":{"@type":"PropertyValueSpecification","valueRequired":true,"valueName":"search_term_string"}}],"inLanguage":"es"},{"@type":["Person","Organization"],"@id":"https:\/\/luchonoticias.com\/editor\/#\/schema\/person\/7a7fd911f58561fd056dbac7b55af9cd","name":"admin","image":{"@type":"ImageObject","inLanguage":"es","@id":"https:\/\/luchonoticias.com\/editor\/#\/schema\/person\/image\/","url":"https:\/\/luchonoticias.com\/editor\/wp-content\/uploads\/2024\/02\/cropped-cropped-logolu.webp","contentUrl":"https:\/\/luchonoticias.com\/editor\/wp-content\/uploads\/2024\/02\/cropped-cropped-logolu.webp","width":382,"height":170,"caption":"admin"},"logo":{"@id":"https:\/\/luchonoticias.com\/editor\/#\/schema\/person\/image\/"},"sameAs":["https:\/\/www.facebook.com\/luchonoticiasneiva"]},{"@type":"Person","@id":"https:\/\/luchonoticias.com\/editor\/#\/schema\/person\/29217990ddf6f14e35912b2866d591fb","name":"Editor General","image":{"@type":"ImageObject","inLanguage":"es","@id":"https:\/\/luchonoticias.com\/editor\/#\/schema\/person\/image\/","url":"https:\/\/luchonoticias.com\/editor\/wp-content\/uploads\/2024\/02\/cropped-cropped-logolu-150x150.webp","contentUrl":"https:\/\/luchonoticias.com\/editor\/wp-content\/uploads\/2024\/02\/cropped-cropped-logolu-150x150.webp","caption":"Editor General"},"sameAs":["https:\/\/luchonoticias.com\/"],"url":"https:\/\/luchonoticias.com\/editor\/author\/editor-general\/"}]}},"_links":{"self":[{"href":"https:\/\/luchonoticias.com\/editor\/wp-json\/wp\/v2\/posts\/48741","targetHints":{"allow":["GET"]}}],"collection":[{"href":"https:\/\/luchonoticias.com\/editor\/wp-json\/wp\/v2\/posts"}],"about":[{"href":"https:\/\/luchonoticias.com\/editor\/wp-json\/wp\/v2\/types\/post"}],"author":[{"embeddable":true,"href":"https:\/\/luchonoticias.com\/editor\/wp-json\/wp\/v2\/users\/2"}],"replies":[{"embeddable":true,"href":"https:\/\/luchonoticias.com\/editor\/wp-json\/wp\/v2\/comments?post=48741"}],"version-history":[{"count":0,"href":"https:\/\/luchonoticias.com\/editor\/wp-json\/wp\/v2\/posts\/48741\/revisions"}],"wp:attachment":[{"href":"https:\/\/luchonoticias.com\/editor\/wp-json\/wp\/v2\/media?parent=48741"}],"wp:term":[{"taxonomy":"category","embeddable":true,"href":"https:\/\/luchonoticias.com\/editor\/wp-json\/wp\/v2\/categories?post=48741"},{"taxonomy":"post_tag","embeddable":true,"href":"https:\/\/luchonoticias.com\/editor\/wp-json\/wp\/v2\/tags?post=48741"}],"curies":[{"name":"wp","href":"https:\/\/api.w.org\/{rel}","templated":true}]}}