{"id":48754,"date":"2023-03-21T07:30:32","date_gmt":"2023-03-21T12:30:32","guid":{"rendered":"https:\/\/luchonoticias.com\/?p=48754"},"modified":"2023-03-21T07:30:33","modified_gmt":"2023-03-21T12:30:33","slug":"durante-puente-festivo-de-san-jose-fueron-capturadas-24-personas-en-neiva","status":"publish","type":"post","link":"https:\/\/luchonoticias.com\/editor\/durante-puente-festivo-de-san-jose-fueron-capturadas-24-personas-en-neiva\/","title":{"rendered":"Durante puente festivo de San Jos\u00e9 fueron capturadas 24 personas en Neiva"},"content":{"rendered":"\n<p>La Polic\u00eda Metropolitana de la Capital Huilense, revelaron que durante el \u00faltimo puente festivo de San Jos\u00e9 o \u2018D\u00eda del Hombre\u2019, fueron capturadas 24 personas por diferentes delitos, como al igual fue aprehendido un menor de edad.<\/p>\n\n\n\n<p>* 12 por tr\u00e1fico de estupefacientes.<\/p>\n\n\n\n<p>* 6 por hurto.<\/p>\n\n\n\n<p>* 2 por receptaci\u00f3n<\/p>\n\n\n\n<p>* 1 por homicidio.<\/p>\n\n\n\n<p>* 1 por violencia intrafamiliar.<\/p>\n\n\n\n<p>* 1 por abuso sexual<\/p>\n\n\n\n<p>* 1 por porte ilegal de armas de fuego<\/p>\n\n\n\n<p>* 1 da\u00f1o en bien ajeno.<\/p>\n\n\n\n<figure class=\"wp-block-gallery has-nested-images columns-default is-cropped wp-block-gallery-1 is-layout-flex wp-block-gallery-is-layout-flex\">\n<figure class=\"wp-block-image size-large\"><img decoding=\"async\" data-id=\"48757\" src=\"https:\/\/luchonoticias.com\/wp-content\/uploads\/2023\/03\/WhatsApp-Image-2023-03-20-at-10.56.05-AM-1024x694.jpeg\" alt=\"\" class=\"wp-image-48757\"\/><\/figure>\n\n\n\n<figure class=\"wp-block-image size-large\"><img decoding=\"async\" data-id=\"48756\" src=\"https:\/\/luchonoticias.com\/wp-content\/uploads\/2023\/03\/WhatsApp-Image-2023-03-20-at-10.56.44-AM-1024x605.jpeg\" alt=\"\" class=\"wp-image-48756\"\/><\/figure>\n\n\n\n<figure class=\"wp-block-image size-large\"><img decoding=\"async\" data-id=\"48758\" src=\"https:\/\/luchonoticias.com\/wp-content\/uploads\/2023\/03\/WhatsApp-Image-2023-03-20-at-12.31.40-PM-1024x804.jpeg\" alt=\"\" class=\"wp-image-48758\"\/><\/figure>\n<\/figure>\n\n\n\n<p><strong>Lucha contra el narcotr\u00e1fico<\/strong><\/p>\n\n\n\n<p>Asimismo, en lo manifestado por las unidades policiales a trav\u00e9s de un comunicado de prensa oficial, revelaron que en la lucha constante contra el tr\u00e1fico de narc\u00f3ticos, entre los capturados esta la de un hombre, quien transportaba en un veh\u00edculo 10 kilos de coca<\/p>\n\n\n\n<p>\u201cMediante la modalidad de caleta, transportaba 10 kilos de base de coca. Asimismo se logr\u00f3 la captura de una mujer en el Terminal de Transportes quien llevaba consigo 10 libras de sustancia estupefaciente marihuana\u201d, indicaron las fuentes oficiales en el comunicado.<\/p>\n\n\n\n<figure class=\"wp-block-gallery has-nested-images columns-default is-cropped wp-block-gallery-2 is-layout-flex wp-block-gallery-is-layout-flex\">\n<figure class=\"wp-block-image size-large\"><img decoding=\"async\" data-id=\"48759\" src=\"https:\/\/luchonoticias.com\/wp-content\/uploads\/2023\/03\/WhatsApp-Image-2023-03-20-at-7.42.26-PM-2-1024x662.jpeg\" alt=\"\" class=\"wp-image-48759\"\/><\/figure>\n\n\n\n<figure class=\"wp-block-image size-large\"><img decoding=\"async\" data-id=\"48760\" src=\"https:\/\/luchonoticias.com\/wp-content\/uploads\/2023\/03\/WhatsApp-Image-2023-03-20-at-7.42.26-PM-1.jpeg\" alt=\"\" class=\"wp-image-48760\"\/><\/figure>\n\n\n\n<figure class=\"wp-block-image size-large\"><img decoding=\"async\" data-id=\"48761\" src=\"https:\/\/luchonoticias.com\/wp-content\/uploads\/2023\/03\/WhatsApp-Image-2023-03-20-at-7.42.26-PM-1024x768.jpeg\" alt=\"\" class=\"wp-image-48761\"\/><\/figure>\n<\/figure>\n\n\n\n<p><strong>Otros resultados<\/strong><\/p>\n\n\n\n<p>Del mismo modo, el Comando de la Polic\u00eda Metropolitana de Neiva, dio a conocer que entre los capturados ejecutados durante el \u00faltimo puente festivo, est\u00e1 la captura por orden judicial de un hombre de 59 a\u00f1os, presuntamente responsable del Homicidio de una mujer en zona rural de Neiva, y la recuperaci\u00f3n de 5 motocicletas, las cuales hab\u00edan sido hurtadas mediante la modalidad de halado.\u00a0<strong>Atenci\u00f3n a la l\u00ednea 123<\/strong><\/p>\n\n\n\n<p><\/p>\n\n\n\n<p>Por otro lado, las autoridades opitas dieron a conocer que a la l\u00ednea de emergencia 123 ingresaron un total de 2.259 llamadas, destacando entre estas: 176 por ri\u00f1a, 129 por alteraci\u00f3n a la tranquilidad p\u00fablica, 65 por consumo de estupefacientes y 43 por violencia intrafamiliar.<\/p>\n\n\n\n<figure class=\"wp-block-audio\"><audio controls src=\"https:\/\/luchonoticias.com\/wp-content\/uploads\/2023\/03\/0de04684-fef8-41e4-a5f2-3285325eb1be.mp3\" autoplay><\/audio><figcaption class=\"wp-element-caption\">Coronel Juan Pablo Ruiz Rodr\u00edguez Comandante Polic\u00eda Metropolitana de Neiva.<\/figcaption><\/figure>\n\n\n\n<p><strong>Aplicaci\u00f3n del C\u00f3digo de Convivencia Ciudadana<\/strong><\/p>\n\n\n\n<p>Igualmente en el informe establecido por las unidades policiales, se estableci\u00f3 que en el tema de la aplicaci\u00f3n del C\u00f3digo Nacional de Seguridad y Convivencia Ciudadana, durante el fin de semana en la capital huilense se impusieron 71 \u00f3rdenes de comparendo por comportamientos contrarios a la convivencia, as\u00ed: 48 por porte de armas corto punzantes, 7 por consumo de sustancias psicoactivas, 5 por uso de celular con reporte de p\u00e9rdida o hurto, 3 por participar en ri\u00f1a, 2 por irrespeto a la autoridad, 2 suspensiones de la actividad a establecimientos de comercio, 2 por desacato a orden de Polic\u00eda, 1 por porte de arma neum\u00e1tica y 1 por permitir ataque de animal a una persona.<\/p>\n\n\n\n<p>Finalmente, la Seccional de Transito de la Polic\u00eda Metropolitana dio a conocer que durante el puente festivo se movilizaron en jurisdicci\u00f3n de la ciudad de Neiva un total de 47.148 veh\u00edculos; reportando el ingreso a la ciudad de 22.269 automotores y la salida de 24.879 de ellos y del terminal de transportes de Neiva, se reporta el tr\u00e1nsito de 4.018 veh\u00edculos, movilizando un total de 33.111 pasajeros este fin de semana.<\/p>\n","protected":false},"excerpt":{"rendered":"<p>La Polic\u00eda Metropolitana de la Capital Huilense, revelaron que durante el \u00faltimo puente festivo de San Jos\u00e9 o \u2018D\u00eda del Hombre\u2019, fueron capturadas 24 personas por diferentes delitos, como al igual fue aprehendido un menor de edad. * 12 por tr\u00e1fico de estupefacientes. * 6 por hurto. * 2 por receptaci\u00f3n * 1 por homicidio. [&hellip;]<\/p>\n","protected":false},"author":2,"featured_media":0,"comment_status":"open","ping_status":"open","sticky":false,"template":"","format":"standard","meta":{"footnotes":""},"categories":[36,29],"tags":[],"class_list":["post-48754","post","type-post","status-publish","format-standard","hentry","category-destacado","category-judicial"],"yoast_head":"<!-- This site is optimized with the Yoast SEO plugin v26.6 - https:\/\/yoast.com\/wordpress\/plugins\/seo\/ -->\n<title>Durante puente festivo de San Jos\u00e9 fueron capturadas 24 personas en Neiva -<\/title>\n<meta name=\"robots\" content=\"index, follow, max-snippet:-1, max-image-preview:large, max-video-preview:-1\" \/>\n<link rel=\"canonical\" href=\"https:\/\/luchonoticias.com\/editor\/durante-puente-festivo-de-san-jose-fueron-capturadas-24-personas-en-neiva\/\" \/>\n<meta property=\"og:locale\" content=\"es_ES\" \/>\n<meta property=\"og:type\" content=\"article\" \/>\n<meta property=\"og:title\" content=\"Durante puente festivo de San Jos\u00e9 fueron capturadas 24 personas en Neiva -\" \/>\n<meta property=\"og:url\" content=\"https:\/\/luchonoticias.com\/editor\/durante-puente-festivo-de-san-jose-fueron-capturadas-24-personas-en-neiva\/\" \/>\n<meta property=\"article:publisher\" content=\"https:\/\/www.facebook.com\/luchonoticiasneiva\" \/>\n<meta property=\"article:published_time\" content=\"2023-03-21T12:30:32+00:00\" \/>\n<meta property=\"article:modified_time\" content=\"2023-03-21T12:30:33+00:00\" \/>\n<meta property=\"og:image\" content=\"https:\/\/luchonoticias.com\/wp-content\/uploads\/2023\/03\/WhatsApp-Image-2023-03-20-at-10.56.05-AM-1024x694.jpeg\" \/>\n<meta name=\"author\" content=\"Editor General\" \/>\n<meta name=\"twitter:card\" content=\"summary_large_image\" \/>\n<meta name=\"twitter:label1\" content=\"Escrito por\" \/>\n\t<meta name=\"twitter:data1\" content=\"Editor General\" \/>\n\t<meta name=\"twitter:label2\" content=\"Tiempo de lectura\" \/>\n\t<meta name=\"twitter:data2\" content=\"2 minutos\" \/>\n<script type=\"application\/ld+json\" class=\"yoast-schema-graph\">{\"@context\":\"https:\/\/schema.org\",\"@graph\":[{\"@type\":\"Article\",\"@id\":\"https:\/\/luchonoticias.com\/editor\/durante-puente-festivo-de-san-jose-fueron-capturadas-24-personas-en-neiva\/#article\",\"isPartOf\":{\"@id\":\"https:\/\/luchonoticias.com\/editor\/durante-puente-festivo-de-san-jose-fueron-capturadas-24-personas-en-neiva\/\"},\"author\":{\"name\":\"Editor General\",\"@id\":\"https:\/\/luchonoticias.com\/editor\/#\/schema\/person\/29217990ddf6f14e35912b2866d591fb\"},\"headline\":\"Durante puente festivo de San Jos\u00e9 fueron capturadas 24 personas en Neiva\",\"datePublished\":\"2023-03-21T12:30:32+00:00\",\"dateModified\":\"2023-03-21T12:30:33+00:00\",\"mainEntityOfPage\":{\"@id\":\"https:\/\/luchonoticias.com\/editor\/durante-puente-festivo-de-san-jose-fueron-capturadas-24-personas-en-neiva\/\"},\"wordCount\":489,\"commentCount\":0,\"publisher\":{\"@id\":\"https:\/\/luchonoticias.com\/editor\/#\/schema\/person\/7a7fd911f58561fd056dbac7b55af9cd\"},\"image\":{\"@id\":\"https:\/\/luchonoticias.com\/editor\/durante-puente-festivo-de-san-jose-fueron-capturadas-24-personas-en-neiva\/#primaryimage\"},\"thumbnailUrl\":\"https:\/\/luchonoticias.com\/wp-content\/uploads\/2023\/03\/WhatsApp-Image-2023-03-20-at-10.56.05-AM-1024x694.jpeg\",\"articleSection\":[\"Destacado\",\"Judicial\"],\"inLanguage\":\"es\",\"potentialAction\":[{\"@type\":\"CommentAction\",\"name\":\"Comment\",\"target\":[\"https:\/\/luchonoticias.com\/editor\/durante-puente-festivo-de-san-jose-fueron-capturadas-24-personas-en-neiva\/#respond\"]}]},{\"@type\":\"WebPage\",\"@id\":\"https:\/\/luchonoticias.com\/editor\/durante-puente-festivo-de-san-jose-fueron-capturadas-24-personas-en-neiva\/\",\"url\":\"https:\/\/luchonoticias.com\/editor\/durante-puente-festivo-de-san-jose-fueron-capturadas-24-personas-en-neiva\/\",\"name\":\"Durante puente festivo de San Jos\u00e9 fueron capturadas 24 personas en Neiva -\",\"isPartOf\":{\"@id\":\"https:\/\/luchonoticias.com\/editor\/#website\"},\"primaryImageOfPage\":{\"@id\":\"https:\/\/luchonoticias.com\/editor\/durante-puente-festivo-de-san-jose-fueron-capturadas-24-personas-en-neiva\/#primaryimage\"},\"image\":{\"@id\":\"https:\/\/luchonoticias.com\/editor\/durante-puente-festivo-de-san-jose-fueron-capturadas-24-personas-en-neiva\/#primaryimage\"},\"thumbnailUrl\":\"https:\/\/luchonoticias.com\/wp-content\/uploads\/2023\/03\/WhatsApp-Image-2023-03-20-at-10.56.05-AM-1024x694.jpeg\",\"datePublished\":\"2023-03-21T12:30:32+00:00\",\"dateModified\":\"2023-03-21T12:30:33+00:00\",\"breadcrumb\":{\"@id\":\"https:\/\/luchonoticias.com\/editor\/durante-puente-festivo-de-san-jose-fueron-capturadas-24-personas-en-neiva\/#breadcrumb\"},\"inLanguage\":\"es\",\"potentialAction\":[{\"@type\":\"ReadAction\",\"target\":[\"https:\/\/luchonoticias.com\/editor\/durante-puente-festivo-de-san-jose-fueron-capturadas-24-personas-en-neiva\/\"]}]},{\"@type\":\"ImageObject\",\"inLanguage\":\"es\",\"@id\":\"https:\/\/luchonoticias.com\/editor\/durante-puente-festivo-de-san-jose-fueron-capturadas-24-personas-en-neiva\/#primaryimage\",\"url\":\"https:\/\/luchonoticias.com\/wp-content\/uploads\/2023\/03\/WhatsApp-Image-2023-03-20-at-10.56.05-AM-1024x694.jpeg\",\"contentUrl\":\"https:\/\/luchonoticias.com\/wp-content\/uploads\/2023\/03\/WhatsApp-Image-2023-03-20-at-10.56.05-AM-1024x694.jpeg\"},{\"@type\":\"BreadcrumbList\",\"@id\":\"https:\/\/luchonoticias.com\/editor\/durante-puente-festivo-de-san-jose-fueron-capturadas-24-personas-en-neiva\/#breadcrumb\",\"itemListElement\":[{\"@type\":\"ListItem\",\"position\":1,\"name\":\"Portada\",\"item\":\"https:\/\/luchonoticias.com\/editor\/\"},{\"@type\":\"ListItem\",\"position\":2,\"name\":\"Durante puente festivo de San Jos\u00e9 fueron capturadas 24 personas en Neiva\"}]},{\"@type\":\"WebSite\",\"@id\":\"https:\/\/luchonoticias.com\/editor\/#website\",\"url\":\"https:\/\/luchonoticias.com\/editor\/\",\"name\":\"\",\"description\":\"\",\"publisher\":{\"@id\":\"https:\/\/luchonoticias.com\/editor\/#\/schema\/person\/7a7fd911f58561fd056dbac7b55af9cd\"},\"potentialAction\":[{\"@type\":\"SearchAction\",\"target\":{\"@type\":\"EntryPoint\",\"urlTemplate\":\"https:\/\/luchonoticias.com\/editor\/?s={search_term_string}\"},\"query-input\":{\"@type\":\"PropertyValueSpecification\",\"valueRequired\":true,\"valueName\":\"search_term_string\"}}],\"inLanguage\":\"es\"},{\"@type\":[\"Person\",\"Organization\"],\"@id\":\"https:\/\/luchonoticias.com\/editor\/#\/schema\/person\/7a7fd911f58561fd056dbac7b55af9cd\",\"name\":\"admin\",\"image\":{\"@type\":\"ImageObject\",\"inLanguage\":\"es\",\"@id\":\"https:\/\/luchonoticias.com\/editor\/#\/schema\/person\/image\/\",\"url\":\"https:\/\/luchonoticias.com\/editor\/wp-content\/uploads\/2024\/02\/cropped-cropped-logolu.webp\",\"contentUrl\":\"https:\/\/luchonoticias.com\/editor\/wp-content\/uploads\/2024\/02\/cropped-cropped-logolu.webp\",\"width\":382,\"height\":170,\"caption\":\"admin\"},\"logo\":{\"@id\":\"https:\/\/luchonoticias.com\/editor\/#\/schema\/person\/image\/\"},\"sameAs\":[\"https:\/\/www.facebook.com\/luchonoticiasneiva\"]},{\"@type\":\"Person\",\"@id\":\"https:\/\/luchonoticias.com\/editor\/#\/schema\/person\/29217990ddf6f14e35912b2866d591fb\",\"name\":\"Editor General\",\"image\":{\"@type\":\"ImageObject\",\"inLanguage\":\"es\",\"@id\":\"https:\/\/luchonoticias.com\/editor\/#\/schema\/person\/image\/\",\"url\":\"https:\/\/luchonoticias.com\/editor\/wp-content\/uploads\/2024\/02\/cropped-cropped-logolu-150x150.webp\",\"contentUrl\":\"https:\/\/luchonoticias.com\/editor\/wp-content\/uploads\/2024\/02\/cropped-cropped-logolu-150x150.webp\",\"caption\":\"Editor General\"},\"sameAs\":[\"https:\/\/luchonoticias.com\/\"],\"url\":\"https:\/\/luchonoticias.com\/editor\/author\/editor-general\/\"}]}<\/script>\n<!-- \/ Yoast SEO plugin. -->","yoast_head_json":{"title":"Durante puente festivo de San Jos\u00e9 fueron capturadas 24 personas en Neiva -","robots":{"index":"index","follow":"follow","max-snippet":"max-snippet:-1","max-image-preview":"max-image-preview:large","max-video-preview":"max-video-preview:-1"},"canonical":"https:\/\/luchonoticias.com\/editor\/durante-puente-festivo-de-san-jose-fueron-capturadas-24-personas-en-neiva\/","og_locale":"es_ES","og_type":"article","og_title":"Durante puente festivo de San Jos\u00e9 fueron capturadas 24 personas en Neiva -","og_url":"https:\/\/luchonoticias.com\/editor\/durante-puente-festivo-de-san-jose-fueron-capturadas-24-personas-en-neiva\/","article_publisher":"https:\/\/www.facebook.com\/luchonoticiasneiva","article_published_time":"2023-03-21T12:30:32+00:00","article_modified_time":"2023-03-21T12:30:33+00:00","og_image":[{"url":"https:\/\/luchonoticias.com\/wp-content\/uploads\/2023\/03\/WhatsApp-Image-2023-03-20-at-10.56.05-AM-1024x694.jpeg","type":"","width":"","height":""}],"author":"Editor General","twitter_card":"summary_large_image","twitter_misc":{"Escrito por":"Editor General","Tiempo de lectura":"2 minutos"},"schema":{"@context":"https:\/\/schema.org","@graph":[{"@type":"Article","@id":"https:\/\/luchonoticias.com\/editor\/durante-puente-festivo-de-san-jose-fueron-capturadas-24-personas-en-neiva\/#article","isPartOf":{"@id":"https:\/\/luchonoticias.com\/editor\/durante-puente-festivo-de-san-jose-fueron-capturadas-24-personas-en-neiva\/"},"author":{"name":"Editor General","@id":"https:\/\/luchonoticias.com\/editor\/#\/schema\/person\/29217990ddf6f14e35912b2866d591fb"},"headline":"Durante puente festivo de San Jos\u00e9 fueron capturadas 24 personas en Neiva","datePublished":"2023-03-21T12:30:32+00:00","dateModified":"2023-03-21T12:30:33+00:00","mainEntityOfPage":{"@id":"https:\/\/luchonoticias.com\/editor\/durante-puente-festivo-de-san-jose-fueron-capturadas-24-personas-en-neiva\/"},"wordCount":489,"commentCount":0,"publisher":{"@id":"https:\/\/luchonoticias.com\/editor\/#\/schema\/person\/7a7fd911f58561fd056dbac7b55af9cd"},"image":{"@id":"https:\/\/luchonoticias.com\/editor\/durante-puente-festivo-de-san-jose-fueron-capturadas-24-personas-en-neiva\/#primaryimage"},"thumbnailUrl":"https:\/\/luchonoticias.com\/wp-content\/uploads\/2023\/03\/WhatsApp-Image-2023-03-20-at-10.56.05-AM-1024x694.jpeg","articleSection":["Destacado","Judicial"],"inLanguage":"es","potentialAction":[{"@type":"CommentAction","name":"Comment","target":["https:\/\/luchonoticias.com\/editor\/durante-puente-festivo-de-san-jose-fueron-capturadas-24-personas-en-neiva\/#respond"]}]},{"@type":"WebPage","@id":"https:\/\/luchonoticias.com\/editor\/durante-puente-festivo-de-san-jose-fueron-capturadas-24-personas-en-neiva\/","url":"https:\/\/luchonoticias.com\/editor\/durante-puente-festivo-de-san-jose-fueron-capturadas-24-personas-en-neiva\/","name":"Durante puente festivo de San Jos\u00e9 fueron capturadas 24 personas en Neiva -","isPartOf":{"@id":"https:\/\/luchonoticias.com\/editor\/#website"},"primaryImageOfPage":{"@id":"https:\/\/luchonoticias.com\/editor\/durante-puente-festivo-de-san-jose-fueron-capturadas-24-personas-en-neiva\/#primaryimage"},"image":{"@id":"https:\/\/luchonoticias.com\/editor\/durante-puente-festivo-de-san-jose-fueron-capturadas-24-personas-en-neiva\/#primaryimage"},"thumbnailUrl":"https:\/\/luchonoticias.com\/wp-content\/uploads\/2023\/03\/WhatsApp-Image-2023-03-20-at-10.56.05-AM-1024x694.jpeg","datePublished":"2023-03-21T12:30:32+00:00","dateModified":"2023-03-21T12:30:33+00:00","breadcrumb":{"@id":"https:\/\/luchonoticias.com\/editor\/durante-puente-festivo-de-san-jose-fueron-capturadas-24-personas-en-neiva\/#breadcrumb"},"inLanguage":"es","potentialAction":[{"@type":"ReadAction","target":["https:\/\/luchonoticias.com\/editor\/durante-puente-festivo-de-san-jose-fueron-capturadas-24-personas-en-neiva\/"]}]},{"@type":"ImageObject","inLanguage":"es","@id":"https:\/\/luchonoticias.com\/editor\/durante-puente-festivo-de-san-jose-fueron-capturadas-24-personas-en-neiva\/#primaryimage","url":"https:\/\/luchonoticias.com\/wp-content\/uploads\/2023\/03\/WhatsApp-Image-2023-03-20-at-10.56.05-AM-1024x694.jpeg","contentUrl":"https:\/\/luchonoticias.com\/wp-content\/uploads\/2023\/03\/WhatsApp-Image-2023-03-20-at-10.56.05-AM-1024x694.jpeg"},{"@type":"BreadcrumbList","@id":"https:\/\/luchonoticias.com\/editor\/durante-puente-festivo-de-san-jose-fueron-capturadas-24-personas-en-neiva\/#breadcrumb","itemListElement":[{"@type":"ListItem","position":1,"name":"Portada","item":"https:\/\/luchonoticias.com\/editor\/"},{"@type":"ListItem","position":2,"name":"Durante puente festivo de San Jos\u00e9 fueron capturadas 24 personas en Neiva"}]},{"@type":"WebSite","@id":"https:\/\/luchonoticias.com\/editor\/#website","url":"https:\/\/luchonoticias.com\/editor\/","name":"","description":"","publisher":{"@id":"https:\/\/luchonoticias.com\/editor\/#\/schema\/person\/7a7fd911f58561fd056dbac7b55af9cd"},"potentialAction":[{"@type":"SearchAction","target":{"@type":"EntryPoint","urlTemplate":"https:\/\/luchonoticias.com\/editor\/?s={search_term_string}"},"query-input":{"@type":"PropertyValueSpecification","valueRequired":true,"valueName":"search_term_string"}}],"inLanguage":"es"},{"@type":["Person","Organization"],"@id":"https:\/\/luchonoticias.com\/editor\/#\/schema\/person\/7a7fd911f58561fd056dbac7b55af9cd","name":"admin","image":{"@type":"ImageObject","inLanguage":"es","@id":"https:\/\/luchonoticias.com\/editor\/#\/schema\/person\/image\/","url":"https:\/\/luchonoticias.com\/editor\/wp-content\/uploads\/2024\/02\/cropped-cropped-logolu.webp","contentUrl":"https:\/\/luchonoticias.com\/editor\/wp-content\/uploads\/2024\/02\/cropped-cropped-logolu.webp","width":382,"height":170,"caption":"admin"},"logo":{"@id":"https:\/\/luchonoticias.com\/editor\/#\/schema\/person\/image\/"},"sameAs":["https:\/\/www.facebook.com\/luchonoticiasneiva"]},{"@type":"Person","@id":"https:\/\/luchonoticias.com\/editor\/#\/schema\/person\/29217990ddf6f14e35912b2866d591fb","name":"Editor General","image":{"@type":"ImageObject","inLanguage":"es","@id":"https:\/\/luchonoticias.com\/editor\/#\/schema\/person\/image\/","url":"https:\/\/luchonoticias.com\/editor\/wp-content\/uploads\/2024\/02\/cropped-cropped-logolu-150x150.webp","contentUrl":"https:\/\/luchonoticias.com\/editor\/wp-content\/uploads\/2024\/02\/cropped-cropped-logolu-150x150.webp","caption":"Editor General"},"sameAs":["https:\/\/luchonoticias.com\/"],"url":"https:\/\/luchonoticias.com\/editor\/author\/editor-general\/"}]}},"_links":{"self":[{"href":"https:\/\/luchonoticias.com\/editor\/wp-json\/wp\/v2\/posts\/48754","targetHints":{"allow":["GET"]}}],"collection":[{"href":"https:\/\/luchonoticias.com\/editor\/wp-json\/wp\/v2\/posts"}],"about":[{"href":"https:\/\/luchonoticias.com\/editor\/wp-json\/wp\/v2\/types\/post"}],"author":[{"embeddable":true,"href":"https:\/\/luchonoticias.com\/editor\/wp-json\/wp\/v2\/users\/2"}],"replies":[{"embeddable":true,"href":"https:\/\/luchonoticias.com\/editor\/wp-json\/wp\/v2\/comments?post=48754"}],"version-history":[{"count":0,"href":"https:\/\/luchonoticias.com\/editor\/wp-json\/wp\/v2\/posts\/48754\/revisions"}],"wp:attachment":[{"href":"https:\/\/luchonoticias.com\/editor\/wp-json\/wp\/v2\/media?parent=48754"}],"wp:term":[{"taxonomy":"category","embeddable":true,"href":"https:\/\/luchonoticias.com\/editor\/wp-json\/wp\/v2\/categories?post=48754"},{"taxonomy":"post_tag","embeddable":true,"href":"https:\/\/luchonoticias.com\/editor\/wp-json\/wp\/v2\/tags?post=48754"}],"curies":[{"name":"wp","href":"https:\/\/api.w.org\/{rel}","templated":true}]}}