{"id":48764,"date":"2023-03-21T07:35:21","date_gmt":"2023-03-21T12:35:21","guid":{"rendered":"https:\/\/luchonoticias.com\/?p=48764"},"modified":"2023-03-21T07:35:22","modified_gmt":"2023-03-21T12:35:22","slug":"petro-ordena-a-la-fuerza-publica-copar-territorio-para-apoyar-a-pequenos-mineros","status":"publish","type":"post","link":"https:\/\/luchonoticias.com\/editor\/petro-ordena-a-la-fuerza-publica-copar-territorio-para-apoyar-a-pequenos-mineros\/","title":{"rendered":"Petro ordena a la Fuerza P\u00fablica copar territorio para apoyar a peque\u00f1os mineros"},"content":{"rendered":"\n<p>El Presidente Gustavo Petro orden\u00f3 este lunes a la Fuerza P\u00fablica copar los territorios afectados por las acciones de violencia de la agrupaci\u00f3n \u2018Clan del Golfo\u2019, con el fin de apoyar a los peque\u00f1os mineros que son v\u00edctimas de intimidaci\u00f3n y de confinamiento en el Bajo Cauca antioque\u00f1o.<\/p>\n\n\n\n<p>\u201cHemos realizado un consejo de seguridad para evaluar el desarrollo, hasta este momento, de la acci\u00f3n del Estado y de la Fuerza P\u00fablica. Mantendremos la presencia de la Fuerza P\u00fablica en todo el territorio que estos d\u00edas ha sido objeto de violencias por parte del \u2018Clan del Golfo\u2019, que manipula las necesidades de una poblaci\u00f3n minera, sujet\u00e1ndolas, incluso, con su propia hambre\u201d, dijo el Jefe de Estado al concluir un consejo de seguridad en Caucasia (Antioquia).<\/p>\n\n\n\n<p>El Mandatario, asimismo, afirm\u00f3 que el \u2018Clan del Golfo\u2019 tambi\u00e9n somete a la comunidad minera \u201ca una especie de confinamiento poblacional y a una instrumentalizaci\u00f3n para salvar lo que no es el inter\u00e9s de la peque\u00f1a miner\u00eda, que es la gran miner\u00eda ilegal\u201d.<\/p>\n\n\n\n<p>Agreg\u00f3 que a partir de la explotaci\u00f3n ilegal del oro este grupo criminal \u201cest\u00e1 lavando activos y d\u00f3lares que provienen de la actividad narcotraficante, con una destrucci\u00f3n del territorio, que no se podr\u00eda calificar de otra manera, que de pavorosa\u201d.<\/p>\n\n\n\n<figure class=\"wp-block-image size-large\"><img decoding=\"async\" src=\"https:\/\/luchonoticias.com\/wp-content\/uploads\/2023\/03\/WhatsApp-Image-2023-03-20-at-5.05.37-PM-1-1024x681.jpeg\" alt=\"\" class=\"wp-image-48766\"\/><\/figure>\n\n\n\n<p><strong>Censo de maquinaria minera<\/strong><\/p>\n\n\n\n<p>En el mismo contexto, el Presidente Petro anunci\u00f3 un censo nacional de maquinaria para formalizar y fomentar la peque\u00f1a miner\u00eda en el pa\u00eds.<\/p>\n\n\n\n<p>\u201cConvocamos a la Cumbre Nacional Minera. Vamos a iniciar un censo de la maquinaria para formalizar la actividad de la peque\u00f1a miner\u00eda, incluso con titulaci\u00f3n, si es posible, para que cooperativas de la peque\u00f1a miner\u00eda se puedan empoderar en este territorio. Iniciaremos esa actividad para que el oro no sea de los grandes lavadores de d\u00f3lares y del narcotr\u00e1fico, sino que sea de la poblaci\u00f3n que habita el territorio\u201d, resalt\u00f3 el Jefe de Estado.<\/p>\n\n\n\n<p>En tal sentido, el Mandatario enfatiz\u00f3 que el Gobierno Nacional no est\u00e1 persiguiendo a la peque\u00f1a miner\u00eda.<\/p>\n\n\n\n<p>\u201cNosotros no estamos persiguiendo la peque\u00f1a miner\u00eda, de hecho vamos a avanzar en la construcci\u00f3n de un distrito minero, pero tambi\u00e9n agrario y productivo en todo el territorio. Todos los activos de la SAE, todos los activos que tienen tierras la unidad de v\u00edctimas, hay que ponerlas al servicio del campesinado y de las v\u00edctimas del territorio, para producir alimentos\u201d, indic\u00f3.<\/p>\n\n\n\n<p>Al respecto, el Presidente agreg\u00f3: \u201cBuscamos que los peque\u00f1os mineros puedan ser propietarios de su propia m\u00e1quina que, a trav\u00e9s de la transformaci\u00f3n legal del c\u00f3digo minero, la peque\u00f1a miner\u00eda tenga todo el respaldo financiero y tecnol\u00f3gico posible\u201d.<\/p>\n\n\n\n<figure class=\"wp-block-gallery has-nested-images columns-default is-cropped wp-block-gallery-1 is-layout-flex wp-block-gallery-is-layout-flex\">\n<figure class=\"wp-block-image size-large\"><img decoding=\"async\" data-id=\"48767\" src=\"https:\/\/luchonoticias.com\/wp-content\/uploads\/2023\/03\/WhatsApp-Image-2023-03-20-at-5.05.31-PM-1024x682.jpeg\" alt=\"\" class=\"wp-image-48767\"\/><\/figure>\n\n\n\n<figure class=\"wp-block-image size-large\"><img decoding=\"async\" data-id=\"48768\" src=\"https:\/\/luchonoticias.com\/wp-content\/uploads\/2023\/03\/WhatsApp-Image-2023-03-20-at-5.05.34-PM-1024x683.jpeg\" alt=\"\" class=\"wp-image-48768\"\/><\/figure>\n<\/figure>\n\n\n\n<p><strong>Justicia social en la regi\u00f3n<\/strong><\/p>\n\n\n\n<p>Entre tanto, el Presidente Petro tambi\u00e9n hizo \u00e9nfasis en la elaboraci\u00f3n de una hoja de ruta para llevar justicia social a estos territorios.<\/p>\n\n\n\n<p>\u201cMa\u00f1ana (martes) habr\u00e1 una reuni\u00f3n de todos los alcaldes del Bajo Cauca, el Gobernador de Antioquia y el equipo de Gobierno de los diferentes ministerios aqu\u00ed implicados: Minas, Ambiente, Desarrollo Econ\u00f3mico, el Interior y Defensa para establecer la hoja de ruta de la construcci\u00f3n democr\u00e1tica y de la justicia social en el Noroeste colombiano\u201d, explic\u00f3.<\/p>\n\n\n\n<p>Finalmente, manifest\u00f3 que en la regi\u00f3n debe haber una \u201csede de una universidad p\u00fablica, lo estuvimos discutiendo. El Gobierno Nacional se prestar\u00e1 a financiar. Aqu\u00ed tiene que haber unas relaciones productivas de la poblaci\u00f3n en la miner\u00eda, en la agricultura, en la ganader\u00eda y en la industrializaci\u00f3n misma del territorio\u201d.<\/p>\n","protected":false},"excerpt":{"rendered":"<p>El Presidente Gustavo Petro orden\u00f3 este lunes a la Fuerza P\u00fablica copar los territorios afectados por las acciones de violencia de la agrupaci\u00f3n \u2018Clan del Golfo\u2019, con el fin de apoyar a los peque\u00f1os mineros que son v\u00edctimas de intimidaci\u00f3n y de confinamiento en el Bajo Cauca antioque\u00f1o. \u201cHemos realizado un consejo de seguridad para [&hellip;]<\/p>\n","protected":false},"author":2,"featured_media":0,"comment_status":"open","ping_status":"open","sticky":false,"template":"","format":"standard","meta":{"footnotes":""},"categories":[36,32],"tags":[],"class_list":["post-48764","post","type-post","status-publish","format-standard","hentry","category-destacado","category-nacional"],"yoast_head":"<!-- This site is optimized with the Yoast SEO plugin v26.6 - https:\/\/yoast.com\/wordpress\/plugins\/seo\/ -->\n<title>Petro ordena a la Fuerza P\u00fablica copar territorio para apoyar a peque\u00f1os mineros -<\/title>\n<meta name=\"robots\" content=\"index, follow, max-snippet:-1, max-image-preview:large, max-video-preview:-1\" \/>\n<link rel=\"canonical\" href=\"https:\/\/luchonoticias.com\/editor\/petro-ordena-a-la-fuerza-publica-copar-territorio-para-apoyar-a-pequenos-mineros\/\" \/>\n<meta property=\"og:locale\" content=\"es_ES\" \/>\n<meta property=\"og:type\" content=\"article\" \/>\n<meta property=\"og:title\" content=\"Petro ordena a la Fuerza P\u00fablica copar territorio para apoyar a peque\u00f1os mineros -\" \/>\n<meta property=\"og:url\" content=\"https:\/\/luchonoticias.com\/editor\/petro-ordena-a-la-fuerza-publica-copar-territorio-para-apoyar-a-pequenos-mineros\/\" \/>\n<meta property=\"article:publisher\" content=\"https:\/\/www.facebook.com\/luchonoticiasneiva\" \/>\n<meta property=\"article:published_time\" content=\"2023-03-21T12:35:21+00:00\" \/>\n<meta property=\"article:modified_time\" content=\"2023-03-21T12:35:22+00:00\" \/>\n<meta property=\"og:image\" content=\"https:\/\/luchonoticias.com\/wp-content\/uploads\/2023\/03\/WhatsApp-Image-2023-03-20-at-5.05.37-PM-1-1024x681.jpeg\" \/>\n<meta name=\"author\" content=\"Editor General\" \/>\n<meta name=\"twitter:card\" content=\"summary_large_image\" \/>\n<meta name=\"twitter:label1\" content=\"Escrito por\" \/>\n\t<meta name=\"twitter:data1\" content=\"Editor General\" \/>\n\t<meta name=\"twitter:label2\" content=\"Tiempo de lectura\" \/>\n\t<meta name=\"twitter:data2\" content=\"3 minutos\" \/>\n<script type=\"application\/ld+json\" class=\"yoast-schema-graph\">{\"@context\":\"https:\/\/schema.org\",\"@graph\":[{\"@type\":\"Article\",\"@id\":\"https:\/\/luchonoticias.com\/editor\/petro-ordena-a-la-fuerza-publica-copar-territorio-para-apoyar-a-pequenos-mineros\/#article\",\"isPartOf\":{\"@id\":\"https:\/\/luchonoticias.com\/editor\/petro-ordena-a-la-fuerza-publica-copar-territorio-para-apoyar-a-pequenos-mineros\/\"},\"author\":{\"name\":\"Editor General\",\"@id\":\"https:\/\/luchonoticias.com\/editor\/#\/schema\/person\/29217990ddf6f14e35912b2866d591fb\"},\"headline\":\"Petro ordena a la Fuerza P\u00fablica copar territorio para apoyar a peque\u00f1os mineros\",\"datePublished\":\"2023-03-21T12:35:21+00:00\",\"dateModified\":\"2023-03-21T12:35:22+00:00\",\"mainEntityOfPage\":{\"@id\":\"https:\/\/luchonoticias.com\/editor\/petro-ordena-a-la-fuerza-publica-copar-territorio-para-apoyar-a-pequenos-mineros\/\"},\"wordCount\":635,\"commentCount\":0,\"publisher\":{\"@id\":\"https:\/\/luchonoticias.com\/editor\/#\/schema\/person\/7a7fd911f58561fd056dbac7b55af9cd\"},\"image\":{\"@id\":\"https:\/\/luchonoticias.com\/editor\/petro-ordena-a-la-fuerza-publica-copar-territorio-para-apoyar-a-pequenos-mineros\/#primaryimage\"},\"thumbnailUrl\":\"https:\/\/luchonoticias.com\/wp-content\/uploads\/2023\/03\/WhatsApp-Image-2023-03-20-at-5.05.37-PM-1-1024x681.jpeg\",\"articleSection\":[\"Destacado\",\"Nacional\"],\"inLanguage\":\"es\",\"potentialAction\":[{\"@type\":\"CommentAction\",\"name\":\"Comment\",\"target\":[\"https:\/\/luchonoticias.com\/editor\/petro-ordena-a-la-fuerza-publica-copar-territorio-para-apoyar-a-pequenos-mineros\/#respond\"]}]},{\"@type\":\"WebPage\",\"@id\":\"https:\/\/luchonoticias.com\/editor\/petro-ordena-a-la-fuerza-publica-copar-territorio-para-apoyar-a-pequenos-mineros\/\",\"url\":\"https:\/\/luchonoticias.com\/editor\/petro-ordena-a-la-fuerza-publica-copar-territorio-para-apoyar-a-pequenos-mineros\/\",\"name\":\"Petro ordena a la Fuerza P\u00fablica copar territorio para apoyar a peque\u00f1os mineros -\",\"isPartOf\":{\"@id\":\"https:\/\/luchonoticias.com\/editor\/#website\"},\"primaryImageOfPage\":{\"@id\":\"https:\/\/luchonoticias.com\/editor\/petro-ordena-a-la-fuerza-publica-copar-territorio-para-apoyar-a-pequenos-mineros\/#primaryimage\"},\"image\":{\"@id\":\"https:\/\/luchonoticias.com\/editor\/petro-ordena-a-la-fuerza-publica-copar-territorio-para-apoyar-a-pequenos-mineros\/#primaryimage\"},\"thumbnailUrl\":\"https:\/\/luchonoticias.com\/wp-content\/uploads\/2023\/03\/WhatsApp-Image-2023-03-20-at-5.05.37-PM-1-1024x681.jpeg\",\"datePublished\":\"2023-03-21T12:35:21+00:00\",\"dateModified\":\"2023-03-21T12:35:22+00:00\",\"breadcrumb\":{\"@id\":\"https:\/\/luchonoticias.com\/editor\/petro-ordena-a-la-fuerza-publica-copar-territorio-para-apoyar-a-pequenos-mineros\/#breadcrumb\"},\"inLanguage\":\"es\",\"potentialAction\":[{\"@type\":\"ReadAction\",\"target\":[\"https:\/\/luchonoticias.com\/editor\/petro-ordena-a-la-fuerza-publica-copar-territorio-para-apoyar-a-pequenos-mineros\/\"]}]},{\"@type\":\"ImageObject\",\"inLanguage\":\"es\",\"@id\":\"https:\/\/luchonoticias.com\/editor\/petro-ordena-a-la-fuerza-publica-copar-territorio-para-apoyar-a-pequenos-mineros\/#primaryimage\",\"url\":\"https:\/\/luchonoticias.com\/wp-content\/uploads\/2023\/03\/WhatsApp-Image-2023-03-20-at-5.05.37-PM-1-1024x681.jpeg\",\"contentUrl\":\"https:\/\/luchonoticias.com\/wp-content\/uploads\/2023\/03\/WhatsApp-Image-2023-03-20-at-5.05.37-PM-1-1024x681.jpeg\"},{\"@type\":\"BreadcrumbList\",\"@id\":\"https:\/\/luchonoticias.com\/editor\/petro-ordena-a-la-fuerza-publica-copar-territorio-para-apoyar-a-pequenos-mineros\/#breadcrumb\",\"itemListElement\":[{\"@type\":\"ListItem\",\"position\":1,\"name\":\"Portada\",\"item\":\"https:\/\/luchonoticias.com\/editor\/\"},{\"@type\":\"ListItem\",\"position\":2,\"name\":\"Petro ordena a la Fuerza P\u00fablica copar territorio para apoyar a peque\u00f1os mineros\"}]},{\"@type\":\"WebSite\",\"@id\":\"https:\/\/luchonoticias.com\/editor\/#website\",\"url\":\"https:\/\/luchonoticias.com\/editor\/\",\"name\":\"\",\"description\":\"\",\"publisher\":{\"@id\":\"https:\/\/luchonoticias.com\/editor\/#\/schema\/person\/7a7fd911f58561fd056dbac7b55af9cd\"},\"potentialAction\":[{\"@type\":\"SearchAction\",\"target\":{\"@type\":\"EntryPoint\",\"urlTemplate\":\"https:\/\/luchonoticias.com\/editor\/?s={search_term_string}\"},\"query-input\":{\"@type\":\"PropertyValueSpecification\",\"valueRequired\":true,\"valueName\":\"search_term_string\"}}],\"inLanguage\":\"es\"},{\"@type\":[\"Person\",\"Organization\"],\"@id\":\"https:\/\/luchonoticias.com\/editor\/#\/schema\/person\/7a7fd911f58561fd056dbac7b55af9cd\",\"name\":\"admin\",\"image\":{\"@type\":\"ImageObject\",\"inLanguage\":\"es\",\"@id\":\"https:\/\/luchonoticias.com\/editor\/#\/schema\/person\/image\/\",\"url\":\"https:\/\/luchonoticias.com\/editor\/wp-content\/uploads\/2024\/02\/cropped-cropped-logolu.webp\",\"contentUrl\":\"https:\/\/luchonoticias.com\/editor\/wp-content\/uploads\/2024\/02\/cropped-cropped-logolu.webp\",\"width\":382,\"height\":170,\"caption\":\"admin\"},\"logo\":{\"@id\":\"https:\/\/luchonoticias.com\/editor\/#\/schema\/person\/image\/\"},\"sameAs\":[\"https:\/\/www.facebook.com\/luchonoticiasneiva\"]},{\"@type\":\"Person\",\"@id\":\"https:\/\/luchonoticias.com\/editor\/#\/schema\/person\/29217990ddf6f14e35912b2866d591fb\",\"name\":\"Editor General\",\"image\":{\"@type\":\"ImageObject\",\"inLanguage\":\"es\",\"@id\":\"https:\/\/luchonoticias.com\/editor\/#\/schema\/person\/image\/\",\"url\":\"https:\/\/luchonoticias.com\/editor\/wp-content\/uploads\/2024\/02\/cropped-cropped-logolu-150x150.webp\",\"contentUrl\":\"https:\/\/luchonoticias.com\/editor\/wp-content\/uploads\/2024\/02\/cropped-cropped-logolu-150x150.webp\",\"caption\":\"Editor General\"},\"sameAs\":[\"https:\/\/luchonoticias.com\/\"],\"url\":\"https:\/\/luchonoticias.com\/editor\/author\/editor-general\/\"}]}<\/script>\n<!-- \/ Yoast SEO plugin. -->","yoast_head_json":{"title":"Petro ordena a la Fuerza P\u00fablica copar territorio para apoyar a peque\u00f1os mineros -","robots":{"index":"index","follow":"follow","max-snippet":"max-snippet:-1","max-image-preview":"max-image-preview:large","max-video-preview":"max-video-preview:-1"},"canonical":"https:\/\/luchonoticias.com\/editor\/petro-ordena-a-la-fuerza-publica-copar-territorio-para-apoyar-a-pequenos-mineros\/","og_locale":"es_ES","og_type":"article","og_title":"Petro ordena a la Fuerza P\u00fablica copar territorio para apoyar a peque\u00f1os mineros -","og_url":"https:\/\/luchonoticias.com\/editor\/petro-ordena-a-la-fuerza-publica-copar-territorio-para-apoyar-a-pequenos-mineros\/","article_publisher":"https:\/\/www.facebook.com\/luchonoticiasneiva","article_published_time":"2023-03-21T12:35:21+00:00","article_modified_time":"2023-03-21T12:35:22+00:00","og_image":[{"url":"https:\/\/luchonoticias.com\/wp-content\/uploads\/2023\/03\/WhatsApp-Image-2023-03-20-at-5.05.37-PM-1-1024x681.jpeg","type":"","width":"","height":""}],"author":"Editor General","twitter_card":"summary_large_image","twitter_misc":{"Escrito por":"Editor General","Tiempo de lectura":"3 minutos"},"schema":{"@context":"https:\/\/schema.org","@graph":[{"@type":"Article","@id":"https:\/\/luchonoticias.com\/editor\/petro-ordena-a-la-fuerza-publica-copar-territorio-para-apoyar-a-pequenos-mineros\/#article","isPartOf":{"@id":"https:\/\/luchonoticias.com\/editor\/petro-ordena-a-la-fuerza-publica-copar-territorio-para-apoyar-a-pequenos-mineros\/"},"author":{"name":"Editor General","@id":"https:\/\/luchonoticias.com\/editor\/#\/schema\/person\/29217990ddf6f14e35912b2866d591fb"},"headline":"Petro ordena a la Fuerza P\u00fablica copar territorio para apoyar a peque\u00f1os mineros","datePublished":"2023-03-21T12:35:21+00:00","dateModified":"2023-03-21T12:35:22+00:00","mainEntityOfPage":{"@id":"https:\/\/luchonoticias.com\/editor\/petro-ordena-a-la-fuerza-publica-copar-territorio-para-apoyar-a-pequenos-mineros\/"},"wordCount":635,"commentCount":0,"publisher":{"@id":"https:\/\/luchonoticias.com\/editor\/#\/schema\/person\/7a7fd911f58561fd056dbac7b55af9cd"},"image":{"@id":"https:\/\/luchonoticias.com\/editor\/petro-ordena-a-la-fuerza-publica-copar-territorio-para-apoyar-a-pequenos-mineros\/#primaryimage"},"thumbnailUrl":"https:\/\/luchonoticias.com\/wp-content\/uploads\/2023\/03\/WhatsApp-Image-2023-03-20-at-5.05.37-PM-1-1024x681.jpeg","articleSection":["Destacado","Nacional"],"inLanguage":"es","potentialAction":[{"@type":"CommentAction","name":"Comment","target":["https:\/\/luchonoticias.com\/editor\/petro-ordena-a-la-fuerza-publica-copar-territorio-para-apoyar-a-pequenos-mineros\/#respond"]}]},{"@type":"WebPage","@id":"https:\/\/luchonoticias.com\/editor\/petro-ordena-a-la-fuerza-publica-copar-territorio-para-apoyar-a-pequenos-mineros\/","url":"https:\/\/luchonoticias.com\/editor\/petro-ordena-a-la-fuerza-publica-copar-territorio-para-apoyar-a-pequenos-mineros\/","name":"Petro ordena a la Fuerza P\u00fablica copar territorio para apoyar a peque\u00f1os mineros -","isPartOf":{"@id":"https:\/\/luchonoticias.com\/editor\/#website"},"primaryImageOfPage":{"@id":"https:\/\/luchonoticias.com\/editor\/petro-ordena-a-la-fuerza-publica-copar-territorio-para-apoyar-a-pequenos-mineros\/#primaryimage"},"image":{"@id":"https:\/\/luchonoticias.com\/editor\/petro-ordena-a-la-fuerza-publica-copar-territorio-para-apoyar-a-pequenos-mineros\/#primaryimage"},"thumbnailUrl":"https:\/\/luchonoticias.com\/wp-content\/uploads\/2023\/03\/WhatsApp-Image-2023-03-20-at-5.05.37-PM-1-1024x681.jpeg","datePublished":"2023-03-21T12:35:21+00:00","dateModified":"2023-03-21T12:35:22+00:00","breadcrumb":{"@id":"https:\/\/luchonoticias.com\/editor\/petro-ordena-a-la-fuerza-publica-copar-territorio-para-apoyar-a-pequenos-mineros\/#breadcrumb"},"inLanguage":"es","potentialAction":[{"@type":"ReadAction","target":["https:\/\/luchonoticias.com\/editor\/petro-ordena-a-la-fuerza-publica-copar-territorio-para-apoyar-a-pequenos-mineros\/"]}]},{"@type":"ImageObject","inLanguage":"es","@id":"https:\/\/luchonoticias.com\/editor\/petro-ordena-a-la-fuerza-publica-copar-territorio-para-apoyar-a-pequenos-mineros\/#primaryimage","url":"https:\/\/luchonoticias.com\/wp-content\/uploads\/2023\/03\/WhatsApp-Image-2023-03-20-at-5.05.37-PM-1-1024x681.jpeg","contentUrl":"https:\/\/luchonoticias.com\/wp-content\/uploads\/2023\/03\/WhatsApp-Image-2023-03-20-at-5.05.37-PM-1-1024x681.jpeg"},{"@type":"BreadcrumbList","@id":"https:\/\/luchonoticias.com\/editor\/petro-ordena-a-la-fuerza-publica-copar-territorio-para-apoyar-a-pequenos-mineros\/#breadcrumb","itemListElement":[{"@type":"ListItem","position":1,"name":"Portada","item":"https:\/\/luchonoticias.com\/editor\/"},{"@type":"ListItem","position":2,"name":"Petro ordena a la Fuerza P\u00fablica copar territorio para apoyar a peque\u00f1os mineros"}]},{"@type":"WebSite","@id":"https:\/\/luchonoticias.com\/editor\/#website","url":"https:\/\/luchonoticias.com\/editor\/","name":"","description":"","publisher":{"@id":"https:\/\/luchonoticias.com\/editor\/#\/schema\/person\/7a7fd911f58561fd056dbac7b55af9cd"},"potentialAction":[{"@type":"SearchAction","target":{"@type":"EntryPoint","urlTemplate":"https:\/\/luchonoticias.com\/editor\/?s={search_term_string}"},"query-input":{"@type":"PropertyValueSpecification","valueRequired":true,"valueName":"search_term_string"}}],"inLanguage":"es"},{"@type":["Person","Organization"],"@id":"https:\/\/luchonoticias.com\/editor\/#\/schema\/person\/7a7fd911f58561fd056dbac7b55af9cd","name":"admin","image":{"@type":"ImageObject","inLanguage":"es","@id":"https:\/\/luchonoticias.com\/editor\/#\/schema\/person\/image\/","url":"https:\/\/luchonoticias.com\/editor\/wp-content\/uploads\/2024\/02\/cropped-cropped-logolu.webp","contentUrl":"https:\/\/luchonoticias.com\/editor\/wp-content\/uploads\/2024\/02\/cropped-cropped-logolu.webp","width":382,"height":170,"caption":"admin"},"logo":{"@id":"https:\/\/luchonoticias.com\/editor\/#\/schema\/person\/image\/"},"sameAs":["https:\/\/www.facebook.com\/luchonoticiasneiva"]},{"@type":"Person","@id":"https:\/\/luchonoticias.com\/editor\/#\/schema\/person\/29217990ddf6f14e35912b2866d591fb","name":"Editor General","image":{"@type":"ImageObject","inLanguage":"es","@id":"https:\/\/luchonoticias.com\/editor\/#\/schema\/person\/image\/","url":"https:\/\/luchonoticias.com\/editor\/wp-content\/uploads\/2024\/02\/cropped-cropped-logolu-150x150.webp","contentUrl":"https:\/\/luchonoticias.com\/editor\/wp-content\/uploads\/2024\/02\/cropped-cropped-logolu-150x150.webp","caption":"Editor General"},"sameAs":["https:\/\/luchonoticias.com\/"],"url":"https:\/\/luchonoticias.com\/editor\/author\/editor-general\/"}]}},"_links":{"self":[{"href":"https:\/\/luchonoticias.com\/editor\/wp-json\/wp\/v2\/posts\/48764","targetHints":{"allow":["GET"]}}],"collection":[{"href":"https:\/\/luchonoticias.com\/editor\/wp-json\/wp\/v2\/posts"}],"about":[{"href":"https:\/\/luchonoticias.com\/editor\/wp-json\/wp\/v2\/types\/post"}],"author":[{"embeddable":true,"href":"https:\/\/luchonoticias.com\/editor\/wp-json\/wp\/v2\/users\/2"}],"replies":[{"embeddable":true,"href":"https:\/\/luchonoticias.com\/editor\/wp-json\/wp\/v2\/comments?post=48764"}],"version-history":[{"count":0,"href":"https:\/\/luchonoticias.com\/editor\/wp-json\/wp\/v2\/posts\/48764\/revisions"}],"wp:attachment":[{"href":"https:\/\/luchonoticias.com\/editor\/wp-json\/wp\/v2\/media?parent=48764"}],"wp:term":[{"taxonomy":"category","embeddable":true,"href":"https:\/\/luchonoticias.com\/editor\/wp-json\/wp\/v2\/categories?post=48764"},{"taxonomy":"post_tag","embeddable":true,"href":"https:\/\/luchonoticias.com\/editor\/wp-json\/wp\/v2\/tags?post=48764"}],"curies":[{"name":"wp","href":"https:\/\/api.w.org\/{rel}","templated":true}]}}