{"id":48826,"date":"2023-03-22T07:24:53","date_gmt":"2023-03-22T12:24:53","guid":{"rendered":"https:\/\/luchonoticias.com\/?p=48826"},"modified":"2023-03-22T07:24:54","modified_gmt":"2023-03-22T12:24:54","slug":"vigilar-al-extremo-a-contratistas-para-que-los-alimentos-lleguen-a-la-ninez-pide-petro-a-la-nueva-directora-del-icbf-astrid-caceres","status":"publish","type":"post","link":"https:\/\/luchonoticias.com\/editor\/vigilar-al-extremo-a-contratistas-para-que-los-alimentos-lleguen-a-la-ninez-pide-petro-a-la-nueva-directora-del-icbf-astrid-caceres\/","title":{"rendered":"Vigilar al extremo a contratistas para que los alimentos lleguen a la ni\u00f1ez, pide Petro a la nueva Directora del ICBF, Astrid C\u00e1ceres"},"content":{"rendered":"\n<p>Vigilar al extremo a los contratistas para que los alimentos lleguen a la ni\u00f1ez fue una de las tareas que el Presidente Gustavo Petro encomend\u00f3 a la nueva Directora del Instituto Colombiano de Bienestar Familiar (ICBF), Astrid C\u00e1ceres C\u00e1rdenas, a quien posesion\u00f3 este martes durante un acto realizado en la Casa de Nari\u00f1o.<\/p>\n\n\n\n<p>Al respecto, el Mandatario precis\u00f3: \u201cLa corrupci\u00f3n que indudablemente a\u00fan existe, el manejo de contratistas que hay que vigilar al extremo \u2013ojo con eso: al extremo\u2013 para que la comida de verdad llegue a la ni\u00f1ez\u201d.<\/p>\n\n\n\n<p>Al ahondar en este tema de la nutrici\u00f3n infantil, el Jefe de Estado plante\u00f3 que el ICBF puede ser un gran promotor de la producci\u00f3n agroalimentaria del pa\u00eds, \u201csi establece los protocolos y los requisitos para que la ni\u00f1ez hambrienta pueda nutrirse de la comida hecha en Colombia\u201d.&nbsp;<\/p>\n\n\n\n<p>\u201cNo es posible superar la pobreza con pol\u00edticas pobres\u201d, expuso e indic\u00f3 que una de las prioridades del Gobierno de Cambio es disponer de los recursos necesarios para atender a las ni\u00f1as y los ni\u00f1os del pa\u00eds.<\/p>\n\n\n\n<p>\u201cLa pol\u00edtica p\u00fablica que se ha construido alrededor de la ni\u00f1ez ha sido una pol\u00edtica pobre, casi que miserable, y no ha sido la pol\u00edtica de las grandes inversiones. All\u00ed no se han construido los grandes derroteros de la inversi\u00f3n p\u00fablica\u201d, dijo.<\/p>\n\n\n\n<figure class=\"wp-block-image size-large\"><img decoding=\"async\" src=\"https:\/\/luchonoticias.com\/wp-content\/uploads\/2023\/03\/WhatsApp-Image-2023-03-21-at-6.09.48-PM-1024x682.jpeg\" alt=\"\" class=\"wp-image-48828\"\/><\/figure>\n\n\n\n<p>En este sentido, el Presidente Petro le dijo a la nueva Directora de Bienestar Familiar: \u201cLo primero que, en mi opini\u00f3n, hay que hacer es reorganizar el ICBF\u201d, ya que \u201ca trav\u00e9s del tiempo se le han a\u00f1adido una serie de tareas que no tienen que ver con el cuidado de la ni\u00f1ez\u201d.<\/p>\n\n\n\n<p>\u201cEso \u2013agreg\u00f3\u2013 ha hecho que parte del presupuesto y much\u00edsimas veces parte del tiempo se dejan de dedicar a la ni\u00f1ez por cubrir otros objetivos que indudablemente son importantes, pero que otras instituciones del Estado ya los tienen\u201d.<\/p>\n\n\n\n<p>En este contexto, el Mandatario demand\u00f3 \u201cconcentrarse en el cuidado de la primera infancia hasta que este pa\u00eds pueda tener un sistema de preescolar nacional y universal\u201d.<\/p>\n\n\n\n<p>Recalc\u00f3 que para lograr este prop\u00f3sito \u201chay que reformar el Sistema General de Participaciones (SGP), proyecto que esperamos presentar el pr\u00f3ximo semestre\u201d.<\/p>\n\n\n\n<p>Puntualiz\u00f3 que esta iniciativa incluye la obligatoriedad de que la inversi\u00f3n p\u00fablica en educaci\u00f3n contemple tambi\u00e9n los tres a\u00f1os de preescolar, \u201ccon lo cual podr\u00edamos integrar nutrici\u00f3n y educaci\u00f3n en unos a\u00f1os, despu\u00e9s de los tres a\u00f1os de edad, en toda la ni\u00f1ez de Colombia\u201d.<\/p>\n\n\n\n<figure class=\"wp-block-image size-large\"><img decoding=\"async\" src=\"https:\/\/luchonoticias.com\/wp-content\/uploads\/2023\/03\/WhatsApp-Image-2023-03-21-at-6.09.49-PM-1024x682.jpeg\" alt=\"\" class=\"wp-image-48829\"\/><\/figure>\n\n\n\n<p><strong>Perfil<\/strong><\/p>\n\n\n\n<p>Astrid Eliana C\u00e1ceres C\u00e1rdenas es licenciada en Educaci\u00f3n Infantil de la Universidad Cooperativa de Colombia, mag\u00edster en Educaci\u00f3n y Desarrollo Comunitario de la Universidad Surcolombiana, y cuenta con estudios de maestr\u00eda en Estudios Pol\u00edticos de la Universidad Nacional de Colombia.<\/p>\n\n\n\n<p>Ha ejercido como docente, investigadora, asesora pedag\u00f3gica, experta en educaci\u00f3n inclusiva, oficial de proyectos, gestora cultural y tejedora de paz.<\/p>\n\n\n\n<p>Con m\u00e1s de 27 a\u00f1os de experiencia profesional, ha desempe\u00f1ado diversos cargos en el sector p\u00fablico y privado, entre ellos Subdirectora de General del ICBF, Subdirectora de Calidad para la Primera Infancia en el Ministerio de Educaci\u00f3n Nacional y consultora del Fondo de la Naciones Unidas para la Infancia (UNICEF).<\/p>\n\n\n\n<p>Asimismo, ejerci\u00f3 como contratista en el Fondo Colombia en Paz para el Proyecto piloto del servicio de Desarrollo Infantil en medio familiar en entornos rurales y rurales dispersos en municipios PDET, asesora en la Organizaci\u00f3n de Estados Iberoamericanos (OEI), Subdirectora para la Infancia en la Secretar\u00eda Distrital de Integraci\u00f3n Social de Bogot\u00e1, y docente en la Universidad Pedag\u00f3gica Nacional (UPN) y en la Pontificia Universidad Javeriana.<\/p>\n","protected":false},"excerpt":{"rendered":"<p>Vigilar al extremo a los contratistas para que los alimentos lleguen a la ni\u00f1ez fue una de las tareas que el Presidente Gustavo Petro encomend\u00f3 a la nueva Directora del Instituto Colombiano de Bienestar Familiar (ICBF), Astrid C\u00e1ceres C\u00e1rdenas, a quien posesion\u00f3 este martes durante un acto realizado en la Casa de Nari\u00f1o. Al respecto, [&hellip;]<\/p>\n","protected":false},"author":2,"featured_media":0,"comment_status":"open","ping_status":"open","sticky":false,"template":"","format":"standard","meta":{"footnotes":""},"categories":[36,32],"tags":[],"class_list":["post-48826","post","type-post","status-publish","format-standard","hentry","category-destacado","category-nacional"],"yoast_head":"<!-- This site is optimized with the Yoast SEO plugin v26.6 - https:\/\/yoast.com\/wordpress\/plugins\/seo\/ -->\n<title>Vigilar al extremo a contratistas para que los alimentos lleguen a la ni\u00f1ez, pide Petro a la nueva Directora del ICBF, Astrid C\u00e1ceres -<\/title>\n<meta name=\"robots\" content=\"index, follow, max-snippet:-1, max-image-preview:large, max-video-preview:-1\" \/>\n<link rel=\"canonical\" href=\"https:\/\/luchonoticias.com\/editor\/vigilar-al-extremo-a-contratistas-para-que-los-alimentos-lleguen-a-la-ninez-pide-petro-a-la-nueva-directora-del-icbf-astrid-caceres\/\" \/>\n<meta property=\"og:locale\" content=\"es_ES\" \/>\n<meta property=\"og:type\" content=\"article\" \/>\n<meta property=\"og:title\" content=\"Vigilar al extremo a contratistas para que los alimentos lleguen a la ni\u00f1ez, pide Petro a la nueva Directora del ICBF, Astrid C\u00e1ceres -\" \/>\n<meta property=\"og:url\" content=\"https:\/\/luchonoticias.com\/editor\/vigilar-al-extremo-a-contratistas-para-que-los-alimentos-lleguen-a-la-ninez-pide-petro-a-la-nueva-directora-del-icbf-astrid-caceres\/\" \/>\n<meta property=\"article:publisher\" content=\"https:\/\/www.facebook.com\/luchonoticiasneiva\" \/>\n<meta property=\"article:published_time\" content=\"2023-03-22T12:24:53+00:00\" \/>\n<meta property=\"article:modified_time\" content=\"2023-03-22T12:24:54+00:00\" \/>\n<meta property=\"og:image\" content=\"https:\/\/luchonoticias.com\/wp-content\/uploads\/2023\/03\/WhatsApp-Image-2023-03-21-at-6.09.48-PM-1024x682.jpeg\" \/>\n<meta name=\"author\" content=\"Editor General\" \/>\n<meta name=\"twitter:card\" content=\"summary_large_image\" \/>\n<meta name=\"twitter:label1\" content=\"Escrito por\" \/>\n\t<meta name=\"twitter:data1\" content=\"Editor General\" \/>\n\t<meta name=\"twitter:label2\" content=\"Tiempo de lectura\" \/>\n\t<meta name=\"twitter:data2\" content=\"3 minutos\" \/>\n<script type=\"application\/ld+json\" class=\"yoast-schema-graph\">{\"@context\":\"https:\/\/schema.org\",\"@graph\":[{\"@type\":\"Article\",\"@id\":\"https:\/\/luchonoticias.com\/editor\/vigilar-al-extremo-a-contratistas-para-que-los-alimentos-lleguen-a-la-ninez-pide-petro-a-la-nueva-directora-del-icbf-astrid-caceres\/#article\",\"isPartOf\":{\"@id\":\"https:\/\/luchonoticias.com\/editor\/vigilar-al-extremo-a-contratistas-para-que-los-alimentos-lleguen-a-la-ninez-pide-petro-a-la-nueva-directora-del-icbf-astrid-caceres\/\"},\"author\":{\"name\":\"Editor General\",\"@id\":\"https:\/\/luchonoticias.com\/editor\/#\/schema\/person\/29217990ddf6f14e35912b2866d591fb\"},\"headline\":\"Vigilar al extremo a contratistas para que los alimentos lleguen a la ni\u00f1ez, pide Petro a la nueva Directora del ICBF, Astrid C\u00e1ceres\",\"datePublished\":\"2023-03-22T12:24:53+00:00\",\"dateModified\":\"2023-03-22T12:24:54+00:00\",\"mainEntityOfPage\":{\"@id\":\"https:\/\/luchonoticias.com\/editor\/vigilar-al-extremo-a-contratistas-para-que-los-alimentos-lleguen-a-la-ninez-pide-petro-a-la-nueva-directora-del-icbf-astrid-caceres\/\"},\"wordCount\":664,\"commentCount\":0,\"publisher\":{\"@id\":\"https:\/\/luchonoticias.com\/editor\/#\/schema\/person\/7a7fd911f58561fd056dbac7b55af9cd\"},\"image\":{\"@id\":\"https:\/\/luchonoticias.com\/editor\/vigilar-al-extremo-a-contratistas-para-que-los-alimentos-lleguen-a-la-ninez-pide-petro-a-la-nueva-directora-del-icbf-astrid-caceres\/#primaryimage\"},\"thumbnailUrl\":\"https:\/\/luchonoticias.com\/wp-content\/uploads\/2023\/03\/WhatsApp-Image-2023-03-21-at-6.09.48-PM-1024x682.jpeg\",\"articleSection\":[\"Destacado\",\"Nacional\"],\"inLanguage\":\"es\",\"potentialAction\":[{\"@type\":\"CommentAction\",\"name\":\"Comment\",\"target\":[\"https:\/\/luchonoticias.com\/editor\/vigilar-al-extremo-a-contratistas-para-que-los-alimentos-lleguen-a-la-ninez-pide-petro-a-la-nueva-directora-del-icbf-astrid-caceres\/#respond\"]}]},{\"@type\":\"WebPage\",\"@id\":\"https:\/\/luchonoticias.com\/editor\/vigilar-al-extremo-a-contratistas-para-que-los-alimentos-lleguen-a-la-ninez-pide-petro-a-la-nueva-directora-del-icbf-astrid-caceres\/\",\"url\":\"https:\/\/luchonoticias.com\/editor\/vigilar-al-extremo-a-contratistas-para-que-los-alimentos-lleguen-a-la-ninez-pide-petro-a-la-nueva-directora-del-icbf-astrid-caceres\/\",\"name\":\"Vigilar al extremo a contratistas para que los alimentos lleguen a la ni\u00f1ez, pide Petro a la nueva Directora del ICBF, Astrid C\u00e1ceres -\",\"isPartOf\":{\"@id\":\"https:\/\/luchonoticias.com\/editor\/#website\"},\"primaryImageOfPage\":{\"@id\":\"https:\/\/luchonoticias.com\/editor\/vigilar-al-extremo-a-contratistas-para-que-los-alimentos-lleguen-a-la-ninez-pide-petro-a-la-nueva-directora-del-icbf-astrid-caceres\/#primaryimage\"},\"image\":{\"@id\":\"https:\/\/luchonoticias.com\/editor\/vigilar-al-extremo-a-contratistas-para-que-los-alimentos-lleguen-a-la-ninez-pide-petro-a-la-nueva-directora-del-icbf-astrid-caceres\/#primaryimage\"},\"thumbnailUrl\":\"https:\/\/luchonoticias.com\/wp-content\/uploads\/2023\/03\/WhatsApp-Image-2023-03-21-at-6.09.48-PM-1024x682.jpeg\",\"datePublished\":\"2023-03-22T12:24:53+00:00\",\"dateModified\":\"2023-03-22T12:24:54+00:00\",\"breadcrumb\":{\"@id\":\"https:\/\/luchonoticias.com\/editor\/vigilar-al-extremo-a-contratistas-para-que-los-alimentos-lleguen-a-la-ninez-pide-petro-a-la-nueva-directora-del-icbf-astrid-caceres\/#breadcrumb\"},\"inLanguage\":\"es\",\"potentialAction\":[{\"@type\":\"ReadAction\",\"target\":[\"https:\/\/luchonoticias.com\/editor\/vigilar-al-extremo-a-contratistas-para-que-los-alimentos-lleguen-a-la-ninez-pide-petro-a-la-nueva-directora-del-icbf-astrid-caceres\/\"]}]},{\"@type\":\"ImageObject\",\"inLanguage\":\"es\",\"@id\":\"https:\/\/luchonoticias.com\/editor\/vigilar-al-extremo-a-contratistas-para-que-los-alimentos-lleguen-a-la-ninez-pide-petro-a-la-nueva-directora-del-icbf-astrid-caceres\/#primaryimage\",\"url\":\"https:\/\/luchonoticias.com\/wp-content\/uploads\/2023\/03\/WhatsApp-Image-2023-03-21-at-6.09.48-PM-1024x682.jpeg\",\"contentUrl\":\"https:\/\/luchonoticias.com\/wp-content\/uploads\/2023\/03\/WhatsApp-Image-2023-03-21-at-6.09.48-PM-1024x682.jpeg\"},{\"@type\":\"BreadcrumbList\",\"@id\":\"https:\/\/luchonoticias.com\/editor\/vigilar-al-extremo-a-contratistas-para-que-los-alimentos-lleguen-a-la-ninez-pide-petro-a-la-nueva-directora-del-icbf-astrid-caceres\/#breadcrumb\",\"itemListElement\":[{\"@type\":\"ListItem\",\"position\":1,\"name\":\"Portada\",\"item\":\"https:\/\/luchonoticias.com\/editor\/\"},{\"@type\":\"ListItem\",\"position\":2,\"name\":\"Vigilar al extremo a contratistas para que los alimentos lleguen a la ni\u00f1ez, pide Petro a la nueva Directora del ICBF, Astrid C\u00e1ceres\"}]},{\"@type\":\"WebSite\",\"@id\":\"https:\/\/luchonoticias.com\/editor\/#website\",\"url\":\"https:\/\/luchonoticias.com\/editor\/\",\"name\":\"\",\"description\":\"\",\"publisher\":{\"@id\":\"https:\/\/luchonoticias.com\/editor\/#\/schema\/person\/7a7fd911f58561fd056dbac7b55af9cd\"},\"potentialAction\":[{\"@type\":\"SearchAction\",\"target\":{\"@type\":\"EntryPoint\",\"urlTemplate\":\"https:\/\/luchonoticias.com\/editor\/?s={search_term_string}\"},\"query-input\":{\"@type\":\"PropertyValueSpecification\",\"valueRequired\":true,\"valueName\":\"search_term_string\"}}],\"inLanguage\":\"es\"},{\"@type\":[\"Person\",\"Organization\"],\"@id\":\"https:\/\/luchonoticias.com\/editor\/#\/schema\/person\/7a7fd911f58561fd056dbac7b55af9cd\",\"name\":\"admin\",\"image\":{\"@type\":\"ImageObject\",\"inLanguage\":\"es\",\"@id\":\"https:\/\/luchonoticias.com\/editor\/#\/schema\/person\/image\/\",\"url\":\"https:\/\/luchonoticias.com\/editor\/wp-content\/uploads\/2024\/02\/cropped-cropped-logolu.webp\",\"contentUrl\":\"https:\/\/luchonoticias.com\/editor\/wp-content\/uploads\/2024\/02\/cropped-cropped-logolu.webp\",\"width\":382,\"height\":170,\"caption\":\"admin\"},\"logo\":{\"@id\":\"https:\/\/luchonoticias.com\/editor\/#\/schema\/person\/image\/\"},\"sameAs\":[\"https:\/\/www.facebook.com\/luchonoticiasneiva\"]},{\"@type\":\"Person\",\"@id\":\"https:\/\/luchonoticias.com\/editor\/#\/schema\/person\/29217990ddf6f14e35912b2866d591fb\",\"name\":\"Editor General\",\"image\":{\"@type\":\"ImageObject\",\"inLanguage\":\"es\",\"@id\":\"https:\/\/luchonoticias.com\/editor\/#\/schema\/person\/image\/\",\"url\":\"https:\/\/luchonoticias.com\/editor\/wp-content\/uploads\/2024\/02\/cropped-cropped-logolu-150x150.webp\",\"contentUrl\":\"https:\/\/luchonoticias.com\/editor\/wp-content\/uploads\/2024\/02\/cropped-cropped-logolu-150x150.webp\",\"caption\":\"Editor General\"},\"sameAs\":[\"https:\/\/luchonoticias.com\/\"],\"url\":\"https:\/\/luchonoticias.com\/editor\/author\/editor-general\/\"}]}<\/script>\n<!-- \/ Yoast SEO plugin. -->","yoast_head_json":{"title":"Vigilar al extremo a contratistas para que los alimentos lleguen a la ni\u00f1ez, pide Petro a la nueva Directora del ICBF, Astrid C\u00e1ceres -","robots":{"index":"index","follow":"follow","max-snippet":"max-snippet:-1","max-image-preview":"max-image-preview:large","max-video-preview":"max-video-preview:-1"},"canonical":"https:\/\/luchonoticias.com\/editor\/vigilar-al-extremo-a-contratistas-para-que-los-alimentos-lleguen-a-la-ninez-pide-petro-a-la-nueva-directora-del-icbf-astrid-caceres\/","og_locale":"es_ES","og_type":"article","og_title":"Vigilar al extremo a contratistas para que los alimentos lleguen a la ni\u00f1ez, pide Petro a la nueva Directora del ICBF, Astrid C\u00e1ceres -","og_url":"https:\/\/luchonoticias.com\/editor\/vigilar-al-extremo-a-contratistas-para-que-los-alimentos-lleguen-a-la-ninez-pide-petro-a-la-nueva-directora-del-icbf-astrid-caceres\/","article_publisher":"https:\/\/www.facebook.com\/luchonoticiasneiva","article_published_time":"2023-03-22T12:24:53+00:00","article_modified_time":"2023-03-22T12:24:54+00:00","og_image":[{"url":"https:\/\/luchonoticias.com\/wp-content\/uploads\/2023\/03\/WhatsApp-Image-2023-03-21-at-6.09.48-PM-1024x682.jpeg","type":"","width":"","height":""}],"author":"Editor General","twitter_card":"summary_large_image","twitter_misc":{"Escrito por":"Editor General","Tiempo de lectura":"3 minutos"},"schema":{"@context":"https:\/\/schema.org","@graph":[{"@type":"Article","@id":"https:\/\/luchonoticias.com\/editor\/vigilar-al-extremo-a-contratistas-para-que-los-alimentos-lleguen-a-la-ninez-pide-petro-a-la-nueva-directora-del-icbf-astrid-caceres\/#article","isPartOf":{"@id":"https:\/\/luchonoticias.com\/editor\/vigilar-al-extremo-a-contratistas-para-que-los-alimentos-lleguen-a-la-ninez-pide-petro-a-la-nueva-directora-del-icbf-astrid-caceres\/"},"author":{"name":"Editor General","@id":"https:\/\/luchonoticias.com\/editor\/#\/schema\/person\/29217990ddf6f14e35912b2866d591fb"},"headline":"Vigilar al extremo a contratistas para que los alimentos lleguen a la ni\u00f1ez, pide Petro a la nueva Directora del ICBF, Astrid C\u00e1ceres","datePublished":"2023-03-22T12:24:53+00:00","dateModified":"2023-03-22T12:24:54+00:00","mainEntityOfPage":{"@id":"https:\/\/luchonoticias.com\/editor\/vigilar-al-extremo-a-contratistas-para-que-los-alimentos-lleguen-a-la-ninez-pide-petro-a-la-nueva-directora-del-icbf-astrid-caceres\/"},"wordCount":664,"commentCount":0,"publisher":{"@id":"https:\/\/luchonoticias.com\/editor\/#\/schema\/person\/7a7fd911f58561fd056dbac7b55af9cd"},"image":{"@id":"https:\/\/luchonoticias.com\/editor\/vigilar-al-extremo-a-contratistas-para-que-los-alimentos-lleguen-a-la-ninez-pide-petro-a-la-nueva-directora-del-icbf-astrid-caceres\/#primaryimage"},"thumbnailUrl":"https:\/\/luchonoticias.com\/wp-content\/uploads\/2023\/03\/WhatsApp-Image-2023-03-21-at-6.09.48-PM-1024x682.jpeg","articleSection":["Destacado","Nacional"],"inLanguage":"es","potentialAction":[{"@type":"CommentAction","name":"Comment","target":["https:\/\/luchonoticias.com\/editor\/vigilar-al-extremo-a-contratistas-para-que-los-alimentos-lleguen-a-la-ninez-pide-petro-a-la-nueva-directora-del-icbf-astrid-caceres\/#respond"]}]},{"@type":"WebPage","@id":"https:\/\/luchonoticias.com\/editor\/vigilar-al-extremo-a-contratistas-para-que-los-alimentos-lleguen-a-la-ninez-pide-petro-a-la-nueva-directora-del-icbf-astrid-caceres\/","url":"https:\/\/luchonoticias.com\/editor\/vigilar-al-extremo-a-contratistas-para-que-los-alimentos-lleguen-a-la-ninez-pide-petro-a-la-nueva-directora-del-icbf-astrid-caceres\/","name":"Vigilar al extremo a contratistas para que los alimentos lleguen a la ni\u00f1ez, pide Petro a la nueva Directora del ICBF, Astrid C\u00e1ceres -","isPartOf":{"@id":"https:\/\/luchonoticias.com\/editor\/#website"},"primaryImageOfPage":{"@id":"https:\/\/luchonoticias.com\/editor\/vigilar-al-extremo-a-contratistas-para-que-los-alimentos-lleguen-a-la-ninez-pide-petro-a-la-nueva-directora-del-icbf-astrid-caceres\/#primaryimage"},"image":{"@id":"https:\/\/luchonoticias.com\/editor\/vigilar-al-extremo-a-contratistas-para-que-los-alimentos-lleguen-a-la-ninez-pide-petro-a-la-nueva-directora-del-icbf-astrid-caceres\/#primaryimage"},"thumbnailUrl":"https:\/\/luchonoticias.com\/wp-content\/uploads\/2023\/03\/WhatsApp-Image-2023-03-21-at-6.09.48-PM-1024x682.jpeg","datePublished":"2023-03-22T12:24:53+00:00","dateModified":"2023-03-22T12:24:54+00:00","breadcrumb":{"@id":"https:\/\/luchonoticias.com\/editor\/vigilar-al-extremo-a-contratistas-para-que-los-alimentos-lleguen-a-la-ninez-pide-petro-a-la-nueva-directora-del-icbf-astrid-caceres\/#breadcrumb"},"inLanguage":"es","potentialAction":[{"@type":"ReadAction","target":["https:\/\/luchonoticias.com\/editor\/vigilar-al-extremo-a-contratistas-para-que-los-alimentos-lleguen-a-la-ninez-pide-petro-a-la-nueva-directora-del-icbf-astrid-caceres\/"]}]},{"@type":"ImageObject","inLanguage":"es","@id":"https:\/\/luchonoticias.com\/editor\/vigilar-al-extremo-a-contratistas-para-que-los-alimentos-lleguen-a-la-ninez-pide-petro-a-la-nueva-directora-del-icbf-astrid-caceres\/#primaryimage","url":"https:\/\/luchonoticias.com\/wp-content\/uploads\/2023\/03\/WhatsApp-Image-2023-03-21-at-6.09.48-PM-1024x682.jpeg","contentUrl":"https:\/\/luchonoticias.com\/wp-content\/uploads\/2023\/03\/WhatsApp-Image-2023-03-21-at-6.09.48-PM-1024x682.jpeg"},{"@type":"BreadcrumbList","@id":"https:\/\/luchonoticias.com\/editor\/vigilar-al-extremo-a-contratistas-para-que-los-alimentos-lleguen-a-la-ninez-pide-petro-a-la-nueva-directora-del-icbf-astrid-caceres\/#breadcrumb","itemListElement":[{"@type":"ListItem","position":1,"name":"Portada","item":"https:\/\/luchonoticias.com\/editor\/"},{"@type":"ListItem","position":2,"name":"Vigilar al extremo a contratistas para que los alimentos lleguen a la ni\u00f1ez, pide Petro a la nueva Directora del ICBF, Astrid C\u00e1ceres"}]},{"@type":"WebSite","@id":"https:\/\/luchonoticias.com\/editor\/#website","url":"https:\/\/luchonoticias.com\/editor\/","name":"","description":"","publisher":{"@id":"https:\/\/luchonoticias.com\/editor\/#\/schema\/person\/7a7fd911f58561fd056dbac7b55af9cd"},"potentialAction":[{"@type":"SearchAction","target":{"@type":"EntryPoint","urlTemplate":"https:\/\/luchonoticias.com\/editor\/?s={search_term_string}"},"query-input":{"@type":"PropertyValueSpecification","valueRequired":true,"valueName":"search_term_string"}}],"inLanguage":"es"},{"@type":["Person","Organization"],"@id":"https:\/\/luchonoticias.com\/editor\/#\/schema\/person\/7a7fd911f58561fd056dbac7b55af9cd","name":"admin","image":{"@type":"ImageObject","inLanguage":"es","@id":"https:\/\/luchonoticias.com\/editor\/#\/schema\/person\/image\/","url":"https:\/\/luchonoticias.com\/editor\/wp-content\/uploads\/2024\/02\/cropped-cropped-logolu.webp","contentUrl":"https:\/\/luchonoticias.com\/editor\/wp-content\/uploads\/2024\/02\/cropped-cropped-logolu.webp","width":382,"height":170,"caption":"admin"},"logo":{"@id":"https:\/\/luchonoticias.com\/editor\/#\/schema\/person\/image\/"},"sameAs":["https:\/\/www.facebook.com\/luchonoticiasneiva"]},{"@type":"Person","@id":"https:\/\/luchonoticias.com\/editor\/#\/schema\/person\/29217990ddf6f14e35912b2866d591fb","name":"Editor General","image":{"@type":"ImageObject","inLanguage":"es","@id":"https:\/\/luchonoticias.com\/editor\/#\/schema\/person\/image\/","url":"https:\/\/luchonoticias.com\/editor\/wp-content\/uploads\/2024\/02\/cropped-cropped-logolu-150x150.webp","contentUrl":"https:\/\/luchonoticias.com\/editor\/wp-content\/uploads\/2024\/02\/cropped-cropped-logolu-150x150.webp","caption":"Editor General"},"sameAs":["https:\/\/luchonoticias.com\/"],"url":"https:\/\/luchonoticias.com\/editor\/author\/editor-general\/"}]}},"_links":{"self":[{"href":"https:\/\/luchonoticias.com\/editor\/wp-json\/wp\/v2\/posts\/48826","targetHints":{"allow":["GET"]}}],"collection":[{"href":"https:\/\/luchonoticias.com\/editor\/wp-json\/wp\/v2\/posts"}],"about":[{"href":"https:\/\/luchonoticias.com\/editor\/wp-json\/wp\/v2\/types\/post"}],"author":[{"embeddable":true,"href":"https:\/\/luchonoticias.com\/editor\/wp-json\/wp\/v2\/users\/2"}],"replies":[{"embeddable":true,"href":"https:\/\/luchonoticias.com\/editor\/wp-json\/wp\/v2\/comments?post=48826"}],"version-history":[{"count":0,"href":"https:\/\/luchonoticias.com\/editor\/wp-json\/wp\/v2\/posts\/48826\/revisions"}],"wp:attachment":[{"href":"https:\/\/luchonoticias.com\/editor\/wp-json\/wp\/v2\/media?parent=48826"}],"wp:term":[{"taxonomy":"category","embeddable":true,"href":"https:\/\/luchonoticias.com\/editor\/wp-json\/wp\/v2\/categories?post=48826"},{"taxonomy":"post_tag","embeddable":true,"href":"https:\/\/luchonoticias.com\/editor\/wp-json\/wp\/v2\/tags?post=48826"}],"curies":[{"name":"wp","href":"https:\/\/api.w.org\/{rel}","templated":true}]}}