{"id":48844,"date":"2023-03-22T17:40:26","date_gmt":"2023-03-22T22:40:26","guid":{"rendered":"https:\/\/luchonoticias.com\/?p=48844"},"modified":"2023-03-22T17:40:27","modified_gmt":"2023-03-22T22:40:27","slug":"policia-y-cti-dan-captura-a-los-presuntos-responsables-de-homicidio-de-joven-universitario","status":"publish","type":"post","link":"https:\/\/luchonoticias.com\/editor\/policia-y-cti-dan-captura-a-los-presuntos-responsables-de-homicidio-de-joven-universitario\/","title":{"rendered":"Polic\u00eda y CTI dan captura a los presuntos responsables de homicidio de joven universitario"},"content":{"rendered":"\n<p>Desde las instalaciones del Comando de la Polic\u00eda Metropolitana de Neiva, el se\u00f1or coronel Juan Pablo Ruiz Rodr\u00edguez, informa como en desarrollo del Plan Contra el Hurto Calificado y en trabajo articulado con la Fiscal\u00eda General de la Naci\u00f3n, se da captura a los presuntos responsables del homicidio del joven universitario Juli\u00e1n Mauricio Ram\u00edrez Bautista de 24 a\u00f1os, a quien, en un reprochable hecho, se le fue arrebata su vida en el barrio San Jorge de esta ciudad, el pasado 15 de febrero del a\u00f1o en curso.<\/p>\n\n\n\n<p>Es as\u00ed como gracias a un importante y articulado trabajo investigativo adelantado por la Fiscal\u00eda general de la Naci\u00f3n a trav\u00e9s de su Cuerpo T\u00e9cnico de Investigaci\u00f3n, unidades de la Seccional de Inteligencia Policial y el Grupo de Reacci\u00f3n FENIX, logran la captura de 2 personas por los delitos de Homicidio, Porte Ilegal de Armas de fuego y Hurto Calificado y Agravado, as\u00ed:<\/p>\n\n\n\n<p>1.&nbsp;&nbsp;&nbsp;&nbsp;&nbsp;&nbsp;&nbsp;&nbsp;&nbsp;&nbsp;&nbsp; Yeison Alejandro Narv\u00e1ez Ramos, \u201cLa Chilga\u201d, de 20 a\u00f1os, capturado mediante diligencia de allanamiento y registro en el barrio Altos de Piedra Marcada en el municipio de Aipe, quien registra anotaciones judiciales por los delitos homicidio, lesiones personales, tr\u00e1fico de estupefacientes, porte ilegal de armas de fuego y Hurto Calificado y Agravado.<\/p>\n\n\n\n<p>2.\u00a0\u00a0\u00a0\u00a0\u00a0\u00a0\u00a0\u00a0\u00a0\u00a0\u00a0 Luis Fernando Quintero Cruz, \u00abLuis\u00bb de 18 a\u00f1os de edad, capturado en Villa Garz\u00f3n (Putumayo), quien registra anotaciones judiciales por los delitos de homicidio, porte ilegal de armas de fuego y Hurto Calificado y Agravado, quien, de acuerdo a la actividad investigativa, se presume, fue la persona que accion\u00f3 el arma de fuego en contra de la humanidad del joven de 24 a\u00f1os.<\/p>\n\n\n\n<figure class=\"wp-block-image size-full\"><img decoding=\"async\" src=\"https:\/\/luchonoticias.com\/wp-content\/uploads\/2023\/03\/WhatsApp-Image-2023-03-22-at-2.10.32-PM.jpeg\" alt=\"\" class=\"wp-image-48846\"\/><\/figure>\n\n\n\n<p>Estos sujetos, gracias a la colaboraci\u00f3n de la comunidad a trav\u00e9s del aporte de informaci\u00f3n y el recaudo de material probatorio como entrevistas, reconocimientos fotogr\u00e1ficos, declaraciones juradas, an\u00e1lisis de c\u00e1maras de seguridad, b\u00fasqueda selectiva en bases de datos; se logra determinar su presunta responsabilidad en los hechos en los cuales perdiera la vida el joven de 24 a\u00f1os en momentos en que le hurtaban su motocicleta.<\/p>\n\n\n\n<p>Los capturados fueron dejados a disposici\u00f3n ante un juez de control de garant\u00edas, quien teniendo en cuenta el contundente material probatorio recolectado a lo largo de la investigaci\u00f3n, determino cobijarlos con medida de aseguramiento en establecimiento carcelario.<\/p>\n\n\n\n<figure class=\"wp-block-audio\"><audio controls src=\"https:\/\/luchonoticias.com\/wp-content\/uploads\/2023\/03\/37594ce0-afc1-4c9e-b0b1-840dbcd6a6fc.mp3\" autoplay><\/audio><figcaption class=\"wp-element-caption\">Coronel Juan Pablo Ruiz Rodr\u00edguez Comandante Polic\u00eda Metropolitana de Neiva.<\/figcaption><\/figure>\n\n\n\n<p>La polic\u00eda metropolitana de Neiva en cabeza de su comandante, agradece la informaci\u00f3n de la ciudadan\u00eda, que permiti\u00f3 adelantar de manera \u00e1gil y efectiva este proceso investigativo, logrando en un mes, el esclarecimiento de este lamentable hecho, que enluto a una familia Neivana.<\/p>\n","protected":false},"excerpt":{"rendered":"<p>Desde las instalaciones del Comando de la Polic\u00eda Metropolitana de Neiva, el se\u00f1or coronel Juan Pablo Ruiz Rodr\u00edguez, informa como en desarrollo del Plan Contra el Hurto Calificado y en trabajo articulado con la Fiscal\u00eda General de la Naci\u00f3n, se da captura a los presuntos responsables del homicidio del joven universitario Juli\u00e1n Mauricio Ram\u00edrez Bautista [&hellip;]<\/p>\n","protected":false},"author":2,"featured_media":0,"comment_status":"open","ping_status":"open","sticky":false,"template":"","format":"standard","meta":{"footnotes":""},"categories":[36,29],"tags":[],"class_list":["post-48844","post","type-post","status-publish","format-standard","hentry","category-destacado","category-judicial"],"yoast_head":"<!-- This site is optimized with the Yoast SEO plugin v26.6 - https:\/\/yoast.com\/wordpress\/plugins\/seo\/ -->\n<title>Polic\u00eda y CTI dan captura a los presuntos responsables de homicidio de joven universitario -<\/title>\n<meta name=\"robots\" content=\"index, follow, max-snippet:-1, max-image-preview:large, max-video-preview:-1\" \/>\n<link rel=\"canonical\" href=\"https:\/\/luchonoticias.com\/editor\/policia-y-cti-dan-captura-a-los-presuntos-responsables-de-homicidio-de-joven-universitario\/\" \/>\n<meta property=\"og:locale\" content=\"es_ES\" \/>\n<meta property=\"og:type\" content=\"article\" \/>\n<meta property=\"og:title\" content=\"Polic\u00eda y CTI dan captura a los presuntos responsables de homicidio de joven universitario -\" \/>\n<meta property=\"og:url\" content=\"https:\/\/luchonoticias.com\/editor\/policia-y-cti-dan-captura-a-los-presuntos-responsables-de-homicidio-de-joven-universitario\/\" \/>\n<meta property=\"article:publisher\" content=\"https:\/\/www.facebook.com\/luchonoticiasneiva\" \/>\n<meta property=\"article:published_time\" content=\"2023-03-22T22:40:26+00:00\" \/>\n<meta property=\"article:modified_time\" content=\"2023-03-22T22:40:27+00:00\" \/>\n<meta property=\"og:image\" content=\"https:\/\/luchonoticias.com\/wp-content\/uploads\/2023\/03\/WhatsApp-Image-2023-03-22-at-2.10.32-PM.jpeg\" \/>\n<meta name=\"author\" content=\"Editor General\" \/>\n<meta name=\"twitter:card\" content=\"summary_large_image\" \/>\n<meta name=\"twitter:label1\" content=\"Escrito por\" \/>\n\t<meta name=\"twitter:data1\" content=\"Editor General\" \/>\n\t<meta name=\"twitter:label2\" content=\"Tiempo de lectura\" \/>\n\t<meta name=\"twitter:data2\" content=\"2 minutos\" \/>\n<script type=\"application\/ld+json\" class=\"yoast-schema-graph\">{\"@context\":\"https:\/\/schema.org\",\"@graph\":[{\"@type\":\"Article\",\"@id\":\"https:\/\/luchonoticias.com\/editor\/policia-y-cti-dan-captura-a-los-presuntos-responsables-de-homicidio-de-joven-universitario\/#article\",\"isPartOf\":{\"@id\":\"https:\/\/luchonoticias.com\/editor\/policia-y-cti-dan-captura-a-los-presuntos-responsables-de-homicidio-de-joven-universitario\/\"},\"author\":{\"name\":\"Editor General\",\"@id\":\"https:\/\/luchonoticias.com\/editor\/#\/schema\/person\/29217990ddf6f14e35912b2866d591fb\"},\"headline\":\"Polic\u00eda y CTI dan captura a los presuntos responsables de homicidio de joven universitario\",\"datePublished\":\"2023-03-22T22:40:26+00:00\",\"dateModified\":\"2023-03-22T22:40:27+00:00\",\"mainEntityOfPage\":{\"@id\":\"https:\/\/luchonoticias.com\/editor\/policia-y-cti-dan-captura-a-los-presuntos-responsables-de-homicidio-de-joven-universitario\/\"},\"wordCount\":477,\"commentCount\":0,\"publisher\":{\"@id\":\"https:\/\/luchonoticias.com\/editor\/#\/schema\/person\/7a7fd911f58561fd056dbac7b55af9cd\"},\"image\":{\"@id\":\"https:\/\/luchonoticias.com\/editor\/policia-y-cti-dan-captura-a-los-presuntos-responsables-de-homicidio-de-joven-universitario\/#primaryimage\"},\"thumbnailUrl\":\"https:\/\/luchonoticias.com\/wp-content\/uploads\/2023\/03\/WhatsApp-Image-2023-03-22-at-2.10.32-PM.jpeg\",\"articleSection\":[\"Destacado\",\"Judicial\"],\"inLanguage\":\"es\",\"potentialAction\":[{\"@type\":\"CommentAction\",\"name\":\"Comment\",\"target\":[\"https:\/\/luchonoticias.com\/editor\/policia-y-cti-dan-captura-a-los-presuntos-responsables-de-homicidio-de-joven-universitario\/#respond\"]}]},{\"@type\":\"WebPage\",\"@id\":\"https:\/\/luchonoticias.com\/editor\/policia-y-cti-dan-captura-a-los-presuntos-responsables-de-homicidio-de-joven-universitario\/\",\"url\":\"https:\/\/luchonoticias.com\/editor\/policia-y-cti-dan-captura-a-los-presuntos-responsables-de-homicidio-de-joven-universitario\/\",\"name\":\"Polic\u00eda y CTI dan captura a los presuntos responsables de homicidio de joven universitario -\",\"isPartOf\":{\"@id\":\"https:\/\/luchonoticias.com\/editor\/#website\"},\"primaryImageOfPage\":{\"@id\":\"https:\/\/luchonoticias.com\/editor\/policia-y-cti-dan-captura-a-los-presuntos-responsables-de-homicidio-de-joven-universitario\/#primaryimage\"},\"image\":{\"@id\":\"https:\/\/luchonoticias.com\/editor\/policia-y-cti-dan-captura-a-los-presuntos-responsables-de-homicidio-de-joven-universitario\/#primaryimage\"},\"thumbnailUrl\":\"https:\/\/luchonoticias.com\/wp-content\/uploads\/2023\/03\/WhatsApp-Image-2023-03-22-at-2.10.32-PM.jpeg\",\"datePublished\":\"2023-03-22T22:40:26+00:00\",\"dateModified\":\"2023-03-22T22:40:27+00:00\",\"breadcrumb\":{\"@id\":\"https:\/\/luchonoticias.com\/editor\/policia-y-cti-dan-captura-a-los-presuntos-responsables-de-homicidio-de-joven-universitario\/#breadcrumb\"},\"inLanguage\":\"es\",\"potentialAction\":[{\"@type\":\"ReadAction\",\"target\":[\"https:\/\/luchonoticias.com\/editor\/policia-y-cti-dan-captura-a-los-presuntos-responsables-de-homicidio-de-joven-universitario\/\"]}]},{\"@type\":\"ImageObject\",\"inLanguage\":\"es\",\"@id\":\"https:\/\/luchonoticias.com\/editor\/policia-y-cti-dan-captura-a-los-presuntos-responsables-de-homicidio-de-joven-universitario\/#primaryimage\",\"url\":\"https:\/\/luchonoticias.com\/wp-content\/uploads\/2023\/03\/WhatsApp-Image-2023-03-22-at-2.10.32-PM.jpeg\",\"contentUrl\":\"https:\/\/luchonoticias.com\/wp-content\/uploads\/2023\/03\/WhatsApp-Image-2023-03-22-at-2.10.32-PM.jpeg\"},{\"@type\":\"BreadcrumbList\",\"@id\":\"https:\/\/luchonoticias.com\/editor\/policia-y-cti-dan-captura-a-los-presuntos-responsables-de-homicidio-de-joven-universitario\/#breadcrumb\",\"itemListElement\":[{\"@type\":\"ListItem\",\"position\":1,\"name\":\"Portada\",\"item\":\"https:\/\/luchonoticias.com\/editor\/\"},{\"@type\":\"ListItem\",\"position\":2,\"name\":\"Polic\u00eda y CTI dan captura a los presuntos responsables de homicidio de joven universitario\"}]},{\"@type\":\"WebSite\",\"@id\":\"https:\/\/luchonoticias.com\/editor\/#website\",\"url\":\"https:\/\/luchonoticias.com\/editor\/\",\"name\":\"\",\"description\":\"\",\"publisher\":{\"@id\":\"https:\/\/luchonoticias.com\/editor\/#\/schema\/person\/7a7fd911f58561fd056dbac7b55af9cd\"},\"potentialAction\":[{\"@type\":\"SearchAction\",\"target\":{\"@type\":\"EntryPoint\",\"urlTemplate\":\"https:\/\/luchonoticias.com\/editor\/?s={search_term_string}\"},\"query-input\":{\"@type\":\"PropertyValueSpecification\",\"valueRequired\":true,\"valueName\":\"search_term_string\"}}],\"inLanguage\":\"es\"},{\"@type\":[\"Person\",\"Organization\"],\"@id\":\"https:\/\/luchonoticias.com\/editor\/#\/schema\/person\/7a7fd911f58561fd056dbac7b55af9cd\",\"name\":\"admin\",\"image\":{\"@type\":\"ImageObject\",\"inLanguage\":\"es\",\"@id\":\"https:\/\/luchonoticias.com\/editor\/#\/schema\/person\/image\/\",\"url\":\"https:\/\/luchonoticias.com\/editor\/wp-content\/uploads\/2024\/02\/cropped-cropped-logolu.webp\",\"contentUrl\":\"https:\/\/luchonoticias.com\/editor\/wp-content\/uploads\/2024\/02\/cropped-cropped-logolu.webp\",\"width\":382,\"height\":170,\"caption\":\"admin\"},\"logo\":{\"@id\":\"https:\/\/luchonoticias.com\/editor\/#\/schema\/person\/image\/\"},\"sameAs\":[\"https:\/\/www.facebook.com\/luchonoticiasneiva\"]},{\"@type\":\"Person\",\"@id\":\"https:\/\/luchonoticias.com\/editor\/#\/schema\/person\/29217990ddf6f14e35912b2866d591fb\",\"name\":\"Editor General\",\"image\":{\"@type\":\"ImageObject\",\"inLanguage\":\"es\",\"@id\":\"https:\/\/luchonoticias.com\/editor\/#\/schema\/person\/image\/\",\"url\":\"https:\/\/luchonoticias.com\/editor\/wp-content\/uploads\/2024\/02\/cropped-cropped-logolu-150x150.webp\",\"contentUrl\":\"https:\/\/luchonoticias.com\/editor\/wp-content\/uploads\/2024\/02\/cropped-cropped-logolu-150x150.webp\",\"caption\":\"Editor General\"},\"sameAs\":[\"https:\/\/luchonoticias.com\/\"],\"url\":\"https:\/\/luchonoticias.com\/editor\/author\/editor-general\/\"}]}<\/script>\n<!-- \/ Yoast SEO plugin. -->","yoast_head_json":{"title":"Polic\u00eda y CTI dan captura a los presuntos responsables de homicidio de joven universitario -","robots":{"index":"index","follow":"follow","max-snippet":"max-snippet:-1","max-image-preview":"max-image-preview:large","max-video-preview":"max-video-preview:-1"},"canonical":"https:\/\/luchonoticias.com\/editor\/policia-y-cti-dan-captura-a-los-presuntos-responsables-de-homicidio-de-joven-universitario\/","og_locale":"es_ES","og_type":"article","og_title":"Polic\u00eda y CTI dan captura a los presuntos responsables de homicidio de joven universitario -","og_url":"https:\/\/luchonoticias.com\/editor\/policia-y-cti-dan-captura-a-los-presuntos-responsables-de-homicidio-de-joven-universitario\/","article_publisher":"https:\/\/www.facebook.com\/luchonoticiasneiva","article_published_time":"2023-03-22T22:40:26+00:00","article_modified_time":"2023-03-22T22:40:27+00:00","og_image":[{"url":"https:\/\/luchonoticias.com\/wp-content\/uploads\/2023\/03\/WhatsApp-Image-2023-03-22-at-2.10.32-PM.jpeg","type":"","width":"","height":""}],"author":"Editor General","twitter_card":"summary_large_image","twitter_misc":{"Escrito por":"Editor General","Tiempo de lectura":"2 minutos"},"schema":{"@context":"https:\/\/schema.org","@graph":[{"@type":"Article","@id":"https:\/\/luchonoticias.com\/editor\/policia-y-cti-dan-captura-a-los-presuntos-responsables-de-homicidio-de-joven-universitario\/#article","isPartOf":{"@id":"https:\/\/luchonoticias.com\/editor\/policia-y-cti-dan-captura-a-los-presuntos-responsables-de-homicidio-de-joven-universitario\/"},"author":{"name":"Editor General","@id":"https:\/\/luchonoticias.com\/editor\/#\/schema\/person\/29217990ddf6f14e35912b2866d591fb"},"headline":"Polic\u00eda y CTI dan captura a los presuntos responsables de homicidio de joven universitario","datePublished":"2023-03-22T22:40:26+00:00","dateModified":"2023-03-22T22:40:27+00:00","mainEntityOfPage":{"@id":"https:\/\/luchonoticias.com\/editor\/policia-y-cti-dan-captura-a-los-presuntos-responsables-de-homicidio-de-joven-universitario\/"},"wordCount":477,"commentCount":0,"publisher":{"@id":"https:\/\/luchonoticias.com\/editor\/#\/schema\/person\/7a7fd911f58561fd056dbac7b55af9cd"},"image":{"@id":"https:\/\/luchonoticias.com\/editor\/policia-y-cti-dan-captura-a-los-presuntos-responsables-de-homicidio-de-joven-universitario\/#primaryimage"},"thumbnailUrl":"https:\/\/luchonoticias.com\/wp-content\/uploads\/2023\/03\/WhatsApp-Image-2023-03-22-at-2.10.32-PM.jpeg","articleSection":["Destacado","Judicial"],"inLanguage":"es","potentialAction":[{"@type":"CommentAction","name":"Comment","target":["https:\/\/luchonoticias.com\/editor\/policia-y-cti-dan-captura-a-los-presuntos-responsables-de-homicidio-de-joven-universitario\/#respond"]}]},{"@type":"WebPage","@id":"https:\/\/luchonoticias.com\/editor\/policia-y-cti-dan-captura-a-los-presuntos-responsables-de-homicidio-de-joven-universitario\/","url":"https:\/\/luchonoticias.com\/editor\/policia-y-cti-dan-captura-a-los-presuntos-responsables-de-homicidio-de-joven-universitario\/","name":"Polic\u00eda y CTI dan captura a los presuntos responsables de homicidio de joven universitario -","isPartOf":{"@id":"https:\/\/luchonoticias.com\/editor\/#website"},"primaryImageOfPage":{"@id":"https:\/\/luchonoticias.com\/editor\/policia-y-cti-dan-captura-a-los-presuntos-responsables-de-homicidio-de-joven-universitario\/#primaryimage"},"image":{"@id":"https:\/\/luchonoticias.com\/editor\/policia-y-cti-dan-captura-a-los-presuntos-responsables-de-homicidio-de-joven-universitario\/#primaryimage"},"thumbnailUrl":"https:\/\/luchonoticias.com\/wp-content\/uploads\/2023\/03\/WhatsApp-Image-2023-03-22-at-2.10.32-PM.jpeg","datePublished":"2023-03-22T22:40:26+00:00","dateModified":"2023-03-22T22:40:27+00:00","breadcrumb":{"@id":"https:\/\/luchonoticias.com\/editor\/policia-y-cti-dan-captura-a-los-presuntos-responsables-de-homicidio-de-joven-universitario\/#breadcrumb"},"inLanguage":"es","potentialAction":[{"@type":"ReadAction","target":["https:\/\/luchonoticias.com\/editor\/policia-y-cti-dan-captura-a-los-presuntos-responsables-de-homicidio-de-joven-universitario\/"]}]},{"@type":"ImageObject","inLanguage":"es","@id":"https:\/\/luchonoticias.com\/editor\/policia-y-cti-dan-captura-a-los-presuntos-responsables-de-homicidio-de-joven-universitario\/#primaryimage","url":"https:\/\/luchonoticias.com\/wp-content\/uploads\/2023\/03\/WhatsApp-Image-2023-03-22-at-2.10.32-PM.jpeg","contentUrl":"https:\/\/luchonoticias.com\/wp-content\/uploads\/2023\/03\/WhatsApp-Image-2023-03-22-at-2.10.32-PM.jpeg"},{"@type":"BreadcrumbList","@id":"https:\/\/luchonoticias.com\/editor\/policia-y-cti-dan-captura-a-los-presuntos-responsables-de-homicidio-de-joven-universitario\/#breadcrumb","itemListElement":[{"@type":"ListItem","position":1,"name":"Portada","item":"https:\/\/luchonoticias.com\/editor\/"},{"@type":"ListItem","position":2,"name":"Polic\u00eda y CTI dan captura a los presuntos responsables de homicidio de joven universitario"}]},{"@type":"WebSite","@id":"https:\/\/luchonoticias.com\/editor\/#website","url":"https:\/\/luchonoticias.com\/editor\/","name":"","description":"","publisher":{"@id":"https:\/\/luchonoticias.com\/editor\/#\/schema\/person\/7a7fd911f58561fd056dbac7b55af9cd"},"potentialAction":[{"@type":"SearchAction","target":{"@type":"EntryPoint","urlTemplate":"https:\/\/luchonoticias.com\/editor\/?s={search_term_string}"},"query-input":{"@type":"PropertyValueSpecification","valueRequired":true,"valueName":"search_term_string"}}],"inLanguage":"es"},{"@type":["Person","Organization"],"@id":"https:\/\/luchonoticias.com\/editor\/#\/schema\/person\/7a7fd911f58561fd056dbac7b55af9cd","name":"admin","image":{"@type":"ImageObject","inLanguage":"es","@id":"https:\/\/luchonoticias.com\/editor\/#\/schema\/person\/image\/","url":"https:\/\/luchonoticias.com\/editor\/wp-content\/uploads\/2024\/02\/cropped-cropped-logolu.webp","contentUrl":"https:\/\/luchonoticias.com\/editor\/wp-content\/uploads\/2024\/02\/cropped-cropped-logolu.webp","width":382,"height":170,"caption":"admin"},"logo":{"@id":"https:\/\/luchonoticias.com\/editor\/#\/schema\/person\/image\/"},"sameAs":["https:\/\/www.facebook.com\/luchonoticiasneiva"]},{"@type":"Person","@id":"https:\/\/luchonoticias.com\/editor\/#\/schema\/person\/29217990ddf6f14e35912b2866d591fb","name":"Editor General","image":{"@type":"ImageObject","inLanguage":"es","@id":"https:\/\/luchonoticias.com\/editor\/#\/schema\/person\/image\/","url":"https:\/\/luchonoticias.com\/editor\/wp-content\/uploads\/2024\/02\/cropped-cropped-logolu-150x150.webp","contentUrl":"https:\/\/luchonoticias.com\/editor\/wp-content\/uploads\/2024\/02\/cropped-cropped-logolu-150x150.webp","caption":"Editor General"},"sameAs":["https:\/\/luchonoticias.com\/"],"url":"https:\/\/luchonoticias.com\/editor\/author\/editor-general\/"}]}},"_links":{"self":[{"href":"https:\/\/luchonoticias.com\/editor\/wp-json\/wp\/v2\/posts\/48844","targetHints":{"allow":["GET"]}}],"collection":[{"href":"https:\/\/luchonoticias.com\/editor\/wp-json\/wp\/v2\/posts"}],"about":[{"href":"https:\/\/luchonoticias.com\/editor\/wp-json\/wp\/v2\/types\/post"}],"author":[{"embeddable":true,"href":"https:\/\/luchonoticias.com\/editor\/wp-json\/wp\/v2\/users\/2"}],"replies":[{"embeddable":true,"href":"https:\/\/luchonoticias.com\/editor\/wp-json\/wp\/v2\/comments?post=48844"}],"version-history":[{"count":0,"href":"https:\/\/luchonoticias.com\/editor\/wp-json\/wp\/v2\/posts\/48844\/revisions"}],"wp:attachment":[{"href":"https:\/\/luchonoticias.com\/editor\/wp-json\/wp\/v2\/media?parent=48844"}],"wp:term":[{"taxonomy":"category","embeddable":true,"href":"https:\/\/luchonoticias.com\/editor\/wp-json\/wp\/v2\/categories?post=48844"},{"taxonomy":"post_tag","embeddable":true,"href":"https:\/\/luchonoticias.com\/editor\/wp-json\/wp\/v2\/tags?post=48844"}],"curies":[{"name":"wp","href":"https:\/\/api.w.org\/{rel}","templated":true}]}}