{"id":48849,"date":"2023-03-22T17:43:08","date_gmt":"2023-03-22T22:43:08","guid":{"rendered":"https:\/\/luchonoticias.com\/?p=48849"},"modified":"2023-03-22T17:43:10","modified_gmt":"2023-03-22T22:43:10","slug":"policia-de-infancia-y-adolescencia-realiza-actividades-de-prevencion-en-la-capital-huilense","status":"publish","type":"post","link":"https:\/\/luchonoticias.com\/editor\/policia-de-infancia-y-adolescencia-realiza-actividades-de-prevencion-en-la-capital-huilense\/","title":{"rendered":"Polic\u00eda de Infancia y Adolescencia realiza actividades de prevenci\u00f3n en la Capital Huilense"},"content":{"rendered":"\n<p>La Polic\u00eda Nacional a trav\u00e9s del grupo de Protecci\u00f3n a la Infancia y Adolescencia viene realizando diferentes actividades que buscan generar conciencia en la protecci\u00f3n de nuestros ni\u00f1os, ni\u00f1as y adolescentes.<\/p>\n\n\n\n<p>Con volantes los uniformados del grupo de Protecci\u00f3n a la Infancia y Adolescencia grupo de Protecci\u00f3n al turismo y patrimonio nacional, el grupo de Gesti\u00f3n Comunitaria y la Seccional de Investigaci\u00f3n Criminal SIJIN recorren las diferentes calles de la ciudad, sensibilizando a la ciudadan\u00eda sobre la prevenci\u00f3n de la violencia intrafamiliar, dando a conocer las rutas de atenci\u00f3n y los signos de alarma qu\u00e9 hay que tener en cuenta al momento en el que se vea involucrado en un hecho de violencia o cometiendo comportamientos contrarios a la convivencia.<\/p>\n\n\n\n<figure class=\"wp-block-gallery has-nested-images columns-default is-cropped wp-block-gallery-1 is-layout-flex wp-block-gallery-is-layout-flex\">\n<figure class=\"wp-block-image size-large\"><img decoding=\"async\" data-id=\"48852\" src=\"https:\/\/luchonoticias.com\/wp-content\/uploads\/2023\/03\/WhatsApp-Image-2023-03-22-at-4.42.32-PM-2.jpeg\" alt=\"\" class=\"wp-image-48852\"\/><\/figure>\n\n\n\n<figure class=\"wp-block-image size-large\"><img decoding=\"async\" data-id=\"48853\" src=\"https:\/\/luchonoticias.com\/wp-content\/uploads\/2023\/03\/WhatsApp-Image-2023-03-22-at-4.42.32-PM.jpeg\" alt=\"\" class=\"wp-image-48853\"\/><\/figure>\n\n\n\n<figure class=\"wp-block-image size-large\"><img decoding=\"async\" data-id=\"48851\" src=\"https:\/\/luchonoticias.com\/wp-content\/uploads\/2023\/03\/WhatsApp-Image-2023-03-22-at-4.42.31-PM.jpeg\" alt=\"\" class=\"wp-image-48851\"\/><\/figure>\n<\/figure>\n\n\n\n<p>De igual forma se da a conocer las l\u00edneas de atenci\u00f3n, como la 123 qu\u00e9 es la de emergencia, la l\u00ednea 141 del ICBF o el numero telef\u00f3nico 3102069032 de la patrulla de infancia y adolescencia las 24 horas del d\u00eda.<\/p>\n\n\n\n<p>La Polic\u00eda Nacional hace extensiva la invitaci\u00f3n a denunciar cualquier caso de vulneraci\u00f3n de derechos de nuestros ni\u00f1os, ni\u00f1as y adolescentes.<\/p>\n","protected":false},"excerpt":{"rendered":"<p>La Polic\u00eda Nacional a trav\u00e9s del grupo de Protecci\u00f3n a la Infancia y Adolescencia viene realizando diferentes actividades que buscan generar conciencia en la protecci\u00f3n de nuestros ni\u00f1os, ni\u00f1as y adolescentes. Con volantes los uniformados del grupo de Protecci\u00f3n a la Infancia y Adolescencia grupo de Protecci\u00f3n al turismo y patrimonio nacional, el grupo de [&hellip;]<\/p>\n","protected":false},"author":2,"featured_media":0,"comment_status":"open","ping_status":"open","sticky":false,"template":"","format":"standard","meta":{"footnotes":""},"categories":[3961,36],"tags":[],"class_list":["post-48849","post","type-post","status-publish","format-standard","hentry","category-comunidad","category-destacado"],"yoast_head":"<!-- This site is optimized with the Yoast SEO plugin v26.6 - https:\/\/yoast.com\/wordpress\/plugins\/seo\/ -->\n<title>Polic\u00eda de Infancia y Adolescencia realiza actividades de prevenci\u00f3n en la Capital Huilense -<\/title>\n<meta name=\"robots\" content=\"index, follow, max-snippet:-1, max-image-preview:large, max-video-preview:-1\" \/>\n<link rel=\"canonical\" href=\"https:\/\/luchonoticias.com\/editor\/policia-de-infancia-y-adolescencia-realiza-actividades-de-prevencion-en-la-capital-huilense\/\" \/>\n<meta property=\"og:locale\" content=\"es_ES\" \/>\n<meta property=\"og:type\" content=\"article\" \/>\n<meta property=\"og:title\" content=\"Polic\u00eda de Infancia y Adolescencia realiza actividades de prevenci\u00f3n en la Capital Huilense -\" \/>\n<meta property=\"og:url\" content=\"https:\/\/luchonoticias.com\/editor\/policia-de-infancia-y-adolescencia-realiza-actividades-de-prevencion-en-la-capital-huilense\/\" \/>\n<meta property=\"article:publisher\" content=\"https:\/\/www.facebook.com\/luchonoticiasneiva\" \/>\n<meta property=\"article:published_time\" content=\"2023-03-22T22:43:08+00:00\" \/>\n<meta property=\"article:modified_time\" content=\"2023-03-22T22:43:10+00:00\" \/>\n<meta property=\"og:image\" content=\"https:\/\/luchonoticias.com\/wp-content\/uploads\/2023\/03\/WhatsApp-Image-2023-03-22-at-4.42.32-PM-2.jpeg\" \/>\n<meta name=\"author\" content=\"Editor General\" \/>\n<meta name=\"twitter:card\" content=\"summary_large_image\" \/>\n<meta name=\"twitter:label1\" content=\"Escrito por\" \/>\n\t<meta name=\"twitter:data1\" content=\"Editor General\" \/>\n\t<meta name=\"twitter:label2\" content=\"Tiempo de lectura\" \/>\n\t<meta name=\"twitter:data2\" content=\"1 minuto\" \/>\n<script type=\"application\/ld+json\" class=\"yoast-schema-graph\">{\"@context\":\"https:\/\/schema.org\",\"@graph\":[{\"@type\":\"Article\",\"@id\":\"https:\/\/luchonoticias.com\/editor\/policia-de-infancia-y-adolescencia-realiza-actividades-de-prevencion-en-la-capital-huilense\/#article\",\"isPartOf\":{\"@id\":\"https:\/\/luchonoticias.com\/editor\/policia-de-infancia-y-adolescencia-realiza-actividades-de-prevencion-en-la-capital-huilense\/\"},\"author\":{\"name\":\"Editor General\",\"@id\":\"https:\/\/luchonoticias.com\/editor\/#\/schema\/person\/29217990ddf6f14e35912b2866d591fb\"},\"headline\":\"Polic\u00eda de Infancia y Adolescencia realiza actividades de prevenci\u00f3n en la Capital Huilense\",\"datePublished\":\"2023-03-22T22:43:08+00:00\",\"dateModified\":\"2023-03-22T22:43:10+00:00\",\"mainEntityOfPage\":{\"@id\":\"https:\/\/luchonoticias.com\/editor\/policia-de-infancia-y-adolescencia-realiza-actividades-de-prevencion-en-la-capital-huilense\/\"},\"wordCount\":216,\"commentCount\":0,\"publisher\":{\"@id\":\"https:\/\/luchonoticias.com\/editor\/#\/schema\/person\/7a7fd911f58561fd056dbac7b55af9cd\"},\"image\":{\"@id\":\"https:\/\/luchonoticias.com\/editor\/policia-de-infancia-y-adolescencia-realiza-actividades-de-prevencion-en-la-capital-huilense\/#primaryimage\"},\"thumbnailUrl\":\"https:\/\/luchonoticias.com\/wp-content\/uploads\/2023\/03\/WhatsApp-Image-2023-03-22-at-4.42.32-PM-2.jpeg\",\"articleSection\":[\"Comunidad\",\"Destacado\"],\"inLanguage\":\"es\",\"potentialAction\":[{\"@type\":\"CommentAction\",\"name\":\"Comment\",\"target\":[\"https:\/\/luchonoticias.com\/editor\/policia-de-infancia-y-adolescencia-realiza-actividades-de-prevencion-en-la-capital-huilense\/#respond\"]}]},{\"@type\":\"WebPage\",\"@id\":\"https:\/\/luchonoticias.com\/editor\/policia-de-infancia-y-adolescencia-realiza-actividades-de-prevencion-en-la-capital-huilense\/\",\"url\":\"https:\/\/luchonoticias.com\/editor\/policia-de-infancia-y-adolescencia-realiza-actividades-de-prevencion-en-la-capital-huilense\/\",\"name\":\"Polic\u00eda de Infancia y Adolescencia realiza actividades de prevenci\u00f3n en la Capital Huilense -\",\"isPartOf\":{\"@id\":\"https:\/\/luchonoticias.com\/editor\/#website\"},\"primaryImageOfPage\":{\"@id\":\"https:\/\/luchonoticias.com\/editor\/policia-de-infancia-y-adolescencia-realiza-actividades-de-prevencion-en-la-capital-huilense\/#primaryimage\"},\"image\":{\"@id\":\"https:\/\/luchonoticias.com\/editor\/policia-de-infancia-y-adolescencia-realiza-actividades-de-prevencion-en-la-capital-huilense\/#primaryimage\"},\"thumbnailUrl\":\"https:\/\/luchonoticias.com\/wp-content\/uploads\/2023\/03\/WhatsApp-Image-2023-03-22-at-4.42.32-PM-2.jpeg\",\"datePublished\":\"2023-03-22T22:43:08+00:00\",\"dateModified\":\"2023-03-22T22:43:10+00:00\",\"breadcrumb\":{\"@id\":\"https:\/\/luchonoticias.com\/editor\/policia-de-infancia-y-adolescencia-realiza-actividades-de-prevencion-en-la-capital-huilense\/#breadcrumb\"},\"inLanguage\":\"es\",\"potentialAction\":[{\"@type\":\"ReadAction\",\"target\":[\"https:\/\/luchonoticias.com\/editor\/policia-de-infancia-y-adolescencia-realiza-actividades-de-prevencion-en-la-capital-huilense\/\"]}]},{\"@type\":\"ImageObject\",\"inLanguage\":\"es\",\"@id\":\"https:\/\/luchonoticias.com\/editor\/policia-de-infancia-y-adolescencia-realiza-actividades-de-prevencion-en-la-capital-huilense\/#primaryimage\",\"url\":\"https:\/\/luchonoticias.com\/wp-content\/uploads\/2023\/03\/WhatsApp-Image-2023-03-22-at-4.42.32-PM-2.jpeg\",\"contentUrl\":\"https:\/\/luchonoticias.com\/wp-content\/uploads\/2023\/03\/WhatsApp-Image-2023-03-22-at-4.42.32-PM-2.jpeg\"},{\"@type\":\"BreadcrumbList\",\"@id\":\"https:\/\/luchonoticias.com\/editor\/policia-de-infancia-y-adolescencia-realiza-actividades-de-prevencion-en-la-capital-huilense\/#breadcrumb\",\"itemListElement\":[{\"@type\":\"ListItem\",\"position\":1,\"name\":\"Portada\",\"item\":\"https:\/\/luchonoticias.com\/editor\/\"},{\"@type\":\"ListItem\",\"position\":2,\"name\":\"Polic\u00eda de Infancia y Adolescencia realiza actividades de prevenci\u00f3n en la Capital Huilense\"}]},{\"@type\":\"WebSite\",\"@id\":\"https:\/\/luchonoticias.com\/editor\/#website\",\"url\":\"https:\/\/luchonoticias.com\/editor\/\",\"name\":\"\",\"description\":\"\",\"publisher\":{\"@id\":\"https:\/\/luchonoticias.com\/editor\/#\/schema\/person\/7a7fd911f58561fd056dbac7b55af9cd\"},\"potentialAction\":[{\"@type\":\"SearchAction\",\"target\":{\"@type\":\"EntryPoint\",\"urlTemplate\":\"https:\/\/luchonoticias.com\/editor\/?s={search_term_string}\"},\"query-input\":{\"@type\":\"PropertyValueSpecification\",\"valueRequired\":true,\"valueName\":\"search_term_string\"}}],\"inLanguage\":\"es\"},{\"@type\":[\"Person\",\"Organization\"],\"@id\":\"https:\/\/luchonoticias.com\/editor\/#\/schema\/person\/7a7fd911f58561fd056dbac7b55af9cd\",\"name\":\"admin\",\"image\":{\"@type\":\"ImageObject\",\"inLanguage\":\"es\",\"@id\":\"https:\/\/luchonoticias.com\/editor\/#\/schema\/person\/image\/\",\"url\":\"https:\/\/luchonoticias.com\/editor\/wp-content\/uploads\/2024\/02\/cropped-cropped-logolu.webp\",\"contentUrl\":\"https:\/\/luchonoticias.com\/editor\/wp-content\/uploads\/2024\/02\/cropped-cropped-logolu.webp\",\"width\":382,\"height\":170,\"caption\":\"admin\"},\"logo\":{\"@id\":\"https:\/\/luchonoticias.com\/editor\/#\/schema\/person\/image\/\"},\"sameAs\":[\"https:\/\/www.facebook.com\/luchonoticiasneiva\"]},{\"@type\":\"Person\",\"@id\":\"https:\/\/luchonoticias.com\/editor\/#\/schema\/person\/29217990ddf6f14e35912b2866d591fb\",\"name\":\"Editor General\",\"image\":{\"@type\":\"ImageObject\",\"inLanguage\":\"es\",\"@id\":\"https:\/\/luchonoticias.com\/editor\/#\/schema\/person\/image\/\",\"url\":\"https:\/\/luchonoticias.com\/editor\/wp-content\/uploads\/2024\/02\/cropped-cropped-logolu-150x150.webp\",\"contentUrl\":\"https:\/\/luchonoticias.com\/editor\/wp-content\/uploads\/2024\/02\/cropped-cropped-logolu-150x150.webp\",\"caption\":\"Editor General\"},\"sameAs\":[\"https:\/\/luchonoticias.com\/\"],\"url\":\"https:\/\/luchonoticias.com\/editor\/author\/editor-general\/\"}]}<\/script>\n<!-- \/ Yoast SEO plugin. -->","yoast_head_json":{"title":"Polic\u00eda de Infancia y Adolescencia realiza actividades de prevenci\u00f3n en la Capital Huilense -","robots":{"index":"index","follow":"follow","max-snippet":"max-snippet:-1","max-image-preview":"max-image-preview:large","max-video-preview":"max-video-preview:-1"},"canonical":"https:\/\/luchonoticias.com\/editor\/policia-de-infancia-y-adolescencia-realiza-actividades-de-prevencion-en-la-capital-huilense\/","og_locale":"es_ES","og_type":"article","og_title":"Polic\u00eda de Infancia y Adolescencia realiza actividades de prevenci\u00f3n en la Capital Huilense -","og_url":"https:\/\/luchonoticias.com\/editor\/policia-de-infancia-y-adolescencia-realiza-actividades-de-prevencion-en-la-capital-huilense\/","article_publisher":"https:\/\/www.facebook.com\/luchonoticiasneiva","article_published_time":"2023-03-22T22:43:08+00:00","article_modified_time":"2023-03-22T22:43:10+00:00","og_image":[{"url":"https:\/\/luchonoticias.com\/wp-content\/uploads\/2023\/03\/WhatsApp-Image-2023-03-22-at-4.42.32-PM-2.jpeg","type":"","width":"","height":""}],"author":"Editor General","twitter_card":"summary_large_image","twitter_misc":{"Escrito por":"Editor General","Tiempo de lectura":"1 minuto"},"schema":{"@context":"https:\/\/schema.org","@graph":[{"@type":"Article","@id":"https:\/\/luchonoticias.com\/editor\/policia-de-infancia-y-adolescencia-realiza-actividades-de-prevencion-en-la-capital-huilense\/#article","isPartOf":{"@id":"https:\/\/luchonoticias.com\/editor\/policia-de-infancia-y-adolescencia-realiza-actividades-de-prevencion-en-la-capital-huilense\/"},"author":{"name":"Editor General","@id":"https:\/\/luchonoticias.com\/editor\/#\/schema\/person\/29217990ddf6f14e35912b2866d591fb"},"headline":"Polic\u00eda de Infancia y Adolescencia realiza actividades de prevenci\u00f3n en la Capital Huilense","datePublished":"2023-03-22T22:43:08+00:00","dateModified":"2023-03-22T22:43:10+00:00","mainEntityOfPage":{"@id":"https:\/\/luchonoticias.com\/editor\/policia-de-infancia-y-adolescencia-realiza-actividades-de-prevencion-en-la-capital-huilense\/"},"wordCount":216,"commentCount":0,"publisher":{"@id":"https:\/\/luchonoticias.com\/editor\/#\/schema\/person\/7a7fd911f58561fd056dbac7b55af9cd"},"image":{"@id":"https:\/\/luchonoticias.com\/editor\/policia-de-infancia-y-adolescencia-realiza-actividades-de-prevencion-en-la-capital-huilense\/#primaryimage"},"thumbnailUrl":"https:\/\/luchonoticias.com\/wp-content\/uploads\/2023\/03\/WhatsApp-Image-2023-03-22-at-4.42.32-PM-2.jpeg","articleSection":["Comunidad","Destacado"],"inLanguage":"es","potentialAction":[{"@type":"CommentAction","name":"Comment","target":["https:\/\/luchonoticias.com\/editor\/policia-de-infancia-y-adolescencia-realiza-actividades-de-prevencion-en-la-capital-huilense\/#respond"]}]},{"@type":"WebPage","@id":"https:\/\/luchonoticias.com\/editor\/policia-de-infancia-y-adolescencia-realiza-actividades-de-prevencion-en-la-capital-huilense\/","url":"https:\/\/luchonoticias.com\/editor\/policia-de-infancia-y-adolescencia-realiza-actividades-de-prevencion-en-la-capital-huilense\/","name":"Polic\u00eda de Infancia y Adolescencia realiza actividades de prevenci\u00f3n en la Capital Huilense -","isPartOf":{"@id":"https:\/\/luchonoticias.com\/editor\/#website"},"primaryImageOfPage":{"@id":"https:\/\/luchonoticias.com\/editor\/policia-de-infancia-y-adolescencia-realiza-actividades-de-prevencion-en-la-capital-huilense\/#primaryimage"},"image":{"@id":"https:\/\/luchonoticias.com\/editor\/policia-de-infancia-y-adolescencia-realiza-actividades-de-prevencion-en-la-capital-huilense\/#primaryimage"},"thumbnailUrl":"https:\/\/luchonoticias.com\/wp-content\/uploads\/2023\/03\/WhatsApp-Image-2023-03-22-at-4.42.32-PM-2.jpeg","datePublished":"2023-03-22T22:43:08+00:00","dateModified":"2023-03-22T22:43:10+00:00","breadcrumb":{"@id":"https:\/\/luchonoticias.com\/editor\/policia-de-infancia-y-adolescencia-realiza-actividades-de-prevencion-en-la-capital-huilense\/#breadcrumb"},"inLanguage":"es","potentialAction":[{"@type":"ReadAction","target":["https:\/\/luchonoticias.com\/editor\/policia-de-infancia-y-adolescencia-realiza-actividades-de-prevencion-en-la-capital-huilense\/"]}]},{"@type":"ImageObject","inLanguage":"es","@id":"https:\/\/luchonoticias.com\/editor\/policia-de-infancia-y-adolescencia-realiza-actividades-de-prevencion-en-la-capital-huilense\/#primaryimage","url":"https:\/\/luchonoticias.com\/wp-content\/uploads\/2023\/03\/WhatsApp-Image-2023-03-22-at-4.42.32-PM-2.jpeg","contentUrl":"https:\/\/luchonoticias.com\/wp-content\/uploads\/2023\/03\/WhatsApp-Image-2023-03-22-at-4.42.32-PM-2.jpeg"},{"@type":"BreadcrumbList","@id":"https:\/\/luchonoticias.com\/editor\/policia-de-infancia-y-adolescencia-realiza-actividades-de-prevencion-en-la-capital-huilense\/#breadcrumb","itemListElement":[{"@type":"ListItem","position":1,"name":"Portada","item":"https:\/\/luchonoticias.com\/editor\/"},{"@type":"ListItem","position":2,"name":"Polic\u00eda de Infancia y Adolescencia realiza actividades de prevenci\u00f3n en la Capital Huilense"}]},{"@type":"WebSite","@id":"https:\/\/luchonoticias.com\/editor\/#website","url":"https:\/\/luchonoticias.com\/editor\/","name":"","description":"","publisher":{"@id":"https:\/\/luchonoticias.com\/editor\/#\/schema\/person\/7a7fd911f58561fd056dbac7b55af9cd"},"potentialAction":[{"@type":"SearchAction","target":{"@type":"EntryPoint","urlTemplate":"https:\/\/luchonoticias.com\/editor\/?s={search_term_string}"},"query-input":{"@type":"PropertyValueSpecification","valueRequired":true,"valueName":"search_term_string"}}],"inLanguage":"es"},{"@type":["Person","Organization"],"@id":"https:\/\/luchonoticias.com\/editor\/#\/schema\/person\/7a7fd911f58561fd056dbac7b55af9cd","name":"admin","image":{"@type":"ImageObject","inLanguage":"es","@id":"https:\/\/luchonoticias.com\/editor\/#\/schema\/person\/image\/","url":"https:\/\/luchonoticias.com\/editor\/wp-content\/uploads\/2024\/02\/cropped-cropped-logolu.webp","contentUrl":"https:\/\/luchonoticias.com\/editor\/wp-content\/uploads\/2024\/02\/cropped-cropped-logolu.webp","width":382,"height":170,"caption":"admin"},"logo":{"@id":"https:\/\/luchonoticias.com\/editor\/#\/schema\/person\/image\/"},"sameAs":["https:\/\/www.facebook.com\/luchonoticiasneiva"]},{"@type":"Person","@id":"https:\/\/luchonoticias.com\/editor\/#\/schema\/person\/29217990ddf6f14e35912b2866d591fb","name":"Editor General","image":{"@type":"ImageObject","inLanguage":"es","@id":"https:\/\/luchonoticias.com\/editor\/#\/schema\/person\/image\/","url":"https:\/\/luchonoticias.com\/editor\/wp-content\/uploads\/2024\/02\/cropped-cropped-logolu-150x150.webp","contentUrl":"https:\/\/luchonoticias.com\/editor\/wp-content\/uploads\/2024\/02\/cropped-cropped-logolu-150x150.webp","caption":"Editor General"},"sameAs":["https:\/\/luchonoticias.com\/"],"url":"https:\/\/luchonoticias.com\/editor\/author\/editor-general\/"}]}},"_links":{"self":[{"href":"https:\/\/luchonoticias.com\/editor\/wp-json\/wp\/v2\/posts\/48849","targetHints":{"allow":["GET"]}}],"collection":[{"href":"https:\/\/luchonoticias.com\/editor\/wp-json\/wp\/v2\/posts"}],"about":[{"href":"https:\/\/luchonoticias.com\/editor\/wp-json\/wp\/v2\/types\/post"}],"author":[{"embeddable":true,"href":"https:\/\/luchonoticias.com\/editor\/wp-json\/wp\/v2\/users\/2"}],"replies":[{"embeddable":true,"href":"https:\/\/luchonoticias.com\/editor\/wp-json\/wp\/v2\/comments?post=48849"}],"version-history":[{"count":0,"href":"https:\/\/luchonoticias.com\/editor\/wp-json\/wp\/v2\/posts\/48849\/revisions"}],"wp:attachment":[{"href":"https:\/\/luchonoticias.com\/editor\/wp-json\/wp\/v2\/media?parent=48849"}],"wp:term":[{"taxonomy":"category","embeddable":true,"href":"https:\/\/luchonoticias.com\/editor\/wp-json\/wp\/v2\/categories?post=48849"},{"taxonomy":"post_tag","embeddable":true,"href":"https:\/\/luchonoticias.com\/editor\/wp-json\/wp\/v2\/tags?post=48849"}],"curies":[{"name":"wp","href":"https:\/\/api.w.org\/{rel}","templated":true}]}}