{"id":48855,"date":"2023-03-22T17:46:24","date_gmt":"2023-03-22T22:46:24","guid":{"rendered":"https:\/\/luchonoticias.com\/?p=48855"},"modified":"2023-03-22T17:46:25","modified_gmt":"2023-03-22T22:46:25","slug":"secretaria-de-educacion-del-huila-destituyo-a-docente-investigado-por-abuso-sexual","status":"publish","type":"post","link":"https:\/\/luchonoticias.com\/editor\/secretaria-de-educacion-del-huila-destituyo-a-docente-investigado-por-abuso-sexual\/","title":{"rendered":"Secretaria de Educaci\u00f3n del Huila destituyo a docente investigado por abuso sexual"},"content":{"rendered":"\n<p>Se trata del educador Aldemar Mu\u00f1oz Torres, a quien el gobierno \u00abHuila Crece\u00bb, en instancia de apelaci\u00f3n en noviembre de 2021, mediante Resoluci\u00f3n 0467, le hab\u00eda confirmado todas las decisiones proferidas en la Resoluci\u00f3n 002 del 3 abril de 2018 de la Oficina de Control Interno Disciplinario del ente departamental, fallo que sanciona al docente mencionado, quien estaba adscrito a la Instituci\u00f3n Educativa Tulio Arbel\u00e1ez del Municipio de Garz\u00f3n.<\/p>\n\n\n\n<p>La Oficina de Control Interno Disciplinario, luego de recibir el expediente, proveniente del fallador de segunda instancia, realiz\u00f3 la respectiva constancia de ejecutoria, el 16 de diciembre de 2022; y, remiti\u00f3 copia de las resoluciones, ya mencionadas, a la Secretar\u00eda de Educaci\u00f3n Departamental, el 16 de febrero de 2023. La Secretaria de esta dependencia, Milena Oliveros Crespo, hizo efectiva la sanci\u00f3n de destituci\u00f3n, el 22 de febrero de este a\u00f1o.<\/p>\n\n\n\n<p>\u201cSe trata de una sanci\u00f3n ejemplar que consiste en destituci\u00f3n de la docencia en el departamento del Huila e inhabilidad general por 12 a\u00f1os, debido a hechos de abuso sexual a menor en establecimiento educativo, hechos se\u00f1alados en expediente del a\u00f1o 2014 y que luego de un proceso en primera y en segunda instancia, se confirm\u00f3 la decisi\u00f3n del fallo proferido por la Oficina de Control Interno Disciplinario\u201d, se\u00f1al\u00f3 Milena Oliveros Crespo, secretaria de Educaci\u00f3n del Huila.<\/p>\n\n\n\n<p>\u201cHoy hacemos efectivo este fallo y por eso en el aplicativo de recurso humano y de las historias laborales de la Secretar\u00eda de Educaci\u00f3n Departamental, el se\u00f1or Aldemar Mu\u00f1oz Torres ya no se encuentra vinculado como docente en esta secretar\u00eda. Ya se hizo efectiva la notificaci\u00f3n al se\u00f1or hoy destituido y contra este acto administrativo no procede recurso alguno. Tambi\u00e9n hemos enviado copia a la Procuradur\u00eda General de la Naci\u00f3n. Hacemos este llamado a la comunidad educativa en general para evitar cualquier tipo de vinculaci\u00f3n laboral docente en el marco de los hechos y sanciones se\u00f1alados en el fallo, y con ello, proteger la salud de nuestros ni\u00f1os y ni\u00f1as\u201d, a\u00f1adi\u00f3 la funcionaria.<\/p>\n\n\n\n<figure class=\"wp-block-audio\"><audio controls src=\"https:\/\/luchonoticias.com\/wp-content\/uploads\/2023\/03\/WhatsApp-Audio-2023-03-21-at-2.03.12-PM.ogg\" autoplay><\/audio><\/figure>\n","protected":false},"excerpt":{"rendered":"<p>Se trata del educador Aldemar Mu\u00f1oz Torres, a quien el gobierno \u00abHuila Crece\u00bb, en instancia de apelaci\u00f3n en noviembre de 2021, mediante Resoluci\u00f3n 0467, le hab\u00eda confirmado todas las decisiones proferidas en la Resoluci\u00f3n 002 del 3 abril de 2018 de la Oficina de Control Interno Disciplinario del ente departamental, fallo que sanciona al docente [&hellip;]<\/p>\n","protected":false},"author":2,"featured_media":0,"comment_status":"open","ping_status":"open","sticky":false,"template":"","format":"standard","meta":{"footnotes":""},"categories":[36,29],"tags":[],"class_list":["post-48855","post","type-post","status-publish","format-standard","hentry","category-destacado","category-judicial"],"yoast_head":"<!-- This site is optimized with the Yoast SEO plugin v26.6 - https:\/\/yoast.com\/wordpress\/plugins\/seo\/ -->\n<title>Secretaria de Educaci\u00f3n del Huila destituyo a docente investigado por abuso sexual -<\/title>\n<meta name=\"robots\" content=\"index, follow, max-snippet:-1, max-image-preview:large, max-video-preview:-1\" \/>\n<link rel=\"canonical\" href=\"https:\/\/luchonoticias.com\/editor\/secretaria-de-educacion-del-huila-destituyo-a-docente-investigado-por-abuso-sexual\/\" \/>\n<meta property=\"og:locale\" content=\"es_ES\" \/>\n<meta property=\"og:type\" content=\"article\" \/>\n<meta property=\"og:title\" content=\"Secretaria de Educaci\u00f3n del Huila destituyo a docente investigado por abuso sexual -\" \/>\n<meta property=\"og:url\" content=\"https:\/\/luchonoticias.com\/editor\/secretaria-de-educacion-del-huila-destituyo-a-docente-investigado-por-abuso-sexual\/\" \/>\n<meta property=\"article:publisher\" content=\"https:\/\/www.facebook.com\/luchonoticiasneiva\" \/>\n<meta property=\"article:published_time\" content=\"2023-03-22T22:46:24+00:00\" \/>\n<meta property=\"article:modified_time\" content=\"2023-03-22T22:46:25+00:00\" \/>\n<meta name=\"author\" content=\"Editor General\" \/>\n<meta name=\"twitter:card\" content=\"summary_large_image\" \/>\n<meta name=\"twitter:label1\" content=\"Escrito por\" \/>\n\t<meta name=\"twitter:data1\" content=\"Editor General\" \/>\n\t<meta name=\"twitter:label2\" content=\"Tiempo de lectura\" \/>\n\t<meta name=\"twitter:data2\" content=\"2 minutos\" \/>\n<script type=\"application\/ld+json\" class=\"yoast-schema-graph\">{\"@context\":\"https:\/\/schema.org\",\"@graph\":[{\"@type\":\"Article\",\"@id\":\"https:\/\/luchonoticias.com\/editor\/secretaria-de-educacion-del-huila-destituyo-a-docente-investigado-por-abuso-sexual\/#article\",\"isPartOf\":{\"@id\":\"https:\/\/luchonoticias.com\/editor\/secretaria-de-educacion-del-huila-destituyo-a-docente-investigado-por-abuso-sexual\/\"},\"author\":{\"name\":\"Editor General\",\"@id\":\"https:\/\/luchonoticias.com\/editor\/#\/schema\/person\/29217990ddf6f14e35912b2866d591fb\"},\"headline\":\"Secretaria de Educaci\u00f3n del Huila destituyo a docente investigado por abuso sexual\",\"datePublished\":\"2023-03-22T22:46:24+00:00\",\"dateModified\":\"2023-03-22T22:46:25+00:00\",\"mainEntityOfPage\":{\"@id\":\"https:\/\/luchonoticias.com\/editor\/secretaria-de-educacion-del-huila-destituyo-a-docente-investigado-por-abuso-sexual\/\"},\"wordCount\":366,\"commentCount\":0,\"publisher\":{\"@id\":\"https:\/\/luchonoticias.com\/editor\/#\/schema\/person\/7a7fd911f58561fd056dbac7b55af9cd\"},\"articleSection\":[\"Destacado\",\"Judicial\"],\"inLanguage\":\"es\",\"potentialAction\":[{\"@type\":\"CommentAction\",\"name\":\"Comment\",\"target\":[\"https:\/\/luchonoticias.com\/editor\/secretaria-de-educacion-del-huila-destituyo-a-docente-investigado-por-abuso-sexual\/#respond\"]}]},{\"@type\":\"WebPage\",\"@id\":\"https:\/\/luchonoticias.com\/editor\/secretaria-de-educacion-del-huila-destituyo-a-docente-investigado-por-abuso-sexual\/\",\"url\":\"https:\/\/luchonoticias.com\/editor\/secretaria-de-educacion-del-huila-destituyo-a-docente-investigado-por-abuso-sexual\/\",\"name\":\"Secretaria de Educaci\u00f3n del Huila destituyo a docente investigado por abuso sexual -\",\"isPartOf\":{\"@id\":\"https:\/\/luchonoticias.com\/editor\/#website\"},\"datePublished\":\"2023-03-22T22:46:24+00:00\",\"dateModified\":\"2023-03-22T22:46:25+00:00\",\"breadcrumb\":{\"@id\":\"https:\/\/luchonoticias.com\/editor\/secretaria-de-educacion-del-huila-destituyo-a-docente-investigado-por-abuso-sexual\/#breadcrumb\"},\"inLanguage\":\"es\",\"potentialAction\":[{\"@type\":\"ReadAction\",\"target\":[\"https:\/\/luchonoticias.com\/editor\/secretaria-de-educacion-del-huila-destituyo-a-docente-investigado-por-abuso-sexual\/\"]}]},{\"@type\":\"BreadcrumbList\",\"@id\":\"https:\/\/luchonoticias.com\/editor\/secretaria-de-educacion-del-huila-destituyo-a-docente-investigado-por-abuso-sexual\/#breadcrumb\",\"itemListElement\":[{\"@type\":\"ListItem\",\"position\":1,\"name\":\"Portada\",\"item\":\"https:\/\/luchonoticias.com\/editor\/\"},{\"@type\":\"ListItem\",\"position\":2,\"name\":\"Secretaria de Educaci\u00f3n del Huila destituyo a docente investigado por abuso sexual\"}]},{\"@type\":\"WebSite\",\"@id\":\"https:\/\/luchonoticias.com\/editor\/#website\",\"url\":\"https:\/\/luchonoticias.com\/editor\/\",\"name\":\"\",\"description\":\"\",\"publisher\":{\"@id\":\"https:\/\/luchonoticias.com\/editor\/#\/schema\/person\/7a7fd911f58561fd056dbac7b55af9cd\"},\"potentialAction\":[{\"@type\":\"SearchAction\",\"target\":{\"@type\":\"EntryPoint\",\"urlTemplate\":\"https:\/\/luchonoticias.com\/editor\/?s={search_term_string}\"},\"query-input\":{\"@type\":\"PropertyValueSpecification\",\"valueRequired\":true,\"valueName\":\"search_term_string\"}}],\"inLanguage\":\"es\"},{\"@type\":[\"Person\",\"Organization\"],\"@id\":\"https:\/\/luchonoticias.com\/editor\/#\/schema\/person\/7a7fd911f58561fd056dbac7b55af9cd\",\"name\":\"admin\",\"image\":{\"@type\":\"ImageObject\",\"inLanguage\":\"es\",\"@id\":\"https:\/\/luchonoticias.com\/editor\/#\/schema\/person\/image\/\",\"url\":\"https:\/\/luchonoticias.com\/editor\/wp-content\/uploads\/2024\/02\/cropped-cropped-logolu.webp\",\"contentUrl\":\"https:\/\/luchonoticias.com\/editor\/wp-content\/uploads\/2024\/02\/cropped-cropped-logolu.webp\",\"width\":382,\"height\":170,\"caption\":\"admin\"},\"logo\":{\"@id\":\"https:\/\/luchonoticias.com\/editor\/#\/schema\/person\/image\/\"},\"sameAs\":[\"https:\/\/www.facebook.com\/luchonoticiasneiva\"]},{\"@type\":\"Person\",\"@id\":\"https:\/\/luchonoticias.com\/editor\/#\/schema\/person\/29217990ddf6f14e35912b2866d591fb\",\"name\":\"Editor General\",\"image\":{\"@type\":\"ImageObject\",\"inLanguage\":\"es\",\"@id\":\"https:\/\/luchonoticias.com\/editor\/#\/schema\/person\/image\/\",\"url\":\"https:\/\/luchonoticias.com\/editor\/wp-content\/uploads\/2024\/02\/cropped-cropped-logolu-150x150.webp\",\"contentUrl\":\"https:\/\/luchonoticias.com\/editor\/wp-content\/uploads\/2024\/02\/cropped-cropped-logolu-150x150.webp\",\"caption\":\"Editor General\"},\"sameAs\":[\"https:\/\/luchonoticias.com\/\"],\"url\":\"https:\/\/luchonoticias.com\/editor\/author\/editor-general\/\"}]}<\/script>\n<!-- \/ Yoast SEO plugin. -->","yoast_head_json":{"title":"Secretaria de Educaci\u00f3n del Huila destituyo a docente investigado por abuso sexual -","robots":{"index":"index","follow":"follow","max-snippet":"max-snippet:-1","max-image-preview":"max-image-preview:large","max-video-preview":"max-video-preview:-1"},"canonical":"https:\/\/luchonoticias.com\/editor\/secretaria-de-educacion-del-huila-destituyo-a-docente-investigado-por-abuso-sexual\/","og_locale":"es_ES","og_type":"article","og_title":"Secretaria de Educaci\u00f3n del Huila destituyo a docente investigado por abuso sexual -","og_url":"https:\/\/luchonoticias.com\/editor\/secretaria-de-educacion-del-huila-destituyo-a-docente-investigado-por-abuso-sexual\/","article_publisher":"https:\/\/www.facebook.com\/luchonoticiasneiva","article_published_time":"2023-03-22T22:46:24+00:00","article_modified_time":"2023-03-22T22:46:25+00:00","author":"Editor General","twitter_card":"summary_large_image","twitter_misc":{"Escrito por":"Editor General","Tiempo de lectura":"2 minutos"},"schema":{"@context":"https:\/\/schema.org","@graph":[{"@type":"Article","@id":"https:\/\/luchonoticias.com\/editor\/secretaria-de-educacion-del-huila-destituyo-a-docente-investigado-por-abuso-sexual\/#article","isPartOf":{"@id":"https:\/\/luchonoticias.com\/editor\/secretaria-de-educacion-del-huila-destituyo-a-docente-investigado-por-abuso-sexual\/"},"author":{"name":"Editor General","@id":"https:\/\/luchonoticias.com\/editor\/#\/schema\/person\/29217990ddf6f14e35912b2866d591fb"},"headline":"Secretaria de Educaci\u00f3n del Huila destituyo a docente investigado por abuso sexual","datePublished":"2023-03-22T22:46:24+00:00","dateModified":"2023-03-22T22:46:25+00:00","mainEntityOfPage":{"@id":"https:\/\/luchonoticias.com\/editor\/secretaria-de-educacion-del-huila-destituyo-a-docente-investigado-por-abuso-sexual\/"},"wordCount":366,"commentCount":0,"publisher":{"@id":"https:\/\/luchonoticias.com\/editor\/#\/schema\/person\/7a7fd911f58561fd056dbac7b55af9cd"},"articleSection":["Destacado","Judicial"],"inLanguage":"es","potentialAction":[{"@type":"CommentAction","name":"Comment","target":["https:\/\/luchonoticias.com\/editor\/secretaria-de-educacion-del-huila-destituyo-a-docente-investigado-por-abuso-sexual\/#respond"]}]},{"@type":"WebPage","@id":"https:\/\/luchonoticias.com\/editor\/secretaria-de-educacion-del-huila-destituyo-a-docente-investigado-por-abuso-sexual\/","url":"https:\/\/luchonoticias.com\/editor\/secretaria-de-educacion-del-huila-destituyo-a-docente-investigado-por-abuso-sexual\/","name":"Secretaria de Educaci\u00f3n del Huila destituyo a docente investigado por abuso sexual -","isPartOf":{"@id":"https:\/\/luchonoticias.com\/editor\/#website"},"datePublished":"2023-03-22T22:46:24+00:00","dateModified":"2023-03-22T22:46:25+00:00","breadcrumb":{"@id":"https:\/\/luchonoticias.com\/editor\/secretaria-de-educacion-del-huila-destituyo-a-docente-investigado-por-abuso-sexual\/#breadcrumb"},"inLanguage":"es","potentialAction":[{"@type":"ReadAction","target":["https:\/\/luchonoticias.com\/editor\/secretaria-de-educacion-del-huila-destituyo-a-docente-investigado-por-abuso-sexual\/"]}]},{"@type":"BreadcrumbList","@id":"https:\/\/luchonoticias.com\/editor\/secretaria-de-educacion-del-huila-destituyo-a-docente-investigado-por-abuso-sexual\/#breadcrumb","itemListElement":[{"@type":"ListItem","position":1,"name":"Portada","item":"https:\/\/luchonoticias.com\/editor\/"},{"@type":"ListItem","position":2,"name":"Secretaria de Educaci\u00f3n del Huila destituyo a docente investigado por abuso sexual"}]},{"@type":"WebSite","@id":"https:\/\/luchonoticias.com\/editor\/#website","url":"https:\/\/luchonoticias.com\/editor\/","name":"","description":"","publisher":{"@id":"https:\/\/luchonoticias.com\/editor\/#\/schema\/person\/7a7fd911f58561fd056dbac7b55af9cd"},"potentialAction":[{"@type":"SearchAction","target":{"@type":"EntryPoint","urlTemplate":"https:\/\/luchonoticias.com\/editor\/?s={search_term_string}"},"query-input":{"@type":"PropertyValueSpecification","valueRequired":true,"valueName":"search_term_string"}}],"inLanguage":"es"},{"@type":["Person","Organization"],"@id":"https:\/\/luchonoticias.com\/editor\/#\/schema\/person\/7a7fd911f58561fd056dbac7b55af9cd","name":"admin","image":{"@type":"ImageObject","inLanguage":"es","@id":"https:\/\/luchonoticias.com\/editor\/#\/schema\/person\/image\/","url":"https:\/\/luchonoticias.com\/editor\/wp-content\/uploads\/2024\/02\/cropped-cropped-logolu.webp","contentUrl":"https:\/\/luchonoticias.com\/editor\/wp-content\/uploads\/2024\/02\/cropped-cropped-logolu.webp","width":382,"height":170,"caption":"admin"},"logo":{"@id":"https:\/\/luchonoticias.com\/editor\/#\/schema\/person\/image\/"},"sameAs":["https:\/\/www.facebook.com\/luchonoticiasneiva"]},{"@type":"Person","@id":"https:\/\/luchonoticias.com\/editor\/#\/schema\/person\/29217990ddf6f14e35912b2866d591fb","name":"Editor General","image":{"@type":"ImageObject","inLanguage":"es","@id":"https:\/\/luchonoticias.com\/editor\/#\/schema\/person\/image\/","url":"https:\/\/luchonoticias.com\/editor\/wp-content\/uploads\/2024\/02\/cropped-cropped-logolu-150x150.webp","contentUrl":"https:\/\/luchonoticias.com\/editor\/wp-content\/uploads\/2024\/02\/cropped-cropped-logolu-150x150.webp","caption":"Editor General"},"sameAs":["https:\/\/luchonoticias.com\/"],"url":"https:\/\/luchonoticias.com\/editor\/author\/editor-general\/"}]}},"_links":{"self":[{"href":"https:\/\/luchonoticias.com\/editor\/wp-json\/wp\/v2\/posts\/48855","targetHints":{"allow":["GET"]}}],"collection":[{"href":"https:\/\/luchonoticias.com\/editor\/wp-json\/wp\/v2\/posts"}],"about":[{"href":"https:\/\/luchonoticias.com\/editor\/wp-json\/wp\/v2\/types\/post"}],"author":[{"embeddable":true,"href":"https:\/\/luchonoticias.com\/editor\/wp-json\/wp\/v2\/users\/2"}],"replies":[{"embeddable":true,"href":"https:\/\/luchonoticias.com\/editor\/wp-json\/wp\/v2\/comments?post=48855"}],"version-history":[{"count":0,"href":"https:\/\/luchonoticias.com\/editor\/wp-json\/wp\/v2\/posts\/48855\/revisions"}],"wp:attachment":[{"href":"https:\/\/luchonoticias.com\/editor\/wp-json\/wp\/v2\/media?parent=48855"}],"wp:term":[{"taxonomy":"category","embeddable":true,"href":"https:\/\/luchonoticias.com\/editor\/wp-json\/wp\/v2\/categories?post=48855"},{"taxonomy":"post_tag","embeddable":true,"href":"https:\/\/luchonoticias.com\/editor\/wp-json\/wp\/v2\/tags?post=48855"}],"curies":[{"name":"wp","href":"https:\/\/api.w.org\/{rel}","templated":true}]}}