{"id":48859,"date":"2023-03-23T04:19:35","date_gmt":"2023-03-23T09:19:35","guid":{"rendered":"https:\/\/luchonoticias.com\/?p=48859"},"modified":"2023-03-23T04:19:36","modified_gmt":"2023-03-23T09:19:36","slug":"huila-tiene-compromiso-pendiente-por-la-liga-femenina","status":"publish","type":"post","link":"https:\/\/luchonoticias.com\/editor\/huila-tiene-compromiso-pendiente-por-la-liga-femenina\/","title":{"rendered":"Huila tiene compromiso pendiente por la Liga Femenina"},"content":{"rendered":"\n<p>Hoy en horas de la tarde el\u00a0<strong>Atl\u00e9tico Huila s<\/strong>e pondr\u00e1 al d\u00eda en la\u00a0<strong>Liga Femenina<\/strong>\u00a0cuando visite en Bogot\u00e1 a\u00a0<strong>La Equidad,<\/strong>\u00a0en juego pendiente por la primera fecha del campeonato femenil.<\/p>\n\n\n\n<p>Se trata de uno de los\u00a0<strong>partidos pendientes de la primera fecha<\/strong>, el cual no se pudo celebrar en su momento debido al uso del Estadio de Techo (sede del compromiso) para el pasado suramericano sub \u2013 20 cumplido en suelo nacional.<\/p>\n\n\n\n<p>Las dirigidas por Douglas Calder\u00f3n aprovecharon que el pasado fin de semana tuvieron&nbsp;<strong>fecha de descanso para corregir<\/strong>&nbsp;algunas cosas en el esquema de juego, algo que se vio latente en el \u00faltimo partido cuando perdieron por goleada ante el Am\u00e9rica.<\/p>\n\n\n\n<p>Destacar que el Huila afrontar\u00e1 este compromiso, con la ausencia de Nancy Madrid, quien fue expulsada en el juego ante el Am\u00e9rica; de otro lado en el onceno asegurador se encuentran Albeiro Erazo como entrenador y la algecire\u00f1a Adriana Liscano dentro de la plantilla de jugadoras.<\/p>\n","protected":false},"excerpt":{"rendered":"<p>Hoy en horas de la tarde el\u00a0Atl\u00e9tico Huila se pondr\u00e1 al d\u00eda en la\u00a0Liga Femenina\u00a0cuando visite en Bogot\u00e1 a\u00a0La Equidad,\u00a0en juego pendiente por la primera fecha del campeonato femenil. Se trata de uno de los\u00a0partidos pendientes de la primera fecha, el cual no se pudo celebrar en su momento debido al uso del Estadio de [&hellip;]<\/p>\n","protected":false},"author":2,"featured_media":0,"comment_status":"open","ping_status":"open","sticky":false,"template":"","format":"standard","meta":{"footnotes":""},"categories":[34],"tags":[],"class_list":["post-48859","post","type-post","status-publish","format-standard","hentry","category-deportes"],"yoast_head":"<!-- This site is optimized with the Yoast SEO plugin v26.6 - https:\/\/yoast.com\/wordpress\/plugins\/seo\/ -->\n<title>Huila tiene compromiso pendiente por la Liga Femenina -<\/title>\n<meta name=\"robots\" content=\"index, follow, max-snippet:-1, max-image-preview:large, max-video-preview:-1\" \/>\n<link rel=\"canonical\" href=\"https:\/\/luchonoticias.com\/editor\/huila-tiene-compromiso-pendiente-por-la-liga-femenina\/\" \/>\n<meta property=\"og:locale\" content=\"es_ES\" \/>\n<meta property=\"og:type\" content=\"article\" \/>\n<meta property=\"og:title\" content=\"Huila tiene compromiso pendiente por la Liga Femenina -\" \/>\n<meta property=\"og:url\" content=\"https:\/\/luchonoticias.com\/editor\/huila-tiene-compromiso-pendiente-por-la-liga-femenina\/\" \/>\n<meta property=\"article:publisher\" content=\"https:\/\/www.facebook.com\/luchonoticiasneiva\" \/>\n<meta property=\"article:published_time\" content=\"2023-03-23T09:19:35+00:00\" \/>\n<meta property=\"article:modified_time\" content=\"2023-03-23T09:19:36+00:00\" \/>\n<meta name=\"author\" content=\"Editor General\" \/>\n<meta name=\"twitter:card\" content=\"summary_large_image\" \/>\n<meta name=\"twitter:label1\" content=\"Escrito por\" \/>\n\t<meta name=\"twitter:data1\" content=\"Editor General\" \/>\n\t<meta name=\"twitter:label2\" content=\"Tiempo de lectura\" \/>\n\t<meta name=\"twitter:data2\" content=\"1 minuto\" \/>\n<script type=\"application\/ld+json\" class=\"yoast-schema-graph\">{\"@context\":\"https:\/\/schema.org\",\"@graph\":[{\"@type\":\"Article\",\"@id\":\"https:\/\/luchonoticias.com\/editor\/huila-tiene-compromiso-pendiente-por-la-liga-femenina\/#article\",\"isPartOf\":{\"@id\":\"https:\/\/luchonoticias.com\/editor\/huila-tiene-compromiso-pendiente-por-la-liga-femenina\/\"},\"author\":{\"name\":\"Editor General\",\"@id\":\"https:\/\/luchonoticias.com\/editor\/#\/schema\/person\/29217990ddf6f14e35912b2866d591fb\"},\"headline\":\"Huila tiene compromiso pendiente por la Liga Femenina\",\"datePublished\":\"2023-03-23T09:19:35+00:00\",\"dateModified\":\"2023-03-23T09:19:36+00:00\",\"mainEntityOfPage\":{\"@id\":\"https:\/\/luchonoticias.com\/editor\/huila-tiene-compromiso-pendiente-por-la-liga-femenina\/\"},\"wordCount\":177,\"commentCount\":0,\"publisher\":{\"@id\":\"https:\/\/luchonoticias.com\/editor\/#\/schema\/person\/7a7fd911f58561fd056dbac7b55af9cd\"},\"articleSection\":[\"Deportes\"],\"inLanguage\":\"es\",\"potentialAction\":[{\"@type\":\"CommentAction\",\"name\":\"Comment\",\"target\":[\"https:\/\/luchonoticias.com\/editor\/huila-tiene-compromiso-pendiente-por-la-liga-femenina\/#respond\"]}]},{\"@type\":\"WebPage\",\"@id\":\"https:\/\/luchonoticias.com\/editor\/huila-tiene-compromiso-pendiente-por-la-liga-femenina\/\",\"url\":\"https:\/\/luchonoticias.com\/editor\/huila-tiene-compromiso-pendiente-por-la-liga-femenina\/\",\"name\":\"Huila tiene compromiso pendiente por la Liga Femenina -\",\"isPartOf\":{\"@id\":\"https:\/\/luchonoticias.com\/editor\/#website\"},\"datePublished\":\"2023-03-23T09:19:35+00:00\",\"dateModified\":\"2023-03-23T09:19:36+00:00\",\"breadcrumb\":{\"@id\":\"https:\/\/luchonoticias.com\/editor\/huila-tiene-compromiso-pendiente-por-la-liga-femenina\/#breadcrumb\"},\"inLanguage\":\"es\",\"potentialAction\":[{\"@type\":\"ReadAction\",\"target\":[\"https:\/\/luchonoticias.com\/editor\/huila-tiene-compromiso-pendiente-por-la-liga-femenina\/\"]}]},{\"@type\":\"BreadcrumbList\",\"@id\":\"https:\/\/luchonoticias.com\/editor\/huila-tiene-compromiso-pendiente-por-la-liga-femenina\/#breadcrumb\",\"itemListElement\":[{\"@type\":\"ListItem\",\"position\":1,\"name\":\"Portada\",\"item\":\"https:\/\/luchonoticias.com\/editor\/\"},{\"@type\":\"ListItem\",\"position\":2,\"name\":\"Huila tiene compromiso pendiente por la Liga Femenina\"}]},{\"@type\":\"WebSite\",\"@id\":\"https:\/\/luchonoticias.com\/editor\/#website\",\"url\":\"https:\/\/luchonoticias.com\/editor\/\",\"name\":\"\",\"description\":\"\",\"publisher\":{\"@id\":\"https:\/\/luchonoticias.com\/editor\/#\/schema\/person\/7a7fd911f58561fd056dbac7b55af9cd\"},\"potentialAction\":[{\"@type\":\"SearchAction\",\"target\":{\"@type\":\"EntryPoint\",\"urlTemplate\":\"https:\/\/luchonoticias.com\/editor\/?s={search_term_string}\"},\"query-input\":{\"@type\":\"PropertyValueSpecification\",\"valueRequired\":true,\"valueName\":\"search_term_string\"}}],\"inLanguage\":\"es\"},{\"@type\":[\"Person\",\"Organization\"],\"@id\":\"https:\/\/luchonoticias.com\/editor\/#\/schema\/person\/7a7fd911f58561fd056dbac7b55af9cd\",\"name\":\"admin\",\"image\":{\"@type\":\"ImageObject\",\"inLanguage\":\"es\",\"@id\":\"https:\/\/luchonoticias.com\/editor\/#\/schema\/person\/image\/\",\"url\":\"https:\/\/luchonoticias.com\/editor\/wp-content\/uploads\/2024\/02\/cropped-cropped-logolu.webp\",\"contentUrl\":\"https:\/\/luchonoticias.com\/editor\/wp-content\/uploads\/2024\/02\/cropped-cropped-logolu.webp\",\"width\":382,\"height\":170,\"caption\":\"admin\"},\"logo\":{\"@id\":\"https:\/\/luchonoticias.com\/editor\/#\/schema\/person\/image\/\"},\"sameAs\":[\"https:\/\/www.facebook.com\/luchonoticiasneiva\"]},{\"@type\":\"Person\",\"@id\":\"https:\/\/luchonoticias.com\/editor\/#\/schema\/person\/29217990ddf6f14e35912b2866d591fb\",\"name\":\"Editor General\",\"image\":{\"@type\":\"ImageObject\",\"inLanguage\":\"es\",\"@id\":\"https:\/\/luchonoticias.com\/editor\/#\/schema\/person\/image\/\",\"url\":\"https:\/\/luchonoticias.com\/editor\/wp-content\/uploads\/2024\/02\/cropped-cropped-logolu-150x150.webp\",\"contentUrl\":\"https:\/\/luchonoticias.com\/editor\/wp-content\/uploads\/2024\/02\/cropped-cropped-logolu-150x150.webp\",\"caption\":\"Editor General\"},\"sameAs\":[\"https:\/\/luchonoticias.com\/\"],\"url\":\"https:\/\/luchonoticias.com\/editor\/author\/editor-general\/\"}]}<\/script>\n<!-- \/ Yoast SEO plugin. -->","yoast_head_json":{"title":"Huila tiene compromiso pendiente por la Liga Femenina -","robots":{"index":"index","follow":"follow","max-snippet":"max-snippet:-1","max-image-preview":"max-image-preview:large","max-video-preview":"max-video-preview:-1"},"canonical":"https:\/\/luchonoticias.com\/editor\/huila-tiene-compromiso-pendiente-por-la-liga-femenina\/","og_locale":"es_ES","og_type":"article","og_title":"Huila tiene compromiso pendiente por la Liga Femenina -","og_url":"https:\/\/luchonoticias.com\/editor\/huila-tiene-compromiso-pendiente-por-la-liga-femenina\/","article_publisher":"https:\/\/www.facebook.com\/luchonoticiasneiva","article_published_time":"2023-03-23T09:19:35+00:00","article_modified_time":"2023-03-23T09:19:36+00:00","author":"Editor General","twitter_card":"summary_large_image","twitter_misc":{"Escrito por":"Editor General","Tiempo de lectura":"1 minuto"},"schema":{"@context":"https:\/\/schema.org","@graph":[{"@type":"Article","@id":"https:\/\/luchonoticias.com\/editor\/huila-tiene-compromiso-pendiente-por-la-liga-femenina\/#article","isPartOf":{"@id":"https:\/\/luchonoticias.com\/editor\/huila-tiene-compromiso-pendiente-por-la-liga-femenina\/"},"author":{"name":"Editor General","@id":"https:\/\/luchonoticias.com\/editor\/#\/schema\/person\/29217990ddf6f14e35912b2866d591fb"},"headline":"Huila tiene compromiso pendiente por la Liga Femenina","datePublished":"2023-03-23T09:19:35+00:00","dateModified":"2023-03-23T09:19:36+00:00","mainEntityOfPage":{"@id":"https:\/\/luchonoticias.com\/editor\/huila-tiene-compromiso-pendiente-por-la-liga-femenina\/"},"wordCount":177,"commentCount":0,"publisher":{"@id":"https:\/\/luchonoticias.com\/editor\/#\/schema\/person\/7a7fd911f58561fd056dbac7b55af9cd"},"articleSection":["Deportes"],"inLanguage":"es","potentialAction":[{"@type":"CommentAction","name":"Comment","target":["https:\/\/luchonoticias.com\/editor\/huila-tiene-compromiso-pendiente-por-la-liga-femenina\/#respond"]}]},{"@type":"WebPage","@id":"https:\/\/luchonoticias.com\/editor\/huila-tiene-compromiso-pendiente-por-la-liga-femenina\/","url":"https:\/\/luchonoticias.com\/editor\/huila-tiene-compromiso-pendiente-por-la-liga-femenina\/","name":"Huila tiene compromiso pendiente por la Liga Femenina -","isPartOf":{"@id":"https:\/\/luchonoticias.com\/editor\/#website"},"datePublished":"2023-03-23T09:19:35+00:00","dateModified":"2023-03-23T09:19:36+00:00","breadcrumb":{"@id":"https:\/\/luchonoticias.com\/editor\/huila-tiene-compromiso-pendiente-por-la-liga-femenina\/#breadcrumb"},"inLanguage":"es","potentialAction":[{"@type":"ReadAction","target":["https:\/\/luchonoticias.com\/editor\/huila-tiene-compromiso-pendiente-por-la-liga-femenina\/"]}]},{"@type":"BreadcrumbList","@id":"https:\/\/luchonoticias.com\/editor\/huila-tiene-compromiso-pendiente-por-la-liga-femenina\/#breadcrumb","itemListElement":[{"@type":"ListItem","position":1,"name":"Portada","item":"https:\/\/luchonoticias.com\/editor\/"},{"@type":"ListItem","position":2,"name":"Huila tiene compromiso pendiente por la Liga Femenina"}]},{"@type":"WebSite","@id":"https:\/\/luchonoticias.com\/editor\/#website","url":"https:\/\/luchonoticias.com\/editor\/","name":"","description":"","publisher":{"@id":"https:\/\/luchonoticias.com\/editor\/#\/schema\/person\/7a7fd911f58561fd056dbac7b55af9cd"},"potentialAction":[{"@type":"SearchAction","target":{"@type":"EntryPoint","urlTemplate":"https:\/\/luchonoticias.com\/editor\/?s={search_term_string}"},"query-input":{"@type":"PropertyValueSpecification","valueRequired":true,"valueName":"search_term_string"}}],"inLanguage":"es"},{"@type":["Person","Organization"],"@id":"https:\/\/luchonoticias.com\/editor\/#\/schema\/person\/7a7fd911f58561fd056dbac7b55af9cd","name":"admin","image":{"@type":"ImageObject","inLanguage":"es","@id":"https:\/\/luchonoticias.com\/editor\/#\/schema\/person\/image\/","url":"https:\/\/luchonoticias.com\/editor\/wp-content\/uploads\/2024\/02\/cropped-cropped-logolu.webp","contentUrl":"https:\/\/luchonoticias.com\/editor\/wp-content\/uploads\/2024\/02\/cropped-cropped-logolu.webp","width":382,"height":170,"caption":"admin"},"logo":{"@id":"https:\/\/luchonoticias.com\/editor\/#\/schema\/person\/image\/"},"sameAs":["https:\/\/www.facebook.com\/luchonoticiasneiva"]},{"@type":"Person","@id":"https:\/\/luchonoticias.com\/editor\/#\/schema\/person\/29217990ddf6f14e35912b2866d591fb","name":"Editor General","image":{"@type":"ImageObject","inLanguage":"es","@id":"https:\/\/luchonoticias.com\/editor\/#\/schema\/person\/image\/","url":"https:\/\/luchonoticias.com\/editor\/wp-content\/uploads\/2024\/02\/cropped-cropped-logolu-150x150.webp","contentUrl":"https:\/\/luchonoticias.com\/editor\/wp-content\/uploads\/2024\/02\/cropped-cropped-logolu-150x150.webp","caption":"Editor General"},"sameAs":["https:\/\/luchonoticias.com\/"],"url":"https:\/\/luchonoticias.com\/editor\/author\/editor-general\/"}]}},"_links":{"self":[{"href":"https:\/\/luchonoticias.com\/editor\/wp-json\/wp\/v2\/posts\/48859","targetHints":{"allow":["GET"]}}],"collection":[{"href":"https:\/\/luchonoticias.com\/editor\/wp-json\/wp\/v2\/posts"}],"about":[{"href":"https:\/\/luchonoticias.com\/editor\/wp-json\/wp\/v2\/types\/post"}],"author":[{"embeddable":true,"href":"https:\/\/luchonoticias.com\/editor\/wp-json\/wp\/v2\/users\/2"}],"replies":[{"embeddable":true,"href":"https:\/\/luchonoticias.com\/editor\/wp-json\/wp\/v2\/comments?post=48859"}],"version-history":[{"count":0,"href":"https:\/\/luchonoticias.com\/editor\/wp-json\/wp\/v2\/posts\/48859\/revisions"}],"wp:attachment":[{"href":"https:\/\/luchonoticias.com\/editor\/wp-json\/wp\/v2\/media?parent=48859"}],"wp:term":[{"taxonomy":"category","embeddable":true,"href":"https:\/\/luchonoticias.com\/editor\/wp-json\/wp\/v2\/categories?post=48859"},{"taxonomy":"post_tag","embeddable":true,"href":"https:\/\/luchonoticias.com\/editor\/wp-json\/wp\/v2\/tags?post=48859"}],"curies":[{"name":"wp","href":"https:\/\/api.w.org\/{rel}","templated":true}]}}