{"id":48862,"date":"2023-03-23T04:25:33","date_gmt":"2023-03-23T09:25:33","guid":{"rendered":"https:\/\/luchonoticias.com\/?p=48862"},"modified":"2023-03-23T04:25:34","modified_gmt":"2023-03-23T09:25:34","slug":"gobernacion-del-huila-y-su-anuncio-para-la-accion-comunal","status":"publish","type":"post","link":"https:\/\/luchonoticias.com\/editor\/gobernacion-del-huila-y-su-anuncio-para-la-accion-comunal\/","title":{"rendered":"Gobernaci\u00f3n del Huila y su anuncio para la acci\u00f3n comunal"},"content":{"rendered":"\n<p>En debate de control pol\u00edtico sobre regal\u00edas, la secretaria de Gobierno y Desarrollo Comunitario, Tania Pe\u00f1afiel, realiz\u00f3 i<strong>mportantes anuncios en materia de proyectos<\/strong>, uno de ellos, para las\u00a0<strong>Juntas de Acci\u00f3n Comunal.<\/strong><\/p>\n\n\n\n<p>\u00abSon $3.183.000.000 de inversi\u00f3n con recursos de regal\u00edas que van a iniciar su<strong>\u00a0proceso de ejecuci\u00f3n a trav\u00e9s del Proyecto Banco Comunal<\/strong>, aproximadamente 290 distribuidas en los 37 municipios del departamento que van a ser\u00a0<strong>beneficiarias bajo las entregas de unos elementos en cinco l\u00edneas<\/strong>\u00a0en aras de poder fortalecer ese proceso de reactivaci\u00f3n econ\u00f3mica y de fortalecer la actividad de las Juntas de Acci\u00f3n Comunal\u00bb explic\u00f3 la Secretaria de Gobierno.<\/p>\n\n\n\n<p>Las lineas de acci\u00f3n son: deportivas, culturales, sector agropecuario y de administraci\u00f3n comunal. \u201cEsperamos durante el mes de mayo estar entregando estos elementos de apoyo a las 290 Junta de Acci\u00f3n Comunal\u201d, se\u00f1al\u00f3 Tania Pe\u00f1afiel.<\/p>\n\n\n\n<p>\u00abAdicionalmente, en este momento se inicia el proceso de contrataci\u00f3n del&nbsp;<strong>fortalecimiento de la capacidad operativa y de respuesta de los organismos de socorro<\/strong>&nbsp;con el equipamento de unos carros de bomberos para los municipios de Neiva, Pitalito, Garz\u00f3n, La Plata, Rivera y Campoalegre, por un valor total de $4.375.000.000 millones\u00bb, a\u00f1adi\u00f3.<\/p>\n\n\n\n<p>De igual manera, se encuentra&nbsp;<strong>en proceso de contrataci\u00f3n unos elementos de protecci\u00f3n&nbsp;<\/strong>que van dirigidos a los organismos de socorro a nivel departamental, por el orden de los $2.500.000.000. Tambi\u00e9n como resultado de un proyecto aprobado a trav\u00e9s de regal\u00edas.<\/p>\n","protected":false},"excerpt":{"rendered":"<p>En debate de control pol\u00edtico sobre regal\u00edas, la secretaria de Gobierno y Desarrollo Comunitario, Tania Pe\u00f1afiel, realiz\u00f3 importantes anuncios en materia de proyectos, uno de ellos, para las\u00a0Juntas de Acci\u00f3n Comunal. \u00abSon $3.183.000.000 de inversi\u00f3n con recursos de regal\u00edas que van a iniciar su\u00a0proceso de ejecuci\u00f3n a trav\u00e9s del Proyecto Banco Comunal, aproximadamente 290 distribuidas [&hellip;]<\/p>\n","protected":false},"author":2,"featured_media":0,"comment_status":"open","ping_status":"open","sticky":false,"template":"","format":"standard","meta":{"footnotes":""},"categories":[33],"tags":[],"class_list":["post-48862","post","type-post","status-publish","format-standard","hentry","category-huila"],"yoast_head":"<!-- This site is optimized with the Yoast SEO plugin v26.6 - https:\/\/yoast.com\/wordpress\/plugins\/seo\/ -->\n<title>Gobernaci\u00f3n del Huila y su anuncio para la acci\u00f3n comunal -<\/title>\n<meta name=\"robots\" content=\"index, follow, max-snippet:-1, max-image-preview:large, max-video-preview:-1\" \/>\n<link rel=\"canonical\" href=\"https:\/\/luchonoticias.com\/editor\/gobernacion-del-huila-y-su-anuncio-para-la-accion-comunal\/\" \/>\n<meta property=\"og:locale\" content=\"es_ES\" \/>\n<meta property=\"og:type\" content=\"article\" \/>\n<meta property=\"og:title\" content=\"Gobernaci\u00f3n del Huila y su anuncio para la acci\u00f3n comunal -\" \/>\n<meta property=\"og:url\" content=\"https:\/\/luchonoticias.com\/editor\/gobernacion-del-huila-y-su-anuncio-para-la-accion-comunal\/\" \/>\n<meta property=\"article:publisher\" content=\"https:\/\/www.facebook.com\/luchonoticiasneiva\" \/>\n<meta property=\"article:published_time\" content=\"2023-03-23T09:25:33+00:00\" \/>\n<meta property=\"article:modified_time\" content=\"2023-03-23T09:25:34+00:00\" \/>\n<meta name=\"author\" content=\"Editor General\" \/>\n<meta name=\"twitter:card\" content=\"summary_large_image\" \/>\n<meta name=\"twitter:label1\" content=\"Escrito por\" \/>\n\t<meta name=\"twitter:data1\" content=\"Editor General\" \/>\n\t<meta name=\"twitter:label2\" content=\"Tiempo de lectura\" \/>\n\t<meta name=\"twitter:data2\" content=\"1 minuto\" \/>\n<script type=\"application\/ld+json\" class=\"yoast-schema-graph\">{\"@context\":\"https:\/\/schema.org\",\"@graph\":[{\"@type\":\"Article\",\"@id\":\"https:\/\/luchonoticias.com\/editor\/gobernacion-del-huila-y-su-anuncio-para-la-accion-comunal\/#article\",\"isPartOf\":{\"@id\":\"https:\/\/luchonoticias.com\/editor\/gobernacion-del-huila-y-su-anuncio-para-la-accion-comunal\/\"},\"author\":{\"name\":\"Editor General\",\"@id\":\"https:\/\/luchonoticias.com\/editor\/#\/schema\/person\/29217990ddf6f14e35912b2866d591fb\"},\"headline\":\"Gobernaci\u00f3n del Huila y su anuncio para la acci\u00f3n comunal\",\"datePublished\":\"2023-03-23T09:25:33+00:00\",\"dateModified\":\"2023-03-23T09:25:34+00:00\",\"mainEntityOfPage\":{\"@id\":\"https:\/\/luchonoticias.com\/editor\/gobernacion-del-huila-y-su-anuncio-para-la-accion-comunal\/\"},\"wordCount\":266,\"commentCount\":0,\"publisher\":{\"@id\":\"https:\/\/luchonoticias.com\/editor\/#\/schema\/person\/7a7fd911f58561fd056dbac7b55af9cd\"},\"articleSection\":[\"Huila\"],\"inLanguage\":\"es\",\"potentialAction\":[{\"@type\":\"CommentAction\",\"name\":\"Comment\",\"target\":[\"https:\/\/luchonoticias.com\/editor\/gobernacion-del-huila-y-su-anuncio-para-la-accion-comunal\/#respond\"]}]},{\"@type\":\"WebPage\",\"@id\":\"https:\/\/luchonoticias.com\/editor\/gobernacion-del-huila-y-su-anuncio-para-la-accion-comunal\/\",\"url\":\"https:\/\/luchonoticias.com\/editor\/gobernacion-del-huila-y-su-anuncio-para-la-accion-comunal\/\",\"name\":\"Gobernaci\u00f3n del Huila y su anuncio para la acci\u00f3n comunal -\",\"isPartOf\":{\"@id\":\"https:\/\/luchonoticias.com\/editor\/#website\"},\"datePublished\":\"2023-03-23T09:25:33+00:00\",\"dateModified\":\"2023-03-23T09:25:34+00:00\",\"breadcrumb\":{\"@id\":\"https:\/\/luchonoticias.com\/editor\/gobernacion-del-huila-y-su-anuncio-para-la-accion-comunal\/#breadcrumb\"},\"inLanguage\":\"es\",\"potentialAction\":[{\"@type\":\"ReadAction\",\"target\":[\"https:\/\/luchonoticias.com\/editor\/gobernacion-del-huila-y-su-anuncio-para-la-accion-comunal\/\"]}]},{\"@type\":\"BreadcrumbList\",\"@id\":\"https:\/\/luchonoticias.com\/editor\/gobernacion-del-huila-y-su-anuncio-para-la-accion-comunal\/#breadcrumb\",\"itemListElement\":[{\"@type\":\"ListItem\",\"position\":1,\"name\":\"Portada\",\"item\":\"https:\/\/luchonoticias.com\/editor\/\"},{\"@type\":\"ListItem\",\"position\":2,\"name\":\"Gobernaci\u00f3n del Huila y su anuncio para la acci\u00f3n comunal\"}]},{\"@type\":\"WebSite\",\"@id\":\"https:\/\/luchonoticias.com\/editor\/#website\",\"url\":\"https:\/\/luchonoticias.com\/editor\/\",\"name\":\"\",\"description\":\"\",\"publisher\":{\"@id\":\"https:\/\/luchonoticias.com\/editor\/#\/schema\/person\/7a7fd911f58561fd056dbac7b55af9cd\"},\"potentialAction\":[{\"@type\":\"SearchAction\",\"target\":{\"@type\":\"EntryPoint\",\"urlTemplate\":\"https:\/\/luchonoticias.com\/editor\/?s={search_term_string}\"},\"query-input\":{\"@type\":\"PropertyValueSpecification\",\"valueRequired\":true,\"valueName\":\"search_term_string\"}}],\"inLanguage\":\"es\"},{\"@type\":[\"Person\",\"Organization\"],\"@id\":\"https:\/\/luchonoticias.com\/editor\/#\/schema\/person\/7a7fd911f58561fd056dbac7b55af9cd\",\"name\":\"admin\",\"image\":{\"@type\":\"ImageObject\",\"inLanguage\":\"es\",\"@id\":\"https:\/\/luchonoticias.com\/editor\/#\/schema\/person\/image\/\",\"url\":\"https:\/\/luchonoticias.com\/editor\/wp-content\/uploads\/2024\/02\/cropped-cropped-logolu.webp\",\"contentUrl\":\"https:\/\/luchonoticias.com\/editor\/wp-content\/uploads\/2024\/02\/cropped-cropped-logolu.webp\",\"width\":382,\"height\":170,\"caption\":\"admin\"},\"logo\":{\"@id\":\"https:\/\/luchonoticias.com\/editor\/#\/schema\/person\/image\/\"},\"sameAs\":[\"https:\/\/www.facebook.com\/luchonoticiasneiva\"]},{\"@type\":\"Person\",\"@id\":\"https:\/\/luchonoticias.com\/editor\/#\/schema\/person\/29217990ddf6f14e35912b2866d591fb\",\"name\":\"Editor General\",\"image\":{\"@type\":\"ImageObject\",\"inLanguage\":\"es\",\"@id\":\"https:\/\/luchonoticias.com\/editor\/#\/schema\/person\/image\/\",\"url\":\"https:\/\/luchonoticias.com\/editor\/wp-content\/uploads\/2024\/02\/cropped-cropped-logolu-150x150.webp\",\"contentUrl\":\"https:\/\/luchonoticias.com\/editor\/wp-content\/uploads\/2024\/02\/cropped-cropped-logolu-150x150.webp\",\"caption\":\"Editor General\"},\"sameAs\":[\"https:\/\/luchonoticias.com\/\"],\"url\":\"https:\/\/luchonoticias.com\/editor\/author\/editor-general\/\"}]}<\/script>\n<!-- \/ Yoast SEO plugin. -->","yoast_head_json":{"title":"Gobernaci\u00f3n del Huila y su anuncio para la acci\u00f3n comunal -","robots":{"index":"index","follow":"follow","max-snippet":"max-snippet:-1","max-image-preview":"max-image-preview:large","max-video-preview":"max-video-preview:-1"},"canonical":"https:\/\/luchonoticias.com\/editor\/gobernacion-del-huila-y-su-anuncio-para-la-accion-comunal\/","og_locale":"es_ES","og_type":"article","og_title":"Gobernaci\u00f3n del Huila y su anuncio para la acci\u00f3n comunal -","og_url":"https:\/\/luchonoticias.com\/editor\/gobernacion-del-huila-y-su-anuncio-para-la-accion-comunal\/","article_publisher":"https:\/\/www.facebook.com\/luchonoticiasneiva","article_published_time":"2023-03-23T09:25:33+00:00","article_modified_time":"2023-03-23T09:25:34+00:00","author":"Editor General","twitter_card":"summary_large_image","twitter_misc":{"Escrito por":"Editor General","Tiempo de lectura":"1 minuto"},"schema":{"@context":"https:\/\/schema.org","@graph":[{"@type":"Article","@id":"https:\/\/luchonoticias.com\/editor\/gobernacion-del-huila-y-su-anuncio-para-la-accion-comunal\/#article","isPartOf":{"@id":"https:\/\/luchonoticias.com\/editor\/gobernacion-del-huila-y-su-anuncio-para-la-accion-comunal\/"},"author":{"name":"Editor General","@id":"https:\/\/luchonoticias.com\/editor\/#\/schema\/person\/29217990ddf6f14e35912b2866d591fb"},"headline":"Gobernaci\u00f3n del Huila y su anuncio para la acci\u00f3n comunal","datePublished":"2023-03-23T09:25:33+00:00","dateModified":"2023-03-23T09:25:34+00:00","mainEntityOfPage":{"@id":"https:\/\/luchonoticias.com\/editor\/gobernacion-del-huila-y-su-anuncio-para-la-accion-comunal\/"},"wordCount":266,"commentCount":0,"publisher":{"@id":"https:\/\/luchonoticias.com\/editor\/#\/schema\/person\/7a7fd911f58561fd056dbac7b55af9cd"},"articleSection":["Huila"],"inLanguage":"es","potentialAction":[{"@type":"CommentAction","name":"Comment","target":["https:\/\/luchonoticias.com\/editor\/gobernacion-del-huila-y-su-anuncio-para-la-accion-comunal\/#respond"]}]},{"@type":"WebPage","@id":"https:\/\/luchonoticias.com\/editor\/gobernacion-del-huila-y-su-anuncio-para-la-accion-comunal\/","url":"https:\/\/luchonoticias.com\/editor\/gobernacion-del-huila-y-su-anuncio-para-la-accion-comunal\/","name":"Gobernaci\u00f3n del Huila y su anuncio para la acci\u00f3n comunal -","isPartOf":{"@id":"https:\/\/luchonoticias.com\/editor\/#website"},"datePublished":"2023-03-23T09:25:33+00:00","dateModified":"2023-03-23T09:25:34+00:00","breadcrumb":{"@id":"https:\/\/luchonoticias.com\/editor\/gobernacion-del-huila-y-su-anuncio-para-la-accion-comunal\/#breadcrumb"},"inLanguage":"es","potentialAction":[{"@type":"ReadAction","target":["https:\/\/luchonoticias.com\/editor\/gobernacion-del-huila-y-su-anuncio-para-la-accion-comunal\/"]}]},{"@type":"BreadcrumbList","@id":"https:\/\/luchonoticias.com\/editor\/gobernacion-del-huila-y-su-anuncio-para-la-accion-comunal\/#breadcrumb","itemListElement":[{"@type":"ListItem","position":1,"name":"Portada","item":"https:\/\/luchonoticias.com\/editor\/"},{"@type":"ListItem","position":2,"name":"Gobernaci\u00f3n del Huila y su anuncio para la acci\u00f3n comunal"}]},{"@type":"WebSite","@id":"https:\/\/luchonoticias.com\/editor\/#website","url":"https:\/\/luchonoticias.com\/editor\/","name":"","description":"","publisher":{"@id":"https:\/\/luchonoticias.com\/editor\/#\/schema\/person\/7a7fd911f58561fd056dbac7b55af9cd"},"potentialAction":[{"@type":"SearchAction","target":{"@type":"EntryPoint","urlTemplate":"https:\/\/luchonoticias.com\/editor\/?s={search_term_string}"},"query-input":{"@type":"PropertyValueSpecification","valueRequired":true,"valueName":"search_term_string"}}],"inLanguage":"es"},{"@type":["Person","Organization"],"@id":"https:\/\/luchonoticias.com\/editor\/#\/schema\/person\/7a7fd911f58561fd056dbac7b55af9cd","name":"admin","image":{"@type":"ImageObject","inLanguage":"es","@id":"https:\/\/luchonoticias.com\/editor\/#\/schema\/person\/image\/","url":"https:\/\/luchonoticias.com\/editor\/wp-content\/uploads\/2024\/02\/cropped-cropped-logolu.webp","contentUrl":"https:\/\/luchonoticias.com\/editor\/wp-content\/uploads\/2024\/02\/cropped-cropped-logolu.webp","width":382,"height":170,"caption":"admin"},"logo":{"@id":"https:\/\/luchonoticias.com\/editor\/#\/schema\/person\/image\/"},"sameAs":["https:\/\/www.facebook.com\/luchonoticiasneiva"]},{"@type":"Person","@id":"https:\/\/luchonoticias.com\/editor\/#\/schema\/person\/29217990ddf6f14e35912b2866d591fb","name":"Editor General","image":{"@type":"ImageObject","inLanguage":"es","@id":"https:\/\/luchonoticias.com\/editor\/#\/schema\/person\/image\/","url":"https:\/\/luchonoticias.com\/editor\/wp-content\/uploads\/2024\/02\/cropped-cropped-logolu-150x150.webp","contentUrl":"https:\/\/luchonoticias.com\/editor\/wp-content\/uploads\/2024\/02\/cropped-cropped-logolu-150x150.webp","caption":"Editor General"},"sameAs":["https:\/\/luchonoticias.com\/"],"url":"https:\/\/luchonoticias.com\/editor\/author\/editor-general\/"}]}},"_links":{"self":[{"href":"https:\/\/luchonoticias.com\/editor\/wp-json\/wp\/v2\/posts\/48862","targetHints":{"allow":["GET"]}}],"collection":[{"href":"https:\/\/luchonoticias.com\/editor\/wp-json\/wp\/v2\/posts"}],"about":[{"href":"https:\/\/luchonoticias.com\/editor\/wp-json\/wp\/v2\/types\/post"}],"author":[{"embeddable":true,"href":"https:\/\/luchonoticias.com\/editor\/wp-json\/wp\/v2\/users\/2"}],"replies":[{"embeddable":true,"href":"https:\/\/luchonoticias.com\/editor\/wp-json\/wp\/v2\/comments?post=48862"}],"version-history":[{"count":0,"href":"https:\/\/luchonoticias.com\/editor\/wp-json\/wp\/v2\/posts\/48862\/revisions"}],"wp:attachment":[{"href":"https:\/\/luchonoticias.com\/editor\/wp-json\/wp\/v2\/media?parent=48862"}],"wp:term":[{"taxonomy":"category","embeddable":true,"href":"https:\/\/luchonoticias.com\/editor\/wp-json\/wp\/v2\/categories?post=48862"},{"taxonomy":"post_tag","embeddable":true,"href":"https:\/\/luchonoticias.com\/editor\/wp-json\/wp\/v2\/tags?post=48862"}],"curies":[{"name":"wp","href":"https:\/\/api.w.org\/{rel}","templated":true}]}}