{"id":48874,"date":"2023-03-23T06:51:42","date_gmt":"2023-03-23T11:51:42","guid":{"rendered":"https:\/\/luchonoticias.com\/?p=48874"},"modified":"2023-03-23T06:51:43","modified_gmt":"2023-03-23T11:51:43","slug":"capturados-de-dos-sujetos-que-se-movilizaban-con-62-kilos-de-pasta-base-de-coca","status":"publish","type":"post","link":"https:\/\/luchonoticias.com\/editor\/capturados-de-dos-sujetos-que-se-movilizaban-con-62-kilos-de-pasta-base-de-coca\/","title":{"rendered":"Capturados de dos sujetos que se movilizaban con 62 kilos de pasta base de coca"},"content":{"rendered":"\n<p>La Novena Brigada, en cumplimiento del Plan Ayacucho, mediante la efectividad de las tropas del Batall\u00f3n de Infanter\u00eda Magdalena y en coordinada con el CTI de la Fiscal\u00eda, se logra la incautaci\u00f3n de 62 kilos de pasta base de coca y la captura de dos sujetos, que se movilizaba en veh\u00edculos particulares, con direcci\u00f3n hacia el interior del pa\u00eds.<\/p>\n\n\n\n<p>El resultado se produjo en la vereda El Cedro, en zona rural del municipio de Pitalito \u2013 Huila, donde las tropas hab\u00edan instalado un puesto de control militar y luego de recibir informaci\u00f3n proveniente de la comunidad, se procede a realizar una inspecci\u00f3n a dos veh\u00edculos que llaman la atenci\u00f3n de los soldados, una vez se inicia la verificaci\u00f3n, son halladas varias cajas en los ba\u00fales de los veh\u00edculos, en ese momento es utilizado el binomio canino antinarc\u00f3ticos, quien da positivo frente a los paquetes, de manera inmediata se inicia con la extracci\u00f3n de las cajas, hallando en el primer veh\u00edculo 30 kilos y en el segundo 32 kilos de pasta base de coca, que estar\u00edan avaluados en m\u00e1s de 500 millones de pesos y que al parecer tendr\u00edan como destino, el interior del pa\u00eds.<\/p>\n\n\n\n<figure class=\"wp-block-gallery has-nested-images columns-default is-cropped wp-block-gallery-1 is-layout-flex wp-block-gallery-is-layout-flex\">\n<figure class=\"wp-block-image size-large\"><img decoding=\"async\" data-id=\"48877\" src=\"https:\/\/luchonoticias.com\/wp-content\/uploads\/2023\/03\/WhatsApp-Image-2023-03-22-at-8.32.54-AM-1-1024x768.jpeg\" alt=\"\" class=\"wp-image-48877\"\/><\/figure>\n\n\n\n<figure class=\"wp-block-image size-large\"><img decoding=\"async\" data-id=\"48876\" src=\"https:\/\/luchonoticias.com\/wp-content\/uploads\/2023\/03\/WhatsApp-Image-2023-03-22-at-8.32.54-AM-1024x768.jpeg\" alt=\"\" class=\"wp-image-48876\"\/><\/figure>\n<\/figure>\n\n\n\n<p>los capturados que transportaban los narc\u00f3ticos fueron puesto a disposici\u00f3n de las autoridades competentes.<\/p>\n\n\n\n<p>Con estas acciones enfocada a atacar el fen\u00f3meno criminal del narcotr\u00e1fico, las tropas demuestran el cumplimiento de su compromiso de ejercer el Control Institucional del Territorio y de contrarrestar las variables que afectan la seguridad en el departamento del Huila.<\/p>\n","protected":false},"excerpt":{"rendered":"<p>La Novena Brigada, en cumplimiento del Plan Ayacucho, mediante la efectividad de las tropas del Batall\u00f3n de Infanter\u00eda Magdalena y en coordinada con el CTI de la Fiscal\u00eda, se logra la incautaci\u00f3n de 62 kilos de pasta base de coca y la captura de dos sujetos, que se movilizaba en veh\u00edculos particulares, con direcci\u00f3n hacia [&hellip;]<\/p>\n","protected":false},"author":2,"featured_media":0,"comment_status":"open","ping_status":"open","sticky":false,"template":"","format":"standard","meta":{"footnotes":""},"categories":[36,29],"tags":[],"class_list":["post-48874","post","type-post","status-publish","format-standard","hentry","category-destacado","category-judicial"],"yoast_head":"<!-- This site is optimized with the Yoast SEO plugin v26.6 - https:\/\/yoast.com\/wordpress\/plugins\/seo\/ -->\n<title>Capturados de dos sujetos que se movilizaban con 62 kilos de pasta base de coca -<\/title>\n<meta name=\"robots\" content=\"index, follow, max-snippet:-1, max-image-preview:large, max-video-preview:-1\" \/>\n<link rel=\"canonical\" href=\"https:\/\/luchonoticias.com\/editor\/capturados-de-dos-sujetos-que-se-movilizaban-con-62-kilos-de-pasta-base-de-coca\/\" \/>\n<meta property=\"og:locale\" content=\"es_ES\" \/>\n<meta property=\"og:type\" content=\"article\" \/>\n<meta property=\"og:title\" content=\"Capturados de dos sujetos que se movilizaban con 62 kilos de pasta base de coca -\" \/>\n<meta property=\"og:url\" content=\"https:\/\/luchonoticias.com\/editor\/capturados-de-dos-sujetos-que-se-movilizaban-con-62-kilos-de-pasta-base-de-coca\/\" \/>\n<meta property=\"article:publisher\" content=\"https:\/\/www.facebook.com\/luchonoticiasneiva\" \/>\n<meta property=\"article:published_time\" content=\"2023-03-23T11:51:42+00:00\" \/>\n<meta property=\"article:modified_time\" content=\"2023-03-23T11:51:43+00:00\" \/>\n<meta property=\"og:image\" content=\"https:\/\/luchonoticias.com\/wp-content\/uploads\/2023\/03\/WhatsApp-Image-2023-03-22-at-8.32.54-AM-1-1024x768.jpeg\" \/>\n<meta name=\"author\" content=\"Editor General\" \/>\n<meta name=\"twitter:card\" content=\"summary_large_image\" \/>\n<meta name=\"twitter:label1\" content=\"Escrito por\" \/>\n\t<meta name=\"twitter:data1\" content=\"Editor General\" \/>\n\t<meta name=\"twitter:label2\" content=\"Tiempo de lectura\" \/>\n\t<meta name=\"twitter:data2\" content=\"1 minuto\" \/>\n<script type=\"application\/ld+json\" class=\"yoast-schema-graph\">{\"@context\":\"https:\/\/schema.org\",\"@graph\":[{\"@type\":\"Article\",\"@id\":\"https:\/\/luchonoticias.com\/editor\/capturados-de-dos-sujetos-que-se-movilizaban-con-62-kilos-de-pasta-base-de-coca\/#article\",\"isPartOf\":{\"@id\":\"https:\/\/luchonoticias.com\/editor\/capturados-de-dos-sujetos-que-se-movilizaban-con-62-kilos-de-pasta-base-de-coca\/\"},\"author\":{\"name\":\"Editor General\",\"@id\":\"https:\/\/luchonoticias.com\/editor\/#\/schema\/person\/29217990ddf6f14e35912b2866d591fb\"},\"headline\":\"Capturados de dos sujetos que se movilizaban con 62 kilos de pasta base de coca\",\"datePublished\":\"2023-03-23T11:51:42+00:00\",\"dateModified\":\"2023-03-23T11:51:43+00:00\",\"mainEntityOfPage\":{\"@id\":\"https:\/\/luchonoticias.com\/editor\/capturados-de-dos-sujetos-que-se-movilizaban-con-62-kilos-de-pasta-base-de-coca\/\"},\"wordCount\":283,\"commentCount\":0,\"publisher\":{\"@id\":\"https:\/\/luchonoticias.com\/editor\/#\/schema\/person\/7a7fd911f58561fd056dbac7b55af9cd\"},\"image\":{\"@id\":\"https:\/\/luchonoticias.com\/editor\/capturados-de-dos-sujetos-que-se-movilizaban-con-62-kilos-de-pasta-base-de-coca\/#primaryimage\"},\"thumbnailUrl\":\"https:\/\/luchonoticias.com\/wp-content\/uploads\/2023\/03\/WhatsApp-Image-2023-03-22-at-8.32.54-AM-1-1024x768.jpeg\",\"articleSection\":[\"Destacado\",\"Judicial\"],\"inLanguage\":\"es\",\"potentialAction\":[{\"@type\":\"CommentAction\",\"name\":\"Comment\",\"target\":[\"https:\/\/luchonoticias.com\/editor\/capturados-de-dos-sujetos-que-se-movilizaban-con-62-kilos-de-pasta-base-de-coca\/#respond\"]}]},{\"@type\":\"WebPage\",\"@id\":\"https:\/\/luchonoticias.com\/editor\/capturados-de-dos-sujetos-que-se-movilizaban-con-62-kilos-de-pasta-base-de-coca\/\",\"url\":\"https:\/\/luchonoticias.com\/editor\/capturados-de-dos-sujetos-que-se-movilizaban-con-62-kilos-de-pasta-base-de-coca\/\",\"name\":\"Capturados de dos sujetos que se movilizaban con 62 kilos de pasta base de coca -\",\"isPartOf\":{\"@id\":\"https:\/\/luchonoticias.com\/editor\/#website\"},\"primaryImageOfPage\":{\"@id\":\"https:\/\/luchonoticias.com\/editor\/capturados-de-dos-sujetos-que-se-movilizaban-con-62-kilos-de-pasta-base-de-coca\/#primaryimage\"},\"image\":{\"@id\":\"https:\/\/luchonoticias.com\/editor\/capturados-de-dos-sujetos-que-se-movilizaban-con-62-kilos-de-pasta-base-de-coca\/#primaryimage\"},\"thumbnailUrl\":\"https:\/\/luchonoticias.com\/wp-content\/uploads\/2023\/03\/WhatsApp-Image-2023-03-22-at-8.32.54-AM-1-1024x768.jpeg\",\"datePublished\":\"2023-03-23T11:51:42+00:00\",\"dateModified\":\"2023-03-23T11:51:43+00:00\",\"breadcrumb\":{\"@id\":\"https:\/\/luchonoticias.com\/editor\/capturados-de-dos-sujetos-que-se-movilizaban-con-62-kilos-de-pasta-base-de-coca\/#breadcrumb\"},\"inLanguage\":\"es\",\"potentialAction\":[{\"@type\":\"ReadAction\",\"target\":[\"https:\/\/luchonoticias.com\/editor\/capturados-de-dos-sujetos-que-se-movilizaban-con-62-kilos-de-pasta-base-de-coca\/\"]}]},{\"@type\":\"ImageObject\",\"inLanguage\":\"es\",\"@id\":\"https:\/\/luchonoticias.com\/editor\/capturados-de-dos-sujetos-que-se-movilizaban-con-62-kilos-de-pasta-base-de-coca\/#primaryimage\",\"url\":\"https:\/\/luchonoticias.com\/wp-content\/uploads\/2023\/03\/WhatsApp-Image-2023-03-22-at-8.32.54-AM-1-1024x768.jpeg\",\"contentUrl\":\"https:\/\/luchonoticias.com\/wp-content\/uploads\/2023\/03\/WhatsApp-Image-2023-03-22-at-8.32.54-AM-1-1024x768.jpeg\"},{\"@type\":\"BreadcrumbList\",\"@id\":\"https:\/\/luchonoticias.com\/editor\/capturados-de-dos-sujetos-que-se-movilizaban-con-62-kilos-de-pasta-base-de-coca\/#breadcrumb\",\"itemListElement\":[{\"@type\":\"ListItem\",\"position\":1,\"name\":\"Portada\",\"item\":\"https:\/\/luchonoticias.com\/editor\/\"},{\"@type\":\"ListItem\",\"position\":2,\"name\":\"Capturados de dos sujetos que se movilizaban con 62 kilos de pasta base de coca\"}]},{\"@type\":\"WebSite\",\"@id\":\"https:\/\/luchonoticias.com\/editor\/#website\",\"url\":\"https:\/\/luchonoticias.com\/editor\/\",\"name\":\"\",\"description\":\"\",\"publisher\":{\"@id\":\"https:\/\/luchonoticias.com\/editor\/#\/schema\/person\/7a7fd911f58561fd056dbac7b55af9cd\"},\"potentialAction\":[{\"@type\":\"SearchAction\",\"target\":{\"@type\":\"EntryPoint\",\"urlTemplate\":\"https:\/\/luchonoticias.com\/editor\/?s={search_term_string}\"},\"query-input\":{\"@type\":\"PropertyValueSpecification\",\"valueRequired\":true,\"valueName\":\"search_term_string\"}}],\"inLanguage\":\"es\"},{\"@type\":[\"Person\",\"Organization\"],\"@id\":\"https:\/\/luchonoticias.com\/editor\/#\/schema\/person\/7a7fd911f58561fd056dbac7b55af9cd\",\"name\":\"admin\",\"image\":{\"@type\":\"ImageObject\",\"inLanguage\":\"es\",\"@id\":\"https:\/\/luchonoticias.com\/editor\/#\/schema\/person\/image\/\",\"url\":\"https:\/\/luchonoticias.com\/editor\/wp-content\/uploads\/2024\/02\/cropped-cropped-logolu.webp\",\"contentUrl\":\"https:\/\/luchonoticias.com\/editor\/wp-content\/uploads\/2024\/02\/cropped-cropped-logolu.webp\",\"width\":382,\"height\":170,\"caption\":\"admin\"},\"logo\":{\"@id\":\"https:\/\/luchonoticias.com\/editor\/#\/schema\/person\/image\/\"},\"sameAs\":[\"https:\/\/www.facebook.com\/luchonoticiasneiva\"]},{\"@type\":\"Person\",\"@id\":\"https:\/\/luchonoticias.com\/editor\/#\/schema\/person\/29217990ddf6f14e35912b2866d591fb\",\"name\":\"Editor General\",\"image\":{\"@type\":\"ImageObject\",\"inLanguage\":\"es\",\"@id\":\"https:\/\/luchonoticias.com\/editor\/#\/schema\/person\/image\/\",\"url\":\"https:\/\/luchonoticias.com\/editor\/wp-content\/uploads\/2024\/02\/cropped-cropped-logolu-150x150.webp\",\"contentUrl\":\"https:\/\/luchonoticias.com\/editor\/wp-content\/uploads\/2024\/02\/cropped-cropped-logolu-150x150.webp\",\"caption\":\"Editor General\"},\"sameAs\":[\"https:\/\/luchonoticias.com\/\"],\"url\":\"https:\/\/luchonoticias.com\/editor\/author\/editor-general\/\"}]}<\/script>\n<!-- \/ Yoast SEO plugin. -->","yoast_head_json":{"title":"Capturados de dos sujetos que se movilizaban con 62 kilos de pasta base de coca -","robots":{"index":"index","follow":"follow","max-snippet":"max-snippet:-1","max-image-preview":"max-image-preview:large","max-video-preview":"max-video-preview:-1"},"canonical":"https:\/\/luchonoticias.com\/editor\/capturados-de-dos-sujetos-que-se-movilizaban-con-62-kilos-de-pasta-base-de-coca\/","og_locale":"es_ES","og_type":"article","og_title":"Capturados de dos sujetos que se movilizaban con 62 kilos de pasta base de coca -","og_url":"https:\/\/luchonoticias.com\/editor\/capturados-de-dos-sujetos-que-se-movilizaban-con-62-kilos-de-pasta-base-de-coca\/","article_publisher":"https:\/\/www.facebook.com\/luchonoticiasneiva","article_published_time":"2023-03-23T11:51:42+00:00","article_modified_time":"2023-03-23T11:51:43+00:00","og_image":[{"url":"https:\/\/luchonoticias.com\/wp-content\/uploads\/2023\/03\/WhatsApp-Image-2023-03-22-at-8.32.54-AM-1-1024x768.jpeg","type":"","width":"","height":""}],"author":"Editor General","twitter_card":"summary_large_image","twitter_misc":{"Escrito por":"Editor General","Tiempo de lectura":"1 minuto"},"schema":{"@context":"https:\/\/schema.org","@graph":[{"@type":"Article","@id":"https:\/\/luchonoticias.com\/editor\/capturados-de-dos-sujetos-que-se-movilizaban-con-62-kilos-de-pasta-base-de-coca\/#article","isPartOf":{"@id":"https:\/\/luchonoticias.com\/editor\/capturados-de-dos-sujetos-que-se-movilizaban-con-62-kilos-de-pasta-base-de-coca\/"},"author":{"name":"Editor General","@id":"https:\/\/luchonoticias.com\/editor\/#\/schema\/person\/29217990ddf6f14e35912b2866d591fb"},"headline":"Capturados de dos sujetos que se movilizaban con 62 kilos de pasta base de coca","datePublished":"2023-03-23T11:51:42+00:00","dateModified":"2023-03-23T11:51:43+00:00","mainEntityOfPage":{"@id":"https:\/\/luchonoticias.com\/editor\/capturados-de-dos-sujetos-que-se-movilizaban-con-62-kilos-de-pasta-base-de-coca\/"},"wordCount":283,"commentCount":0,"publisher":{"@id":"https:\/\/luchonoticias.com\/editor\/#\/schema\/person\/7a7fd911f58561fd056dbac7b55af9cd"},"image":{"@id":"https:\/\/luchonoticias.com\/editor\/capturados-de-dos-sujetos-que-se-movilizaban-con-62-kilos-de-pasta-base-de-coca\/#primaryimage"},"thumbnailUrl":"https:\/\/luchonoticias.com\/wp-content\/uploads\/2023\/03\/WhatsApp-Image-2023-03-22-at-8.32.54-AM-1-1024x768.jpeg","articleSection":["Destacado","Judicial"],"inLanguage":"es","potentialAction":[{"@type":"CommentAction","name":"Comment","target":["https:\/\/luchonoticias.com\/editor\/capturados-de-dos-sujetos-que-se-movilizaban-con-62-kilos-de-pasta-base-de-coca\/#respond"]}]},{"@type":"WebPage","@id":"https:\/\/luchonoticias.com\/editor\/capturados-de-dos-sujetos-que-se-movilizaban-con-62-kilos-de-pasta-base-de-coca\/","url":"https:\/\/luchonoticias.com\/editor\/capturados-de-dos-sujetos-que-se-movilizaban-con-62-kilos-de-pasta-base-de-coca\/","name":"Capturados de dos sujetos que se movilizaban con 62 kilos de pasta base de coca -","isPartOf":{"@id":"https:\/\/luchonoticias.com\/editor\/#website"},"primaryImageOfPage":{"@id":"https:\/\/luchonoticias.com\/editor\/capturados-de-dos-sujetos-que-se-movilizaban-con-62-kilos-de-pasta-base-de-coca\/#primaryimage"},"image":{"@id":"https:\/\/luchonoticias.com\/editor\/capturados-de-dos-sujetos-que-se-movilizaban-con-62-kilos-de-pasta-base-de-coca\/#primaryimage"},"thumbnailUrl":"https:\/\/luchonoticias.com\/wp-content\/uploads\/2023\/03\/WhatsApp-Image-2023-03-22-at-8.32.54-AM-1-1024x768.jpeg","datePublished":"2023-03-23T11:51:42+00:00","dateModified":"2023-03-23T11:51:43+00:00","breadcrumb":{"@id":"https:\/\/luchonoticias.com\/editor\/capturados-de-dos-sujetos-que-se-movilizaban-con-62-kilos-de-pasta-base-de-coca\/#breadcrumb"},"inLanguage":"es","potentialAction":[{"@type":"ReadAction","target":["https:\/\/luchonoticias.com\/editor\/capturados-de-dos-sujetos-que-se-movilizaban-con-62-kilos-de-pasta-base-de-coca\/"]}]},{"@type":"ImageObject","inLanguage":"es","@id":"https:\/\/luchonoticias.com\/editor\/capturados-de-dos-sujetos-que-se-movilizaban-con-62-kilos-de-pasta-base-de-coca\/#primaryimage","url":"https:\/\/luchonoticias.com\/wp-content\/uploads\/2023\/03\/WhatsApp-Image-2023-03-22-at-8.32.54-AM-1-1024x768.jpeg","contentUrl":"https:\/\/luchonoticias.com\/wp-content\/uploads\/2023\/03\/WhatsApp-Image-2023-03-22-at-8.32.54-AM-1-1024x768.jpeg"},{"@type":"BreadcrumbList","@id":"https:\/\/luchonoticias.com\/editor\/capturados-de-dos-sujetos-que-se-movilizaban-con-62-kilos-de-pasta-base-de-coca\/#breadcrumb","itemListElement":[{"@type":"ListItem","position":1,"name":"Portada","item":"https:\/\/luchonoticias.com\/editor\/"},{"@type":"ListItem","position":2,"name":"Capturados de dos sujetos que se movilizaban con 62 kilos de pasta base de coca"}]},{"@type":"WebSite","@id":"https:\/\/luchonoticias.com\/editor\/#website","url":"https:\/\/luchonoticias.com\/editor\/","name":"","description":"","publisher":{"@id":"https:\/\/luchonoticias.com\/editor\/#\/schema\/person\/7a7fd911f58561fd056dbac7b55af9cd"},"potentialAction":[{"@type":"SearchAction","target":{"@type":"EntryPoint","urlTemplate":"https:\/\/luchonoticias.com\/editor\/?s={search_term_string}"},"query-input":{"@type":"PropertyValueSpecification","valueRequired":true,"valueName":"search_term_string"}}],"inLanguage":"es"},{"@type":["Person","Organization"],"@id":"https:\/\/luchonoticias.com\/editor\/#\/schema\/person\/7a7fd911f58561fd056dbac7b55af9cd","name":"admin","image":{"@type":"ImageObject","inLanguage":"es","@id":"https:\/\/luchonoticias.com\/editor\/#\/schema\/person\/image\/","url":"https:\/\/luchonoticias.com\/editor\/wp-content\/uploads\/2024\/02\/cropped-cropped-logolu.webp","contentUrl":"https:\/\/luchonoticias.com\/editor\/wp-content\/uploads\/2024\/02\/cropped-cropped-logolu.webp","width":382,"height":170,"caption":"admin"},"logo":{"@id":"https:\/\/luchonoticias.com\/editor\/#\/schema\/person\/image\/"},"sameAs":["https:\/\/www.facebook.com\/luchonoticiasneiva"]},{"@type":"Person","@id":"https:\/\/luchonoticias.com\/editor\/#\/schema\/person\/29217990ddf6f14e35912b2866d591fb","name":"Editor General","image":{"@type":"ImageObject","inLanguage":"es","@id":"https:\/\/luchonoticias.com\/editor\/#\/schema\/person\/image\/","url":"https:\/\/luchonoticias.com\/editor\/wp-content\/uploads\/2024\/02\/cropped-cropped-logolu-150x150.webp","contentUrl":"https:\/\/luchonoticias.com\/editor\/wp-content\/uploads\/2024\/02\/cropped-cropped-logolu-150x150.webp","caption":"Editor General"},"sameAs":["https:\/\/luchonoticias.com\/"],"url":"https:\/\/luchonoticias.com\/editor\/author\/editor-general\/"}]}},"_links":{"self":[{"href":"https:\/\/luchonoticias.com\/editor\/wp-json\/wp\/v2\/posts\/48874","targetHints":{"allow":["GET"]}}],"collection":[{"href":"https:\/\/luchonoticias.com\/editor\/wp-json\/wp\/v2\/posts"}],"about":[{"href":"https:\/\/luchonoticias.com\/editor\/wp-json\/wp\/v2\/types\/post"}],"author":[{"embeddable":true,"href":"https:\/\/luchonoticias.com\/editor\/wp-json\/wp\/v2\/users\/2"}],"replies":[{"embeddable":true,"href":"https:\/\/luchonoticias.com\/editor\/wp-json\/wp\/v2\/comments?post=48874"}],"version-history":[{"count":0,"href":"https:\/\/luchonoticias.com\/editor\/wp-json\/wp\/v2\/posts\/48874\/revisions"}],"wp:attachment":[{"href":"https:\/\/luchonoticias.com\/editor\/wp-json\/wp\/v2\/media?parent=48874"}],"wp:term":[{"taxonomy":"category","embeddable":true,"href":"https:\/\/luchonoticias.com\/editor\/wp-json\/wp\/v2\/categories?post=48874"},{"taxonomy":"post_tag","embeddable":true,"href":"https:\/\/luchonoticias.com\/editor\/wp-json\/wp\/v2\/tags?post=48874"}],"curies":[{"name":"wp","href":"https:\/\/api.w.org\/{rel}","templated":true}]}}