{"id":48899,"date":"2023-03-23T07:19:35","date_gmt":"2023-03-23T12:19:35","guid":{"rendered":"https:\/\/luchonoticias.com\/?p=48899"},"modified":"2023-03-23T07:19:36","modified_gmt":"2023-03-23T12:19:36","slug":"colombia-y-mexico-reactivan-los-canales-de-comunicacion-para-atender-temas-migratorios-anuncia-embajador-ninco-daza","status":"publish","type":"post","link":"https:\/\/luchonoticias.com\/editor\/colombia-y-mexico-reactivan-los-canales-de-comunicacion-para-atender-temas-migratorios-anuncia-embajador-ninco-daza\/","title":{"rendered":"Colombia y M\u00e9xico reactivan los canales de comunicaci\u00f3n para atender temas migratorios, anuncia Embajador Ninco Daza"},"content":{"rendered":"\n<p>El Embajador de Colombia en M\u00e9xico, Mois\u00e9s Ninco Daza, anunci\u00f3 la reactivaci\u00f3n de los canales de comunicaci\u00f3n con el Instituto Nacional de Migraci\u00f3n (Inami) de ese pa\u00eds, que permitir\u00e1 revisar la atenci\u00f3n a los colombianos y los procesos de inadmisi\u00f3n.<\/p>\n\n\n\n<p>Este nuevo paso en las relaciones bilaterales se dio en medio de una visita al aeropuerto internacional Benito Ju\u00e1rez de Ciudad de M\u00e9xico (CDMX), por parte del Embajador Ninco; el Comisionado del Inami, Francisco Gardu\u00f1o Ya\u00f1ez, y el C\u00f3nsul General en CDMX, Andr\u00e9s Hern\u00e1ndez.<\/p>\n\n\n\n<p>\u201cCon una gran disposici\u00f3n y apertura, el Instituto Nacional de Migraci\u00f3n nos permiti\u00f3 revisar c\u00f3mo se hacen los procedimientos de ingreso, segunda revisi\u00f3n e inadmisi\u00f3n, sobre los cuales compartimos nuestras observaciones poniendo en el centro los derechos de las y los connacionales\u201d, explic\u00f3 el representante de Colombia en M\u00e9xico a trav\u00e9s de su cuenta de Twitter.<\/p>\n\n\n\n<figure class=\"wp-block-image size-large is-style-rounded\"><img decoding=\"async\" src=\"https:\/\/luchonoticias.com\/wp-content\/uploads\/2023\/03\/230322-Colombia-Mexico-reactivan-canales-atender-temas-migratorios-1280-1024x576.jpg\" alt=\"\" class=\"wp-image-48901\"\/><figcaption class=\"wp-element-caption\">Colombia y M\u00e9xico reactivan los canales de comunicaci\u00f3n para atender temas migratorios, anuncia Embajador Ninco Daza<\/figcaption><\/figure>\n\n\n\n<p>Agreg\u00f3 adem\u00e1s que, durante el encuentro, se compartieron experiencias sobre las condiciones de espera de las personas que llegan a Colombia.<\/p>\n\n\n\n<p>Finalmente, el Embajador agradeci\u00f3 la disposici\u00f3n y colaboraci\u00f3n de las autoridades mexicanas al establecer esta nueva din\u00e1mica de trabajo con la Canciller\u00eda, la Secretar\u00eda de Relaciones Exteriores de M\u00e9xico, el Inam y Migraci\u00f3n Colombia, ratificando as\u00ed el compromiso del Gobierno del Cambio con los derechos humanos y las relaciones entre las dos naciones.<\/p>\n","protected":false},"excerpt":{"rendered":"<p>El Embajador de Colombia en M\u00e9xico, Mois\u00e9s Ninco Daza, anunci\u00f3 la reactivaci\u00f3n de los canales de comunicaci\u00f3n con el Instituto Nacional de Migraci\u00f3n (Inami) de ese pa\u00eds, que permitir\u00e1 revisar la atenci\u00f3n a los colombianos y los procesos de inadmisi\u00f3n. Este nuevo paso en las relaciones bilaterales se dio en medio de una visita al [&hellip;]<\/p>\n","protected":false},"author":2,"featured_media":0,"comment_status":"open","ping_status":"open","sticky":false,"template":"","format":"standard","meta":{"footnotes":""},"categories":[28,36],"tags":[],"class_list":["post-48899","post","type-post","status-publish","format-standard","hentry","category-actualidad","category-destacado"],"yoast_head":"<!-- This site is optimized with the Yoast SEO plugin v26.6 - https:\/\/yoast.com\/wordpress\/plugins\/seo\/ -->\n<title>Colombia y M\u00e9xico reactivan los canales de comunicaci\u00f3n para atender temas migratorios, anuncia Embajador Ninco Daza -<\/title>\n<meta name=\"robots\" content=\"index, follow, max-snippet:-1, max-image-preview:large, max-video-preview:-1\" \/>\n<link rel=\"canonical\" href=\"https:\/\/luchonoticias.com\/editor\/colombia-y-mexico-reactivan-los-canales-de-comunicacion-para-atender-temas-migratorios-anuncia-embajador-ninco-daza\/\" \/>\n<meta property=\"og:locale\" content=\"es_ES\" \/>\n<meta property=\"og:type\" content=\"article\" \/>\n<meta property=\"og:title\" content=\"Colombia y M\u00e9xico reactivan los canales de comunicaci\u00f3n para atender temas migratorios, anuncia Embajador Ninco Daza -\" \/>\n<meta property=\"og:url\" content=\"https:\/\/luchonoticias.com\/editor\/colombia-y-mexico-reactivan-los-canales-de-comunicacion-para-atender-temas-migratorios-anuncia-embajador-ninco-daza\/\" \/>\n<meta property=\"article:publisher\" content=\"https:\/\/www.facebook.com\/luchonoticiasneiva\" \/>\n<meta property=\"article:published_time\" content=\"2023-03-23T12:19:35+00:00\" \/>\n<meta property=\"article:modified_time\" content=\"2023-03-23T12:19:36+00:00\" \/>\n<meta property=\"og:image\" content=\"https:\/\/luchonoticias.com\/wp-content\/uploads\/2023\/03\/230322-Colombia-Mexico-reactivan-canales-atender-temas-migratorios-1280-1024x576.jpg\" \/>\n<meta name=\"author\" content=\"Editor General\" \/>\n<meta name=\"twitter:card\" content=\"summary_large_image\" \/>\n<meta name=\"twitter:label1\" content=\"Escrito por\" \/>\n\t<meta name=\"twitter:data1\" content=\"Editor General\" \/>\n\t<meta name=\"twitter:label2\" content=\"Tiempo de lectura\" \/>\n\t<meta name=\"twitter:data2\" content=\"1 minuto\" \/>\n<script type=\"application\/ld+json\" class=\"yoast-schema-graph\">{\"@context\":\"https:\/\/schema.org\",\"@graph\":[{\"@type\":\"Article\",\"@id\":\"https:\/\/luchonoticias.com\/editor\/colombia-y-mexico-reactivan-los-canales-de-comunicacion-para-atender-temas-migratorios-anuncia-embajador-ninco-daza\/#article\",\"isPartOf\":{\"@id\":\"https:\/\/luchonoticias.com\/editor\/colombia-y-mexico-reactivan-los-canales-de-comunicacion-para-atender-temas-migratorios-anuncia-embajador-ninco-daza\/\"},\"author\":{\"name\":\"Editor General\",\"@id\":\"https:\/\/luchonoticias.com\/editor\/#\/schema\/person\/29217990ddf6f14e35912b2866d591fb\"},\"headline\":\"Colombia y M\u00e9xico reactivan los canales de comunicaci\u00f3n para atender temas migratorios, anuncia Embajador Ninco Daza\",\"datePublished\":\"2023-03-23T12:19:35+00:00\",\"dateModified\":\"2023-03-23T12:19:36+00:00\",\"mainEntityOfPage\":{\"@id\":\"https:\/\/luchonoticias.com\/editor\/colombia-y-mexico-reactivan-los-canales-de-comunicacion-para-atender-temas-migratorios-anuncia-embajador-ninco-daza\/\"},\"wordCount\":280,\"commentCount\":0,\"publisher\":{\"@id\":\"https:\/\/luchonoticias.com\/editor\/#\/schema\/person\/7a7fd911f58561fd056dbac7b55af9cd\"},\"image\":{\"@id\":\"https:\/\/luchonoticias.com\/editor\/colombia-y-mexico-reactivan-los-canales-de-comunicacion-para-atender-temas-migratorios-anuncia-embajador-ninco-daza\/#primaryimage\"},\"thumbnailUrl\":\"https:\/\/luchonoticias.com\/wp-content\/uploads\/2023\/03\/230322-Colombia-Mexico-reactivan-canales-atender-temas-migratorios-1280-1024x576.jpg\",\"articleSection\":[\"Actualidad\",\"Destacado\"],\"inLanguage\":\"es\",\"potentialAction\":[{\"@type\":\"CommentAction\",\"name\":\"Comment\",\"target\":[\"https:\/\/luchonoticias.com\/editor\/colombia-y-mexico-reactivan-los-canales-de-comunicacion-para-atender-temas-migratorios-anuncia-embajador-ninco-daza\/#respond\"]}]},{\"@type\":\"WebPage\",\"@id\":\"https:\/\/luchonoticias.com\/editor\/colombia-y-mexico-reactivan-los-canales-de-comunicacion-para-atender-temas-migratorios-anuncia-embajador-ninco-daza\/\",\"url\":\"https:\/\/luchonoticias.com\/editor\/colombia-y-mexico-reactivan-los-canales-de-comunicacion-para-atender-temas-migratorios-anuncia-embajador-ninco-daza\/\",\"name\":\"Colombia y M\u00e9xico reactivan los canales de comunicaci\u00f3n para atender temas migratorios, anuncia Embajador Ninco Daza -\",\"isPartOf\":{\"@id\":\"https:\/\/luchonoticias.com\/editor\/#website\"},\"primaryImageOfPage\":{\"@id\":\"https:\/\/luchonoticias.com\/editor\/colombia-y-mexico-reactivan-los-canales-de-comunicacion-para-atender-temas-migratorios-anuncia-embajador-ninco-daza\/#primaryimage\"},\"image\":{\"@id\":\"https:\/\/luchonoticias.com\/editor\/colombia-y-mexico-reactivan-los-canales-de-comunicacion-para-atender-temas-migratorios-anuncia-embajador-ninco-daza\/#primaryimage\"},\"thumbnailUrl\":\"https:\/\/luchonoticias.com\/wp-content\/uploads\/2023\/03\/230322-Colombia-Mexico-reactivan-canales-atender-temas-migratorios-1280-1024x576.jpg\",\"datePublished\":\"2023-03-23T12:19:35+00:00\",\"dateModified\":\"2023-03-23T12:19:36+00:00\",\"breadcrumb\":{\"@id\":\"https:\/\/luchonoticias.com\/editor\/colombia-y-mexico-reactivan-los-canales-de-comunicacion-para-atender-temas-migratorios-anuncia-embajador-ninco-daza\/#breadcrumb\"},\"inLanguage\":\"es\",\"potentialAction\":[{\"@type\":\"ReadAction\",\"target\":[\"https:\/\/luchonoticias.com\/editor\/colombia-y-mexico-reactivan-los-canales-de-comunicacion-para-atender-temas-migratorios-anuncia-embajador-ninco-daza\/\"]}]},{\"@type\":\"ImageObject\",\"inLanguage\":\"es\",\"@id\":\"https:\/\/luchonoticias.com\/editor\/colombia-y-mexico-reactivan-los-canales-de-comunicacion-para-atender-temas-migratorios-anuncia-embajador-ninco-daza\/#primaryimage\",\"url\":\"https:\/\/luchonoticias.com\/wp-content\/uploads\/2023\/03\/230322-Colombia-Mexico-reactivan-canales-atender-temas-migratorios-1280-1024x576.jpg\",\"contentUrl\":\"https:\/\/luchonoticias.com\/wp-content\/uploads\/2023\/03\/230322-Colombia-Mexico-reactivan-canales-atender-temas-migratorios-1280-1024x576.jpg\"},{\"@type\":\"BreadcrumbList\",\"@id\":\"https:\/\/luchonoticias.com\/editor\/colombia-y-mexico-reactivan-los-canales-de-comunicacion-para-atender-temas-migratorios-anuncia-embajador-ninco-daza\/#breadcrumb\",\"itemListElement\":[{\"@type\":\"ListItem\",\"position\":1,\"name\":\"Portada\",\"item\":\"https:\/\/luchonoticias.com\/editor\/\"},{\"@type\":\"ListItem\",\"position\":2,\"name\":\"Colombia y M\u00e9xico reactivan los canales de comunicaci\u00f3n para atender temas migratorios, anuncia Embajador Ninco Daza\"}]},{\"@type\":\"WebSite\",\"@id\":\"https:\/\/luchonoticias.com\/editor\/#website\",\"url\":\"https:\/\/luchonoticias.com\/editor\/\",\"name\":\"\",\"description\":\"\",\"publisher\":{\"@id\":\"https:\/\/luchonoticias.com\/editor\/#\/schema\/person\/7a7fd911f58561fd056dbac7b55af9cd\"},\"potentialAction\":[{\"@type\":\"SearchAction\",\"target\":{\"@type\":\"EntryPoint\",\"urlTemplate\":\"https:\/\/luchonoticias.com\/editor\/?s={search_term_string}\"},\"query-input\":{\"@type\":\"PropertyValueSpecification\",\"valueRequired\":true,\"valueName\":\"search_term_string\"}}],\"inLanguage\":\"es\"},{\"@type\":[\"Person\",\"Organization\"],\"@id\":\"https:\/\/luchonoticias.com\/editor\/#\/schema\/person\/7a7fd911f58561fd056dbac7b55af9cd\",\"name\":\"admin\",\"image\":{\"@type\":\"ImageObject\",\"inLanguage\":\"es\",\"@id\":\"https:\/\/luchonoticias.com\/editor\/#\/schema\/person\/image\/\",\"url\":\"https:\/\/luchonoticias.com\/editor\/wp-content\/uploads\/2024\/02\/cropped-cropped-logolu.webp\",\"contentUrl\":\"https:\/\/luchonoticias.com\/editor\/wp-content\/uploads\/2024\/02\/cropped-cropped-logolu.webp\",\"width\":382,\"height\":170,\"caption\":\"admin\"},\"logo\":{\"@id\":\"https:\/\/luchonoticias.com\/editor\/#\/schema\/person\/image\/\"},\"sameAs\":[\"https:\/\/www.facebook.com\/luchonoticiasneiva\"]},{\"@type\":\"Person\",\"@id\":\"https:\/\/luchonoticias.com\/editor\/#\/schema\/person\/29217990ddf6f14e35912b2866d591fb\",\"name\":\"Editor General\",\"image\":{\"@type\":\"ImageObject\",\"inLanguage\":\"es\",\"@id\":\"https:\/\/luchonoticias.com\/editor\/#\/schema\/person\/image\/\",\"url\":\"https:\/\/luchonoticias.com\/editor\/wp-content\/uploads\/2024\/02\/cropped-cropped-logolu-150x150.webp\",\"contentUrl\":\"https:\/\/luchonoticias.com\/editor\/wp-content\/uploads\/2024\/02\/cropped-cropped-logolu-150x150.webp\",\"caption\":\"Editor General\"},\"sameAs\":[\"https:\/\/luchonoticias.com\/\"],\"url\":\"https:\/\/luchonoticias.com\/editor\/author\/editor-general\/\"}]}<\/script>\n<!-- \/ Yoast SEO plugin. -->","yoast_head_json":{"title":"Colombia y M\u00e9xico reactivan los canales de comunicaci\u00f3n para atender temas migratorios, anuncia Embajador Ninco Daza -","robots":{"index":"index","follow":"follow","max-snippet":"max-snippet:-1","max-image-preview":"max-image-preview:large","max-video-preview":"max-video-preview:-1"},"canonical":"https:\/\/luchonoticias.com\/editor\/colombia-y-mexico-reactivan-los-canales-de-comunicacion-para-atender-temas-migratorios-anuncia-embajador-ninco-daza\/","og_locale":"es_ES","og_type":"article","og_title":"Colombia y M\u00e9xico reactivan los canales de comunicaci\u00f3n para atender temas migratorios, anuncia Embajador Ninco Daza -","og_url":"https:\/\/luchonoticias.com\/editor\/colombia-y-mexico-reactivan-los-canales-de-comunicacion-para-atender-temas-migratorios-anuncia-embajador-ninco-daza\/","article_publisher":"https:\/\/www.facebook.com\/luchonoticiasneiva","article_published_time":"2023-03-23T12:19:35+00:00","article_modified_time":"2023-03-23T12:19:36+00:00","og_image":[{"url":"https:\/\/luchonoticias.com\/wp-content\/uploads\/2023\/03\/230322-Colombia-Mexico-reactivan-canales-atender-temas-migratorios-1280-1024x576.jpg","type":"","width":"","height":""}],"author":"Editor General","twitter_card":"summary_large_image","twitter_misc":{"Escrito por":"Editor General","Tiempo de lectura":"1 minuto"},"schema":{"@context":"https:\/\/schema.org","@graph":[{"@type":"Article","@id":"https:\/\/luchonoticias.com\/editor\/colombia-y-mexico-reactivan-los-canales-de-comunicacion-para-atender-temas-migratorios-anuncia-embajador-ninco-daza\/#article","isPartOf":{"@id":"https:\/\/luchonoticias.com\/editor\/colombia-y-mexico-reactivan-los-canales-de-comunicacion-para-atender-temas-migratorios-anuncia-embajador-ninco-daza\/"},"author":{"name":"Editor General","@id":"https:\/\/luchonoticias.com\/editor\/#\/schema\/person\/29217990ddf6f14e35912b2866d591fb"},"headline":"Colombia y M\u00e9xico reactivan los canales de comunicaci\u00f3n para atender temas migratorios, anuncia Embajador Ninco Daza","datePublished":"2023-03-23T12:19:35+00:00","dateModified":"2023-03-23T12:19:36+00:00","mainEntityOfPage":{"@id":"https:\/\/luchonoticias.com\/editor\/colombia-y-mexico-reactivan-los-canales-de-comunicacion-para-atender-temas-migratorios-anuncia-embajador-ninco-daza\/"},"wordCount":280,"commentCount":0,"publisher":{"@id":"https:\/\/luchonoticias.com\/editor\/#\/schema\/person\/7a7fd911f58561fd056dbac7b55af9cd"},"image":{"@id":"https:\/\/luchonoticias.com\/editor\/colombia-y-mexico-reactivan-los-canales-de-comunicacion-para-atender-temas-migratorios-anuncia-embajador-ninco-daza\/#primaryimage"},"thumbnailUrl":"https:\/\/luchonoticias.com\/wp-content\/uploads\/2023\/03\/230322-Colombia-Mexico-reactivan-canales-atender-temas-migratorios-1280-1024x576.jpg","articleSection":["Actualidad","Destacado"],"inLanguage":"es","potentialAction":[{"@type":"CommentAction","name":"Comment","target":["https:\/\/luchonoticias.com\/editor\/colombia-y-mexico-reactivan-los-canales-de-comunicacion-para-atender-temas-migratorios-anuncia-embajador-ninco-daza\/#respond"]}]},{"@type":"WebPage","@id":"https:\/\/luchonoticias.com\/editor\/colombia-y-mexico-reactivan-los-canales-de-comunicacion-para-atender-temas-migratorios-anuncia-embajador-ninco-daza\/","url":"https:\/\/luchonoticias.com\/editor\/colombia-y-mexico-reactivan-los-canales-de-comunicacion-para-atender-temas-migratorios-anuncia-embajador-ninco-daza\/","name":"Colombia y M\u00e9xico reactivan los canales de comunicaci\u00f3n para atender temas migratorios, anuncia Embajador Ninco Daza -","isPartOf":{"@id":"https:\/\/luchonoticias.com\/editor\/#website"},"primaryImageOfPage":{"@id":"https:\/\/luchonoticias.com\/editor\/colombia-y-mexico-reactivan-los-canales-de-comunicacion-para-atender-temas-migratorios-anuncia-embajador-ninco-daza\/#primaryimage"},"image":{"@id":"https:\/\/luchonoticias.com\/editor\/colombia-y-mexico-reactivan-los-canales-de-comunicacion-para-atender-temas-migratorios-anuncia-embajador-ninco-daza\/#primaryimage"},"thumbnailUrl":"https:\/\/luchonoticias.com\/wp-content\/uploads\/2023\/03\/230322-Colombia-Mexico-reactivan-canales-atender-temas-migratorios-1280-1024x576.jpg","datePublished":"2023-03-23T12:19:35+00:00","dateModified":"2023-03-23T12:19:36+00:00","breadcrumb":{"@id":"https:\/\/luchonoticias.com\/editor\/colombia-y-mexico-reactivan-los-canales-de-comunicacion-para-atender-temas-migratorios-anuncia-embajador-ninco-daza\/#breadcrumb"},"inLanguage":"es","potentialAction":[{"@type":"ReadAction","target":["https:\/\/luchonoticias.com\/editor\/colombia-y-mexico-reactivan-los-canales-de-comunicacion-para-atender-temas-migratorios-anuncia-embajador-ninco-daza\/"]}]},{"@type":"ImageObject","inLanguage":"es","@id":"https:\/\/luchonoticias.com\/editor\/colombia-y-mexico-reactivan-los-canales-de-comunicacion-para-atender-temas-migratorios-anuncia-embajador-ninco-daza\/#primaryimage","url":"https:\/\/luchonoticias.com\/wp-content\/uploads\/2023\/03\/230322-Colombia-Mexico-reactivan-canales-atender-temas-migratorios-1280-1024x576.jpg","contentUrl":"https:\/\/luchonoticias.com\/wp-content\/uploads\/2023\/03\/230322-Colombia-Mexico-reactivan-canales-atender-temas-migratorios-1280-1024x576.jpg"},{"@type":"BreadcrumbList","@id":"https:\/\/luchonoticias.com\/editor\/colombia-y-mexico-reactivan-los-canales-de-comunicacion-para-atender-temas-migratorios-anuncia-embajador-ninco-daza\/#breadcrumb","itemListElement":[{"@type":"ListItem","position":1,"name":"Portada","item":"https:\/\/luchonoticias.com\/editor\/"},{"@type":"ListItem","position":2,"name":"Colombia y M\u00e9xico reactivan los canales de comunicaci\u00f3n para atender temas migratorios, anuncia Embajador Ninco Daza"}]},{"@type":"WebSite","@id":"https:\/\/luchonoticias.com\/editor\/#website","url":"https:\/\/luchonoticias.com\/editor\/","name":"","description":"","publisher":{"@id":"https:\/\/luchonoticias.com\/editor\/#\/schema\/person\/7a7fd911f58561fd056dbac7b55af9cd"},"potentialAction":[{"@type":"SearchAction","target":{"@type":"EntryPoint","urlTemplate":"https:\/\/luchonoticias.com\/editor\/?s={search_term_string}"},"query-input":{"@type":"PropertyValueSpecification","valueRequired":true,"valueName":"search_term_string"}}],"inLanguage":"es"},{"@type":["Person","Organization"],"@id":"https:\/\/luchonoticias.com\/editor\/#\/schema\/person\/7a7fd911f58561fd056dbac7b55af9cd","name":"admin","image":{"@type":"ImageObject","inLanguage":"es","@id":"https:\/\/luchonoticias.com\/editor\/#\/schema\/person\/image\/","url":"https:\/\/luchonoticias.com\/editor\/wp-content\/uploads\/2024\/02\/cropped-cropped-logolu.webp","contentUrl":"https:\/\/luchonoticias.com\/editor\/wp-content\/uploads\/2024\/02\/cropped-cropped-logolu.webp","width":382,"height":170,"caption":"admin"},"logo":{"@id":"https:\/\/luchonoticias.com\/editor\/#\/schema\/person\/image\/"},"sameAs":["https:\/\/www.facebook.com\/luchonoticiasneiva"]},{"@type":"Person","@id":"https:\/\/luchonoticias.com\/editor\/#\/schema\/person\/29217990ddf6f14e35912b2866d591fb","name":"Editor General","image":{"@type":"ImageObject","inLanguage":"es","@id":"https:\/\/luchonoticias.com\/editor\/#\/schema\/person\/image\/","url":"https:\/\/luchonoticias.com\/editor\/wp-content\/uploads\/2024\/02\/cropped-cropped-logolu-150x150.webp","contentUrl":"https:\/\/luchonoticias.com\/editor\/wp-content\/uploads\/2024\/02\/cropped-cropped-logolu-150x150.webp","caption":"Editor General"},"sameAs":["https:\/\/luchonoticias.com\/"],"url":"https:\/\/luchonoticias.com\/editor\/author\/editor-general\/"}]}},"_links":{"self":[{"href":"https:\/\/luchonoticias.com\/editor\/wp-json\/wp\/v2\/posts\/48899","targetHints":{"allow":["GET"]}}],"collection":[{"href":"https:\/\/luchonoticias.com\/editor\/wp-json\/wp\/v2\/posts"}],"about":[{"href":"https:\/\/luchonoticias.com\/editor\/wp-json\/wp\/v2\/types\/post"}],"author":[{"embeddable":true,"href":"https:\/\/luchonoticias.com\/editor\/wp-json\/wp\/v2\/users\/2"}],"replies":[{"embeddable":true,"href":"https:\/\/luchonoticias.com\/editor\/wp-json\/wp\/v2\/comments?post=48899"}],"version-history":[{"count":0,"href":"https:\/\/luchonoticias.com\/editor\/wp-json\/wp\/v2\/posts\/48899\/revisions"}],"wp:attachment":[{"href":"https:\/\/luchonoticias.com\/editor\/wp-json\/wp\/v2\/media?parent=48899"}],"wp:term":[{"taxonomy":"category","embeddable":true,"href":"https:\/\/luchonoticias.com\/editor\/wp-json\/wp\/v2\/categories?post=48899"},{"taxonomy":"post_tag","embeddable":true,"href":"https:\/\/luchonoticias.com\/editor\/wp-json\/wp\/v2\/tags?post=48899"}],"curies":[{"name":"wp","href":"https:\/\/api.w.org\/{rel}","templated":true}]}}