{"id":48926,"date":"2023-03-23T14:45:13","date_gmt":"2023-03-23T19:45:13","guid":{"rendered":"https:\/\/luchonoticias.com\/?p=48926"},"modified":"2023-03-23T14:45:14","modified_gmt":"2023-03-23T19:45:14","slug":"petro-ordeno-asignacion-de-17-billones-para-apoyar-implementacion-del-acuerdo-de-paz-en-el-2023","status":"publish","type":"post","link":"https:\/\/luchonoticias.com\/editor\/petro-ordeno-asignacion-de-17-billones-para-apoyar-implementacion-del-acuerdo-de-paz-en-el-2023\/","title":{"rendered":"Petro orden\u00f3 asignaci\u00f3n de $1,7 billones para apoyar implementaci\u00f3n del Acuerdo de Paz en el 2023"},"content":{"rendered":"\n<p>El Director del Fondo Colombia en Paz, Camilo Cetina, afirm\u00f3 este jueves que el Presidente Gustavo Petro orden\u00f3 la asignaci\u00f3n en el 2023 de 1,7 billones de pesos para apoyar la implementaci\u00f3n del Acuerdo de Paz del 2016, para lo cual la entidad prioriza inversiones en materia de sustituci\u00f3n de cultivos de uso il\u00edcito, financiaci\u00f3n de infraestructura para las comunidades en los territorios y el desarrollo del Catastro Multiprop\u00f3sito.&nbsp;<\/p>\n\n\n\n<p>As\u00ed lo resalt\u00f3 Cetina al participar en el informativo Colombia Hoy Radio, en el cual destac\u00f3 que para el programa de sustituci\u00f3n de cultivos de uso il\u00edcito ser\u00e1n destinados 1,045 billones de pesos.<\/p>\n\n\n\n<p>\u201cEsos 1.045 billones ser\u00e1n destinados a dos componentes en la sustituci\u00f3n de cultivos. Uno de ellos es cerrar el antiguo programa PNIS (Programa Nacional Integral de Sustituci\u00f3n de Cultivos Il\u00edcitos), y el otro es cambiar el esquema de sustituci\u00f3n de cultivos para desarrollar una contrataci\u00f3n m\u00e1s cercana y directa con las comunidades, que van a estar incorporadas en este plan\u201d, sostuvo Cetina.<\/p>\n\n\n\n<p>Con relaci\u00f3n a la inversi\u00f3n en infraestructura, el Director del Fondo resalt\u00f3 que los dineros ser\u00e1n invertidos en los 170 municipios cobijados por el Programa de Desarrollo con Enfoque Territorial (PDET), es decir, los m\u00e1s afectados por la violencia y la pobreza.<\/p>\n\n\n\n<p>\u201cOtro de los temas fundamentales es la inversi\u00f3n en infraestructura terciaria en los municipios PDET. Se est\u00e1n priorizando entre 30 y 32 proyectos de infraestructura terciaria, para lo cual corresponde una inversi\u00f3n aproximada de 500.000 millones de pesos\u201d, resalt\u00f3 Cetina, quien agreg\u00f3 que este plan es adelantado de la mano con la Agencia de Renovaci\u00f3n del Territorio (ART).<\/p>\n\n\n\n<p>Asimismo, se refiri\u00f3 al proyecto de la Universidad del Catatumbo, una de las iniciativas bandera del Gobierno del Presidente Gustavo Petro.<\/p>\n\n\n\n<p>\u201cCon el liderazgo de la ART, el Ministerio de Educaci\u00f3n y el FondoPaz, Fondo de Programas Especiales para la Paz, se est\u00e1 haciendo la Universidad del Catatumbo, que se va a construir en el municipio de El Tarra (Norte de Santander). Ah\u00ed tambi\u00e9n tenemos una inversi\u00f3n considerable\u201d, recalc\u00f3 Cetina.<\/p>\n\n\n\n<p>Adicionalmente, puso de presente que el Fondo tambi\u00e9n apoyar\u00e1 la ejecuci\u00f3n del programa del Catastro Multiprop\u00f3sito, que en el Plan Nacional de Desarrollo 2022-20226, \u2018Colombia potencia mundial de la vida\u2019 significa una gran apuesta para el Gobierno del Cambio pues tan solo se encuentra en el 9% de su implementaci\u00f3n.<\/p>\n\n\n\n<p>\u201cLa meta del Presidente Gustavo Petro es resolver el tema del Catastro Multiprop\u00f3sito durante su Gobierno, por eso se va a hacer una inversi\u00f3n importante\u201d, concluy\u00f3.<\/p>\n","protected":false},"excerpt":{"rendered":"<p>El Director del Fondo Colombia en Paz, Camilo Cetina, afirm\u00f3 este jueves que el Presidente Gustavo Petro orden\u00f3 la asignaci\u00f3n en el 2023 de 1,7 billones de pesos para apoyar la implementaci\u00f3n del Acuerdo de Paz del 2016, para lo cual la entidad prioriza inversiones en materia de sustituci\u00f3n de cultivos de uso il\u00edcito, financiaci\u00f3n [&hellip;]<\/p>\n","protected":false},"author":2,"featured_media":0,"comment_status":"open","ping_status":"open","sticky":false,"template":"","format":"standard","meta":{"footnotes":""},"categories":[36,32],"tags":[],"class_list":["post-48926","post","type-post","status-publish","format-standard","hentry","category-destacado","category-nacional"],"yoast_head":"<!-- This site is optimized with the Yoast SEO plugin v26.6 - https:\/\/yoast.com\/wordpress\/plugins\/seo\/ -->\n<title>Petro orden\u00f3 asignaci\u00f3n de $1,7 billones para apoyar implementaci\u00f3n del Acuerdo de Paz en el 2023 -<\/title>\n<meta name=\"robots\" content=\"index, follow, max-snippet:-1, max-image-preview:large, max-video-preview:-1\" \/>\n<link rel=\"canonical\" href=\"https:\/\/luchonoticias.com\/editor\/petro-ordeno-asignacion-de-17-billones-para-apoyar-implementacion-del-acuerdo-de-paz-en-el-2023\/\" \/>\n<meta property=\"og:locale\" content=\"es_ES\" \/>\n<meta property=\"og:type\" content=\"article\" \/>\n<meta property=\"og:title\" content=\"Petro orden\u00f3 asignaci\u00f3n de $1,7 billones para apoyar implementaci\u00f3n del Acuerdo de Paz en el 2023 -\" \/>\n<meta property=\"og:url\" content=\"https:\/\/luchonoticias.com\/editor\/petro-ordeno-asignacion-de-17-billones-para-apoyar-implementacion-del-acuerdo-de-paz-en-el-2023\/\" \/>\n<meta property=\"article:publisher\" content=\"https:\/\/www.facebook.com\/luchonoticiasneiva\" \/>\n<meta property=\"article:published_time\" content=\"2023-03-23T19:45:13+00:00\" \/>\n<meta property=\"article:modified_time\" content=\"2023-03-23T19:45:14+00:00\" \/>\n<meta name=\"author\" content=\"Editor General\" \/>\n<meta name=\"twitter:card\" content=\"summary_large_image\" \/>\n<meta name=\"twitter:label1\" content=\"Escrito por\" \/>\n\t<meta name=\"twitter:data1\" content=\"Editor General\" \/>\n\t<meta name=\"twitter:label2\" content=\"Tiempo de lectura\" \/>\n\t<meta name=\"twitter:data2\" content=\"2 minutos\" \/>\n<script type=\"application\/ld+json\" class=\"yoast-schema-graph\">{\"@context\":\"https:\/\/schema.org\",\"@graph\":[{\"@type\":\"Article\",\"@id\":\"https:\/\/luchonoticias.com\/editor\/petro-ordeno-asignacion-de-17-billones-para-apoyar-implementacion-del-acuerdo-de-paz-en-el-2023\/#article\",\"isPartOf\":{\"@id\":\"https:\/\/luchonoticias.com\/editor\/petro-ordeno-asignacion-de-17-billones-para-apoyar-implementacion-del-acuerdo-de-paz-en-el-2023\/\"},\"author\":{\"name\":\"Editor General\",\"@id\":\"https:\/\/luchonoticias.com\/editor\/#\/schema\/person\/29217990ddf6f14e35912b2866d591fb\"},\"headline\":\"Petro orden\u00f3 asignaci\u00f3n de $1,7 billones para apoyar implementaci\u00f3n del Acuerdo de Paz en el 2023\",\"datePublished\":\"2023-03-23T19:45:13+00:00\",\"dateModified\":\"2023-03-23T19:45:14+00:00\",\"mainEntityOfPage\":{\"@id\":\"https:\/\/luchonoticias.com\/editor\/petro-ordeno-asignacion-de-17-billones-para-apoyar-implementacion-del-acuerdo-de-paz-en-el-2023\/\"},\"wordCount\":450,\"commentCount\":0,\"publisher\":{\"@id\":\"https:\/\/luchonoticias.com\/editor\/#\/schema\/person\/7a7fd911f58561fd056dbac7b55af9cd\"},\"articleSection\":[\"Destacado\",\"Nacional\"],\"inLanguage\":\"es\",\"potentialAction\":[{\"@type\":\"CommentAction\",\"name\":\"Comment\",\"target\":[\"https:\/\/luchonoticias.com\/editor\/petro-ordeno-asignacion-de-17-billones-para-apoyar-implementacion-del-acuerdo-de-paz-en-el-2023\/#respond\"]}]},{\"@type\":\"WebPage\",\"@id\":\"https:\/\/luchonoticias.com\/editor\/petro-ordeno-asignacion-de-17-billones-para-apoyar-implementacion-del-acuerdo-de-paz-en-el-2023\/\",\"url\":\"https:\/\/luchonoticias.com\/editor\/petro-ordeno-asignacion-de-17-billones-para-apoyar-implementacion-del-acuerdo-de-paz-en-el-2023\/\",\"name\":\"Petro orden\u00f3 asignaci\u00f3n de $1,7 billones para apoyar implementaci\u00f3n del Acuerdo de Paz en el 2023 -\",\"isPartOf\":{\"@id\":\"https:\/\/luchonoticias.com\/editor\/#website\"},\"datePublished\":\"2023-03-23T19:45:13+00:00\",\"dateModified\":\"2023-03-23T19:45:14+00:00\",\"breadcrumb\":{\"@id\":\"https:\/\/luchonoticias.com\/editor\/petro-ordeno-asignacion-de-17-billones-para-apoyar-implementacion-del-acuerdo-de-paz-en-el-2023\/#breadcrumb\"},\"inLanguage\":\"es\",\"potentialAction\":[{\"@type\":\"ReadAction\",\"target\":[\"https:\/\/luchonoticias.com\/editor\/petro-ordeno-asignacion-de-17-billones-para-apoyar-implementacion-del-acuerdo-de-paz-en-el-2023\/\"]}]},{\"@type\":\"BreadcrumbList\",\"@id\":\"https:\/\/luchonoticias.com\/editor\/petro-ordeno-asignacion-de-17-billones-para-apoyar-implementacion-del-acuerdo-de-paz-en-el-2023\/#breadcrumb\",\"itemListElement\":[{\"@type\":\"ListItem\",\"position\":1,\"name\":\"Portada\",\"item\":\"https:\/\/luchonoticias.com\/editor\/\"},{\"@type\":\"ListItem\",\"position\":2,\"name\":\"Petro orden\u00f3 asignaci\u00f3n de $1,7 billones para apoyar implementaci\u00f3n del Acuerdo de Paz en el 2023\"}]},{\"@type\":\"WebSite\",\"@id\":\"https:\/\/luchonoticias.com\/editor\/#website\",\"url\":\"https:\/\/luchonoticias.com\/editor\/\",\"name\":\"\",\"description\":\"\",\"publisher\":{\"@id\":\"https:\/\/luchonoticias.com\/editor\/#\/schema\/person\/7a7fd911f58561fd056dbac7b55af9cd\"},\"potentialAction\":[{\"@type\":\"SearchAction\",\"target\":{\"@type\":\"EntryPoint\",\"urlTemplate\":\"https:\/\/luchonoticias.com\/editor\/?s={search_term_string}\"},\"query-input\":{\"@type\":\"PropertyValueSpecification\",\"valueRequired\":true,\"valueName\":\"search_term_string\"}}],\"inLanguage\":\"es\"},{\"@type\":[\"Person\",\"Organization\"],\"@id\":\"https:\/\/luchonoticias.com\/editor\/#\/schema\/person\/7a7fd911f58561fd056dbac7b55af9cd\",\"name\":\"admin\",\"image\":{\"@type\":\"ImageObject\",\"inLanguage\":\"es\",\"@id\":\"https:\/\/luchonoticias.com\/editor\/#\/schema\/person\/image\/\",\"url\":\"https:\/\/luchonoticias.com\/editor\/wp-content\/uploads\/2024\/02\/cropped-cropped-logolu.webp\",\"contentUrl\":\"https:\/\/luchonoticias.com\/editor\/wp-content\/uploads\/2024\/02\/cropped-cropped-logolu.webp\",\"width\":382,\"height\":170,\"caption\":\"admin\"},\"logo\":{\"@id\":\"https:\/\/luchonoticias.com\/editor\/#\/schema\/person\/image\/\"},\"sameAs\":[\"https:\/\/www.facebook.com\/luchonoticiasneiva\"]},{\"@type\":\"Person\",\"@id\":\"https:\/\/luchonoticias.com\/editor\/#\/schema\/person\/29217990ddf6f14e35912b2866d591fb\",\"name\":\"Editor General\",\"image\":{\"@type\":\"ImageObject\",\"inLanguage\":\"es\",\"@id\":\"https:\/\/luchonoticias.com\/editor\/#\/schema\/person\/image\/\",\"url\":\"https:\/\/luchonoticias.com\/editor\/wp-content\/uploads\/2024\/02\/cropped-cropped-logolu-150x150.webp\",\"contentUrl\":\"https:\/\/luchonoticias.com\/editor\/wp-content\/uploads\/2024\/02\/cropped-cropped-logolu-150x150.webp\",\"caption\":\"Editor General\"},\"sameAs\":[\"https:\/\/luchonoticias.com\/\"],\"url\":\"https:\/\/luchonoticias.com\/editor\/author\/editor-general\/\"}]}<\/script>\n<!-- \/ Yoast SEO plugin. -->","yoast_head_json":{"title":"Petro orden\u00f3 asignaci\u00f3n de $1,7 billones para apoyar implementaci\u00f3n del Acuerdo de Paz en el 2023 -","robots":{"index":"index","follow":"follow","max-snippet":"max-snippet:-1","max-image-preview":"max-image-preview:large","max-video-preview":"max-video-preview:-1"},"canonical":"https:\/\/luchonoticias.com\/editor\/petro-ordeno-asignacion-de-17-billones-para-apoyar-implementacion-del-acuerdo-de-paz-en-el-2023\/","og_locale":"es_ES","og_type":"article","og_title":"Petro orden\u00f3 asignaci\u00f3n de $1,7 billones para apoyar implementaci\u00f3n del Acuerdo de Paz en el 2023 -","og_url":"https:\/\/luchonoticias.com\/editor\/petro-ordeno-asignacion-de-17-billones-para-apoyar-implementacion-del-acuerdo-de-paz-en-el-2023\/","article_publisher":"https:\/\/www.facebook.com\/luchonoticiasneiva","article_published_time":"2023-03-23T19:45:13+00:00","article_modified_time":"2023-03-23T19:45:14+00:00","author":"Editor General","twitter_card":"summary_large_image","twitter_misc":{"Escrito por":"Editor General","Tiempo de lectura":"2 minutos"},"schema":{"@context":"https:\/\/schema.org","@graph":[{"@type":"Article","@id":"https:\/\/luchonoticias.com\/editor\/petro-ordeno-asignacion-de-17-billones-para-apoyar-implementacion-del-acuerdo-de-paz-en-el-2023\/#article","isPartOf":{"@id":"https:\/\/luchonoticias.com\/editor\/petro-ordeno-asignacion-de-17-billones-para-apoyar-implementacion-del-acuerdo-de-paz-en-el-2023\/"},"author":{"name":"Editor General","@id":"https:\/\/luchonoticias.com\/editor\/#\/schema\/person\/29217990ddf6f14e35912b2866d591fb"},"headline":"Petro orden\u00f3 asignaci\u00f3n de $1,7 billones para apoyar implementaci\u00f3n del Acuerdo de Paz en el 2023","datePublished":"2023-03-23T19:45:13+00:00","dateModified":"2023-03-23T19:45:14+00:00","mainEntityOfPage":{"@id":"https:\/\/luchonoticias.com\/editor\/petro-ordeno-asignacion-de-17-billones-para-apoyar-implementacion-del-acuerdo-de-paz-en-el-2023\/"},"wordCount":450,"commentCount":0,"publisher":{"@id":"https:\/\/luchonoticias.com\/editor\/#\/schema\/person\/7a7fd911f58561fd056dbac7b55af9cd"},"articleSection":["Destacado","Nacional"],"inLanguage":"es","potentialAction":[{"@type":"CommentAction","name":"Comment","target":["https:\/\/luchonoticias.com\/editor\/petro-ordeno-asignacion-de-17-billones-para-apoyar-implementacion-del-acuerdo-de-paz-en-el-2023\/#respond"]}]},{"@type":"WebPage","@id":"https:\/\/luchonoticias.com\/editor\/petro-ordeno-asignacion-de-17-billones-para-apoyar-implementacion-del-acuerdo-de-paz-en-el-2023\/","url":"https:\/\/luchonoticias.com\/editor\/petro-ordeno-asignacion-de-17-billones-para-apoyar-implementacion-del-acuerdo-de-paz-en-el-2023\/","name":"Petro orden\u00f3 asignaci\u00f3n de $1,7 billones para apoyar implementaci\u00f3n del Acuerdo de Paz en el 2023 -","isPartOf":{"@id":"https:\/\/luchonoticias.com\/editor\/#website"},"datePublished":"2023-03-23T19:45:13+00:00","dateModified":"2023-03-23T19:45:14+00:00","breadcrumb":{"@id":"https:\/\/luchonoticias.com\/editor\/petro-ordeno-asignacion-de-17-billones-para-apoyar-implementacion-del-acuerdo-de-paz-en-el-2023\/#breadcrumb"},"inLanguage":"es","potentialAction":[{"@type":"ReadAction","target":["https:\/\/luchonoticias.com\/editor\/petro-ordeno-asignacion-de-17-billones-para-apoyar-implementacion-del-acuerdo-de-paz-en-el-2023\/"]}]},{"@type":"BreadcrumbList","@id":"https:\/\/luchonoticias.com\/editor\/petro-ordeno-asignacion-de-17-billones-para-apoyar-implementacion-del-acuerdo-de-paz-en-el-2023\/#breadcrumb","itemListElement":[{"@type":"ListItem","position":1,"name":"Portada","item":"https:\/\/luchonoticias.com\/editor\/"},{"@type":"ListItem","position":2,"name":"Petro orden\u00f3 asignaci\u00f3n de $1,7 billones para apoyar implementaci\u00f3n del Acuerdo de Paz en el 2023"}]},{"@type":"WebSite","@id":"https:\/\/luchonoticias.com\/editor\/#website","url":"https:\/\/luchonoticias.com\/editor\/","name":"","description":"","publisher":{"@id":"https:\/\/luchonoticias.com\/editor\/#\/schema\/person\/7a7fd911f58561fd056dbac7b55af9cd"},"potentialAction":[{"@type":"SearchAction","target":{"@type":"EntryPoint","urlTemplate":"https:\/\/luchonoticias.com\/editor\/?s={search_term_string}"},"query-input":{"@type":"PropertyValueSpecification","valueRequired":true,"valueName":"search_term_string"}}],"inLanguage":"es"},{"@type":["Person","Organization"],"@id":"https:\/\/luchonoticias.com\/editor\/#\/schema\/person\/7a7fd911f58561fd056dbac7b55af9cd","name":"admin","image":{"@type":"ImageObject","inLanguage":"es","@id":"https:\/\/luchonoticias.com\/editor\/#\/schema\/person\/image\/","url":"https:\/\/luchonoticias.com\/editor\/wp-content\/uploads\/2024\/02\/cropped-cropped-logolu.webp","contentUrl":"https:\/\/luchonoticias.com\/editor\/wp-content\/uploads\/2024\/02\/cropped-cropped-logolu.webp","width":382,"height":170,"caption":"admin"},"logo":{"@id":"https:\/\/luchonoticias.com\/editor\/#\/schema\/person\/image\/"},"sameAs":["https:\/\/www.facebook.com\/luchonoticiasneiva"]},{"@type":"Person","@id":"https:\/\/luchonoticias.com\/editor\/#\/schema\/person\/29217990ddf6f14e35912b2866d591fb","name":"Editor General","image":{"@type":"ImageObject","inLanguage":"es","@id":"https:\/\/luchonoticias.com\/editor\/#\/schema\/person\/image\/","url":"https:\/\/luchonoticias.com\/editor\/wp-content\/uploads\/2024\/02\/cropped-cropped-logolu-150x150.webp","contentUrl":"https:\/\/luchonoticias.com\/editor\/wp-content\/uploads\/2024\/02\/cropped-cropped-logolu-150x150.webp","caption":"Editor General"},"sameAs":["https:\/\/luchonoticias.com\/"],"url":"https:\/\/luchonoticias.com\/editor\/author\/editor-general\/"}]}},"_links":{"self":[{"href":"https:\/\/luchonoticias.com\/editor\/wp-json\/wp\/v2\/posts\/48926","targetHints":{"allow":["GET"]}}],"collection":[{"href":"https:\/\/luchonoticias.com\/editor\/wp-json\/wp\/v2\/posts"}],"about":[{"href":"https:\/\/luchonoticias.com\/editor\/wp-json\/wp\/v2\/types\/post"}],"author":[{"embeddable":true,"href":"https:\/\/luchonoticias.com\/editor\/wp-json\/wp\/v2\/users\/2"}],"replies":[{"embeddable":true,"href":"https:\/\/luchonoticias.com\/editor\/wp-json\/wp\/v2\/comments?post=48926"}],"version-history":[{"count":0,"href":"https:\/\/luchonoticias.com\/editor\/wp-json\/wp\/v2\/posts\/48926\/revisions"}],"wp:attachment":[{"href":"https:\/\/luchonoticias.com\/editor\/wp-json\/wp\/v2\/media?parent=48926"}],"wp:term":[{"taxonomy":"category","embeddable":true,"href":"https:\/\/luchonoticias.com\/editor\/wp-json\/wp\/v2\/categories?post=48926"},{"taxonomy":"post_tag","embeddable":true,"href":"https:\/\/luchonoticias.com\/editor\/wp-json\/wp\/v2\/tags?post=48926"}],"curies":[{"name":"wp","href":"https:\/\/api.w.org\/{rel}","templated":true}]}}