{"id":48932,"date":"2023-03-23T17:34:45","date_gmt":"2023-03-23T22:34:45","guid":{"rendered":"https:\/\/luchonoticias.com\/?p=48932"},"modified":"2023-03-23T17:34:46","modified_gmt":"2023-03-23T22:34:46","slug":"presentada-la-version-62-de-las-fiestas-sampedrinas-en-neiva","status":"publish","type":"post","link":"https:\/\/luchonoticias.com\/editor\/presentada-la-version-62-de-las-fiestas-sampedrinas-en-neiva\/","title":{"rendered":"Presentada la versi\u00f3n 62 de las fiestas sampedrinas en Neiva"},"content":{"rendered":"\n<p>Se prenden los motores del&nbsp;<strong>Festival del Bambuco en San Juan y San Pedro en su versi\u00f3n 62<\/strong>&nbsp;que este a\u00f1o promete ser muy especial. En el Teatro Pigoanza de Neiva se hizo la&nbsp;<strong>presentaci\u00f3n oficial del afiche y la programaci\u00f3n&nbsp;<\/strong>de este festival que es Patrimonio Cultural de la Naci\u00f3n seg\u00fan ley 1026 de 2006.<\/p>\n\n\n\n<p>Este a\u00f1o, el certamen&nbsp;<strong>promete sorpresas y nuevos eventos<\/strong>&nbsp;que motivan a que el folclor y las tradiciones sigan vigentes entre las nuevas generaciones que har\u00e1n parte del Festival en 18 d\u00edas de fiesta en el Huila.<\/p>\n\n\n\n<p>\u201cHoy el Gobierno Departamental \u201cHuila Crece\u201d inicia formalmente nuestras festividades sanpedrinas con la presentaci\u00f3n de la programaci\u00f3n oficial y el afiche que representar\u00e1 nuestro Festival del Bambuco en San Juan y San Pedro versi\u00f3n 62 para el a\u00f1o 2023.&nbsp;<strong>Tendremos 40 actividades culturales entre ellas encuentros y concursos, 3 desfiles, 2 muestras culturales.<\/strong>&nbsp;Adicionalmente nutrimos nuestra programaci\u00f3n con 5 eventos, entre ellos, el Encuentro Departamental Infantil y Juvenil de Bandas, Chirim\u00edas y m\u00fasica andina; m\u00fasica campesina, duetos y tr\u00edos\u201d, afirm\u00f3 Nelcy Tovar, secretaria de Cultura y turismo Departamental.<\/p>\n\n\n\n<p>Por su parte,&nbsp;<strong>German David Camacho ganador del dise\u00f1o oficial del afiche del Festival del Bambuco versi\u00f3n 62<\/strong>, manifest\u00f3 su orgullo al poder abrir una ventana que despliega su ilustraci\u00f3n con elementos que engalanan al Huila.<\/p>\n\n\n\n<p>\u201cMi afiche ganador revela la hermosa tierra que es nuestro territorio huilense. Es para m\u00ed un gran honor tener el privilegio de resaltar todos los elementos que me enorgullecen de mi tierra. Es algo \u00fanico. Este a\u00f1o tengo muchas expectativas con este festival el cual espero que sea una majestuosa invitaci\u00f3n para que todas las personas nos apropiemos de nuestro festival iniciando desde una imagen\u201d, destac\u00f3 el pintor del afiche.<\/p>\n\n\n\n<p>\u201cEstamos listos para iniciar las mejores fiestas folcl\u00f3ricas del sur de Colombia. Fortaleceremos nuestros procesos culturales y daremos mayores oportunidades de vida y de hacer presencia en el panorama cultural de Latinoam\u00e9rica\u201d, a\u00f1adi\u00f3.<\/p>\n","protected":false},"excerpt":{"rendered":"<p>Se prenden los motores del&nbsp;Festival del Bambuco en San Juan y San Pedro en su versi\u00f3n 62&nbsp;que este a\u00f1o promete ser muy especial. En el Teatro Pigoanza de Neiva se hizo la&nbsp;presentaci\u00f3n oficial del afiche y la programaci\u00f3n&nbsp;de este festival que es Patrimonio Cultural de la Naci\u00f3n seg\u00fan ley 1026 de 2006. Este a\u00f1o, el [&hellip;]<\/p>\n","protected":false},"author":2,"featured_media":0,"comment_status":"open","ping_status":"open","sticky":false,"template":"","format":"standard","meta":{"footnotes":""},"categories":[33],"tags":[],"class_list":["post-48932","post","type-post","status-publish","format-standard","hentry","category-huila"],"yoast_head":"<!-- This site is optimized with the Yoast SEO plugin v26.6 - https:\/\/yoast.com\/wordpress\/plugins\/seo\/ -->\n<title>Presentada la versi\u00f3n 62 de las fiestas sampedrinas en Neiva -<\/title>\n<meta name=\"robots\" content=\"index, follow, max-snippet:-1, max-image-preview:large, max-video-preview:-1\" \/>\n<link rel=\"canonical\" href=\"https:\/\/luchonoticias.com\/editor\/presentada-la-version-62-de-las-fiestas-sampedrinas-en-neiva\/\" \/>\n<meta property=\"og:locale\" content=\"es_ES\" \/>\n<meta property=\"og:type\" content=\"article\" \/>\n<meta property=\"og:title\" content=\"Presentada la versi\u00f3n 62 de las fiestas sampedrinas en Neiva -\" \/>\n<meta property=\"og:url\" content=\"https:\/\/luchonoticias.com\/editor\/presentada-la-version-62-de-las-fiestas-sampedrinas-en-neiva\/\" \/>\n<meta property=\"article:publisher\" content=\"https:\/\/www.facebook.com\/luchonoticiasneiva\" \/>\n<meta property=\"article:published_time\" content=\"2023-03-23T22:34:45+00:00\" \/>\n<meta property=\"article:modified_time\" content=\"2023-03-23T22:34:46+00:00\" \/>\n<meta name=\"author\" content=\"Editor General\" \/>\n<meta name=\"twitter:card\" content=\"summary_large_image\" \/>\n<meta name=\"twitter:label1\" content=\"Escrito por\" \/>\n\t<meta name=\"twitter:data1\" content=\"Editor General\" \/>\n\t<meta name=\"twitter:label2\" content=\"Tiempo de lectura\" \/>\n\t<meta name=\"twitter:data2\" content=\"2 minutos\" \/>\n<script type=\"application\/ld+json\" class=\"yoast-schema-graph\">{\"@context\":\"https:\/\/schema.org\",\"@graph\":[{\"@type\":\"Article\",\"@id\":\"https:\/\/luchonoticias.com\/editor\/presentada-la-version-62-de-las-fiestas-sampedrinas-en-neiva\/#article\",\"isPartOf\":{\"@id\":\"https:\/\/luchonoticias.com\/editor\/presentada-la-version-62-de-las-fiestas-sampedrinas-en-neiva\/\"},\"author\":{\"name\":\"Editor General\",\"@id\":\"https:\/\/luchonoticias.com\/editor\/#\/schema\/person\/29217990ddf6f14e35912b2866d591fb\"},\"headline\":\"Presentada la versi\u00f3n 62 de las fiestas sampedrinas en Neiva\",\"datePublished\":\"2023-03-23T22:34:45+00:00\",\"dateModified\":\"2023-03-23T22:34:46+00:00\",\"mainEntityOfPage\":{\"@id\":\"https:\/\/luchonoticias.com\/editor\/presentada-la-version-62-de-las-fiestas-sampedrinas-en-neiva\/\"},\"wordCount\":354,\"commentCount\":0,\"publisher\":{\"@id\":\"https:\/\/luchonoticias.com\/editor\/#\/schema\/person\/7a7fd911f58561fd056dbac7b55af9cd\"},\"articleSection\":[\"Huila\"],\"inLanguage\":\"es\",\"potentialAction\":[{\"@type\":\"CommentAction\",\"name\":\"Comment\",\"target\":[\"https:\/\/luchonoticias.com\/editor\/presentada-la-version-62-de-las-fiestas-sampedrinas-en-neiva\/#respond\"]}]},{\"@type\":\"WebPage\",\"@id\":\"https:\/\/luchonoticias.com\/editor\/presentada-la-version-62-de-las-fiestas-sampedrinas-en-neiva\/\",\"url\":\"https:\/\/luchonoticias.com\/editor\/presentada-la-version-62-de-las-fiestas-sampedrinas-en-neiva\/\",\"name\":\"Presentada la versi\u00f3n 62 de las fiestas sampedrinas en Neiva -\",\"isPartOf\":{\"@id\":\"https:\/\/luchonoticias.com\/editor\/#website\"},\"datePublished\":\"2023-03-23T22:34:45+00:00\",\"dateModified\":\"2023-03-23T22:34:46+00:00\",\"breadcrumb\":{\"@id\":\"https:\/\/luchonoticias.com\/editor\/presentada-la-version-62-de-las-fiestas-sampedrinas-en-neiva\/#breadcrumb\"},\"inLanguage\":\"es\",\"potentialAction\":[{\"@type\":\"ReadAction\",\"target\":[\"https:\/\/luchonoticias.com\/editor\/presentada-la-version-62-de-las-fiestas-sampedrinas-en-neiva\/\"]}]},{\"@type\":\"BreadcrumbList\",\"@id\":\"https:\/\/luchonoticias.com\/editor\/presentada-la-version-62-de-las-fiestas-sampedrinas-en-neiva\/#breadcrumb\",\"itemListElement\":[{\"@type\":\"ListItem\",\"position\":1,\"name\":\"Portada\",\"item\":\"https:\/\/luchonoticias.com\/editor\/\"},{\"@type\":\"ListItem\",\"position\":2,\"name\":\"Presentada la versi\u00f3n 62 de las fiestas sampedrinas en Neiva\"}]},{\"@type\":\"WebSite\",\"@id\":\"https:\/\/luchonoticias.com\/editor\/#website\",\"url\":\"https:\/\/luchonoticias.com\/editor\/\",\"name\":\"\",\"description\":\"\",\"publisher\":{\"@id\":\"https:\/\/luchonoticias.com\/editor\/#\/schema\/person\/7a7fd911f58561fd056dbac7b55af9cd\"},\"potentialAction\":[{\"@type\":\"SearchAction\",\"target\":{\"@type\":\"EntryPoint\",\"urlTemplate\":\"https:\/\/luchonoticias.com\/editor\/?s={search_term_string}\"},\"query-input\":{\"@type\":\"PropertyValueSpecification\",\"valueRequired\":true,\"valueName\":\"search_term_string\"}}],\"inLanguage\":\"es\"},{\"@type\":[\"Person\",\"Organization\"],\"@id\":\"https:\/\/luchonoticias.com\/editor\/#\/schema\/person\/7a7fd911f58561fd056dbac7b55af9cd\",\"name\":\"admin\",\"image\":{\"@type\":\"ImageObject\",\"inLanguage\":\"es\",\"@id\":\"https:\/\/luchonoticias.com\/editor\/#\/schema\/person\/image\/\",\"url\":\"https:\/\/luchonoticias.com\/editor\/wp-content\/uploads\/2024\/02\/cropped-cropped-logolu.webp\",\"contentUrl\":\"https:\/\/luchonoticias.com\/editor\/wp-content\/uploads\/2024\/02\/cropped-cropped-logolu.webp\",\"width\":382,\"height\":170,\"caption\":\"admin\"},\"logo\":{\"@id\":\"https:\/\/luchonoticias.com\/editor\/#\/schema\/person\/image\/\"},\"sameAs\":[\"https:\/\/www.facebook.com\/luchonoticiasneiva\"]},{\"@type\":\"Person\",\"@id\":\"https:\/\/luchonoticias.com\/editor\/#\/schema\/person\/29217990ddf6f14e35912b2866d591fb\",\"name\":\"Editor General\",\"image\":{\"@type\":\"ImageObject\",\"inLanguage\":\"es\",\"@id\":\"https:\/\/luchonoticias.com\/editor\/#\/schema\/person\/image\/\",\"url\":\"https:\/\/luchonoticias.com\/editor\/wp-content\/uploads\/2024\/02\/cropped-cropped-logolu-150x150.webp\",\"contentUrl\":\"https:\/\/luchonoticias.com\/editor\/wp-content\/uploads\/2024\/02\/cropped-cropped-logolu-150x150.webp\",\"caption\":\"Editor General\"},\"sameAs\":[\"https:\/\/luchonoticias.com\/\"],\"url\":\"https:\/\/luchonoticias.com\/editor\/author\/editor-general\/\"}]}<\/script>\n<!-- \/ Yoast SEO plugin. -->","yoast_head_json":{"title":"Presentada la versi\u00f3n 62 de las fiestas sampedrinas en Neiva -","robots":{"index":"index","follow":"follow","max-snippet":"max-snippet:-1","max-image-preview":"max-image-preview:large","max-video-preview":"max-video-preview:-1"},"canonical":"https:\/\/luchonoticias.com\/editor\/presentada-la-version-62-de-las-fiestas-sampedrinas-en-neiva\/","og_locale":"es_ES","og_type":"article","og_title":"Presentada la versi\u00f3n 62 de las fiestas sampedrinas en Neiva -","og_url":"https:\/\/luchonoticias.com\/editor\/presentada-la-version-62-de-las-fiestas-sampedrinas-en-neiva\/","article_publisher":"https:\/\/www.facebook.com\/luchonoticiasneiva","article_published_time":"2023-03-23T22:34:45+00:00","article_modified_time":"2023-03-23T22:34:46+00:00","author":"Editor General","twitter_card":"summary_large_image","twitter_misc":{"Escrito por":"Editor General","Tiempo de lectura":"2 minutos"},"schema":{"@context":"https:\/\/schema.org","@graph":[{"@type":"Article","@id":"https:\/\/luchonoticias.com\/editor\/presentada-la-version-62-de-las-fiestas-sampedrinas-en-neiva\/#article","isPartOf":{"@id":"https:\/\/luchonoticias.com\/editor\/presentada-la-version-62-de-las-fiestas-sampedrinas-en-neiva\/"},"author":{"name":"Editor General","@id":"https:\/\/luchonoticias.com\/editor\/#\/schema\/person\/29217990ddf6f14e35912b2866d591fb"},"headline":"Presentada la versi\u00f3n 62 de las fiestas sampedrinas en Neiva","datePublished":"2023-03-23T22:34:45+00:00","dateModified":"2023-03-23T22:34:46+00:00","mainEntityOfPage":{"@id":"https:\/\/luchonoticias.com\/editor\/presentada-la-version-62-de-las-fiestas-sampedrinas-en-neiva\/"},"wordCount":354,"commentCount":0,"publisher":{"@id":"https:\/\/luchonoticias.com\/editor\/#\/schema\/person\/7a7fd911f58561fd056dbac7b55af9cd"},"articleSection":["Huila"],"inLanguage":"es","potentialAction":[{"@type":"CommentAction","name":"Comment","target":["https:\/\/luchonoticias.com\/editor\/presentada-la-version-62-de-las-fiestas-sampedrinas-en-neiva\/#respond"]}]},{"@type":"WebPage","@id":"https:\/\/luchonoticias.com\/editor\/presentada-la-version-62-de-las-fiestas-sampedrinas-en-neiva\/","url":"https:\/\/luchonoticias.com\/editor\/presentada-la-version-62-de-las-fiestas-sampedrinas-en-neiva\/","name":"Presentada la versi\u00f3n 62 de las fiestas sampedrinas en Neiva -","isPartOf":{"@id":"https:\/\/luchonoticias.com\/editor\/#website"},"datePublished":"2023-03-23T22:34:45+00:00","dateModified":"2023-03-23T22:34:46+00:00","breadcrumb":{"@id":"https:\/\/luchonoticias.com\/editor\/presentada-la-version-62-de-las-fiestas-sampedrinas-en-neiva\/#breadcrumb"},"inLanguage":"es","potentialAction":[{"@type":"ReadAction","target":["https:\/\/luchonoticias.com\/editor\/presentada-la-version-62-de-las-fiestas-sampedrinas-en-neiva\/"]}]},{"@type":"BreadcrumbList","@id":"https:\/\/luchonoticias.com\/editor\/presentada-la-version-62-de-las-fiestas-sampedrinas-en-neiva\/#breadcrumb","itemListElement":[{"@type":"ListItem","position":1,"name":"Portada","item":"https:\/\/luchonoticias.com\/editor\/"},{"@type":"ListItem","position":2,"name":"Presentada la versi\u00f3n 62 de las fiestas sampedrinas en Neiva"}]},{"@type":"WebSite","@id":"https:\/\/luchonoticias.com\/editor\/#website","url":"https:\/\/luchonoticias.com\/editor\/","name":"","description":"","publisher":{"@id":"https:\/\/luchonoticias.com\/editor\/#\/schema\/person\/7a7fd911f58561fd056dbac7b55af9cd"},"potentialAction":[{"@type":"SearchAction","target":{"@type":"EntryPoint","urlTemplate":"https:\/\/luchonoticias.com\/editor\/?s={search_term_string}"},"query-input":{"@type":"PropertyValueSpecification","valueRequired":true,"valueName":"search_term_string"}}],"inLanguage":"es"},{"@type":["Person","Organization"],"@id":"https:\/\/luchonoticias.com\/editor\/#\/schema\/person\/7a7fd911f58561fd056dbac7b55af9cd","name":"admin","image":{"@type":"ImageObject","inLanguage":"es","@id":"https:\/\/luchonoticias.com\/editor\/#\/schema\/person\/image\/","url":"https:\/\/luchonoticias.com\/editor\/wp-content\/uploads\/2024\/02\/cropped-cropped-logolu.webp","contentUrl":"https:\/\/luchonoticias.com\/editor\/wp-content\/uploads\/2024\/02\/cropped-cropped-logolu.webp","width":382,"height":170,"caption":"admin"},"logo":{"@id":"https:\/\/luchonoticias.com\/editor\/#\/schema\/person\/image\/"},"sameAs":["https:\/\/www.facebook.com\/luchonoticiasneiva"]},{"@type":"Person","@id":"https:\/\/luchonoticias.com\/editor\/#\/schema\/person\/29217990ddf6f14e35912b2866d591fb","name":"Editor General","image":{"@type":"ImageObject","inLanguage":"es","@id":"https:\/\/luchonoticias.com\/editor\/#\/schema\/person\/image\/","url":"https:\/\/luchonoticias.com\/editor\/wp-content\/uploads\/2024\/02\/cropped-cropped-logolu-150x150.webp","contentUrl":"https:\/\/luchonoticias.com\/editor\/wp-content\/uploads\/2024\/02\/cropped-cropped-logolu-150x150.webp","caption":"Editor General"},"sameAs":["https:\/\/luchonoticias.com\/"],"url":"https:\/\/luchonoticias.com\/editor\/author\/editor-general\/"}]}},"_links":{"self":[{"href":"https:\/\/luchonoticias.com\/editor\/wp-json\/wp\/v2\/posts\/48932","targetHints":{"allow":["GET"]}}],"collection":[{"href":"https:\/\/luchonoticias.com\/editor\/wp-json\/wp\/v2\/posts"}],"about":[{"href":"https:\/\/luchonoticias.com\/editor\/wp-json\/wp\/v2\/types\/post"}],"author":[{"embeddable":true,"href":"https:\/\/luchonoticias.com\/editor\/wp-json\/wp\/v2\/users\/2"}],"replies":[{"embeddable":true,"href":"https:\/\/luchonoticias.com\/editor\/wp-json\/wp\/v2\/comments?post=48932"}],"version-history":[{"count":0,"href":"https:\/\/luchonoticias.com\/editor\/wp-json\/wp\/v2\/posts\/48932\/revisions"}],"wp:attachment":[{"href":"https:\/\/luchonoticias.com\/editor\/wp-json\/wp\/v2\/media?parent=48932"}],"wp:term":[{"taxonomy":"category","embeddable":true,"href":"https:\/\/luchonoticias.com\/editor\/wp-json\/wp\/v2\/categories?post=48932"},{"taxonomy":"post_tag","embeddable":true,"href":"https:\/\/luchonoticias.com\/editor\/wp-json\/wp\/v2\/tags?post=48932"}],"curies":[{"name":"wp","href":"https:\/\/api.w.org\/{rel}","templated":true}]}}