{"id":48976,"date":"2023-03-24T07:18:43","date_gmt":"2023-03-24T12:18:43","guid":{"rendered":"https:\/\/luchonoticias.com\/?p=48976"},"modified":"2023-03-24T07:18:44","modified_gmt":"2023-03-24T12:18:44","slug":"los-neivanos-fuimos-asaltados-en-la-buena-fe-alcalde-de-neiva","status":"publish","type":"post","link":"https:\/\/luchonoticias.com\/editor\/los-neivanos-fuimos-asaltados-en-la-buena-fe-alcalde-de-neiva\/","title":{"rendered":"Los neivanos fuimos asaltados en la buena fe: Alcalde de Neiva"},"content":{"rendered":"\n<p>El alcalde de Neiva Gorky Mu\u00f1oz Calder\u00f3n, a trav\u00e9s de rueda de prensa, dio a conocer a los neivanos, los detalles de la reuni\u00f3n que sostuvo el pasado mi\u00e9rcoles 22 de marzo, con Claudia Marcela Numa, directora de Presupuesto P\u00fablico Nacional, cuyo objetivo era aclarar la veracidad de la comunicaci\u00f3n virtual 00348, donde se manifestaba la existencia de la disponibilidad No.0000024513300361-14-15-03-23 por $602.393.316.110 M\/CTE, para la construcci\u00f3n de la Avenida Oriente de la ciudad de Neiva.<\/p>\n\n\n\n<p>El mandatario ofreci\u00f3 disculpas p\u00fablicas a la comunidad en general, por el error de haber hecho p\u00fablica la informaci\u00f3n, sin antes cerciorarse de la veracidad del documento, indicando que la emoci\u00f3n de que la ciudadan\u00eda conociera la importante noticia, fue lo que prim\u00f3.<\/p>\n\n\n\n<p>\u201cOfrec\u00ed disculpas porque la ilusi\u00f3n que despert\u00e9 en ellos es la misma que tengo yo como ciudadano, como neivano, como un hombre que naci\u00f3 aqu\u00ed, como un hombre que es abuelo, pap\u00e1 y que quiere ver su ciudad en desarrollo, dignificando al ser humano y eso se hace con inversi\u00f3n; un proyecto que ha venido desde que arranc\u00f3 nuestro Gobierno, present\u00e1ndolo en mesas t\u00e9cnicas de ajustes donde ya fue viabilizado, donde sabemos cu\u00e1ntos predios se afectan&#8230; 602 mil millones de pesos y, fuera de eso, que nosotros hayamos arrancado con recursos propios, la unidad funcional uno y parte de la dos y que llegue una plata para acabar de complementar todo lo que se necesita para hacer esto es un sue\u00f1o realidad, cualquiera se pone contento, llor\u00e9 de la felicidad..\u201d, expres\u00f3.<\/p>\n\n\n\n<p>El proyecto de la Avenida del Oriente, es una de las obras m\u00e1s ambiciosas que se han proyectado para Neiva, el cual fue radicado en el a\u00f1o 2020, junto con otros 56 proyectos, los cuales hicieron parte de la conversaci\u00f3n que se tuvo el pasado mi\u00e9rcoles en el Ministerio de Hacienda.<\/p>\n\n\n\n<p>\u201cA la fecha hemos presentado un total de 57 proyectos para ser financiados o cofinanciados por el Gobierno Nacional, proyectos que buscan impactar la infraestructura en salud, educaci\u00f3n, gesti\u00f3n del riesgo de desastres, agua potable y saneamiento b\u00e1sico en las zonas urbana y rural, medio ambiente en funci\u00f3n de los parques de ciudad, planificaci\u00f3n urbana en relaci\u00f3n a la rehabilitaci\u00f3n y dotaci\u00f3n de espacios p\u00fablicos que promuevan proyecci\u00f3n de ciudad, infraestructura vial, ejes l\u00fadicos para potenciar el desarrollo tur\u00edstico y la inversi\u00f3n regional, nacional y extranjera, infraestructura deportiva, entre otros, proyectos que representan una inversi\u00f3n total de $1.119.633.547.463\u201d, manifest\u00f3 el alcalde Gorky Mu\u00f1oz.<\/p>\n\n\n\n<p>Algunos de los proyectos por destacar de la actual Administraci\u00f3n, han sido los avances en la construcci\u00f3n de la primera fase de la Planta de Tratamiento de Aguas Residuales de Neiva, la terminaci\u00f3n del Patin\u00f3dromo en su fase 2 y construcci\u00f3n de la fase 3; la optimizaci\u00f3n del alcantarillado sanitario del Parque Ronda R\u00edo Las Ceibas; la construcci\u00f3n y adecuaci\u00f3n para la terminaci\u00f3n de la primera fase del Centro de Salud Materno Infantil de la ESE \u2018Carmen Emilia Ospina\u2019, entre otros.<\/p>\n\n\n\n<p><strong>Proyecto Avenida de Oriente<\/strong><\/p>\n\n\n\n<p>Esta obra vial comunica la ciudad de Neiva entre las zonas Norte y Sur, por el Oriente, es un proyecto que requiere la ciudad para el desarrollo y que solucionar\u00e1 los problemas de movilidad del tr\u00e1fico actual y futuro, considerando los proyectos del orden nNacional en ejecuci\u00f3n: Neiva\u2013Balsillas y Colombia\u2013La Uribe, Meta.<\/p>\n\n\n\n<p>Es una obra con un importante componente social, incluyente y de renovaci\u00f3n urbana; que bordea y conecta diferentes barrios, proyectos de vivienda de inter\u00e9s social del municipio y asentamientos en proceso de legalizaci\u00f3n.<\/p>\n\n\n\n<p>La Avenida de Oriente, es una v\u00eda que se est\u00e1 planificando en la ciudad desde hace m\u00e1s de 23 a\u00f1os, se contempl\u00f3 en el acuerdo 016 del 2000 (POT) y en el Acuerdo 026 de 2009 (Modificaci\u00f3n POT) se incluye una proyecci\u00f3n (trazado) de esta perimetral.<\/p>\n\n\n\n<p>El proyecto vial tiene una longitud total de aproximadamente 29 kil\u00f3metros que contempla una afectaci\u00f3n de 1.012 predios y que est\u00e1 concebido en seis unidades funcionales. Fue radicado en el DNP desde el a\u00f1o 2020, y en la ANI, Inv\u00edas y el Ministerio de Transporte desde el a\u00f1o 2021, por un valor de 602 mil millones, recursos que incluyen la construcci\u00f3n de las obras, adquisici\u00f3n de predios e interventor\u00eda.<\/p>\n\n\n\n<p><strong>Autoridades investigan<\/strong><\/p>\n\n\n\n<p>El mandatario confirm\u00f3 que tanto los ministerios de Hacienda y de Transporte y la Administraci\u00f3n Municipal interpusieron una denuncia penal ante la Fiscal\u00eda General de la Naci\u00f3n por el delito de falsedad de documento p\u00fablico, para que se investigue qui\u00e9n es el responsable de emitir dicho documento y que ser\u00e1n ellos los encargados de determinar y esclarecer los hechos.<\/p>\n\n\n\n<p>\u201cHemos radicado ante las autoridades denuncia penal por falsedad material en documento p\u00fablico, para que sean ellas, las encargadas de averiguar qui\u00e9n o qui\u00e9nes trataron de estafar o abusar de la buena fe del municipio de Neiva. Los neivanos fuimos v\u00edctimas de un asalto de buena fe\u201d, concluy\u00f3 Mu\u00f1oz Calder\u00f3n.<\/p>\n\n\n\n<p>Finalmente, seg\u00fan confirm\u00f3 el Gobierno Nacional, el caso del documento que lleg\u00f3 a la Alcald\u00eda de Neiva no es el \u00fanico, puesto que se habr\u00edan presentado otros hechos similares en otros municipios del pa\u00eds, como en Villavieja, en el Huila, por lo que se tratar\u00eda de un tema recurrente.<\/p>\n","protected":false},"excerpt":{"rendered":"<p>El alcalde de Neiva Gorky Mu\u00f1oz Calder\u00f3n, a trav\u00e9s de rueda de prensa, dio a conocer a los neivanos, los detalles de la reuni\u00f3n que sostuvo el pasado mi\u00e9rcoles 22 de marzo, con Claudia Marcela Numa, directora de Presupuesto P\u00fablico Nacional, cuyo objetivo era aclarar la veracidad de la comunicaci\u00f3n virtual 00348, donde se manifestaba [&hellip;]<\/p>\n","protected":false},"author":2,"featured_media":0,"comment_status":"open","ping_status":"open","sticky":false,"template":"","format":"standard","meta":{"footnotes":""},"categories":[36,53],"tags":[],"class_list":["post-48976","post","type-post","status-publish","format-standard","hentry","category-destacado","category-neiva"],"yoast_head":"<!-- This site is optimized with the Yoast SEO plugin v26.6 - https:\/\/yoast.com\/wordpress\/plugins\/seo\/ -->\n<title>Los neivanos fuimos asaltados en la buena fe: Alcalde de Neiva -<\/title>\n<meta name=\"robots\" content=\"index, follow, max-snippet:-1, max-image-preview:large, max-video-preview:-1\" \/>\n<link rel=\"canonical\" href=\"https:\/\/luchonoticias.com\/editor\/los-neivanos-fuimos-asaltados-en-la-buena-fe-alcalde-de-neiva\/\" \/>\n<meta property=\"og:locale\" content=\"es_ES\" \/>\n<meta property=\"og:type\" content=\"article\" \/>\n<meta property=\"og:title\" content=\"Los neivanos fuimos asaltados en la buena fe: Alcalde de Neiva -\" \/>\n<meta property=\"og:url\" content=\"https:\/\/luchonoticias.com\/editor\/los-neivanos-fuimos-asaltados-en-la-buena-fe-alcalde-de-neiva\/\" \/>\n<meta property=\"article:publisher\" content=\"https:\/\/www.facebook.com\/luchonoticiasneiva\" \/>\n<meta property=\"article:published_time\" content=\"2023-03-24T12:18:43+00:00\" \/>\n<meta property=\"article:modified_time\" content=\"2023-03-24T12:18:44+00:00\" \/>\n<meta name=\"author\" content=\"Editor General\" \/>\n<meta name=\"twitter:card\" content=\"summary_large_image\" \/>\n<meta name=\"twitter:label1\" content=\"Escrito por\" \/>\n\t<meta name=\"twitter:data1\" content=\"Editor General\" \/>\n\t<meta name=\"twitter:label2\" content=\"Tiempo de lectura\" \/>\n\t<meta name=\"twitter:data2\" content=\"5 minutos\" \/>\n<script type=\"application\/ld+json\" class=\"yoast-schema-graph\">{\"@context\":\"https:\/\/schema.org\",\"@graph\":[{\"@type\":\"Article\",\"@id\":\"https:\/\/luchonoticias.com\/editor\/los-neivanos-fuimos-asaltados-en-la-buena-fe-alcalde-de-neiva\/#article\",\"isPartOf\":{\"@id\":\"https:\/\/luchonoticias.com\/editor\/los-neivanos-fuimos-asaltados-en-la-buena-fe-alcalde-de-neiva\/\"},\"author\":{\"name\":\"Editor General\",\"@id\":\"https:\/\/luchonoticias.com\/editor\/#\/schema\/person\/29217990ddf6f14e35912b2866d591fb\"},\"headline\":\"Los neivanos fuimos asaltados en la buena fe: Alcalde de Neiva\",\"datePublished\":\"2023-03-24T12:18:43+00:00\",\"dateModified\":\"2023-03-24T12:18:44+00:00\",\"mainEntityOfPage\":{\"@id\":\"https:\/\/luchonoticias.com\/editor\/los-neivanos-fuimos-asaltados-en-la-buena-fe-alcalde-de-neiva\/\"},\"wordCount\":930,\"commentCount\":0,\"publisher\":{\"@id\":\"https:\/\/luchonoticias.com\/editor\/#\/schema\/person\/7a7fd911f58561fd056dbac7b55af9cd\"},\"articleSection\":[\"Destacado\",\"Neiva\"],\"inLanguage\":\"es\",\"potentialAction\":[{\"@type\":\"CommentAction\",\"name\":\"Comment\",\"target\":[\"https:\/\/luchonoticias.com\/editor\/los-neivanos-fuimos-asaltados-en-la-buena-fe-alcalde-de-neiva\/#respond\"]}]},{\"@type\":\"WebPage\",\"@id\":\"https:\/\/luchonoticias.com\/editor\/los-neivanos-fuimos-asaltados-en-la-buena-fe-alcalde-de-neiva\/\",\"url\":\"https:\/\/luchonoticias.com\/editor\/los-neivanos-fuimos-asaltados-en-la-buena-fe-alcalde-de-neiva\/\",\"name\":\"Los neivanos fuimos asaltados en la buena fe: Alcalde de Neiva -\",\"isPartOf\":{\"@id\":\"https:\/\/luchonoticias.com\/editor\/#website\"},\"datePublished\":\"2023-03-24T12:18:43+00:00\",\"dateModified\":\"2023-03-24T12:18:44+00:00\",\"breadcrumb\":{\"@id\":\"https:\/\/luchonoticias.com\/editor\/los-neivanos-fuimos-asaltados-en-la-buena-fe-alcalde-de-neiva\/#breadcrumb\"},\"inLanguage\":\"es\",\"potentialAction\":[{\"@type\":\"ReadAction\",\"target\":[\"https:\/\/luchonoticias.com\/editor\/los-neivanos-fuimos-asaltados-en-la-buena-fe-alcalde-de-neiva\/\"]}]},{\"@type\":\"BreadcrumbList\",\"@id\":\"https:\/\/luchonoticias.com\/editor\/los-neivanos-fuimos-asaltados-en-la-buena-fe-alcalde-de-neiva\/#breadcrumb\",\"itemListElement\":[{\"@type\":\"ListItem\",\"position\":1,\"name\":\"Portada\",\"item\":\"https:\/\/luchonoticias.com\/editor\/\"},{\"@type\":\"ListItem\",\"position\":2,\"name\":\"Los neivanos fuimos asaltados en la buena fe: Alcalde de Neiva\"}]},{\"@type\":\"WebSite\",\"@id\":\"https:\/\/luchonoticias.com\/editor\/#website\",\"url\":\"https:\/\/luchonoticias.com\/editor\/\",\"name\":\"\",\"description\":\"\",\"publisher\":{\"@id\":\"https:\/\/luchonoticias.com\/editor\/#\/schema\/person\/7a7fd911f58561fd056dbac7b55af9cd\"},\"potentialAction\":[{\"@type\":\"SearchAction\",\"target\":{\"@type\":\"EntryPoint\",\"urlTemplate\":\"https:\/\/luchonoticias.com\/editor\/?s={search_term_string}\"},\"query-input\":{\"@type\":\"PropertyValueSpecification\",\"valueRequired\":true,\"valueName\":\"search_term_string\"}}],\"inLanguage\":\"es\"},{\"@type\":[\"Person\",\"Organization\"],\"@id\":\"https:\/\/luchonoticias.com\/editor\/#\/schema\/person\/7a7fd911f58561fd056dbac7b55af9cd\",\"name\":\"admin\",\"image\":{\"@type\":\"ImageObject\",\"inLanguage\":\"es\",\"@id\":\"https:\/\/luchonoticias.com\/editor\/#\/schema\/person\/image\/\",\"url\":\"https:\/\/luchonoticias.com\/editor\/wp-content\/uploads\/2024\/02\/cropped-cropped-logolu.webp\",\"contentUrl\":\"https:\/\/luchonoticias.com\/editor\/wp-content\/uploads\/2024\/02\/cropped-cropped-logolu.webp\",\"width\":382,\"height\":170,\"caption\":\"admin\"},\"logo\":{\"@id\":\"https:\/\/luchonoticias.com\/editor\/#\/schema\/person\/image\/\"},\"sameAs\":[\"https:\/\/www.facebook.com\/luchonoticiasneiva\"]},{\"@type\":\"Person\",\"@id\":\"https:\/\/luchonoticias.com\/editor\/#\/schema\/person\/29217990ddf6f14e35912b2866d591fb\",\"name\":\"Editor General\",\"image\":{\"@type\":\"ImageObject\",\"inLanguage\":\"es\",\"@id\":\"https:\/\/luchonoticias.com\/editor\/#\/schema\/person\/image\/\",\"url\":\"https:\/\/luchonoticias.com\/editor\/wp-content\/uploads\/2024\/02\/cropped-cropped-logolu-150x150.webp\",\"contentUrl\":\"https:\/\/luchonoticias.com\/editor\/wp-content\/uploads\/2024\/02\/cropped-cropped-logolu-150x150.webp\",\"caption\":\"Editor General\"},\"sameAs\":[\"https:\/\/luchonoticias.com\/\"],\"url\":\"https:\/\/luchonoticias.com\/editor\/author\/editor-general\/\"}]}<\/script>\n<!-- \/ Yoast SEO plugin. -->","yoast_head_json":{"title":"Los neivanos fuimos asaltados en la buena fe: Alcalde de Neiva -","robots":{"index":"index","follow":"follow","max-snippet":"max-snippet:-1","max-image-preview":"max-image-preview:large","max-video-preview":"max-video-preview:-1"},"canonical":"https:\/\/luchonoticias.com\/editor\/los-neivanos-fuimos-asaltados-en-la-buena-fe-alcalde-de-neiva\/","og_locale":"es_ES","og_type":"article","og_title":"Los neivanos fuimos asaltados en la buena fe: Alcalde de Neiva -","og_url":"https:\/\/luchonoticias.com\/editor\/los-neivanos-fuimos-asaltados-en-la-buena-fe-alcalde-de-neiva\/","article_publisher":"https:\/\/www.facebook.com\/luchonoticiasneiva","article_published_time":"2023-03-24T12:18:43+00:00","article_modified_time":"2023-03-24T12:18:44+00:00","author":"Editor General","twitter_card":"summary_large_image","twitter_misc":{"Escrito por":"Editor General","Tiempo de lectura":"5 minutos"},"schema":{"@context":"https:\/\/schema.org","@graph":[{"@type":"Article","@id":"https:\/\/luchonoticias.com\/editor\/los-neivanos-fuimos-asaltados-en-la-buena-fe-alcalde-de-neiva\/#article","isPartOf":{"@id":"https:\/\/luchonoticias.com\/editor\/los-neivanos-fuimos-asaltados-en-la-buena-fe-alcalde-de-neiva\/"},"author":{"name":"Editor General","@id":"https:\/\/luchonoticias.com\/editor\/#\/schema\/person\/29217990ddf6f14e35912b2866d591fb"},"headline":"Los neivanos fuimos asaltados en la buena fe: Alcalde de Neiva","datePublished":"2023-03-24T12:18:43+00:00","dateModified":"2023-03-24T12:18:44+00:00","mainEntityOfPage":{"@id":"https:\/\/luchonoticias.com\/editor\/los-neivanos-fuimos-asaltados-en-la-buena-fe-alcalde-de-neiva\/"},"wordCount":930,"commentCount":0,"publisher":{"@id":"https:\/\/luchonoticias.com\/editor\/#\/schema\/person\/7a7fd911f58561fd056dbac7b55af9cd"},"articleSection":["Destacado","Neiva"],"inLanguage":"es","potentialAction":[{"@type":"CommentAction","name":"Comment","target":["https:\/\/luchonoticias.com\/editor\/los-neivanos-fuimos-asaltados-en-la-buena-fe-alcalde-de-neiva\/#respond"]}]},{"@type":"WebPage","@id":"https:\/\/luchonoticias.com\/editor\/los-neivanos-fuimos-asaltados-en-la-buena-fe-alcalde-de-neiva\/","url":"https:\/\/luchonoticias.com\/editor\/los-neivanos-fuimos-asaltados-en-la-buena-fe-alcalde-de-neiva\/","name":"Los neivanos fuimos asaltados en la buena fe: Alcalde de Neiva -","isPartOf":{"@id":"https:\/\/luchonoticias.com\/editor\/#website"},"datePublished":"2023-03-24T12:18:43+00:00","dateModified":"2023-03-24T12:18:44+00:00","breadcrumb":{"@id":"https:\/\/luchonoticias.com\/editor\/los-neivanos-fuimos-asaltados-en-la-buena-fe-alcalde-de-neiva\/#breadcrumb"},"inLanguage":"es","potentialAction":[{"@type":"ReadAction","target":["https:\/\/luchonoticias.com\/editor\/los-neivanos-fuimos-asaltados-en-la-buena-fe-alcalde-de-neiva\/"]}]},{"@type":"BreadcrumbList","@id":"https:\/\/luchonoticias.com\/editor\/los-neivanos-fuimos-asaltados-en-la-buena-fe-alcalde-de-neiva\/#breadcrumb","itemListElement":[{"@type":"ListItem","position":1,"name":"Portada","item":"https:\/\/luchonoticias.com\/editor\/"},{"@type":"ListItem","position":2,"name":"Los neivanos fuimos asaltados en la buena fe: Alcalde de Neiva"}]},{"@type":"WebSite","@id":"https:\/\/luchonoticias.com\/editor\/#website","url":"https:\/\/luchonoticias.com\/editor\/","name":"","description":"","publisher":{"@id":"https:\/\/luchonoticias.com\/editor\/#\/schema\/person\/7a7fd911f58561fd056dbac7b55af9cd"},"potentialAction":[{"@type":"SearchAction","target":{"@type":"EntryPoint","urlTemplate":"https:\/\/luchonoticias.com\/editor\/?s={search_term_string}"},"query-input":{"@type":"PropertyValueSpecification","valueRequired":true,"valueName":"search_term_string"}}],"inLanguage":"es"},{"@type":["Person","Organization"],"@id":"https:\/\/luchonoticias.com\/editor\/#\/schema\/person\/7a7fd911f58561fd056dbac7b55af9cd","name":"admin","image":{"@type":"ImageObject","inLanguage":"es","@id":"https:\/\/luchonoticias.com\/editor\/#\/schema\/person\/image\/","url":"https:\/\/luchonoticias.com\/editor\/wp-content\/uploads\/2024\/02\/cropped-cropped-logolu.webp","contentUrl":"https:\/\/luchonoticias.com\/editor\/wp-content\/uploads\/2024\/02\/cropped-cropped-logolu.webp","width":382,"height":170,"caption":"admin"},"logo":{"@id":"https:\/\/luchonoticias.com\/editor\/#\/schema\/person\/image\/"},"sameAs":["https:\/\/www.facebook.com\/luchonoticiasneiva"]},{"@type":"Person","@id":"https:\/\/luchonoticias.com\/editor\/#\/schema\/person\/29217990ddf6f14e35912b2866d591fb","name":"Editor General","image":{"@type":"ImageObject","inLanguage":"es","@id":"https:\/\/luchonoticias.com\/editor\/#\/schema\/person\/image\/","url":"https:\/\/luchonoticias.com\/editor\/wp-content\/uploads\/2024\/02\/cropped-cropped-logolu-150x150.webp","contentUrl":"https:\/\/luchonoticias.com\/editor\/wp-content\/uploads\/2024\/02\/cropped-cropped-logolu-150x150.webp","caption":"Editor General"},"sameAs":["https:\/\/luchonoticias.com\/"],"url":"https:\/\/luchonoticias.com\/editor\/author\/editor-general\/"}]}},"_links":{"self":[{"href":"https:\/\/luchonoticias.com\/editor\/wp-json\/wp\/v2\/posts\/48976","targetHints":{"allow":["GET"]}}],"collection":[{"href":"https:\/\/luchonoticias.com\/editor\/wp-json\/wp\/v2\/posts"}],"about":[{"href":"https:\/\/luchonoticias.com\/editor\/wp-json\/wp\/v2\/types\/post"}],"author":[{"embeddable":true,"href":"https:\/\/luchonoticias.com\/editor\/wp-json\/wp\/v2\/users\/2"}],"replies":[{"embeddable":true,"href":"https:\/\/luchonoticias.com\/editor\/wp-json\/wp\/v2\/comments?post=48976"}],"version-history":[{"count":0,"href":"https:\/\/luchonoticias.com\/editor\/wp-json\/wp\/v2\/posts\/48976\/revisions"}],"wp:attachment":[{"href":"https:\/\/luchonoticias.com\/editor\/wp-json\/wp\/v2\/media?parent=48976"}],"wp:term":[{"taxonomy":"category","embeddable":true,"href":"https:\/\/luchonoticias.com\/editor\/wp-json\/wp\/v2\/categories?post=48976"},{"taxonomy":"post_tag","embeddable":true,"href":"https:\/\/luchonoticias.com\/editor\/wp-json\/wp\/v2\/tags?post=48976"}],"curies":[{"name":"wp","href":"https:\/\/api.w.org\/{rel}","templated":true}]}}