{"id":49057,"date":"2023-03-25T08:10:53","date_gmt":"2023-03-25T13:10:53","guid":{"rendered":"https:\/\/luchonoticias.com\/?p=49057"},"modified":"2023-03-25T08:10:53","modified_gmt":"2023-03-25T13:10:53","slug":"capturado-sujeto-requerido-por-orden-judicial-por-acceso-carnal-abusivo-con-menor-de-14-anos","status":"publish","type":"post","link":"https:\/\/luchonoticias.com\/editor\/capturado-sujeto-requerido-por-orden-judicial-por-acceso-carnal-abusivo-con-menor-de-14-anos\/","title":{"rendered":"Capturado sujeto requerido por orden judicial por acceso carnal abusivo con menor de 14 a\u00f1os"},"content":{"rendered":"\n<p>El Departamento de Polic\u00eda del Huila, revelaron en las \u00faltimas horas la captura de un hombre de 29 a\u00f1os de edad en el municipio de Oporapa, por ser requerido por el juzgado \u00fanico promiscuo municipal de Acevedo, por el delito de acceso carnal abusivo con menor de 14 a\u00f1os<\/p>\n\n\n\n<p>\u201cEn los planes que adelanta el Modelo Nacional de Vigilancia Comunitaria Por Cuadrantes en la que comunica a Oporapa con Piratita, fue capturado un hombre de 29 a\u00f1os de edad, contra quien figura una orden de captura vigente por el delito de acceso carnal abusivo con menor de 14 a\u00f1os, emitida por el juzgado \u00fanico promiscuo municipal de Acevedo\u201d, indicaron las fuentes oficiales en un comunicado<\/p>\n\n\n\n<p>Asimismo, seg\u00fan lo establecido por las autoridades del Huila, se estableci\u00f3 que, seg\u00fan el proceso judicial, los hechos habr\u00edan ocurrido en el mes de marzo del a\u00f1o 2022 en la vereda El Encanto de Acevedo.<\/p>\n\n\n\n<p>\u201cLa v\u00edctima fue una vecina de 13 a\u00f1os aproximadamente, el hombre est\u00e1 siendo presentado ante la Fiscal\u00eda 25 Seccional de Pitalito encargada de la investigaci\u00f3n, a la espera que se defina su situaci\u00f3n judicial\u201d, concluyeron.<\/p>\n","protected":false},"excerpt":{"rendered":"<p>El Departamento de Polic\u00eda del Huila, revelaron en las \u00faltimas horas la captura de un hombre de 29 a\u00f1os de edad en el municipio de Oporapa, por ser requerido por el juzgado \u00fanico promiscuo municipal de Acevedo, por el delito de acceso carnal abusivo con menor de 14 a\u00f1os \u201cEn los planes que adelanta el [&hellip;]<\/p>\n","protected":false},"author":2,"featured_media":0,"comment_status":"open","ping_status":"open","sticky":false,"template":"","format":"standard","meta":{"footnotes":""},"categories":[36,29],"tags":[],"class_list":["post-49057","post","type-post","status-publish","format-standard","hentry","category-destacado","category-judicial"],"yoast_head":"<!-- This site is optimized with the Yoast SEO plugin v26.6 - https:\/\/yoast.com\/wordpress\/plugins\/seo\/ -->\n<title>Capturado sujeto requerido por orden judicial por acceso carnal abusivo con menor de 14 a\u00f1os -<\/title>\n<meta name=\"robots\" content=\"index, follow, max-snippet:-1, max-image-preview:large, max-video-preview:-1\" \/>\n<link rel=\"canonical\" href=\"https:\/\/luchonoticias.com\/editor\/capturado-sujeto-requerido-por-orden-judicial-por-acceso-carnal-abusivo-con-menor-de-14-anos\/\" \/>\n<meta property=\"og:locale\" content=\"es_ES\" \/>\n<meta property=\"og:type\" content=\"article\" \/>\n<meta property=\"og:title\" content=\"Capturado sujeto requerido por orden judicial por acceso carnal abusivo con menor de 14 a\u00f1os -\" \/>\n<meta property=\"og:url\" content=\"https:\/\/luchonoticias.com\/editor\/capturado-sujeto-requerido-por-orden-judicial-por-acceso-carnal-abusivo-con-menor-de-14-anos\/\" \/>\n<meta property=\"article:publisher\" content=\"https:\/\/www.facebook.com\/luchonoticiasneiva\" \/>\n<meta property=\"article:published_time\" content=\"2023-03-25T13:10:53+00:00\" \/>\n<meta name=\"author\" content=\"Editor General\" \/>\n<meta name=\"twitter:card\" content=\"summary_large_image\" \/>\n<meta name=\"twitter:label1\" content=\"Escrito por\" \/>\n\t<meta name=\"twitter:data1\" content=\"Editor General\" \/>\n\t<meta name=\"twitter:label2\" content=\"Tiempo de lectura\" \/>\n\t<meta name=\"twitter:data2\" content=\"1 minuto\" \/>\n<script type=\"application\/ld+json\" class=\"yoast-schema-graph\">{\"@context\":\"https:\/\/schema.org\",\"@graph\":[{\"@type\":\"Article\",\"@id\":\"https:\/\/luchonoticias.com\/editor\/capturado-sujeto-requerido-por-orden-judicial-por-acceso-carnal-abusivo-con-menor-de-14-anos\/#article\",\"isPartOf\":{\"@id\":\"https:\/\/luchonoticias.com\/editor\/capturado-sujeto-requerido-por-orden-judicial-por-acceso-carnal-abusivo-con-menor-de-14-anos\/\"},\"author\":{\"name\":\"Editor General\",\"@id\":\"https:\/\/luchonoticias.com\/editor\/#\/schema\/person\/29217990ddf6f14e35912b2866d591fb\"},\"headline\":\"Capturado sujeto requerido por orden judicial por acceso carnal abusivo con menor de 14 a\u00f1os\",\"datePublished\":\"2023-03-25T13:10:53+00:00\",\"mainEntityOfPage\":{\"@id\":\"https:\/\/luchonoticias.com\/editor\/capturado-sujeto-requerido-por-orden-judicial-por-acceso-carnal-abusivo-con-menor-de-14-anos\/\"},\"wordCount\":207,\"commentCount\":0,\"publisher\":{\"@id\":\"https:\/\/luchonoticias.com\/editor\/#\/schema\/person\/7a7fd911f58561fd056dbac7b55af9cd\"},\"articleSection\":[\"Destacado\",\"Judicial\"],\"inLanguage\":\"es\",\"potentialAction\":[{\"@type\":\"CommentAction\",\"name\":\"Comment\",\"target\":[\"https:\/\/luchonoticias.com\/editor\/capturado-sujeto-requerido-por-orden-judicial-por-acceso-carnal-abusivo-con-menor-de-14-anos\/#respond\"]}]},{\"@type\":\"WebPage\",\"@id\":\"https:\/\/luchonoticias.com\/editor\/capturado-sujeto-requerido-por-orden-judicial-por-acceso-carnal-abusivo-con-menor-de-14-anos\/\",\"url\":\"https:\/\/luchonoticias.com\/editor\/capturado-sujeto-requerido-por-orden-judicial-por-acceso-carnal-abusivo-con-menor-de-14-anos\/\",\"name\":\"Capturado sujeto requerido por orden judicial por acceso carnal abusivo con menor de 14 a\u00f1os -\",\"isPartOf\":{\"@id\":\"https:\/\/luchonoticias.com\/editor\/#website\"},\"datePublished\":\"2023-03-25T13:10:53+00:00\",\"breadcrumb\":{\"@id\":\"https:\/\/luchonoticias.com\/editor\/capturado-sujeto-requerido-por-orden-judicial-por-acceso-carnal-abusivo-con-menor-de-14-anos\/#breadcrumb\"},\"inLanguage\":\"es\",\"potentialAction\":[{\"@type\":\"ReadAction\",\"target\":[\"https:\/\/luchonoticias.com\/editor\/capturado-sujeto-requerido-por-orden-judicial-por-acceso-carnal-abusivo-con-menor-de-14-anos\/\"]}]},{\"@type\":\"BreadcrumbList\",\"@id\":\"https:\/\/luchonoticias.com\/editor\/capturado-sujeto-requerido-por-orden-judicial-por-acceso-carnal-abusivo-con-menor-de-14-anos\/#breadcrumb\",\"itemListElement\":[{\"@type\":\"ListItem\",\"position\":1,\"name\":\"Portada\",\"item\":\"https:\/\/luchonoticias.com\/editor\/\"},{\"@type\":\"ListItem\",\"position\":2,\"name\":\"Capturado sujeto requerido por orden judicial por acceso carnal abusivo con menor de 14 a\u00f1os\"}]},{\"@type\":\"WebSite\",\"@id\":\"https:\/\/luchonoticias.com\/editor\/#website\",\"url\":\"https:\/\/luchonoticias.com\/editor\/\",\"name\":\"\",\"description\":\"\",\"publisher\":{\"@id\":\"https:\/\/luchonoticias.com\/editor\/#\/schema\/person\/7a7fd911f58561fd056dbac7b55af9cd\"},\"potentialAction\":[{\"@type\":\"SearchAction\",\"target\":{\"@type\":\"EntryPoint\",\"urlTemplate\":\"https:\/\/luchonoticias.com\/editor\/?s={search_term_string}\"},\"query-input\":{\"@type\":\"PropertyValueSpecification\",\"valueRequired\":true,\"valueName\":\"search_term_string\"}}],\"inLanguage\":\"es\"},{\"@type\":[\"Person\",\"Organization\"],\"@id\":\"https:\/\/luchonoticias.com\/editor\/#\/schema\/person\/7a7fd911f58561fd056dbac7b55af9cd\",\"name\":\"admin\",\"image\":{\"@type\":\"ImageObject\",\"inLanguage\":\"es\",\"@id\":\"https:\/\/luchonoticias.com\/editor\/#\/schema\/person\/image\/\",\"url\":\"https:\/\/luchonoticias.com\/editor\/wp-content\/uploads\/2024\/02\/cropped-cropped-logolu.webp\",\"contentUrl\":\"https:\/\/luchonoticias.com\/editor\/wp-content\/uploads\/2024\/02\/cropped-cropped-logolu.webp\",\"width\":382,\"height\":170,\"caption\":\"admin\"},\"logo\":{\"@id\":\"https:\/\/luchonoticias.com\/editor\/#\/schema\/person\/image\/\"},\"sameAs\":[\"https:\/\/www.facebook.com\/luchonoticiasneiva\"]},{\"@type\":\"Person\",\"@id\":\"https:\/\/luchonoticias.com\/editor\/#\/schema\/person\/29217990ddf6f14e35912b2866d591fb\",\"name\":\"Editor General\",\"image\":{\"@type\":\"ImageObject\",\"inLanguage\":\"es\",\"@id\":\"https:\/\/luchonoticias.com\/editor\/#\/schema\/person\/image\/\",\"url\":\"https:\/\/luchonoticias.com\/editor\/wp-content\/uploads\/2024\/02\/cropped-cropped-logolu-150x150.webp\",\"contentUrl\":\"https:\/\/luchonoticias.com\/editor\/wp-content\/uploads\/2024\/02\/cropped-cropped-logolu-150x150.webp\",\"caption\":\"Editor General\"},\"sameAs\":[\"https:\/\/luchonoticias.com\/\"],\"url\":\"https:\/\/luchonoticias.com\/editor\/author\/editor-general\/\"}]}<\/script>\n<!-- \/ Yoast SEO plugin. -->","yoast_head_json":{"title":"Capturado sujeto requerido por orden judicial por acceso carnal abusivo con menor de 14 a\u00f1os -","robots":{"index":"index","follow":"follow","max-snippet":"max-snippet:-1","max-image-preview":"max-image-preview:large","max-video-preview":"max-video-preview:-1"},"canonical":"https:\/\/luchonoticias.com\/editor\/capturado-sujeto-requerido-por-orden-judicial-por-acceso-carnal-abusivo-con-menor-de-14-anos\/","og_locale":"es_ES","og_type":"article","og_title":"Capturado sujeto requerido por orden judicial por acceso carnal abusivo con menor de 14 a\u00f1os -","og_url":"https:\/\/luchonoticias.com\/editor\/capturado-sujeto-requerido-por-orden-judicial-por-acceso-carnal-abusivo-con-menor-de-14-anos\/","article_publisher":"https:\/\/www.facebook.com\/luchonoticiasneiva","article_published_time":"2023-03-25T13:10:53+00:00","author":"Editor General","twitter_card":"summary_large_image","twitter_misc":{"Escrito por":"Editor General","Tiempo de lectura":"1 minuto"},"schema":{"@context":"https:\/\/schema.org","@graph":[{"@type":"Article","@id":"https:\/\/luchonoticias.com\/editor\/capturado-sujeto-requerido-por-orden-judicial-por-acceso-carnal-abusivo-con-menor-de-14-anos\/#article","isPartOf":{"@id":"https:\/\/luchonoticias.com\/editor\/capturado-sujeto-requerido-por-orden-judicial-por-acceso-carnal-abusivo-con-menor-de-14-anos\/"},"author":{"name":"Editor General","@id":"https:\/\/luchonoticias.com\/editor\/#\/schema\/person\/29217990ddf6f14e35912b2866d591fb"},"headline":"Capturado sujeto requerido por orden judicial por acceso carnal abusivo con menor de 14 a\u00f1os","datePublished":"2023-03-25T13:10:53+00:00","mainEntityOfPage":{"@id":"https:\/\/luchonoticias.com\/editor\/capturado-sujeto-requerido-por-orden-judicial-por-acceso-carnal-abusivo-con-menor-de-14-anos\/"},"wordCount":207,"commentCount":0,"publisher":{"@id":"https:\/\/luchonoticias.com\/editor\/#\/schema\/person\/7a7fd911f58561fd056dbac7b55af9cd"},"articleSection":["Destacado","Judicial"],"inLanguage":"es","potentialAction":[{"@type":"CommentAction","name":"Comment","target":["https:\/\/luchonoticias.com\/editor\/capturado-sujeto-requerido-por-orden-judicial-por-acceso-carnal-abusivo-con-menor-de-14-anos\/#respond"]}]},{"@type":"WebPage","@id":"https:\/\/luchonoticias.com\/editor\/capturado-sujeto-requerido-por-orden-judicial-por-acceso-carnal-abusivo-con-menor-de-14-anos\/","url":"https:\/\/luchonoticias.com\/editor\/capturado-sujeto-requerido-por-orden-judicial-por-acceso-carnal-abusivo-con-menor-de-14-anos\/","name":"Capturado sujeto requerido por orden judicial por acceso carnal abusivo con menor de 14 a\u00f1os -","isPartOf":{"@id":"https:\/\/luchonoticias.com\/editor\/#website"},"datePublished":"2023-03-25T13:10:53+00:00","breadcrumb":{"@id":"https:\/\/luchonoticias.com\/editor\/capturado-sujeto-requerido-por-orden-judicial-por-acceso-carnal-abusivo-con-menor-de-14-anos\/#breadcrumb"},"inLanguage":"es","potentialAction":[{"@type":"ReadAction","target":["https:\/\/luchonoticias.com\/editor\/capturado-sujeto-requerido-por-orden-judicial-por-acceso-carnal-abusivo-con-menor-de-14-anos\/"]}]},{"@type":"BreadcrumbList","@id":"https:\/\/luchonoticias.com\/editor\/capturado-sujeto-requerido-por-orden-judicial-por-acceso-carnal-abusivo-con-menor-de-14-anos\/#breadcrumb","itemListElement":[{"@type":"ListItem","position":1,"name":"Portada","item":"https:\/\/luchonoticias.com\/editor\/"},{"@type":"ListItem","position":2,"name":"Capturado sujeto requerido por orden judicial por acceso carnal abusivo con menor de 14 a\u00f1os"}]},{"@type":"WebSite","@id":"https:\/\/luchonoticias.com\/editor\/#website","url":"https:\/\/luchonoticias.com\/editor\/","name":"","description":"","publisher":{"@id":"https:\/\/luchonoticias.com\/editor\/#\/schema\/person\/7a7fd911f58561fd056dbac7b55af9cd"},"potentialAction":[{"@type":"SearchAction","target":{"@type":"EntryPoint","urlTemplate":"https:\/\/luchonoticias.com\/editor\/?s={search_term_string}"},"query-input":{"@type":"PropertyValueSpecification","valueRequired":true,"valueName":"search_term_string"}}],"inLanguage":"es"},{"@type":["Person","Organization"],"@id":"https:\/\/luchonoticias.com\/editor\/#\/schema\/person\/7a7fd911f58561fd056dbac7b55af9cd","name":"admin","image":{"@type":"ImageObject","inLanguage":"es","@id":"https:\/\/luchonoticias.com\/editor\/#\/schema\/person\/image\/","url":"https:\/\/luchonoticias.com\/editor\/wp-content\/uploads\/2024\/02\/cropped-cropped-logolu.webp","contentUrl":"https:\/\/luchonoticias.com\/editor\/wp-content\/uploads\/2024\/02\/cropped-cropped-logolu.webp","width":382,"height":170,"caption":"admin"},"logo":{"@id":"https:\/\/luchonoticias.com\/editor\/#\/schema\/person\/image\/"},"sameAs":["https:\/\/www.facebook.com\/luchonoticiasneiva"]},{"@type":"Person","@id":"https:\/\/luchonoticias.com\/editor\/#\/schema\/person\/29217990ddf6f14e35912b2866d591fb","name":"Editor General","image":{"@type":"ImageObject","inLanguage":"es","@id":"https:\/\/luchonoticias.com\/editor\/#\/schema\/person\/image\/","url":"https:\/\/luchonoticias.com\/editor\/wp-content\/uploads\/2024\/02\/cropped-cropped-logolu-150x150.webp","contentUrl":"https:\/\/luchonoticias.com\/editor\/wp-content\/uploads\/2024\/02\/cropped-cropped-logolu-150x150.webp","caption":"Editor General"},"sameAs":["https:\/\/luchonoticias.com\/"],"url":"https:\/\/luchonoticias.com\/editor\/author\/editor-general\/"}]}},"_links":{"self":[{"href":"https:\/\/luchonoticias.com\/editor\/wp-json\/wp\/v2\/posts\/49057","targetHints":{"allow":["GET"]}}],"collection":[{"href":"https:\/\/luchonoticias.com\/editor\/wp-json\/wp\/v2\/posts"}],"about":[{"href":"https:\/\/luchonoticias.com\/editor\/wp-json\/wp\/v2\/types\/post"}],"author":[{"embeddable":true,"href":"https:\/\/luchonoticias.com\/editor\/wp-json\/wp\/v2\/users\/2"}],"replies":[{"embeddable":true,"href":"https:\/\/luchonoticias.com\/editor\/wp-json\/wp\/v2\/comments?post=49057"}],"version-history":[{"count":0,"href":"https:\/\/luchonoticias.com\/editor\/wp-json\/wp\/v2\/posts\/49057\/revisions"}],"wp:attachment":[{"href":"https:\/\/luchonoticias.com\/editor\/wp-json\/wp\/v2\/media?parent=49057"}],"wp:term":[{"taxonomy":"category","embeddable":true,"href":"https:\/\/luchonoticias.com\/editor\/wp-json\/wp\/v2\/categories?post=49057"},{"taxonomy":"post_tag","embeddable":true,"href":"https:\/\/luchonoticias.com\/editor\/wp-json\/wp\/v2\/tags?post=49057"}],"curies":[{"name":"wp","href":"https:\/\/api.w.org\/{rel}","templated":true}]}}