{"id":49114,"date":"2023-03-26T10:55:44","date_gmt":"2023-03-26T15:55:44","guid":{"rendered":"https:\/\/luchonoticias.com\/?p=49114"},"modified":"2023-03-26T10:55:45","modified_gmt":"2023-03-26T15:55:45","slug":"alcalde-gorky-munoz-entrego-obras-en-el-corregimiento-de-vegalarga","status":"publish","type":"post","link":"https:\/\/luchonoticias.com\/editor\/alcalde-gorky-munoz-entrego-obras-en-el-corregimiento-de-vegalarga\/","title":{"rendered":"Alcalde Gorky Mu\u00f1oz entreg\u00f3 obras en el corregimiento de Vegalarga"},"content":{"rendered":"\n<p>El alcalde de Neiva, Gorky Mu\u00f1oz Calder\u00f3n y su equipo de gobierno visitaron el corregimiento de Vegalarga y m\u00e1s de 10 veredas donde entregaron obras y proyectos con el prop\u00f3sito de mejorar la calidad de vida de los m\u00e1s de 3.700 habitantes de este sector.<\/p>\n\n\n\n<p>El mandatario de los neivanos siempre ha tenido presente la importancia de conocer y ayudar a resolver las necesidades y problem\u00e1ticas de la comunidad de la zona rural, por eso ha querido \u00e9l mismo visitar cada una de las obras que se han desarrollado en los corregimientos.<\/p>\n\n\n\n<p>\u201cQuiero agradecer a los habitantes del sector rural la confianza que han depositado en este gobierno y les doy mi palabra que no dejar\u00e9 de trabajar por el progreso y bienestar de este sector, por aqu\u00ed debe llegar el desarrollo, la calidad de vida y la dignidad, lo cual se har\u00e1 y se lograr\u00e1\u201d, indic\u00f3 en su discurso.<\/p>\n\n\n\n<figure class=\"wp-block-gallery has-nested-images columns-default is-cropped wp-block-gallery-1 is-layout-flex wp-block-gallery-is-layout-flex\">\n<figure class=\"wp-block-image size-large\"><img decoding=\"async\" data-id=\"49116\" src=\"https:\/\/luchonoticias.com\/wp-content\/uploads\/2023\/03\/WhatsApp-Image-2023-03-26-at-9.48.45-AM-1-1024x682.jpeg\" alt=\"\" class=\"wp-image-49116\"\/><\/figure>\n\n\n\n<figure class=\"wp-block-image size-large\"><img decoding=\"async\" data-id=\"49118\" src=\"https:\/\/luchonoticias.com\/wp-content\/uploads\/2023\/03\/WhatsApp-Image-2023-03-26-at-9.48.43-AM-1-1024x682.jpeg\" alt=\"\" class=\"wp-image-49118\"\/><\/figure>\n\n\n\n<figure class=\"wp-block-image size-large\"><img decoding=\"async\" data-id=\"49117\" src=\"https:\/\/luchonoticias.com\/wp-content\/uploads\/2023\/03\/WhatsApp-Image-2023-03-26-at-9.48.43-AM-1024x682.jpeg\" alt=\"\" class=\"wp-image-49117\"\/><\/figure>\n<\/figure>\n\n\n\n<p><strong>Instituci\u00f3n Educativa<\/strong><\/p>\n\n\n\n<p>En la vereda San Jos\u00e9 se hizo la inauguraci\u00f3n oficial de la Instituci\u00f3n Educativa San Antonio de Anaconia, sede San Jos\u00e9, donde ni\u00f1os y ni\u00f1as de sus alrededores cuentan con una infraestructura id\u00f3nea para que, de ahora en adelante, empiecen a recibir sus clases en este lugar de manera digna.<\/p>\n\n\n\n<p><strong>Acueductos optimizados y alcantarillas<\/strong><\/p>\n\n\n\n<p>Durante el recorrido, el mandatario tambi\u00e9n hizo entrega de cuatro acueductos optimizados en las veredas San Antonio de Anaconia, El Colegio y Piedra Marcada y de nueve alcantarillas: en la vereda Roblal 2, Santa Librada 2, El Cedral 2, El Colegio 2 y San Jos\u00e9 1.<\/p>\n\n\n\n<p>\u201cRealizamos la inspecci\u00f3n y la entrega de cuatro obras muy importantes, la optimizaci\u00f3n de acueductos rurales, estas obras representaron una inversi\u00f3n cercana a los 500 millones de pesos y ya hoy las tenemos funcionales, acueductos que tienen tratamiento de agua potable, algo muy importante para la comunidad. Se mejora much\u00edsimo la calidad de vida de los habitantes y eso es lo que buscamos\u201d, enfatiz\u00f3 Fernando Rodr\u00edguez Pardo, secretario de Desarrollo Agropecuario.<\/p>\n\n\n\n<figure class=\"wp-block-gallery has-nested-images columns-default is-cropped wp-block-gallery-2 is-layout-flex wp-block-gallery-is-layout-flex\">\n<figure class=\"wp-block-image size-large\"><img decoding=\"async\" data-id=\"49121\" src=\"https:\/\/luchonoticias.com\/wp-content\/uploads\/2023\/03\/WhatsApp-Image-2023-03-26-at-9.48.47-AM-1-1024x682.jpeg\" alt=\"\" class=\"wp-image-49121\"\/><\/figure>\n\n\n\n<figure class=\"wp-block-image size-large\"><img decoding=\"async\" data-id=\"49119\" src=\"https:\/\/luchonoticias.com\/wp-content\/uploads\/2023\/03\/WhatsApp-Image-2023-03-26-at-9.48.45-AM-1024x682.jpeg\" alt=\"\" class=\"wp-image-49119\"\/><\/figure>\n\n\n\n<figure class=\"wp-block-image size-large\"><img decoding=\"async\" data-id=\"49120\" src=\"https:\/\/luchonoticias.com\/wp-content\/uploads\/2023\/03\/WhatsApp-Image-2023-03-26-at-9.48.44-AM-1024x682.jpeg\" alt=\"\" class=\"wp-image-49120\"\/><\/figure>\n<\/figure>\n\n\n\n<p><strong>Placa huella<\/strong><\/p>\n\n\n\n<p>Posteriormente, visit\u00f3 los 4.560 metros lineales de placa huella en las veredas Roblal, Santa Librada, San Jos\u00e9 y Palacio, donde la comunidad agradeci\u00f3 por la gesti\u00f3n realizada para el mejoramiento de sus v\u00edas terciarias, la cual tuvo una inversi\u00f3n de $5.275.000.000.<\/p>\n\n\n\n<p><strong>Mejoramientos de Vivienda<\/strong><\/p>\n\n\n\n<p>Continuando con su caravana, el Alcalde de Neiva conoci\u00f3 algunos de los 48 mejoramientos de vivienda que se realizaron en el corregimiento de Vegalarga, donde la gente muy contenta lo recibi\u00f3 con diferentes atenciones, expres\u00e1ndole todo su agradecimiento por las inversiones hechas en su corregimiento.<\/p>\n\n\n\n<p>\u201cEstamos haciendo un recorrido por la zona oriente del corregimiento de Vegalarga, haciendo entrega de 48 mejoramientos de vivienda que fueron estructurados y desarrollados en diferentes veredas del corregimiento, casi 600 millones de pesos fueron los recursos en su totalidad para este proyecto\u201d, dijo Esperanza Monta\u00f1o Cort\u00e9s, secretaria de Vivienda.<\/p>\n\n\n\n<figure class=\"wp-block-gallery has-nested-images columns-default is-cropped wp-block-gallery-3 is-layout-flex wp-block-gallery-is-layout-flex\">\n<figure class=\"wp-block-image size-large\"><img decoding=\"async\" data-id=\"49123\" src=\"https:\/\/luchonoticias.com\/wp-content\/uploads\/2023\/03\/WhatsApp-Image-2023-03-26-at-9.48.47-AM-1024x682.jpeg\" alt=\"\" class=\"wp-image-49123\"\/><\/figure>\n\n\n\n<figure class=\"wp-block-image size-large\"><img decoding=\"async\" data-id=\"49124\" src=\"https:\/\/luchonoticias.com\/wp-content\/uploads\/2023\/03\/WhatsApp-Image-2023-03-26-at-9.48.41-AM-1-1024x682.jpeg\" alt=\"\" class=\"wp-image-49124\"\/><\/figure>\n\n\n\n<figure class=\"wp-block-image size-large\"><img decoding=\"async\" data-id=\"49122\" src=\"https:\/\/luchonoticias.com\/wp-content\/uploads\/2023\/03\/WhatsApp-Image-2023-03-26-at-9.48.41-AM-1024x682.jpeg\" alt=\"\" class=\"wp-image-49122\"\/><\/figure>\n<\/figure>\n\n\n\n<p>Finalmente, las inversiones corresponden a recursos propios, convenios y cofinanciaciones, pero gracias a los recursos del cr\u00e9dito de los $60 mil millones se lograron ejecutar las obras necesarias para el desarrollo del sector rural de Neiva.<\/p>\n\n\n\n<p>\u201cNo solamente hemos entregado la optimizaci\u00f3n de una PTAP que durante seis a\u00f1os dur\u00f3 ah\u00ed parada y no fue puesta en marcha y hoy ya estamos terminando esta importante obra, es una obra de los 11 acueductos veredales que logramos establecer y construir.<\/p>\n\n\n\n<p>Tambi\u00e9n hemos entregado 4.2 kil\u00f3metros de placa huella, alcantarillas, la Instituci\u00f3n Educativa de San Jos\u00e9, una obra de gran importancia, pero tambi\u00e9n hemos hecho obras de arte a trav\u00e9s de unidades productivas, seguimos trabajando, generando dignificaci\u00f3n al ser humano, eso es lo que hay que entregar, obras que se han hecho con el cr\u00e9dito de los 60 mil\u201d, concluy\u00f3 Mu\u00f1oz Calder\u00f3n.<\/p>\n","protected":false},"excerpt":{"rendered":"<p>El alcalde de Neiva, Gorky Mu\u00f1oz Calder\u00f3n y su equipo de gobierno visitaron el corregimiento de Vegalarga y m\u00e1s de 10 veredas donde entregaron obras y proyectos con el prop\u00f3sito de mejorar la calidad de vida de los m\u00e1s de 3.700 habitantes de este sector. El mandatario de los neivanos siempre ha tenido presente la [&hellip;]<\/p>\n","protected":false},"author":2,"featured_media":0,"comment_status":"open","ping_status":"open","sticky":false,"template":"","format":"standard","meta":{"footnotes":""},"categories":[36,31],"tags":[],"class_list":["post-49114","post","type-post","status-publish","format-standard","hentry","category-destacado","category-local"],"yoast_head":"<!-- This site is optimized with the Yoast SEO plugin v26.6 - https:\/\/yoast.com\/wordpress\/plugins\/seo\/ -->\n<title>Alcalde Gorky Mu\u00f1oz entreg\u00f3 obras en el corregimiento de Vegalarga -<\/title>\n<meta name=\"robots\" content=\"index, follow, max-snippet:-1, max-image-preview:large, max-video-preview:-1\" \/>\n<link rel=\"canonical\" href=\"https:\/\/luchonoticias.com\/editor\/alcalde-gorky-munoz-entrego-obras-en-el-corregimiento-de-vegalarga\/\" \/>\n<meta property=\"og:locale\" content=\"es_ES\" \/>\n<meta property=\"og:type\" content=\"article\" \/>\n<meta property=\"og:title\" content=\"Alcalde Gorky Mu\u00f1oz entreg\u00f3 obras en el corregimiento de Vegalarga -\" \/>\n<meta property=\"og:url\" content=\"https:\/\/luchonoticias.com\/editor\/alcalde-gorky-munoz-entrego-obras-en-el-corregimiento-de-vegalarga\/\" \/>\n<meta property=\"article:publisher\" content=\"https:\/\/www.facebook.com\/luchonoticiasneiva\" \/>\n<meta property=\"article:published_time\" content=\"2023-03-26T15:55:44+00:00\" \/>\n<meta property=\"article:modified_time\" content=\"2023-03-26T15:55:45+00:00\" \/>\n<meta property=\"og:image\" content=\"https:\/\/luchonoticias.com\/wp-content\/uploads\/2023\/03\/WhatsApp-Image-2023-03-26-at-9.48.45-AM-1-1024x682.jpeg\" \/>\n<meta name=\"author\" content=\"Editor General\" \/>\n<meta name=\"twitter:card\" content=\"summary_large_image\" \/>\n<meta name=\"twitter:label1\" content=\"Escrito por\" \/>\n\t<meta name=\"twitter:data1\" content=\"Editor General\" \/>\n\t<meta name=\"twitter:label2\" content=\"Tiempo de lectura\" \/>\n\t<meta name=\"twitter:data2\" content=\"3 minutos\" \/>\n<script type=\"application\/ld+json\" class=\"yoast-schema-graph\">{\"@context\":\"https:\/\/schema.org\",\"@graph\":[{\"@type\":\"Article\",\"@id\":\"https:\/\/luchonoticias.com\/editor\/alcalde-gorky-munoz-entrego-obras-en-el-corregimiento-de-vegalarga\/#article\",\"isPartOf\":{\"@id\":\"https:\/\/luchonoticias.com\/editor\/alcalde-gorky-munoz-entrego-obras-en-el-corregimiento-de-vegalarga\/\"},\"author\":{\"name\":\"Editor General\",\"@id\":\"https:\/\/luchonoticias.com\/editor\/#\/schema\/person\/29217990ddf6f14e35912b2866d591fb\"},\"headline\":\"Alcalde Gorky Mu\u00f1oz entreg\u00f3 obras en el corregimiento de Vegalarga\",\"datePublished\":\"2023-03-26T15:55:44+00:00\",\"dateModified\":\"2023-03-26T15:55:45+00:00\",\"mainEntityOfPage\":{\"@id\":\"https:\/\/luchonoticias.com\/editor\/alcalde-gorky-munoz-entrego-obras-en-el-corregimiento-de-vegalarga\/\"},\"wordCount\":634,\"commentCount\":0,\"publisher\":{\"@id\":\"https:\/\/luchonoticias.com\/editor\/#\/schema\/person\/7a7fd911f58561fd056dbac7b55af9cd\"},\"image\":{\"@id\":\"https:\/\/luchonoticias.com\/editor\/alcalde-gorky-munoz-entrego-obras-en-el-corregimiento-de-vegalarga\/#primaryimage\"},\"thumbnailUrl\":\"https:\/\/luchonoticias.com\/wp-content\/uploads\/2023\/03\/WhatsApp-Image-2023-03-26-at-9.48.45-AM-1-1024x682.jpeg\",\"articleSection\":[\"Destacado\",\"Local\"],\"inLanguage\":\"es\",\"potentialAction\":[{\"@type\":\"CommentAction\",\"name\":\"Comment\",\"target\":[\"https:\/\/luchonoticias.com\/editor\/alcalde-gorky-munoz-entrego-obras-en-el-corregimiento-de-vegalarga\/#respond\"]}]},{\"@type\":\"WebPage\",\"@id\":\"https:\/\/luchonoticias.com\/editor\/alcalde-gorky-munoz-entrego-obras-en-el-corregimiento-de-vegalarga\/\",\"url\":\"https:\/\/luchonoticias.com\/editor\/alcalde-gorky-munoz-entrego-obras-en-el-corregimiento-de-vegalarga\/\",\"name\":\"Alcalde Gorky Mu\u00f1oz entreg\u00f3 obras en el corregimiento de Vegalarga -\",\"isPartOf\":{\"@id\":\"https:\/\/luchonoticias.com\/editor\/#website\"},\"primaryImageOfPage\":{\"@id\":\"https:\/\/luchonoticias.com\/editor\/alcalde-gorky-munoz-entrego-obras-en-el-corregimiento-de-vegalarga\/#primaryimage\"},\"image\":{\"@id\":\"https:\/\/luchonoticias.com\/editor\/alcalde-gorky-munoz-entrego-obras-en-el-corregimiento-de-vegalarga\/#primaryimage\"},\"thumbnailUrl\":\"https:\/\/luchonoticias.com\/wp-content\/uploads\/2023\/03\/WhatsApp-Image-2023-03-26-at-9.48.45-AM-1-1024x682.jpeg\",\"datePublished\":\"2023-03-26T15:55:44+00:00\",\"dateModified\":\"2023-03-26T15:55:45+00:00\",\"breadcrumb\":{\"@id\":\"https:\/\/luchonoticias.com\/editor\/alcalde-gorky-munoz-entrego-obras-en-el-corregimiento-de-vegalarga\/#breadcrumb\"},\"inLanguage\":\"es\",\"potentialAction\":[{\"@type\":\"ReadAction\",\"target\":[\"https:\/\/luchonoticias.com\/editor\/alcalde-gorky-munoz-entrego-obras-en-el-corregimiento-de-vegalarga\/\"]}]},{\"@type\":\"ImageObject\",\"inLanguage\":\"es\",\"@id\":\"https:\/\/luchonoticias.com\/editor\/alcalde-gorky-munoz-entrego-obras-en-el-corregimiento-de-vegalarga\/#primaryimage\",\"url\":\"https:\/\/luchonoticias.com\/wp-content\/uploads\/2023\/03\/WhatsApp-Image-2023-03-26-at-9.48.45-AM-1-1024x682.jpeg\",\"contentUrl\":\"https:\/\/luchonoticias.com\/wp-content\/uploads\/2023\/03\/WhatsApp-Image-2023-03-26-at-9.48.45-AM-1-1024x682.jpeg\"},{\"@type\":\"BreadcrumbList\",\"@id\":\"https:\/\/luchonoticias.com\/editor\/alcalde-gorky-munoz-entrego-obras-en-el-corregimiento-de-vegalarga\/#breadcrumb\",\"itemListElement\":[{\"@type\":\"ListItem\",\"position\":1,\"name\":\"Portada\",\"item\":\"https:\/\/luchonoticias.com\/editor\/\"},{\"@type\":\"ListItem\",\"position\":2,\"name\":\"Alcalde Gorky Mu\u00f1oz entreg\u00f3 obras en el corregimiento de Vegalarga\"}]},{\"@type\":\"WebSite\",\"@id\":\"https:\/\/luchonoticias.com\/editor\/#website\",\"url\":\"https:\/\/luchonoticias.com\/editor\/\",\"name\":\"\",\"description\":\"\",\"publisher\":{\"@id\":\"https:\/\/luchonoticias.com\/editor\/#\/schema\/person\/7a7fd911f58561fd056dbac7b55af9cd\"},\"potentialAction\":[{\"@type\":\"SearchAction\",\"target\":{\"@type\":\"EntryPoint\",\"urlTemplate\":\"https:\/\/luchonoticias.com\/editor\/?s={search_term_string}\"},\"query-input\":{\"@type\":\"PropertyValueSpecification\",\"valueRequired\":true,\"valueName\":\"search_term_string\"}}],\"inLanguage\":\"es\"},{\"@type\":[\"Person\",\"Organization\"],\"@id\":\"https:\/\/luchonoticias.com\/editor\/#\/schema\/person\/7a7fd911f58561fd056dbac7b55af9cd\",\"name\":\"admin\",\"image\":{\"@type\":\"ImageObject\",\"inLanguage\":\"es\",\"@id\":\"https:\/\/luchonoticias.com\/editor\/#\/schema\/person\/image\/\",\"url\":\"https:\/\/luchonoticias.com\/editor\/wp-content\/uploads\/2024\/02\/cropped-cropped-logolu.webp\",\"contentUrl\":\"https:\/\/luchonoticias.com\/editor\/wp-content\/uploads\/2024\/02\/cropped-cropped-logolu.webp\",\"width\":382,\"height\":170,\"caption\":\"admin\"},\"logo\":{\"@id\":\"https:\/\/luchonoticias.com\/editor\/#\/schema\/person\/image\/\"},\"sameAs\":[\"https:\/\/www.facebook.com\/luchonoticiasneiva\"]},{\"@type\":\"Person\",\"@id\":\"https:\/\/luchonoticias.com\/editor\/#\/schema\/person\/29217990ddf6f14e35912b2866d591fb\",\"name\":\"Editor General\",\"image\":{\"@type\":\"ImageObject\",\"inLanguage\":\"es\",\"@id\":\"https:\/\/luchonoticias.com\/editor\/#\/schema\/person\/image\/\",\"url\":\"https:\/\/luchonoticias.com\/editor\/wp-content\/uploads\/2024\/02\/cropped-cropped-logolu-150x150.webp\",\"contentUrl\":\"https:\/\/luchonoticias.com\/editor\/wp-content\/uploads\/2024\/02\/cropped-cropped-logolu-150x150.webp\",\"caption\":\"Editor General\"},\"sameAs\":[\"https:\/\/luchonoticias.com\/\"],\"url\":\"https:\/\/luchonoticias.com\/editor\/author\/editor-general\/\"}]}<\/script>\n<!-- \/ Yoast SEO plugin. -->","yoast_head_json":{"title":"Alcalde Gorky Mu\u00f1oz entreg\u00f3 obras en el corregimiento de Vegalarga -","robots":{"index":"index","follow":"follow","max-snippet":"max-snippet:-1","max-image-preview":"max-image-preview:large","max-video-preview":"max-video-preview:-1"},"canonical":"https:\/\/luchonoticias.com\/editor\/alcalde-gorky-munoz-entrego-obras-en-el-corregimiento-de-vegalarga\/","og_locale":"es_ES","og_type":"article","og_title":"Alcalde Gorky Mu\u00f1oz entreg\u00f3 obras en el corregimiento de Vegalarga -","og_url":"https:\/\/luchonoticias.com\/editor\/alcalde-gorky-munoz-entrego-obras-en-el-corregimiento-de-vegalarga\/","article_publisher":"https:\/\/www.facebook.com\/luchonoticiasneiva","article_published_time":"2023-03-26T15:55:44+00:00","article_modified_time":"2023-03-26T15:55:45+00:00","og_image":[{"url":"https:\/\/luchonoticias.com\/wp-content\/uploads\/2023\/03\/WhatsApp-Image-2023-03-26-at-9.48.45-AM-1-1024x682.jpeg","type":"","width":"","height":""}],"author":"Editor General","twitter_card":"summary_large_image","twitter_misc":{"Escrito por":"Editor General","Tiempo de lectura":"3 minutos"},"schema":{"@context":"https:\/\/schema.org","@graph":[{"@type":"Article","@id":"https:\/\/luchonoticias.com\/editor\/alcalde-gorky-munoz-entrego-obras-en-el-corregimiento-de-vegalarga\/#article","isPartOf":{"@id":"https:\/\/luchonoticias.com\/editor\/alcalde-gorky-munoz-entrego-obras-en-el-corregimiento-de-vegalarga\/"},"author":{"name":"Editor General","@id":"https:\/\/luchonoticias.com\/editor\/#\/schema\/person\/29217990ddf6f14e35912b2866d591fb"},"headline":"Alcalde Gorky Mu\u00f1oz entreg\u00f3 obras en el corregimiento de Vegalarga","datePublished":"2023-03-26T15:55:44+00:00","dateModified":"2023-03-26T15:55:45+00:00","mainEntityOfPage":{"@id":"https:\/\/luchonoticias.com\/editor\/alcalde-gorky-munoz-entrego-obras-en-el-corregimiento-de-vegalarga\/"},"wordCount":634,"commentCount":0,"publisher":{"@id":"https:\/\/luchonoticias.com\/editor\/#\/schema\/person\/7a7fd911f58561fd056dbac7b55af9cd"},"image":{"@id":"https:\/\/luchonoticias.com\/editor\/alcalde-gorky-munoz-entrego-obras-en-el-corregimiento-de-vegalarga\/#primaryimage"},"thumbnailUrl":"https:\/\/luchonoticias.com\/wp-content\/uploads\/2023\/03\/WhatsApp-Image-2023-03-26-at-9.48.45-AM-1-1024x682.jpeg","articleSection":["Destacado","Local"],"inLanguage":"es","potentialAction":[{"@type":"CommentAction","name":"Comment","target":["https:\/\/luchonoticias.com\/editor\/alcalde-gorky-munoz-entrego-obras-en-el-corregimiento-de-vegalarga\/#respond"]}]},{"@type":"WebPage","@id":"https:\/\/luchonoticias.com\/editor\/alcalde-gorky-munoz-entrego-obras-en-el-corregimiento-de-vegalarga\/","url":"https:\/\/luchonoticias.com\/editor\/alcalde-gorky-munoz-entrego-obras-en-el-corregimiento-de-vegalarga\/","name":"Alcalde Gorky Mu\u00f1oz entreg\u00f3 obras en el corregimiento de Vegalarga -","isPartOf":{"@id":"https:\/\/luchonoticias.com\/editor\/#website"},"primaryImageOfPage":{"@id":"https:\/\/luchonoticias.com\/editor\/alcalde-gorky-munoz-entrego-obras-en-el-corregimiento-de-vegalarga\/#primaryimage"},"image":{"@id":"https:\/\/luchonoticias.com\/editor\/alcalde-gorky-munoz-entrego-obras-en-el-corregimiento-de-vegalarga\/#primaryimage"},"thumbnailUrl":"https:\/\/luchonoticias.com\/wp-content\/uploads\/2023\/03\/WhatsApp-Image-2023-03-26-at-9.48.45-AM-1-1024x682.jpeg","datePublished":"2023-03-26T15:55:44+00:00","dateModified":"2023-03-26T15:55:45+00:00","breadcrumb":{"@id":"https:\/\/luchonoticias.com\/editor\/alcalde-gorky-munoz-entrego-obras-en-el-corregimiento-de-vegalarga\/#breadcrumb"},"inLanguage":"es","potentialAction":[{"@type":"ReadAction","target":["https:\/\/luchonoticias.com\/editor\/alcalde-gorky-munoz-entrego-obras-en-el-corregimiento-de-vegalarga\/"]}]},{"@type":"ImageObject","inLanguage":"es","@id":"https:\/\/luchonoticias.com\/editor\/alcalde-gorky-munoz-entrego-obras-en-el-corregimiento-de-vegalarga\/#primaryimage","url":"https:\/\/luchonoticias.com\/wp-content\/uploads\/2023\/03\/WhatsApp-Image-2023-03-26-at-9.48.45-AM-1-1024x682.jpeg","contentUrl":"https:\/\/luchonoticias.com\/wp-content\/uploads\/2023\/03\/WhatsApp-Image-2023-03-26-at-9.48.45-AM-1-1024x682.jpeg"},{"@type":"BreadcrumbList","@id":"https:\/\/luchonoticias.com\/editor\/alcalde-gorky-munoz-entrego-obras-en-el-corregimiento-de-vegalarga\/#breadcrumb","itemListElement":[{"@type":"ListItem","position":1,"name":"Portada","item":"https:\/\/luchonoticias.com\/editor\/"},{"@type":"ListItem","position":2,"name":"Alcalde Gorky Mu\u00f1oz entreg\u00f3 obras en el corregimiento de Vegalarga"}]},{"@type":"WebSite","@id":"https:\/\/luchonoticias.com\/editor\/#website","url":"https:\/\/luchonoticias.com\/editor\/","name":"","description":"","publisher":{"@id":"https:\/\/luchonoticias.com\/editor\/#\/schema\/person\/7a7fd911f58561fd056dbac7b55af9cd"},"potentialAction":[{"@type":"SearchAction","target":{"@type":"EntryPoint","urlTemplate":"https:\/\/luchonoticias.com\/editor\/?s={search_term_string}"},"query-input":{"@type":"PropertyValueSpecification","valueRequired":true,"valueName":"search_term_string"}}],"inLanguage":"es"},{"@type":["Person","Organization"],"@id":"https:\/\/luchonoticias.com\/editor\/#\/schema\/person\/7a7fd911f58561fd056dbac7b55af9cd","name":"admin","image":{"@type":"ImageObject","inLanguage":"es","@id":"https:\/\/luchonoticias.com\/editor\/#\/schema\/person\/image\/","url":"https:\/\/luchonoticias.com\/editor\/wp-content\/uploads\/2024\/02\/cropped-cropped-logolu.webp","contentUrl":"https:\/\/luchonoticias.com\/editor\/wp-content\/uploads\/2024\/02\/cropped-cropped-logolu.webp","width":382,"height":170,"caption":"admin"},"logo":{"@id":"https:\/\/luchonoticias.com\/editor\/#\/schema\/person\/image\/"},"sameAs":["https:\/\/www.facebook.com\/luchonoticiasneiva"]},{"@type":"Person","@id":"https:\/\/luchonoticias.com\/editor\/#\/schema\/person\/29217990ddf6f14e35912b2866d591fb","name":"Editor General","image":{"@type":"ImageObject","inLanguage":"es","@id":"https:\/\/luchonoticias.com\/editor\/#\/schema\/person\/image\/","url":"https:\/\/luchonoticias.com\/editor\/wp-content\/uploads\/2024\/02\/cropped-cropped-logolu-150x150.webp","contentUrl":"https:\/\/luchonoticias.com\/editor\/wp-content\/uploads\/2024\/02\/cropped-cropped-logolu-150x150.webp","caption":"Editor General"},"sameAs":["https:\/\/luchonoticias.com\/"],"url":"https:\/\/luchonoticias.com\/editor\/author\/editor-general\/"}]}},"_links":{"self":[{"href":"https:\/\/luchonoticias.com\/editor\/wp-json\/wp\/v2\/posts\/49114","targetHints":{"allow":["GET"]}}],"collection":[{"href":"https:\/\/luchonoticias.com\/editor\/wp-json\/wp\/v2\/posts"}],"about":[{"href":"https:\/\/luchonoticias.com\/editor\/wp-json\/wp\/v2\/types\/post"}],"author":[{"embeddable":true,"href":"https:\/\/luchonoticias.com\/editor\/wp-json\/wp\/v2\/users\/2"}],"replies":[{"embeddable":true,"href":"https:\/\/luchonoticias.com\/editor\/wp-json\/wp\/v2\/comments?post=49114"}],"version-history":[{"count":0,"href":"https:\/\/luchonoticias.com\/editor\/wp-json\/wp\/v2\/posts\/49114\/revisions"}],"wp:attachment":[{"href":"https:\/\/luchonoticias.com\/editor\/wp-json\/wp\/v2\/media?parent=49114"}],"wp:term":[{"taxonomy":"category","embeddable":true,"href":"https:\/\/luchonoticias.com\/editor\/wp-json\/wp\/v2\/categories?post=49114"},{"taxonomy":"post_tag","embeddable":true,"href":"https:\/\/luchonoticias.com\/editor\/wp-json\/wp\/v2\/tags?post=49114"}],"curies":[{"name":"wp","href":"https:\/\/api.w.org\/{rel}","templated":true}]}}