{"id":49132,"date":"2023-03-27T04:41:31","date_gmt":"2023-03-27T09:41:31","guid":{"rendered":"https:\/\/luchonoticias.com\/?p=49132"},"modified":"2023-03-27T04:41:32","modified_gmt":"2023-03-27T09:41:32","slug":"esip-restablecio-servicio-de-energia-en-la-avenida-ines-garcia-duran","status":"publish","type":"post","link":"https:\/\/luchonoticias.com\/editor\/esip-restablecio-servicio-de-energia-en-la-avenida-ines-garcia-duran\/","title":{"rendered":"<strong>ESIP restableci\u00f3 servicio de energ\u00eda en la Avenida In\u00e9s Garc\u00eda Duran<\/strong>"},"content":{"rendered":"\n<p>El d\u00eda 25 de Marzo, se present\u00f3 un accidente vial por la Avenida In\u00e9s Garc\u00eda Duran en el sur de Neiva, uno de los carros involucrados en el accidente choca con un poste de alta tensi\u00f3n causando una falla generalizada de energ\u00eda, que a su vez deshabilita el servicio de Alumbrado P\u00fablico del sector.<\/p>\n\n\n\n<p>El accidente ocurri\u00f3 en la noche de este s\u00e1bado cuando un veh\u00edculo Chevrolet, choco aparatosamente contra un poste de energ\u00eda, dejando sin el servicio el\u00e9ctrico las viviendas, luminarias y conjuntos cerrados del sector.<\/p>\n\n\n\n<p>En un trabajo conjunto con Electrohuila las cuadrillas acuden al lugar de los hechos a las 9:00 pm y de manera oportuna se logra restablecer el servicio de energ\u00eda, maniobra que duro aproximadamente una hora y media. De esta manera la Empresa de Servicios de Iluminaci\u00f3n Publica ESIP, continua garantizando un servicio integral de alumbrado publico de forma eficiente, implementando los avances tecnol\u00f3gicos e innovando para lograr una ciudad inteligente, que genere desarrollo en el sector Urbano y Rural del Municipio de Neiva.<\/p>\n","protected":false},"excerpt":{"rendered":"<p>El d\u00eda 25 de Marzo, se present\u00f3 un accidente vial por la Avenida In\u00e9s Garc\u00eda Duran en el sur de Neiva, uno de los carros involucrados en el accidente choca con un poste de alta tensi\u00f3n causando una falla generalizada de energ\u00eda, que a su vez deshabilita el servicio de Alumbrado P\u00fablico del sector. El [&hellip;]<\/p>\n","protected":false},"author":2,"featured_media":0,"comment_status":"open","ping_status":"open","sticky":false,"template":"","format":"standard","meta":{"footnotes":""},"categories":[36,31],"tags":[],"class_list":["post-49132","post","type-post","status-publish","format-standard","hentry","category-destacado","category-local"],"yoast_head":"<!-- This site is optimized with the Yoast SEO plugin v26.6 - https:\/\/yoast.com\/wordpress\/plugins\/seo\/ -->\n<title>ESIP restableci\u00f3 servicio de energ\u00eda en la Avenida In\u00e9s Garc\u00eda Duran -<\/title>\n<meta name=\"robots\" content=\"index, follow, max-snippet:-1, max-image-preview:large, max-video-preview:-1\" \/>\n<link rel=\"canonical\" href=\"https:\/\/luchonoticias.com\/editor\/esip-restablecio-servicio-de-energia-en-la-avenida-ines-garcia-duran\/\" \/>\n<meta property=\"og:locale\" content=\"es_ES\" \/>\n<meta property=\"og:type\" content=\"article\" \/>\n<meta property=\"og:title\" content=\"ESIP restableci\u00f3 servicio de energ\u00eda en la Avenida In\u00e9s Garc\u00eda Duran -\" \/>\n<meta property=\"og:url\" content=\"https:\/\/luchonoticias.com\/editor\/esip-restablecio-servicio-de-energia-en-la-avenida-ines-garcia-duran\/\" \/>\n<meta property=\"article:publisher\" content=\"https:\/\/www.facebook.com\/luchonoticiasneiva\" \/>\n<meta property=\"article:published_time\" content=\"2023-03-27T09:41:31+00:00\" \/>\n<meta property=\"article:modified_time\" content=\"2023-03-27T09:41:32+00:00\" \/>\n<meta name=\"author\" content=\"Editor General\" \/>\n<meta name=\"twitter:card\" content=\"summary_large_image\" \/>\n<meta name=\"twitter:label1\" content=\"Escrito por\" \/>\n\t<meta name=\"twitter:data1\" content=\"Editor General\" \/>\n\t<meta name=\"twitter:label2\" content=\"Tiempo de lectura\" \/>\n\t<meta name=\"twitter:data2\" content=\"1 minuto\" \/>\n<script type=\"application\/ld+json\" class=\"yoast-schema-graph\">{\"@context\":\"https:\/\/schema.org\",\"@graph\":[{\"@type\":\"Article\",\"@id\":\"https:\/\/luchonoticias.com\/editor\/esip-restablecio-servicio-de-energia-en-la-avenida-ines-garcia-duran\/#article\",\"isPartOf\":{\"@id\":\"https:\/\/luchonoticias.com\/editor\/esip-restablecio-servicio-de-energia-en-la-avenida-ines-garcia-duran\/\"},\"author\":{\"name\":\"Editor General\",\"@id\":\"https:\/\/luchonoticias.com\/editor\/#\/schema\/person\/29217990ddf6f14e35912b2866d591fb\"},\"headline\":\"ESIP restableci\u00f3 servicio de energ\u00eda en la Avenida In\u00e9s Garc\u00eda Duran\",\"datePublished\":\"2023-03-27T09:41:31+00:00\",\"dateModified\":\"2023-03-27T09:41:32+00:00\",\"mainEntityOfPage\":{\"@id\":\"https:\/\/luchonoticias.com\/editor\/esip-restablecio-servicio-de-energia-en-la-avenida-ines-garcia-duran\/\"},\"wordCount\":195,\"commentCount\":0,\"publisher\":{\"@id\":\"https:\/\/luchonoticias.com\/editor\/#\/schema\/person\/7a7fd911f58561fd056dbac7b55af9cd\"},\"articleSection\":[\"Destacado\",\"Local\"],\"inLanguage\":\"es\",\"potentialAction\":[{\"@type\":\"CommentAction\",\"name\":\"Comment\",\"target\":[\"https:\/\/luchonoticias.com\/editor\/esip-restablecio-servicio-de-energia-en-la-avenida-ines-garcia-duran\/#respond\"]}]},{\"@type\":\"WebPage\",\"@id\":\"https:\/\/luchonoticias.com\/editor\/esip-restablecio-servicio-de-energia-en-la-avenida-ines-garcia-duran\/\",\"url\":\"https:\/\/luchonoticias.com\/editor\/esip-restablecio-servicio-de-energia-en-la-avenida-ines-garcia-duran\/\",\"name\":\"ESIP restableci\u00f3 servicio de energ\u00eda en la Avenida In\u00e9s Garc\u00eda Duran -\",\"isPartOf\":{\"@id\":\"https:\/\/luchonoticias.com\/editor\/#website\"},\"datePublished\":\"2023-03-27T09:41:31+00:00\",\"dateModified\":\"2023-03-27T09:41:32+00:00\",\"breadcrumb\":{\"@id\":\"https:\/\/luchonoticias.com\/editor\/esip-restablecio-servicio-de-energia-en-la-avenida-ines-garcia-duran\/#breadcrumb\"},\"inLanguage\":\"es\",\"potentialAction\":[{\"@type\":\"ReadAction\",\"target\":[\"https:\/\/luchonoticias.com\/editor\/esip-restablecio-servicio-de-energia-en-la-avenida-ines-garcia-duran\/\"]}]},{\"@type\":\"BreadcrumbList\",\"@id\":\"https:\/\/luchonoticias.com\/editor\/esip-restablecio-servicio-de-energia-en-la-avenida-ines-garcia-duran\/#breadcrumb\",\"itemListElement\":[{\"@type\":\"ListItem\",\"position\":1,\"name\":\"Portada\",\"item\":\"https:\/\/luchonoticias.com\/editor\/\"},{\"@type\":\"ListItem\",\"position\":2,\"name\":\"ESIP restableci\u00f3 servicio de energ\u00eda en la Avenida In\u00e9s Garc\u00eda Duran\"}]},{\"@type\":\"WebSite\",\"@id\":\"https:\/\/luchonoticias.com\/editor\/#website\",\"url\":\"https:\/\/luchonoticias.com\/editor\/\",\"name\":\"\",\"description\":\"\",\"publisher\":{\"@id\":\"https:\/\/luchonoticias.com\/editor\/#\/schema\/person\/7a7fd911f58561fd056dbac7b55af9cd\"},\"potentialAction\":[{\"@type\":\"SearchAction\",\"target\":{\"@type\":\"EntryPoint\",\"urlTemplate\":\"https:\/\/luchonoticias.com\/editor\/?s={search_term_string}\"},\"query-input\":{\"@type\":\"PropertyValueSpecification\",\"valueRequired\":true,\"valueName\":\"search_term_string\"}}],\"inLanguage\":\"es\"},{\"@type\":[\"Person\",\"Organization\"],\"@id\":\"https:\/\/luchonoticias.com\/editor\/#\/schema\/person\/7a7fd911f58561fd056dbac7b55af9cd\",\"name\":\"admin\",\"image\":{\"@type\":\"ImageObject\",\"inLanguage\":\"es\",\"@id\":\"https:\/\/luchonoticias.com\/editor\/#\/schema\/person\/image\/\",\"url\":\"https:\/\/luchonoticias.com\/editor\/wp-content\/uploads\/2024\/02\/cropped-cropped-logolu.webp\",\"contentUrl\":\"https:\/\/luchonoticias.com\/editor\/wp-content\/uploads\/2024\/02\/cropped-cropped-logolu.webp\",\"width\":382,\"height\":170,\"caption\":\"admin\"},\"logo\":{\"@id\":\"https:\/\/luchonoticias.com\/editor\/#\/schema\/person\/image\/\"},\"sameAs\":[\"https:\/\/www.facebook.com\/luchonoticiasneiva\"]},{\"@type\":\"Person\",\"@id\":\"https:\/\/luchonoticias.com\/editor\/#\/schema\/person\/29217990ddf6f14e35912b2866d591fb\",\"name\":\"Editor General\",\"image\":{\"@type\":\"ImageObject\",\"inLanguage\":\"es\",\"@id\":\"https:\/\/luchonoticias.com\/editor\/#\/schema\/person\/image\/\",\"url\":\"https:\/\/luchonoticias.com\/editor\/wp-content\/uploads\/2024\/02\/cropped-cropped-logolu-150x150.webp\",\"contentUrl\":\"https:\/\/luchonoticias.com\/editor\/wp-content\/uploads\/2024\/02\/cropped-cropped-logolu-150x150.webp\",\"caption\":\"Editor General\"},\"sameAs\":[\"https:\/\/luchonoticias.com\/\"],\"url\":\"https:\/\/luchonoticias.com\/editor\/author\/editor-general\/\"}]}<\/script>\n<!-- \/ Yoast SEO plugin. -->","yoast_head_json":{"title":"ESIP restableci\u00f3 servicio de energ\u00eda en la Avenida In\u00e9s Garc\u00eda Duran -","robots":{"index":"index","follow":"follow","max-snippet":"max-snippet:-1","max-image-preview":"max-image-preview:large","max-video-preview":"max-video-preview:-1"},"canonical":"https:\/\/luchonoticias.com\/editor\/esip-restablecio-servicio-de-energia-en-la-avenida-ines-garcia-duran\/","og_locale":"es_ES","og_type":"article","og_title":"ESIP restableci\u00f3 servicio de energ\u00eda en la Avenida In\u00e9s Garc\u00eda Duran -","og_url":"https:\/\/luchonoticias.com\/editor\/esip-restablecio-servicio-de-energia-en-la-avenida-ines-garcia-duran\/","article_publisher":"https:\/\/www.facebook.com\/luchonoticiasneiva","article_published_time":"2023-03-27T09:41:31+00:00","article_modified_time":"2023-03-27T09:41:32+00:00","author":"Editor General","twitter_card":"summary_large_image","twitter_misc":{"Escrito por":"Editor General","Tiempo de lectura":"1 minuto"},"schema":{"@context":"https:\/\/schema.org","@graph":[{"@type":"Article","@id":"https:\/\/luchonoticias.com\/editor\/esip-restablecio-servicio-de-energia-en-la-avenida-ines-garcia-duran\/#article","isPartOf":{"@id":"https:\/\/luchonoticias.com\/editor\/esip-restablecio-servicio-de-energia-en-la-avenida-ines-garcia-duran\/"},"author":{"name":"Editor General","@id":"https:\/\/luchonoticias.com\/editor\/#\/schema\/person\/29217990ddf6f14e35912b2866d591fb"},"headline":"ESIP restableci\u00f3 servicio de energ\u00eda en la Avenida In\u00e9s Garc\u00eda Duran","datePublished":"2023-03-27T09:41:31+00:00","dateModified":"2023-03-27T09:41:32+00:00","mainEntityOfPage":{"@id":"https:\/\/luchonoticias.com\/editor\/esip-restablecio-servicio-de-energia-en-la-avenida-ines-garcia-duran\/"},"wordCount":195,"commentCount":0,"publisher":{"@id":"https:\/\/luchonoticias.com\/editor\/#\/schema\/person\/7a7fd911f58561fd056dbac7b55af9cd"},"articleSection":["Destacado","Local"],"inLanguage":"es","potentialAction":[{"@type":"CommentAction","name":"Comment","target":["https:\/\/luchonoticias.com\/editor\/esip-restablecio-servicio-de-energia-en-la-avenida-ines-garcia-duran\/#respond"]}]},{"@type":"WebPage","@id":"https:\/\/luchonoticias.com\/editor\/esip-restablecio-servicio-de-energia-en-la-avenida-ines-garcia-duran\/","url":"https:\/\/luchonoticias.com\/editor\/esip-restablecio-servicio-de-energia-en-la-avenida-ines-garcia-duran\/","name":"ESIP restableci\u00f3 servicio de energ\u00eda en la Avenida In\u00e9s Garc\u00eda Duran -","isPartOf":{"@id":"https:\/\/luchonoticias.com\/editor\/#website"},"datePublished":"2023-03-27T09:41:31+00:00","dateModified":"2023-03-27T09:41:32+00:00","breadcrumb":{"@id":"https:\/\/luchonoticias.com\/editor\/esip-restablecio-servicio-de-energia-en-la-avenida-ines-garcia-duran\/#breadcrumb"},"inLanguage":"es","potentialAction":[{"@type":"ReadAction","target":["https:\/\/luchonoticias.com\/editor\/esip-restablecio-servicio-de-energia-en-la-avenida-ines-garcia-duran\/"]}]},{"@type":"BreadcrumbList","@id":"https:\/\/luchonoticias.com\/editor\/esip-restablecio-servicio-de-energia-en-la-avenida-ines-garcia-duran\/#breadcrumb","itemListElement":[{"@type":"ListItem","position":1,"name":"Portada","item":"https:\/\/luchonoticias.com\/editor\/"},{"@type":"ListItem","position":2,"name":"ESIP restableci\u00f3 servicio de energ\u00eda en la Avenida In\u00e9s Garc\u00eda Duran"}]},{"@type":"WebSite","@id":"https:\/\/luchonoticias.com\/editor\/#website","url":"https:\/\/luchonoticias.com\/editor\/","name":"","description":"","publisher":{"@id":"https:\/\/luchonoticias.com\/editor\/#\/schema\/person\/7a7fd911f58561fd056dbac7b55af9cd"},"potentialAction":[{"@type":"SearchAction","target":{"@type":"EntryPoint","urlTemplate":"https:\/\/luchonoticias.com\/editor\/?s={search_term_string}"},"query-input":{"@type":"PropertyValueSpecification","valueRequired":true,"valueName":"search_term_string"}}],"inLanguage":"es"},{"@type":["Person","Organization"],"@id":"https:\/\/luchonoticias.com\/editor\/#\/schema\/person\/7a7fd911f58561fd056dbac7b55af9cd","name":"admin","image":{"@type":"ImageObject","inLanguage":"es","@id":"https:\/\/luchonoticias.com\/editor\/#\/schema\/person\/image\/","url":"https:\/\/luchonoticias.com\/editor\/wp-content\/uploads\/2024\/02\/cropped-cropped-logolu.webp","contentUrl":"https:\/\/luchonoticias.com\/editor\/wp-content\/uploads\/2024\/02\/cropped-cropped-logolu.webp","width":382,"height":170,"caption":"admin"},"logo":{"@id":"https:\/\/luchonoticias.com\/editor\/#\/schema\/person\/image\/"},"sameAs":["https:\/\/www.facebook.com\/luchonoticiasneiva"]},{"@type":"Person","@id":"https:\/\/luchonoticias.com\/editor\/#\/schema\/person\/29217990ddf6f14e35912b2866d591fb","name":"Editor General","image":{"@type":"ImageObject","inLanguage":"es","@id":"https:\/\/luchonoticias.com\/editor\/#\/schema\/person\/image\/","url":"https:\/\/luchonoticias.com\/editor\/wp-content\/uploads\/2024\/02\/cropped-cropped-logolu-150x150.webp","contentUrl":"https:\/\/luchonoticias.com\/editor\/wp-content\/uploads\/2024\/02\/cropped-cropped-logolu-150x150.webp","caption":"Editor General"},"sameAs":["https:\/\/luchonoticias.com\/"],"url":"https:\/\/luchonoticias.com\/editor\/author\/editor-general\/"}]}},"_links":{"self":[{"href":"https:\/\/luchonoticias.com\/editor\/wp-json\/wp\/v2\/posts\/49132","targetHints":{"allow":["GET"]}}],"collection":[{"href":"https:\/\/luchonoticias.com\/editor\/wp-json\/wp\/v2\/posts"}],"about":[{"href":"https:\/\/luchonoticias.com\/editor\/wp-json\/wp\/v2\/types\/post"}],"author":[{"embeddable":true,"href":"https:\/\/luchonoticias.com\/editor\/wp-json\/wp\/v2\/users\/2"}],"replies":[{"embeddable":true,"href":"https:\/\/luchonoticias.com\/editor\/wp-json\/wp\/v2\/comments?post=49132"}],"version-history":[{"count":0,"href":"https:\/\/luchonoticias.com\/editor\/wp-json\/wp\/v2\/posts\/49132\/revisions"}],"wp:attachment":[{"href":"https:\/\/luchonoticias.com\/editor\/wp-json\/wp\/v2\/media?parent=49132"}],"wp:term":[{"taxonomy":"category","embeddable":true,"href":"https:\/\/luchonoticias.com\/editor\/wp-json\/wp\/v2\/categories?post=49132"},{"taxonomy":"post_tag","embeddable":true,"href":"https:\/\/luchonoticias.com\/editor\/wp-json\/wp\/v2\/tags?post=49132"}],"curies":[{"name":"wp","href":"https:\/\/api.w.org\/{rel}","templated":true}]}}