{"id":49141,"date":"2023-03-27T05:09:58","date_gmt":"2023-03-27T10:09:58","guid":{"rendered":"https:\/\/luchonoticias.com\/?p=49141"},"modified":"2023-03-27T05:09:59","modified_gmt":"2023-03-27T10:09:59","slug":"alcalde-de-neiva-entrego-expansion-de-luminarias-en-fortalecillas","status":"publish","type":"post","link":"https:\/\/luchonoticias.com\/editor\/alcalde-de-neiva-entrego-expansion-de-luminarias-en-fortalecillas\/","title":{"rendered":"Alcalde de Neiva entreg\u00f3 expansi\u00f3n de luminarias en Fortalecillas"},"content":{"rendered":"\n<p>Iluminada qued\u00f3 Fortalecillas con la instalaci\u00f3n de luminarias tipo led y reflectores, una inversi\u00f3n social del alcalde de Neiva, Gorky Mu\u00f1oz Calder\u00f3n, y la Empresa de Servicios de Iluminaci\u00f3n P\u00fablica y Desarrollos Tecnol\u00f3gicos, ESIP, que mejora la calidad de vida de los ciudadanos y contrarresta la inseguridad en zonas que antes eran oscuras.\u00a0\u00a0\u00a0\u00a0\u00a0<\/p>\n\n\n\n<figure class=\"wp-block-gallery has-nested-images columns-default is-cropped wp-block-gallery-1 is-layout-flex wp-block-gallery-is-layout-flex\">\n<figure class=\"wp-block-image size-large\"><img decoding=\"async\" data-id=\"49143\" src=\"https:\/\/luchonoticias.com\/wp-content\/uploads\/2023\/03\/WhatsApp-Image-2023-03-26-at-2.02.00-PM-1024x683.jpeg\" alt=\"\" class=\"wp-image-49143\"\/><\/figure>\n\n\n\n<figure class=\"wp-block-image size-large\"><img decoding=\"async\" data-id=\"49144\" src=\"https:\/\/luchonoticias.com\/wp-content\/uploads\/2023\/03\/WhatsApp-Image-2023-03-26-at-2.01.58-PM-1024x683.jpeg\" alt=\"\" class=\"wp-image-49144\"\/><\/figure>\n<\/figure>\n\n\n\n<p>La Jagua, El Venado, La Mojarra, La Mata-Venado y parte de la v\u00eda Neiva-Fortalecillas son las veredas que se han visto beneficiadas con esta importante intervenci\u00f3n, que ha mejorado significativamente la iluminaci\u00f3n de este corregimiento.<\/p>\n\n\n\n<p>Seg\u00fan el Alcalde de Neiva, el objetivo es llegar a tener todo el recorrido, desde la salida de \u2018Alberto Galindo\u2019 hasta Fortalecillas, totalmente iluminado.&nbsp;&nbsp;&nbsp;&nbsp;&nbsp;&nbsp;<\/p>\n\n\n\n<p>\u201cArrancamos en Fortalecillas con el cambio de las luminarias y ahora estamos tambi\u00e9n entregando expansiones en diferentes veredas\u201d, sostuvo Mu\u00f1oz Calder\u00f3n.<\/p>\n\n\n\n<p><strong>Mejorando la calidad de vida<\/strong><\/p>\n\n\n\n<p>Entre tanto, el gerente de la ESIP, Diego Alejandro P\u00e9rez, detall\u00f3 que antes los sectores intervenidos contaban con tecnolog\u00eda obsoleta y una deficiente iluminaci\u00f3n.&nbsp;&nbsp;&nbsp;&nbsp;&nbsp;&nbsp;&nbsp;<\/p>\n\n\n\n<p><strong>Comunidad agradecida<\/strong><\/p>\n\n\n\n<p>\u00a0La inversi\u00f3n social en Fortalecillas es un ejemplo de c\u00f3mo la Administraci\u00f3n Municipal \u2018Primero Neiva\u2019 y la ESIP est\u00e1n trabajando juntas para mejorar las condiciones de vida de la zona rural. La comunidad de Fortalecillas ha mostrado su agradecimiento por esta inversi\u00f3n, destacando su importancia en la reducci\u00f3n de la inseguridad que se ven\u00eda presentando en algunos sectores.\u00a0\u00a0\u00a0\u00a0\u00a0<\/p>\n\n\n\n<figure class=\"wp-block-gallery has-nested-images columns-default is-cropped wp-block-gallery-2 is-layout-flex wp-block-gallery-is-layout-flex\">\n<figure class=\"wp-block-image size-large\"><img decoding=\"async\" data-id=\"49145\" src=\"https:\/\/luchonoticias.com\/wp-content\/uploads\/2023\/03\/WhatsApp-Image-2023-03-26-at-2.02.03-PM-1024x683.jpeg\" alt=\"\" class=\"wp-image-49145\"\/><\/figure>\n\n\n\n<figure class=\"wp-block-image size-large\"><img decoding=\"async\" data-id=\"49146\" src=\"https:\/\/luchonoticias.com\/wp-content\/uploads\/2023\/03\/WhatsApp-Image-2023-03-26-at-2.02.02-PM-1024x683.jpeg\" alt=\"\" class=\"wp-image-49146\"\/><\/figure>\n\n\n\n<figure class=\"wp-block-image size-large\"><img decoding=\"async\" data-id=\"49147\" src=\"https:\/\/luchonoticias.com\/wp-content\/uploads\/2023\/03\/WhatsApp-Image-2023-03-26-at-2.02.01-PM-1-1024x683.jpeg\" alt=\"\" class=\"wp-image-49147\"\/><\/figure>\n<\/figure>\n\n\n\n<p>Jos\u00e9 Gregorio Lozano Andrade, presidente de la Junta de Acci\u00f3n Comunal de Fortalecillas, expres\u00f3 su agradecimiento por la colaboraci\u00f3n y por tener en cuenta a este corregimiento.<\/p>\n\n\n\n<p>Por su parte, Rodrigo Mosquera Rojas, l\u00edder de la vereda El Venado, destac\u00f3 que el Alcalde ha cumplido con el tema de la expansi\u00f3n de las luminarias.<\/p>\n","protected":false},"excerpt":{"rendered":"<p>Iluminada qued\u00f3 Fortalecillas con la instalaci\u00f3n de luminarias tipo led y reflectores, una inversi\u00f3n social del alcalde de Neiva, Gorky Mu\u00f1oz Calder\u00f3n, y la Empresa de Servicios de Iluminaci\u00f3n P\u00fablica y Desarrollos Tecnol\u00f3gicos, ESIP, que mejora la calidad de vida de los ciudadanos y contrarresta la inseguridad en zonas que antes eran oscuras.\u00a0\u00a0\u00a0\u00a0\u00a0 La Jagua, [&hellip;]<\/p>\n","protected":false},"author":2,"featured_media":0,"comment_status":"open","ping_status":"open","sticky":false,"template":"","format":"standard","meta":{"footnotes":""},"categories":[36,31],"tags":[],"class_list":["post-49141","post","type-post","status-publish","format-standard","hentry","category-destacado","category-local"],"yoast_head":"<!-- This site is optimized with the Yoast SEO plugin v26.6 - https:\/\/yoast.com\/wordpress\/plugins\/seo\/ -->\n<title>Alcalde de Neiva entreg\u00f3 expansi\u00f3n de luminarias en Fortalecillas -<\/title>\n<meta name=\"robots\" content=\"index, follow, max-snippet:-1, max-image-preview:large, max-video-preview:-1\" \/>\n<link rel=\"canonical\" href=\"https:\/\/luchonoticias.com\/editor\/alcalde-de-neiva-entrego-expansion-de-luminarias-en-fortalecillas\/\" \/>\n<meta property=\"og:locale\" content=\"es_ES\" \/>\n<meta property=\"og:type\" content=\"article\" \/>\n<meta property=\"og:title\" content=\"Alcalde de Neiva entreg\u00f3 expansi\u00f3n de luminarias en Fortalecillas -\" \/>\n<meta property=\"og:url\" content=\"https:\/\/luchonoticias.com\/editor\/alcalde-de-neiva-entrego-expansion-de-luminarias-en-fortalecillas\/\" \/>\n<meta property=\"article:publisher\" content=\"https:\/\/www.facebook.com\/luchonoticiasneiva\" \/>\n<meta property=\"article:published_time\" content=\"2023-03-27T10:09:58+00:00\" \/>\n<meta property=\"article:modified_time\" content=\"2023-03-27T10:09:59+00:00\" \/>\n<meta property=\"og:image\" content=\"https:\/\/luchonoticias.com\/wp-content\/uploads\/2023\/03\/WhatsApp-Image-2023-03-26-at-2.02.00-PM-1024x683.jpeg\" \/>\n<meta name=\"author\" content=\"Editor General\" \/>\n<meta name=\"twitter:card\" content=\"summary_large_image\" \/>\n<meta name=\"twitter:label1\" content=\"Escrito por\" \/>\n\t<meta name=\"twitter:data1\" content=\"Editor General\" \/>\n\t<meta name=\"twitter:label2\" content=\"Tiempo de lectura\" \/>\n\t<meta name=\"twitter:data2\" content=\"2 minutos\" \/>\n<script type=\"application\/ld+json\" class=\"yoast-schema-graph\">{\"@context\":\"https:\/\/schema.org\",\"@graph\":[{\"@type\":\"Article\",\"@id\":\"https:\/\/luchonoticias.com\/editor\/alcalde-de-neiva-entrego-expansion-de-luminarias-en-fortalecillas\/#article\",\"isPartOf\":{\"@id\":\"https:\/\/luchonoticias.com\/editor\/alcalde-de-neiva-entrego-expansion-de-luminarias-en-fortalecillas\/\"},\"author\":{\"name\":\"Editor General\",\"@id\":\"https:\/\/luchonoticias.com\/editor\/#\/schema\/person\/29217990ddf6f14e35912b2866d591fb\"},\"headline\":\"Alcalde de Neiva entreg\u00f3 expansi\u00f3n de luminarias en Fortalecillas\",\"datePublished\":\"2023-03-27T10:09:58+00:00\",\"dateModified\":\"2023-03-27T10:09:59+00:00\",\"mainEntityOfPage\":{\"@id\":\"https:\/\/luchonoticias.com\/editor\/alcalde-de-neiva-entrego-expansion-de-luminarias-en-fortalecillas\/\"},\"wordCount\":327,\"commentCount\":0,\"publisher\":{\"@id\":\"https:\/\/luchonoticias.com\/editor\/#\/schema\/person\/7a7fd911f58561fd056dbac7b55af9cd\"},\"image\":{\"@id\":\"https:\/\/luchonoticias.com\/editor\/alcalde-de-neiva-entrego-expansion-de-luminarias-en-fortalecillas\/#primaryimage\"},\"thumbnailUrl\":\"https:\/\/luchonoticias.com\/wp-content\/uploads\/2023\/03\/WhatsApp-Image-2023-03-26-at-2.02.00-PM-1024x683.jpeg\",\"articleSection\":[\"Destacado\",\"Local\"],\"inLanguage\":\"es\",\"potentialAction\":[{\"@type\":\"CommentAction\",\"name\":\"Comment\",\"target\":[\"https:\/\/luchonoticias.com\/editor\/alcalde-de-neiva-entrego-expansion-de-luminarias-en-fortalecillas\/#respond\"]}]},{\"@type\":\"WebPage\",\"@id\":\"https:\/\/luchonoticias.com\/editor\/alcalde-de-neiva-entrego-expansion-de-luminarias-en-fortalecillas\/\",\"url\":\"https:\/\/luchonoticias.com\/editor\/alcalde-de-neiva-entrego-expansion-de-luminarias-en-fortalecillas\/\",\"name\":\"Alcalde de Neiva entreg\u00f3 expansi\u00f3n de luminarias en Fortalecillas -\",\"isPartOf\":{\"@id\":\"https:\/\/luchonoticias.com\/editor\/#website\"},\"primaryImageOfPage\":{\"@id\":\"https:\/\/luchonoticias.com\/editor\/alcalde-de-neiva-entrego-expansion-de-luminarias-en-fortalecillas\/#primaryimage\"},\"image\":{\"@id\":\"https:\/\/luchonoticias.com\/editor\/alcalde-de-neiva-entrego-expansion-de-luminarias-en-fortalecillas\/#primaryimage\"},\"thumbnailUrl\":\"https:\/\/luchonoticias.com\/wp-content\/uploads\/2023\/03\/WhatsApp-Image-2023-03-26-at-2.02.00-PM-1024x683.jpeg\",\"datePublished\":\"2023-03-27T10:09:58+00:00\",\"dateModified\":\"2023-03-27T10:09:59+00:00\",\"breadcrumb\":{\"@id\":\"https:\/\/luchonoticias.com\/editor\/alcalde-de-neiva-entrego-expansion-de-luminarias-en-fortalecillas\/#breadcrumb\"},\"inLanguage\":\"es\",\"potentialAction\":[{\"@type\":\"ReadAction\",\"target\":[\"https:\/\/luchonoticias.com\/editor\/alcalde-de-neiva-entrego-expansion-de-luminarias-en-fortalecillas\/\"]}]},{\"@type\":\"ImageObject\",\"inLanguage\":\"es\",\"@id\":\"https:\/\/luchonoticias.com\/editor\/alcalde-de-neiva-entrego-expansion-de-luminarias-en-fortalecillas\/#primaryimage\",\"url\":\"https:\/\/luchonoticias.com\/wp-content\/uploads\/2023\/03\/WhatsApp-Image-2023-03-26-at-2.02.00-PM-1024x683.jpeg\",\"contentUrl\":\"https:\/\/luchonoticias.com\/wp-content\/uploads\/2023\/03\/WhatsApp-Image-2023-03-26-at-2.02.00-PM-1024x683.jpeg\"},{\"@type\":\"BreadcrumbList\",\"@id\":\"https:\/\/luchonoticias.com\/editor\/alcalde-de-neiva-entrego-expansion-de-luminarias-en-fortalecillas\/#breadcrumb\",\"itemListElement\":[{\"@type\":\"ListItem\",\"position\":1,\"name\":\"Portada\",\"item\":\"https:\/\/luchonoticias.com\/editor\/\"},{\"@type\":\"ListItem\",\"position\":2,\"name\":\"Alcalde de Neiva entreg\u00f3 expansi\u00f3n de luminarias en Fortalecillas\"}]},{\"@type\":\"WebSite\",\"@id\":\"https:\/\/luchonoticias.com\/editor\/#website\",\"url\":\"https:\/\/luchonoticias.com\/editor\/\",\"name\":\"\",\"description\":\"\",\"publisher\":{\"@id\":\"https:\/\/luchonoticias.com\/editor\/#\/schema\/person\/7a7fd911f58561fd056dbac7b55af9cd\"},\"potentialAction\":[{\"@type\":\"SearchAction\",\"target\":{\"@type\":\"EntryPoint\",\"urlTemplate\":\"https:\/\/luchonoticias.com\/editor\/?s={search_term_string}\"},\"query-input\":{\"@type\":\"PropertyValueSpecification\",\"valueRequired\":true,\"valueName\":\"search_term_string\"}}],\"inLanguage\":\"es\"},{\"@type\":[\"Person\",\"Organization\"],\"@id\":\"https:\/\/luchonoticias.com\/editor\/#\/schema\/person\/7a7fd911f58561fd056dbac7b55af9cd\",\"name\":\"admin\",\"image\":{\"@type\":\"ImageObject\",\"inLanguage\":\"es\",\"@id\":\"https:\/\/luchonoticias.com\/editor\/#\/schema\/person\/image\/\",\"url\":\"https:\/\/luchonoticias.com\/editor\/wp-content\/uploads\/2024\/02\/cropped-cropped-logolu.webp\",\"contentUrl\":\"https:\/\/luchonoticias.com\/editor\/wp-content\/uploads\/2024\/02\/cropped-cropped-logolu.webp\",\"width\":382,\"height\":170,\"caption\":\"admin\"},\"logo\":{\"@id\":\"https:\/\/luchonoticias.com\/editor\/#\/schema\/person\/image\/\"},\"sameAs\":[\"https:\/\/www.facebook.com\/luchonoticiasneiva\"]},{\"@type\":\"Person\",\"@id\":\"https:\/\/luchonoticias.com\/editor\/#\/schema\/person\/29217990ddf6f14e35912b2866d591fb\",\"name\":\"Editor General\",\"image\":{\"@type\":\"ImageObject\",\"inLanguage\":\"es\",\"@id\":\"https:\/\/luchonoticias.com\/editor\/#\/schema\/person\/image\/\",\"url\":\"https:\/\/luchonoticias.com\/editor\/wp-content\/uploads\/2024\/02\/cropped-cropped-logolu-150x150.webp\",\"contentUrl\":\"https:\/\/luchonoticias.com\/editor\/wp-content\/uploads\/2024\/02\/cropped-cropped-logolu-150x150.webp\",\"caption\":\"Editor General\"},\"sameAs\":[\"https:\/\/luchonoticias.com\/\"],\"url\":\"https:\/\/luchonoticias.com\/editor\/author\/editor-general\/\"}]}<\/script>\n<!-- \/ Yoast SEO plugin. -->","yoast_head_json":{"title":"Alcalde de Neiva entreg\u00f3 expansi\u00f3n de luminarias en Fortalecillas -","robots":{"index":"index","follow":"follow","max-snippet":"max-snippet:-1","max-image-preview":"max-image-preview:large","max-video-preview":"max-video-preview:-1"},"canonical":"https:\/\/luchonoticias.com\/editor\/alcalde-de-neiva-entrego-expansion-de-luminarias-en-fortalecillas\/","og_locale":"es_ES","og_type":"article","og_title":"Alcalde de Neiva entreg\u00f3 expansi\u00f3n de luminarias en Fortalecillas -","og_url":"https:\/\/luchonoticias.com\/editor\/alcalde-de-neiva-entrego-expansion-de-luminarias-en-fortalecillas\/","article_publisher":"https:\/\/www.facebook.com\/luchonoticiasneiva","article_published_time":"2023-03-27T10:09:58+00:00","article_modified_time":"2023-03-27T10:09:59+00:00","og_image":[{"url":"https:\/\/luchonoticias.com\/wp-content\/uploads\/2023\/03\/WhatsApp-Image-2023-03-26-at-2.02.00-PM-1024x683.jpeg","type":"","width":"","height":""}],"author":"Editor General","twitter_card":"summary_large_image","twitter_misc":{"Escrito por":"Editor General","Tiempo de lectura":"2 minutos"},"schema":{"@context":"https:\/\/schema.org","@graph":[{"@type":"Article","@id":"https:\/\/luchonoticias.com\/editor\/alcalde-de-neiva-entrego-expansion-de-luminarias-en-fortalecillas\/#article","isPartOf":{"@id":"https:\/\/luchonoticias.com\/editor\/alcalde-de-neiva-entrego-expansion-de-luminarias-en-fortalecillas\/"},"author":{"name":"Editor General","@id":"https:\/\/luchonoticias.com\/editor\/#\/schema\/person\/29217990ddf6f14e35912b2866d591fb"},"headline":"Alcalde de Neiva entreg\u00f3 expansi\u00f3n de luminarias en Fortalecillas","datePublished":"2023-03-27T10:09:58+00:00","dateModified":"2023-03-27T10:09:59+00:00","mainEntityOfPage":{"@id":"https:\/\/luchonoticias.com\/editor\/alcalde-de-neiva-entrego-expansion-de-luminarias-en-fortalecillas\/"},"wordCount":327,"commentCount":0,"publisher":{"@id":"https:\/\/luchonoticias.com\/editor\/#\/schema\/person\/7a7fd911f58561fd056dbac7b55af9cd"},"image":{"@id":"https:\/\/luchonoticias.com\/editor\/alcalde-de-neiva-entrego-expansion-de-luminarias-en-fortalecillas\/#primaryimage"},"thumbnailUrl":"https:\/\/luchonoticias.com\/wp-content\/uploads\/2023\/03\/WhatsApp-Image-2023-03-26-at-2.02.00-PM-1024x683.jpeg","articleSection":["Destacado","Local"],"inLanguage":"es","potentialAction":[{"@type":"CommentAction","name":"Comment","target":["https:\/\/luchonoticias.com\/editor\/alcalde-de-neiva-entrego-expansion-de-luminarias-en-fortalecillas\/#respond"]}]},{"@type":"WebPage","@id":"https:\/\/luchonoticias.com\/editor\/alcalde-de-neiva-entrego-expansion-de-luminarias-en-fortalecillas\/","url":"https:\/\/luchonoticias.com\/editor\/alcalde-de-neiva-entrego-expansion-de-luminarias-en-fortalecillas\/","name":"Alcalde de Neiva entreg\u00f3 expansi\u00f3n de luminarias en Fortalecillas -","isPartOf":{"@id":"https:\/\/luchonoticias.com\/editor\/#website"},"primaryImageOfPage":{"@id":"https:\/\/luchonoticias.com\/editor\/alcalde-de-neiva-entrego-expansion-de-luminarias-en-fortalecillas\/#primaryimage"},"image":{"@id":"https:\/\/luchonoticias.com\/editor\/alcalde-de-neiva-entrego-expansion-de-luminarias-en-fortalecillas\/#primaryimage"},"thumbnailUrl":"https:\/\/luchonoticias.com\/wp-content\/uploads\/2023\/03\/WhatsApp-Image-2023-03-26-at-2.02.00-PM-1024x683.jpeg","datePublished":"2023-03-27T10:09:58+00:00","dateModified":"2023-03-27T10:09:59+00:00","breadcrumb":{"@id":"https:\/\/luchonoticias.com\/editor\/alcalde-de-neiva-entrego-expansion-de-luminarias-en-fortalecillas\/#breadcrumb"},"inLanguage":"es","potentialAction":[{"@type":"ReadAction","target":["https:\/\/luchonoticias.com\/editor\/alcalde-de-neiva-entrego-expansion-de-luminarias-en-fortalecillas\/"]}]},{"@type":"ImageObject","inLanguage":"es","@id":"https:\/\/luchonoticias.com\/editor\/alcalde-de-neiva-entrego-expansion-de-luminarias-en-fortalecillas\/#primaryimage","url":"https:\/\/luchonoticias.com\/wp-content\/uploads\/2023\/03\/WhatsApp-Image-2023-03-26-at-2.02.00-PM-1024x683.jpeg","contentUrl":"https:\/\/luchonoticias.com\/wp-content\/uploads\/2023\/03\/WhatsApp-Image-2023-03-26-at-2.02.00-PM-1024x683.jpeg"},{"@type":"BreadcrumbList","@id":"https:\/\/luchonoticias.com\/editor\/alcalde-de-neiva-entrego-expansion-de-luminarias-en-fortalecillas\/#breadcrumb","itemListElement":[{"@type":"ListItem","position":1,"name":"Portada","item":"https:\/\/luchonoticias.com\/editor\/"},{"@type":"ListItem","position":2,"name":"Alcalde de Neiva entreg\u00f3 expansi\u00f3n de luminarias en Fortalecillas"}]},{"@type":"WebSite","@id":"https:\/\/luchonoticias.com\/editor\/#website","url":"https:\/\/luchonoticias.com\/editor\/","name":"","description":"","publisher":{"@id":"https:\/\/luchonoticias.com\/editor\/#\/schema\/person\/7a7fd911f58561fd056dbac7b55af9cd"},"potentialAction":[{"@type":"SearchAction","target":{"@type":"EntryPoint","urlTemplate":"https:\/\/luchonoticias.com\/editor\/?s={search_term_string}"},"query-input":{"@type":"PropertyValueSpecification","valueRequired":true,"valueName":"search_term_string"}}],"inLanguage":"es"},{"@type":["Person","Organization"],"@id":"https:\/\/luchonoticias.com\/editor\/#\/schema\/person\/7a7fd911f58561fd056dbac7b55af9cd","name":"admin","image":{"@type":"ImageObject","inLanguage":"es","@id":"https:\/\/luchonoticias.com\/editor\/#\/schema\/person\/image\/","url":"https:\/\/luchonoticias.com\/editor\/wp-content\/uploads\/2024\/02\/cropped-cropped-logolu.webp","contentUrl":"https:\/\/luchonoticias.com\/editor\/wp-content\/uploads\/2024\/02\/cropped-cropped-logolu.webp","width":382,"height":170,"caption":"admin"},"logo":{"@id":"https:\/\/luchonoticias.com\/editor\/#\/schema\/person\/image\/"},"sameAs":["https:\/\/www.facebook.com\/luchonoticiasneiva"]},{"@type":"Person","@id":"https:\/\/luchonoticias.com\/editor\/#\/schema\/person\/29217990ddf6f14e35912b2866d591fb","name":"Editor General","image":{"@type":"ImageObject","inLanguage":"es","@id":"https:\/\/luchonoticias.com\/editor\/#\/schema\/person\/image\/","url":"https:\/\/luchonoticias.com\/editor\/wp-content\/uploads\/2024\/02\/cropped-cropped-logolu-150x150.webp","contentUrl":"https:\/\/luchonoticias.com\/editor\/wp-content\/uploads\/2024\/02\/cropped-cropped-logolu-150x150.webp","caption":"Editor General"},"sameAs":["https:\/\/luchonoticias.com\/"],"url":"https:\/\/luchonoticias.com\/editor\/author\/editor-general\/"}]}},"_links":{"self":[{"href":"https:\/\/luchonoticias.com\/editor\/wp-json\/wp\/v2\/posts\/49141","targetHints":{"allow":["GET"]}}],"collection":[{"href":"https:\/\/luchonoticias.com\/editor\/wp-json\/wp\/v2\/posts"}],"about":[{"href":"https:\/\/luchonoticias.com\/editor\/wp-json\/wp\/v2\/types\/post"}],"author":[{"embeddable":true,"href":"https:\/\/luchonoticias.com\/editor\/wp-json\/wp\/v2\/users\/2"}],"replies":[{"embeddable":true,"href":"https:\/\/luchonoticias.com\/editor\/wp-json\/wp\/v2\/comments?post=49141"}],"version-history":[{"count":0,"href":"https:\/\/luchonoticias.com\/editor\/wp-json\/wp\/v2\/posts\/49141\/revisions"}],"wp:attachment":[{"href":"https:\/\/luchonoticias.com\/editor\/wp-json\/wp\/v2\/media?parent=49141"}],"wp:term":[{"taxonomy":"category","embeddable":true,"href":"https:\/\/luchonoticias.com\/editor\/wp-json\/wp\/v2\/categories?post=49141"},{"taxonomy":"post_tag","embeddable":true,"href":"https:\/\/luchonoticias.com\/editor\/wp-json\/wp\/v2\/tags?post=49141"}],"curies":[{"name":"wp","href":"https:\/\/api.w.org\/{rel}","templated":true}]}}