{"id":49158,"date":"2023-03-27T05:13:40","date_gmt":"2023-03-27T10:13:40","guid":{"rendered":"https:\/\/luchonoticias.com\/?p=49158"},"modified":"2023-03-27T05:13:42","modified_gmt":"2023-03-27T10:13:42","slug":"partido-politico-fuerza-ciudadana-eligio-la-mesa-territorial-de-neiva","status":"publish","type":"post","link":"https:\/\/luchonoticias.com\/editor\/partido-politico-fuerza-ciudadana-eligio-la-mesa-territorial-de-neiva\/","title":{"rendered":"Partido Pol\u00edtico Fuerza Ciudadana eligi\u00f3 la Mesa Territorial de Neiva"},"content":{"rendered":"\n<p>El 26 de marzo se llev\u00f3 a cabo la primera Asamblea Territorial en la ciudad de Neiva del partido Fuerza Ciudadana. El espacio cont\u00f3 con la presencia de \u00cdngrid Jhoana Aguirre, representante a la C\u00e1mara; Ver\u00f3nica Mel\u00e9ndez, quien hace parte de la Mesa Nacional del Partido; Juan Diego Amaya, concejal de la ciudad de Neiva y 128 personas que tomaron la libre decisi\u00f3n de inscribirse como militantes.<\/p>\n\n\n\n<p><strong>Crece la esperanza<\/strong><\/p>\n\n\n\n<p>La congresista fue enf\u00e1tica al decir que Fuerza Ciudadana, movimiento que logr\u00f3 el reconocimiento como partido pol\u00edtico en el mes de diciembre del 2022, buscar\u00e1 seguir consolidando procesos democr\u00e1ticos con las comunidades en las diferentes regiones del pa\u00eds. Este es un nuevo partido que tom\u00f3 forma en el Caribe Colombiano entre los a\u00f1os 1996 y 2006, y que tiene como m\u00e1ximo l\u00edder pol\u00edtico a Carlos Caicedo.<\/p>\n\n\n\n<p>\u201cEl sentimiento colectivo de esperanza naci\u00f3 con Carlos Caicedo. Hoy se ha extendido a las regiones desde donde queremos construir de manera transparente, con la gente\u201d, se\u00f1al\u00f3.<\/p>\n\n\n\n<p>Asimismo, precis\u00f3 que no ser\u00e1 una \u2018f\u00e1brica de avales\u2019 y que estar\u00e1n atentos a las personas que decidan lanzarse bajo las toldas de esta colectividad. \u201cEn las listas regionales no estar\u00e1n personas que tengan l\u00edos con la justicia o hayan sido cuestionados por actos irregulares en el pasado. Queremos que la gente de a pie, que los l\u00edderes j\u00f3venes y mujeres se empoderen de las luchas que nos llevar\u00e1n al cambio\u201d, finaliz\u00f3 Aguirre.<\/p>\n\n\n\n<figure class=\"wp-block-gallery has-nested-images columns-default is-cropped wp-block-gallery-1 is-layout-flex wp-block-gallery-is-layout-flex\">\n<figure class=\"wp-block-image size-large\"><img decoding=\"async\" data-id=\"49160\" src=\"https:\/\/luchonoticias.com\/wp-content\/uploads\/2023\/03\/WhatsApp-Image-2023-03-26-at-5.15.59-PM-1.jpeg\" alt=\"\" class=\"wp-image-49160\"\/><\/figure>\n\n\n\n<figure class=\"wp-block-image size-large\"><img decoding=\"async\" data-id=\"49161\" src=\"https:\/\/luchonoticias.com\/wp-content\/uploads\/2023\/03\/WhatsApp-Image-2023-03-26-at-5.15.59-PM-2.jpeg\" alt=\"\" class=\"wp-image-49161\"\/><\/figure>\n<\/figure>\n\n\n\n<p><strong>Elecci\u00f3n<\/strong><\/p>\n\n\n\n<p>Durante la asamblea se llev\u00f3 a cabo la elecci\u00f3n de la Mesa Territorial del municipio de Neiva que qued\u00f3 conformada por Jairo Humberto Mu\u00f1oz, Juan Sebasti\u00e1n Reyes, quien tambi\u00e9n fue seleccionado como vocero; Laura Prada, Sandra Liliana Robles y Carlos Guti\u00e9rrez.<\/p>\n\n\n\n<p>En la jornada que se adelant\u00f3 en el Hotel Plaza Neiva, tambi\u00e9n se anunciaron algunos de los precandidatos que buscar\u00e1n ser ediles, llegar a los concejos municipales en el Huila y a la Asamblea. A la fecha, algunos de los que llevar\u00e1n la bandera de la Fuerza del Cambio, ser\u00e1n: Rafael Rodr\u00edguez, quien buscar\u00e1 ser Edil; Edwin Caicedo, Concejo de Neiva; Gustavo Pati\u00f1o, edil comuna Nueve de Neiva; Juan Diego Amaya, Concejo de Neiva; Carlos G\u00f3mez, Concejo de Neiva; H\u00e9ctor Narv\u00e1ez, Concejo de Pitalito y Grace Rada Rico, quien se lanzar\u00e1 a la Asamblea del Huila.<\/p>\n\n\n\n<p><strong>Nueva convocatoria<\/strong><\/p>\n\n\n\n<p>Para el domingo 16 de abril se tiene proyectado un nuevo encuentro territorial, en el que se espera poder consolidar los nombres de los precandidatos para el departamento del Huila y los municipios que integran este comit\u00e9 territorial por el partido Fuerza Ciudadana.<\/p>\n","protected":false},"excerpt":{"rendered":"<p>El 26 de marzo se llev\u00f3 a cabo la primera Asamblea Territorial en la ciudad de Neiva del partido Fuerza Ciudadana. El espacio cont\u00f3 con la presencia de \u00cdngrid Jhoana Aguirre, representante a la C\u00e1mara; Ver\u00f3nica Mel\u00e9ndez, quien hace parte de la Mesa Nacional del Partido; Juan Diego Amaya, concejal de la ciudad de Neiva [&hellip;]<\/p>\n","protected":false},"author":2,"featured_media":0,"comment_status":"open","ping_status":"open","sticky":false,"template":"","format":"standard","meta":{"footnotes":""},"categories":[36,617],"tags":[],"class_list":["post-49158","post","type-post","status-publish","format-standard","hentry","category-destacado","category-politica"],"yoast_head":"<!-- This site is optimized with the Yoast SEO plugin v26.6 - https:\/\/yoast.com\/wordpress\/plugins\/seo\/ -->\n<title>Partido Pol\u00edtico Fuerza Ciudadana eligi\u00f3 la Mesa Territorial de Neiva -<\/title>\n<meta name=\"robots\" content=\"index, follow, max-snippet:-1, max-image-preview:large, max-video-preview:-1\" \/>\n<link rel=\"canonical\" href=\"https:\/\/luchonoticias.com\/editor\/partido-politico-fuerza-ciudadana-eligio-la-mesa-territorial-de-neiva\/\" \/>\n<meta property=\"og:locale\" content=\"es_ES\" \/>\n<meta property=\"og:type\" content=\"article\" \/>\n<meta property=\"og:title\" content=\"Partido Pol\u00edtico Fuerza Ciudadana eligi\u00f3 la Mesa Territorial de Neiva -\" \/>\n<meta property=\"og:url\" content=\"https:\/\/luchonoticias.com\/editor\/partido-politico-fuerza-ciudadana-eligio-la-mesa-territorial-de-neiva\/\" \/>\n<meta property=\"article:publisher\" content=\"https:\/\/www.facebook.com\/luchonoticiasneiva\" \/>\n<meta property=\"article:published_time\" content=\"2023-03-27T10:13:40+00:00\" \/>\n<meta property=\"article:modified_time\" content=\"2023-03-27T10:13:42+00:00\" \/>\n<meta property=\"og:image\" content=\"https:\/\/luchonoticias.com\/wp-content\/uploads\/2023\/03\/WhatsApp-Image-2023-03-26-at-5.15.59-PM-1.jpeg\" \/>\n<meta name=\"author\" content=\"Editor General\" \/>\n<meta name=\"twitter:card\" content=\"summary_large_image\" \/>\n<meta name=\"twitter:label1\" content=\"Escrito por\" \/>\n\t<meta name=\"twitter:data1\" content=\"Editor General\" \/>\n\t<meta name=\"twitter:label2\" content=\"Tiempo de lectura\" \/>\n\t<meta name=\"twitter:data2\" content=\"2 minutos\" \/>\n<script type=\"application\/ld+json\" class=\"yoast-schema-graph\">{\"@context\":\"https:\/\/schema.org\",\"@graph\":[{\"@type\":\"Article\",\"@id\":\"https:\/\/luchonoticias.com\/editor\/partido-politico-fuerza-ciudadana-eligio-la-mesa-territorial-de-neiva\/#article\",\"isPartOf\":{\"@id\":\"https:\/\/luchonoticias.com\/editor\/partido-politico-fuerza-ciudadana-eligio-la-mesa-territorial-de-neiva\/\"},\"author\":{\"name\":\"Editor General\",\"@id\":\"https:\/\/luchonoticias.com\/editor\/#\/schema\/person\/29217990ddf6f14e35912b2866d591fb\"},\"headline\":\"Partido Pol\u00edtico Fuerza Ciudadana eligi\u00f3 la Mesa Territorial de Neiva\",\"datePublished\":\"2023-03-27T10:13:40+00:00\",\"dateModified\":\"2023-03-27T10:13:42+00:00\",\"mainEntityOfPage\":{\"@id\":\"https:\/\/luchonoticias.com\/editor\/partido-politico-fuerza-ciudadana-eligio-la-mesa-territorial-de-neiva\/\"},\"wordCount\":459,\"commentCount\":0,\"publisher\":{\"@id\":\"https:\/\/luchonoticias.com\/editor\/#\/schema\/person\/7a7fd911f58561fd056dbac7b55af9cd\"},\"image\":{\"@id\":\"https:\/\/luchonoticias.com\/editor\/partido-politico-fuerza-ciudadana-eligio-la-mesa-territorial-de-neiva\/#primaryimage\"},\"thumbnailUrl\":\"https:\/\/luchonoticias.com\/wp-content\/uploads\/2023\/03\/WhatsApp-Image-2023-03-26-at-5.15.59-PM-1.jpeg\",\"articleSection\":[\"Destacado\",\"Pol\u00edtica\"],\"inLanguage\":\"es\",\"potentialAction\":[{\"@type\":\"CommentAction\",\"name\":\"Comment\",\"target\":[\"https:\/\/luchonoticias.com\/editor\/partido-politico-fuerza-ciudadana-eligio-la-mesa-territorial-de-neiva\/#respond\"]}]},{\"@type\":\"WebPage\",\"@id\":\"https:\/\/luchonoticias.com\/editor\/partido-politico-fuerza-ciudadana-eligio-la-mesa-territorial-de-neiva\/\",\"url\":\"https:\/\/luchonoticias.com\/editor\/partido-politico-fuerza-ciudadana-eligio-la-mesa-territorial-de-neiva\/\",\"name\":\"Partido Pol\u00edtico Fuerza Ciudadana eligi\u00f3 la Mesa Territorial de Neiva -\",\"isPartOf\":{\"@id\":\"https:\/\/luchonoticias.com\/editor\/#website\"},\"primaryImageOfPage\":{\"@id\":\"https:\/\/luchonoticias.com\/editor\/partido-politico-fuerza-ciudadana-eligio-la-mesa-territorial-de-neiva\/#primaryimage\"},\"image\":{\"@id\":\"https:\/\/luchonoticias.com\/editor\/partido-politico-fuerza-ciudadana-eligio-la-mesa-territorial-de-neiva\/#primaryimage\"},\"thumbnailUrl\":\"https:\/\/luchonoticias.com\/wp-content\/uploads\/2023\/03\/WhatsApp-Image-2023-03-26-at-5.15.59-PM-1.jpeg\",\"datePublished\":\"2023-03-27T10:13:40+00:00\",\"dateModified\":\"2023-03-27T10:13:42+00:00\",\"breadcrumb\":{\"@id\":\"https:\/\/luchonoticias.com\/editor\/partido-politico-fuerza-ciudadana-eligio-la-mesa-territorial-de-neiva\/#breadcrumb\"},\"inLanguage\":\"es\",\"potentialAction\":[{\"@type\":\"ReadAction\",\"target\":[\"https:\/\/luchonoticias.com\/editor\/partido-politico-fuerza-ciudadana-eligio-la-mesa-territorial-de-neiva\/\"]}]},{\"@type\":\"ImageObject\",\"inLanguage\":\"es\",\"@id\":\"https:\/\/luchonoticias.com\/editor\/partido-politico-fuerza-ciudadana-eligio-la-mesa-territorial-de-neiva\/#primaryimage\",\"url\":\"https:\/\/luchonoticias.com\/wp-content\/uploads\/2023\/03\/WhatsApp-Image-2023-03-26-at-5.15.59-PM-1.jpeg\",\"contentUrl\":\"https:\/\/luchonoticias.com\/wp-content\/uploads\/2023\/03\/WhatsApp-Image-2023-03-26-at-5.15.59-PM-1.jpeg\"},{\"@type\":\"BreadcrumbList\",\"@id\":\"https:\/\/luchonoticias.com\/editor\/partido-politico-fuerza-ciudadana-eligio-la-mesa-territorial-de-neiva\/#breadcrumb\",\"itemListElement\":[{\"@type\":\"ListItem\",\"position\":1,\"name\":\"Portada\",\"item\":\"https:\/\/luchonoticias.com\/editor\/\"},{\"@type\":\"ListItem\",\"position\":2,\"name\":\"Partido Pol\u00edtico Fuerza Ciudadana eligi\u00f3 la Mesa Territorial de Neiva\"}]},{\"@type\":\"WebSite\",\"@id\":\"https:\/\/luchonoticias.com\/editor\/#website\",\"url\":\"https:\/\/luchonoticias.com\/editor\/\",\"name\":\"\",\"description\":\"\",\"publisher\":{\"@id\":\"https:\/\/luchonoticias.com\/editor\/#\/schema\/person\/7a7fd911f58561fd056dbac7b55af9cd\"},\"potentialAction\":[{\"@type\":\"SearchAction\",\"target\":{\"@type\":\"EntryPoint\",\"urlTemplate\":\"https:\/\/luchonoticias.com\/editor\/?s={search_term_string}\"},\"query-input\":{\"@type\":\"PropertyValueSpecification\",\"valueRequired\":true,\"valueName\":\"search_term_string\"}}],\"inLanguage\":\"es\"},{\"@type\":[\"Person\",\"Organization\"],\"@id\":\"https:\/\/luchonoticias.com\/editor\/#\/schema\/person\/7a7fd911f58561fd056dbac7b55af9cd\",\"name\":\"admin\",\"image\":{\"@type\":\"ImageObject\",\"inLanguage\":\"es\",\"@id\":\"https:\/\/luchonoticias.com\/editor\/#\/schema\/person\/image\/\",\"url\":\"https:\/\/luchonoticias.com\/editor\/wp-content\/uploads\/2024\/02\/cropped-cropped-logolu.webp\",\"contentUrl\":\"https:\/\/luchonoticias.com\/editor\/wp-content\/uploads\/2024\/02\/cropped-cropped-logolu.webp\",\"width\":382,\"height\":170,\"caption\":\"admin\"},\"logo\":{\"@id\":\"https:\/\/luchonoticias.com\/editor\/#\/schema\/person\/image\/\"},\"sameAs\":[\"https:\/\/www.facebook.com\/luchonoticiasneiva\"]},{\"@type\":\"Person\",\"@id\":\"https:\/\/luchonoticias.com\/editor\/#\/schema\/person\/29217990ddf6f14e35912b2866d591fb\",\"name\":\"Editor General\",\"image\":{\"@type\":\"ImageObject\",\"inLanguage\":\"es\",\"@id\":\"https:\/\/luchonoticias.com\/editor\/#\/schema\/person\/image\/\",\"url\":\"https:\/\/luchonoticias.com\/editor\/wp-content\/uploads\/2024\/02\/cropped-cropped-logolu-150x150.webp\",\"contentUrl\":\"https:\/\/luchonoticias.com\/editor\/wp-content\/uploads\/2024\/02\/cropped-cropped-logolu-150x150.webp\",\"caption\":\"Editor General\"},\"sameAs\":[\"https:\/\/luchonoticias.com\/\"],\"url\":\"https:\/\/luchonoticias.com\/editor\/author\/editor-general\/\"}]}<\/script>\n<!-- \/ Yoast SEO plugin. -->","yoast_head_json":{"title":"Partido Pol\u00edtico Fuerza Ciudadana eligi\u00f3 la Mesa Territorial de Neiva -","robots":{"index":"index","follow":"follow","max-snippet":"max-snippet:-1","max-image-preview":"max-image-preview:large","max-video-preview":"max-video-preview:-1"},"canonical":"https:\/\/luchonoticias.com\/editor\/partido-politico-fuerza-ciudadana-eligio-la-mesa-territorial-de-neiva\/","og_locale":"es_ES","og_type":"article","og_title":"Partido Pol\u00edtico Fuerza Ciudadana eligi\u00f3 la Mesa Territorial de Neiva -","og_url":"https:\/\/luchonoticias.com\/editor\/partido-politico-fuerza-ciudadana-eligio-la-mesa-territorial-de-neiva\/","article_publisher":"https:\/\/www.facebook.com\/luchonoticiasneiva","article_published_time":"2023-03-27T10:13:40+00:00","article_modified_time":"2023-03-27T10:13:42+00:00","og_image":[{"url":"https:\/\/luchonoticias.com\/wp-content\/uploads\/2023\/03\/WhatsApp-Image-2023-03-26-at-5.15.59-PM-1.jpeg","type":"","width":"","height":""}],"author":"Editor General","twitter_card":"summary_large_image","twitter_misc":{"Escrito por":"Editor General","Tiempo de lectura":"2 minutos"},"schema":{"@context":"https:\/\/schema.org","@graph":[{"@type":"Article","@id":"https:\/\/luchonoticias.com\/editor\/partido-politico-fuerza-ciudadana-eligio-la-mesa-territorial-de-neiva\/#article","isPartOf":{"@id":"https:\/\/luchonoticias.com\/editor\/partido-politico-fuerza-ciudadana-eligio-la-mesa-territorial-de-neiva\/"},"author":{"name":"Editor General","@id":"https:\/\/luchonoticias.com\/editor\/#\/schema\/person\/29217990ddf6f14e35912b2866d591fb"},"headline":"Partido Pol\u00edtico Fuerza Ciudadana eligi\u00f3 la Mesa Territorial de Neiva","datePublished":"2023-03-27T10:13:40+00:00","dateModified":"2023-03-27T10:13:42+00:00","mainEntityOfPage":{"@id":"https:\/\/luchonoticias.com\/editor\/partido-politico-fuerza-ciudadana-eligio-la-mesa-territorial-de-neiva\/"},"wordCount":459,"commentCount":0,"publisher":{"@id":"https:\/\/luchonoticias.com\/editor\/#\/schema\/person\/7a7fd911f58561fd056dbac7b55af9cd"},"image":{"@id":"https:\/\/luchonoticias.com\/editor\/partido-politico-fuerza-ciudadana-eligio-la-mesa-territorial-de-neiva\/#primaryimage"},"thumbnailUrl":"https:\/\/luchonoticias.com\/wp-content\/uploads\/2023\/03\/WhatsApp-Image-2023-03-26-at-5.15.59-PM-1.jpeg","articleSection":["Destacado","Pol\u00edtica"],"inLanguage":"es","potentialAction":[{"@type":"CommentAction","name":"Comment","target":["https:\/\/luchonoticias.com\/editor\/partido-politico-fuerza-ciudadana-eligio-la-mesa-territorial-de-neiva\/#respond"]}]},{"@type":"WebPage","@id":"https:\/\/luchonoticias.com\/editor\/partido-politico-fuerza-ciudadana-eligio-la-mesa-territorial-de-neiva\/","url":"https:\/\/luchonoticias.com\/editor\/partido-politico-fuerza-ciudadana-eligio-la-mesa-territorial-de-neiva\/","name":"Partido Pol\u00edtico Fuerza Ciudadana eligi\u00f3 la Mesa Territorial de Neiva -","isPartOf":{"@id":"https:\/\/luchonoticias.com\/editor\/#website"},"primaryImageOfPage":{"@id":"https:\/\/luchonoticias.com\/editor\/partido-politico-fuerza-ciudadana-eligio-la-mesa-territorial-de-neiva\/#primaryimage"},"image":{"@id":"https:\/\/luchonoticias.com\/editor\/partido-politico-fuerza-ciudadana-eligio-la-mesa-territorial-de-neiva\/#primaryimage"},"thumbnailUrl":"https:\/\/luchonoticias.com\/wp-content\/uploads\/2023\/03\/WhatsApp-Image-2023-03-26-at-5.15.59-PM-1.jpeg","datePublished":"2023-03-27T10:13:40+00:00","dateModified":"2023-03-27T10:13:42+00:00","breadcrumb":{"@id":"https:\/\/luchonoticias.com\/editor\/partido-politico-fuerza-ciudadana-eligio-la-mesa-territorial-de-neiva\/#breadcrumb"},"inLanguage":"es","potentialAction":[{"@type":"ReadAction","target":["https:\/\/luchonoticias.com\/editor\/partido-politico-fuerza-ciudadana-eligio-la-mesa-territorial-de-neiva\/"]}]},{"@type":"ImageObject","inLanguage":"es","@id":"https:\/\/luchonoticias.com\/editor\/partido-politico-fuerza-ciudadana-eligio-la-mesa-territorial-de-neiva\/#primaryimage","url":"https:\/\/luchonoticias.com\/wp-content\/uploads\/2023\/03\/WhatsApp-Image-2023-03-26-at-5.15.59-PM-1.jpeg","contentUrl":"https:\/\/luchonoticias.com\/wp-content\/uploads\/2023\/03\/WhatsApp-Image-2023-03-26-at-5.15.59-PM-1.jpeg"},{"@type":"BreadcrumbList","@id":"https:\/\/luchonoticias.com\/editor\/partido-politico-fuerza-ciudadana-eligio-la-mesa-territorial-de-neiva\/#breadcrumb","itemListElement":[{"@type":"ListItem","position":1,"name":"Portada","item":"https:\/\/luchonoticias.com\/editor\/"},{"@type":"ListItem","position":2,"name":"Partido Pol\u00edtico Fuerza Ciudadana eligi\u00f3 la Mesa Territorial de Neiva"}]},{"@type":"WebSite","@id":"https:\/\/luchonoticias.com\/editor\/#website","url":"https:\/\/luchonoticias.com\/editor\/","name":"","description":"","publisher":{"@id":"https:\/\/luchonoticias.com\/editor\/#\/schema\/person\/7a7fd911f58561fd056dbac7b55af9cd"},"potentialAction":[{"@type":"SearchAction","target":{"@type":"EntryPoint","urlTemplate":"https:\/\/luchonoticias.com\/editor\/?s={search_term_string}"},"query-input":{"@type":"PropertyValueSpecification","valueRequired":true,"valueName":"search_term_string"}}],"inLanguage":"es"},{"@type":["Person","Organization"],"@id":"https:\/\/luchonoticias.com\/editor\/#\/schema\/person\/7a7fd911f58561fd056dbac7b55af9cd","name":"admin","image":{"@type":"ImageObject","inLanguage":"es","@id":"https:\/\/luchonoticias.com\/editor\/#\/schema\/person\/image\/","url":"https:\/\/luchonoticias.com\/editor\/wp-content\/uploads\/2024\/02\/cropped-cropped-logolu.webp","contentUrl":"https:\/\/luchonoticias.com\/editor\/wp-content\/uploads\/2024\/02\/cropped-cropped-logolu.webp","width":382,"height":170,"caption":"admin"},"logo":{"@id":"https:\/\/luchonoticias.com\/editor\/#\/schema\/person\/image\/"},"sameAs":["https:\/\/www.facebook.com\/luchonoticiasneiva"]},{"@type":"Person","@id":"https:\/\/luchonoticias.com\/editor\/#\/schema\/person\/29217990ddf6f14e35912b2866d591fb","name":"Editor General","image":{"@type":"ImageObject","inLanguage":"es","@id":"https:\/\/luchonoticias.com\/editor\/#\/schema\/person\/image\/","url":"https:\/\/luchonoticias.com\/editor\/wp-content\/uploads\/2024\/02\/cropped-cropped-logolu-150x150.webp","contentUrl":"https:\/\/luchonoticias.com\/editor\/wp-content\/uploads\/2024\/02\/cropped-cropped-logolu-150x150.webp","caption":"Editor General"},"sameAs":["https:\/\/luchonoticias.com\/"],"url":"https:\/\/luchonoticias.com\/editor\/author\/editor-general\/"}]}},"_links":{"self":[{"href":"https:\/\/luchonoticias.com\/editor\/wp-json\/wp\/v2\/posts\/49158","targetHints":{"allow":["GET"]}}],"collection":[{"href":"https:\/\/luchonoticias.com\/editor\/wp-json\/wp\/v2\/posts"}],"about":[{"href":"https:\/\/luchonoticias.com\/editor\/wp-json\/wp\/v2\/types\/post"}],"author":[{"embeddable":true,"href":"https:\/\/luchonoticias.com\/editor\/wp-json\/wp\/v2\/users\/2"}],"replies":[{"embeddable":true,"href":"https:\/\/luchonoticias.com\/editor\/wp-json\/wp\/v2\/comments?post=49158"}],"version-history":[{"count":0,"href":"https:\/\/luchonoticias.com\/editor\/wp-json\/wp\/v2\/posts\/49158\/revisions"}],"wp:attachment":[{"href":"https:\/\/luchonoticias.com\/editor\/wp-json\/wp\/v2\/media?parent=49158"}],"wp:term":[{"taxonomy":"category","embeddable":true,"href":"https:\/\/luchonoticias.com\/editor\/wp-json\/wp\/v2\/categories?post=49158"},{"taxonomy":"post_tag","embeddable":true,"href":"https:\/\/luchonoticias.com\/editor\/wp-json\/wp\/v2\/tags?post=49158"}],"curies":[{"name":"wp","href":"https:\/\/api.w.org\/{rel}","templated":true}]}}