{"id":49163,"date":"2023-03-27T05:16:41","date_gmt":"2023-03-27T10:16:41","guid":{"rendered":"https:\/\/luchonoticias.com\/?p=49163"},"modified":"2023-03-27T05:16:43","modified_gmt":"2023-03-27T10:16:43","slug":"petro-convoca-alianza-con-la-accion-comunal-para-red-de-generacion-electrica-vias-campesinas-y-lucha-contra-el-hambre","status":"publish","type":"post","link":"https:\/\/luchonoticias.com\/editor\/petro-convoca-alianza-con-la-accion-comunal-para-red-de-generacion-electrica-vias-campesinas-y-lucha-contra-el-hambre\/","title":{"rendered":"Petro convoca alianza con la Acci\u00f3n Comunal para red de generaci\u00f3n el\u00e9ctrica, v\u00edas campesinas y lucha contra el hambre"},"content":{"rendered":"\n<p>El Presidente Gustavo Petro convoc\u00f3 a la Acci\u00f3n Comunal de Colombia a consolidar una gran alianza \u2013junto con otras organizaciones populares\u2013, con miras a construir una enorme red de generaci\u00f3n el\u00e9ctrica en el pa\u00eds que convierta a los usuarios en propietarios de este servicio p\u00fablico y a fortalecer las v\u00edas campesinas de la alimentaci\u00f3n, as\u00ed como para avanzar en la lucha contra el hambre.<\/p>\n\n\n\n<p>El Mandatario hizo esta invitaci\u00f3n al intervenir en la clausura de la Asamblea Nacional Popular Comunal, evento realizado en la Universidad Nacional de Colombia, en Bogot\u00e1, que cont\u00f3 con representantes de todos los rincones del pa\u00eds y que cerr\u00f3 luego de tres d\u00edas de deliberaciones.<\/p>\n\n\n\n<p><strong>Red de generaci\u00f3n el\u00e9ctrica<\/strong><\/p>\n\n\n\n<p>En su intervenci\u00f3n, el Mandatario consider\u00f3 que hoy son millones de colombianos y colombianas las que pueden ser autogeneradoras de energ\u00eda el\u00e9ctrica para contribuir a bajar las tarifas de servicios e incluso vender esa energ\u00eda al mercado nacional.<\/p>\n\n\n\n<p>Al respecto, explic\u00f3: \u201cLo que yo quiero es abrir el camino, no de un mundo de regulaciones de mercado hechas para colocar de rodillas al usuario de servicios p\u00fablicos a trav\u00e9s de las facturas, sino para lograr que ese que hoy llaman el usuario, la usuaria, se convierta en propietario de la generaci\u00f3n de la energ\u00eda el\u00e9ctrica en Colombia\u201d.<\/p>\n\n\n\n<p>En este sentido, dijo a los representantes de la Acci\u00f3n Comunal: \u201cNosotros queremos que sean ustedes, las juntas de acci\u00f3n comunal, las que se coloquen al hombro, se echen al hombro la tarea de organizar en cada barrio\u201d y comunidad la \u201cconstrucci\u00f3n de una enorme red de generadores de energ\u00eda el\u00e9ctrica, a partir de las comunidades energ\u00e9ticas de Colombia\u201d.<\/p>\n\n\n\n<p><strong>V\u00edas campesinas de la alimentaci\u00f3n<\/strong><\/p>\n\n\n\n<p>El Jefe de Estado record\u00f3 que su Gobierno ha destinado importantes recursos para construir, mejorar y habilitar 30 mil kil\u00f3metros de v\u00edas campesinas en todo el pa\u00eds, muchas de las cuales est\u00e1n en el completo abandono, estrategia que requiere del apoyo de la Acci\u00f3n Comunal.<\/p>\n\n\n\n<p>En este punto hizo una invitaci\u00f3n: \u201cEsperamos de ustedes entonces la realizaci\u00f3n de cabildos o asambleas, como quieran llamarlos, en cada departamento, en donde se convoquen las acciones comunales veredales rurales para, en una discusi\u00f3n sana, porque no alcanza la plata para todo, como siempre sabemos, se pueda priorizar cu\u00e1les v\u00edas del campesinado son las primeras en construir, empezando por las V\u00edas de la Paz\u201d.<\/p>\n\n\n\n<p><strong>Lucha contra el hambre<\/strong><\/p>\n\n\n\n<p>\u201cLa Acci\u00f3n Comunal puede ayudarnos en la lucha contra el hambre en Colombia\u201d, dijo tambi\u00e9n el Presidente Petro al indicar que esta es una batalla anunciada durante su campa\u00f1a presidencial.<\/p>\n\n\n\n<p>\u201cOjal\u00e1 esos alimentos se transporten a trav\u00e9s de la Acci\u00f3n Comunal, a abastecer el barrio donde hay hambre, all\u00e1 al lugar donde la ni\u00f1a o el ni\u00f1o puede morir de sed o de hambre\u201d, sostuvo.<\/p>\n\n\n\n<p><strong>Comunidades de conectividad<\/strong><\/p>\n\n\n\n<p>El Mandatario se refiri\u00f3 tambi\u00e9n a las \u2018comunidades de conectividad\u2019, estrategia de su Gobierno que busca extender las redes de fibra \u00f3ptica y banda ancha, con la ayuda de organizaciones sociales, para contribuir a la comunicaci\u00f3n y la educaci\u00f3n popular.<\/p>\n\n\n\n<p>Indic\u00f3 que las juntas de acci\u00f3n comunal pueden ayudar a ampliar estas redes de conectividad, en el campo y la ciudad, para que las ni\u00f1as y los ni\u00f1os puedan estudiar y complementar sus saberes y, a la vez, facilitar la organizaci\u00f3n popular en Colombia.<\/p>\n\n\n\n<p>En este sentido, el Mandatario envi\u00f3 un mensaje de unidad a las acciones comunales y las distintas organizaciones sociales, entre ellas las ind\u00edgenas y afro.<\/p>\n\n\n\n<p>\u201cLo que queremos es que haya una alianza entre organizaciones populares y que el Gobierno pueda ponerle el cemento a esa alianza y la pueda despertar\u201d, puntualiz\u00f3 el Presidente de la Rep\u00fablica.<\/p>\n","protected":false},"excerpt":{"rendered":"<p>El Presidente Gustavo Petro convoc\u00f3 a la Acci\u00f3n Comunal de Colombia a consolidar una gran alianza \u2013junto con otras organizaciones populares\u2013, con miras a construir una enorme red de generaci\u00f3n el\u00e9ctrica en el pa\u00eds que convierta a los usuarios en propietarios de este servicio p\u00fablico y a fortalecer las v\u00edas campesinas de la alimentaci\u00f3n, as\u00ed [&hellip;]<\/p>\n","protected":false},"author":2,"featured_media":0,"comment_status":"open","ping_status":"open","sticky":false,"template":"","format":"standard","meta":{"footnotes":""},"categories":[36,32],"tags":[],"class_list":["post-49163","post","type-post","status-publish","format-standard","hentry","category-destacado","category-nacional"],"yoast_head":"<!-- This site is optimized with the Yoast SEO plugin v26.6 - https:\/\/yoast.com\/wordpress\/plugins\/seo\/ -->\n<title>Petro convoca alianza con la Acci\u00f3n Comunal para red de generaci\u00f3n el\u00e9ctrica, v\u00edas campesinas y lucha contra el hambre -<\/title>\n<meta name=\"robots\" content=\"index, follow, max-snippet:-1, max-image-preview:large, max-video-preview:-1\" \/>\n<link rel=\"canonical\" href=\"https:\/\/luchonoticias.com\/editor\/petro-convoca-alianza-con-la-accion-comunal-para-red-de-generacion-electrica-vias-campesinas-y-lucha-contra-el-hambre\/\" \/>\n<meta property=\"og:locale\" content=\"es_ES\" \/>\n<meta property=\"og:type\" content=\"article\" \/>\n<meta property=\"og:title\" content=\"Petro convoca alianza con la Acci\u00f3n Comunal para red de generaci\u00f3n el\u00e9ctrica, v\u00edas campesinas y lucha contra el hambre -\" \/>\n<meta property=\"og:url\" content=\"https:\/\/luchonoticias.com\/editor\/petro-convoca-alianza-con-la-accion-comunal-para-red-de-generacion-electrica-vias-campesinas-y-lucha-contra-el-hambre\/\" \/>\n<meta property=\"article:publisher\" content=\"https:\/\/www.facebook.com\/luchonoticiasneiva\" \/>\n<meta property=\"article:published_time\" content=\"2023-03-27T10:16:41+00:00\" \/>\n<meta property=\"article:modified_time\" content=\"2023-03-27T10:16:43+00:00\" \/>\n<meta name=\"author\" content=\"Editor General\" \/>\n<meta name=\"twitter:card\" content=\"summary_large_image\" \/>\n<meta name=\"twitter:label1\" content=\"Escrito por\" \/>\n\t<meta name=\"twitter:data1\" content=\"Editor General\" \/>\n\t<meta name=\"twitter:label2\" content=\"Tiempo de lectura\" \/>\n\t<meta name=\"twitter:data2\" content=\"3 minutos\" \/>\n<script type=\"application\/ld+json\" class=\"yoast-schema-graph\">{\"@context\":\"https:\/\/schema.org\",\"@graph\":[{\"@type\":\"Article\",\"@id\":\"https:\/\/luchonoticias.com\/editor\/petro-convoca-alianza-con-la-accion-comunal-para-red-de-generacion-electrica-vias-campesinas-y-lucha-contra-el-hambre\/#article\",\"isPartOf\":{\"@id\":\"https:\/\/luchonoticias.com\/editor\/petro-convoca-alianza-con-la-accion-comunal-para-red-de-generacion-electrica-vias-campesinas-y-lucha-contra-el-hambre\/\"},\"author\":{\"name\":\"Editor General\",\"@id\":\"https:\/\/luchonoticias.com\/editor\/#\/schema\/person\/29217990ddf6f14e35912b2866d591fb\"},\"headline\":\"Petro convoca alianza con la Acci\u00f3n Comunal para red de generaci\u00f3n el\u00e9ctrica, v\u00edas campesinas y lucha contra el hambre\",\"datePublished\":\"2023-03-27T10:16:41+00:00\",\"dateModified\":\"2023-03-27T10:16:43+00:00\",\"mainEntityOfPage\":{\"@id\":\"https:\/\/luchonoticias.com\/editor\/petro-convoca-alianza-con-la-accion-comunal-para-red-de-generacion-electrica-vias-campesinas-y-lucha-contra-el-hambre\/\"},\"wordCount\":675,\"commentCount\":0,\"publisher\":{\"@id\":\"https:\/\/luchonoticias.com\/editor\/#\/schema\/person\/7a7fd911f58561fd056dbac7b55af9cd\"},\"articleSection\":[\"Destacado\",\"Nacional\"],\"inLanguage\":\"es\",\"potentialAction\":[{\"@type\":\"CommentAction\",\"name\":\"Comment\",\"target\":[\"https:\/\/luchonoticias.com\/editor\/petro-convoca-alianza-con-la-accion-comunal-para-red-de-generacion-electrica-vias-campesinas-y-lucha-contra-el-hambre\/#respond\"]}]},{\"@type\":\"WebPage\",\"@id\":\"https:\/\/luchonoticias.com\/editor\/petro-convoca-alianza-con-la-accion-comunal-para-red-de-generacion-electrica-vias-campesinas-y-lucha-contra-el-hambre\/\",\"url\":\"https:\/\/luchonoticias.com\/editor\/petro-convoca-alianza-con-la-accion-comunal-para-red-de-generacion-electrica-vias-campesinas-y-lucha-contra-el-hambre\/\",\"name\":\"Petro convoca alianza con la Acci\u00f3n Comunal para red de generaci\u00f3n el\u00e9ctrica, v\u00edas campesinas y lucha contra el hambre -\",\"isPartOf\":{\"@id\":\"https:\/\/luchonoticias.com\/editor\/#website\"},\"datePublished\":\"2023-03-27T10:16:41+00:00\",\"dateModified\":\"2023-03-27T10:16:43+00:00\",\"breadcrumb\":{\"@id\":\"https:\/\/luchonoticias.com\/editor\/petro-convoca-alianza-con-la-accion-comunal-para-red-de-generacion-electrica-vias-campesinas-y-lucha-contra-el-hambre\/#breadcrumb\"},\"inLanguage\":\"es\",\"potentialAction\":[{\"@type\":\"ReadAction\",\"target\":[\"https:\/\/luchonoticias.com\/editor\/petro-convoca-alianza-con-la-accion-comunal-para-red-de-generacion-electrica-vias-campesinas-y-lucha-contra-el-hambre\/\"]}]},{\"@type\":\"BreadcrumbList\",\"@id\":\"https:\/\/luchonoticias.com\/editor\/petro-convoca-alianza-con-la-accion-comunal-para-red-de-generacion-electrica-vias-campesinas-y-lucha-contra-el-hambre\/#breadcrumb\",\"itemListElement\":[{\"@type\":\"ListItem\",\"position\":1,\"name\":\"Portada\",\"item\":\"https:\/\/luchonoticias.com\/editor\/\"},{\"@type\":\"ListItem\",\"position\":2,\"name\":\"Petro convoca alianza con la Acci\u00f3n Comunal para red de generaci\u00f3n el\u00e9ctrica, v\u00edas campesinas y lucha contra el hambre\"}]},{\"@type\":\"WebSite\",\"@id\":\"https:\/\/luchonoticias.com\/editor\/#website\",\"url\":\"https:\/\/luchonoticias.com\/editor\/\",\"name\":\"\",\"description\":\"\",\"publisher\":{\"@id\":\"https:\/\/luchonoticias.com\/editor\/#\/schema\/person\/7a7fd911f58561fd056dbac7b55af9cd\"},\"potentialAction\":[{\"@type\":\"SearchAction\",\"target\":{\"@type\":\"EntryPoint\",\"urlTemplate\":\"https:\/\/luchonoticias.com\/editor\/?s={search_term_string}\"},\"query-input\":{\"@type\":\"PropertyValueSpecification\",\"valueRequired\":true,\"valueName\":\"search_term_string\"}}],\"inLanguage\":\"es\"},{\"@type\":[\"Person\",\"Organization\"],\"@id\":\"https:\/\/luchonoticias.com\/editor\/#\/schema\/person\/7a7fd911f58561fd056dbac7b55af9cd\",\"name\":\"admin\",\"image\":{\"@type\":\"ImageObject\",\"inLanguage\":\"es\",\"@id\":\"https:\/\/luchonoticias.com\/editor\/#\/schema\/person\/image\/\",\"url\":\"https:\/\/luchonoticias.com\/editor\/wp-content\/uploads\/2024\/02\/cropped-cropped-logolu.webp\",\"contentUrl\":\"https:\/\/luchonoticias.com\/editor\/wp-content\/uploads\/2024\/02\/cropped-cropped-logolu.webp\",\"width\":382,\"height\":170,\"caption\":\"admin\"},\"logo\":{\"@id\":\"https:\/\/luchonoticias.com\/editor\/#\/schema\/person\/image\/\"},\"sameAs\":[\"https:\/\/www.facebook.com\/luchonoticiasneiva\"]},{\"@type\":\"Person\",\"@id\":\"https:\/\/luchonoticias.com\/editor\/#\/schema\/person\/29217990ddf6f14e35912b2866d591fb\",\"name\":\"Editor General\",\"image\":{\"@type\":\"ImageObject\",\"inLanguage\":\"es\",\"@id\":\"https:\/\/luchonoticias.com\/editor\/#\/schema\/person\/image\/\",\"url\":\"https:\/\/luchonoticias.com\/editor\/wp-content\/uploads\/2024\/02\/cropped-cropped-logolu-150x150.webp\",\"contentUrl\":\"https:\/\/luchonoticias.com\/editor\/wp-content\/uploads\/2024\/02\/cropped-cropped-logolu-150x150.webp\",\"caption\":\"Editor General\"},\"sameAs\":[\"https:\/\/luchonoticias.com\/\"],\"url\":\"https:\/\/luchonoticias.com\/editor\/author\/editor-general\/\"}]}<\/script>\n<!-- \/ Yoast SEO plugin. -->","yoast_head_json":{"title":"Petro convoca alianza con la Acci\u00f3n Comunal para red de generaci\u00f3n el\u00e9ctrica, v\u00edas campesinas y lucha contra el hambre -","robots":{"index":"index","follow":"follow","max-snippet":"max-snippet:-1","max-image-preview":"max-image-preview:large","max-video-preview":"max-video-preview:-1"},"canonical":"https:\/\/luchonoticias.com\/editor\/petro-convoca-alianza-con-la-accion-comunal-para-red-de-generacion-electrica-vias-campesinas-y-lucha-contra-el-hambre\/","og_locale":"es_ES","og_type":"article","og_title":"Petro convoca alianza con la Acci\u00f3n Comunal para red de generaci\u00f3n el\u00e9ctrica, v\u00edas campesinas y lucha contra el hambre -","og_url":"https:\/\/luchonoticias.com\/editor\/petro-convoca-alianza-con-la-accion-comunal-para-red-de-generacion-electrica-vias-campesinas-y-lucha-contra-el-hambre\/","article_publisher":"https:\/\/www.facebook.com\/luchonoticiasneiva","article_published_time":"2023-03-27T10:16:41+00:00","article_modified_time":"2023-03-27T10:16:43+00:00","author":"Editor General","twitter_card":"summary_large_image","twitter_misc":{"Escrito por":"Editor General","Tiempo de lectura":"3 minutos"},"schema":{"@context":"https:\/\/schema.org","@graph":[{"@type":"Article","@id":"https:\/\/luchonoticias.com\/editor\/petro-convoca-alianza-con-la-accion-comunal-para-red-de-generacion-electrica-vias-campesinas-y-lucha-contra-el-hambre\/#article","isPartOf":{"@id":"https:\/\/luchonoticias.com\/editor\/petro-convoca-alianza-con-la-accion-comunal-para-red-de-generacion-electrica-vias-campesinas-y-lucha-contra-el-hambre\/"},"author":{"name":"Editor General","@id":"https:\/\/luchonoticias.com\/editor\/#\/schema\/person\/29217990ddf6f14e35912b2866d591fb"},"headline":"Petro convoca alianza con la Acci\u00f3n Comunal para red de generaci\u00f3n el\u00e9ctrica, v\u00edas campesinas y lucha contra el hambre","datePublished":"2023-03-27T10:16:41+00:00","dateModified":"2023-03-27T10:16:43+00:00","mainEntityOfPage":{"@id":"https:\/\/luchonoticias.com\/editor\/petro-convoca-alianza-con-la-accion-comunal-para-red-de-generacion-electrica-vias-campesinas-y-lucha-contra-el-hambre\/"},"wordCount":675,"commentCount":0,"publisher":{"@id":"https:\/\/luchonoticias.com\/editor\/#\/schema\/person\/7a7fd911f58561fd056dbac7b55af9cd"},"articleSection":["Destacado","Nacional"],"inLanguage":"es","potentialAction":[{"@type":"CommentAction","name":"Comment","target":["https:\/\/luchonoticias.com\/editor\/petro-convoca-alianza-con-la-accion-comunal-para-red-de-generacion-electrica-vias-campesinas-y-lucha-contra-el-hambre\/#respond"]}]},{"@type":"WebPage","@id":"https:\/\/luchonoticias.com\/editor\/petro-convoca-alianza-con-la-accion-comunal-para-red-de-generacion-electrica-vias-campesinas-y-lucha-contra-el-hambre\/","url":"https:\/\/luchonoticias.com\/editor\/petro-convoca-alianza-con-la-accion-comunal-para-red-de-generacion-electrica-vias-campesinas-y-lucha-contra-el-hambre\/","name":"Petro convoca alianza con la Acci\u00f3n Comunal para red de generaci\u00f3n el\u00e9ctrica, v\u00edas campesinas y lucha contra el hambre -","isPartOf":{"@id":"https:\/\/luchonoticias.com\/editor\/#website"},"datePublished":"2023-03-27T10:16:41+00:00","dateModified":"2023-03-27T10:16:43+00:00","breadcrumb":{"@id":"https:\/\/luchonoticias.com\/editor\/petro-convoca-alianza-con-la-accion-comunal-para-red-de-generacion-electrica-vias-campesinas-y-lucha-contra-el-hambre\/#breadcrumb"},"inLanguage":"es","potentialAction":[{"@type":"ReadAction","target":["https:\/\/luchonoticias.com\/editor\/petro-convoca-alianza-con-la-accion-comunal-para-red-de-generacion-electrica-vias-campesinas-y-lucha-contra-el-hambre\/"]}]},{"@type":"BreadcrumbList","@id":"https:\/\/luchonoticias.com\/editor\/petro-convoca-alianza-con-la-accion-comunal-para-red-de-generacion-electrica-vias-campesinas-y-lucha-contra-el-hambre\/#breadcrumb","itemListElement":[{"@type":"ListItem","position":1,"name":"Portada","item":"https:\/\/luchonoticias.com\/editor\/"},{"@type":"ListItem","position":2,"name":"Petro convoca alianza con la Acci\u00f3n Comunal para red de generaci\u00f3n el\u00e9ctrica, v\u00edas campesinas y lucha contra el hambre"}]},{"@type":"WebSite","@id":"https:\/\/luchonoticias.com\/editor\/#website","url":"https:\/\/luchonoticias.com\/editor\/","name":"","description":"","publisher":{"@id":"https:\/\/luchonoticias.com\/editor\/#\/schema\/person\/7a7fd911f58561fd056dbac7b55af9cd"},"potentialAction":[{"@type":"SearchAction","target":{"@type":"EntryPoint","urlTemplate":"https:\/\/luchonoticias.com\/editor\/?s={search_term_string}"},"query-input":{"@type":"PropertyValueSpecification","valueRequired":true,"valueName":"search_term_string"}}],"inLanguage":"es"},{"@type":["Person","Organization"],"@id":"https:\/\/luchonoticias.com\/editor\/#\/schema\/person\/7a7fd911f58561fd056dbac7b55af9cd","name":"admin","image":{"@type":"ImageObject","inLanguage":"es","@id":"https:\/\/luchonoticias.com\/editor\/#\/schema\/person\/image\/","url":"https:\/\/luchonoticias.com\/editor\/wp-content\/uploads\/2024\/02\/cropped-cropped-logolu.webp","contentUrl":"https:\/\/luchonoticias.com\/editor\/wp-content\/uploads\/2024\/02\/cropped-cropped-logolu.webp","width":382,"height":170,"caption":"admin"},"logo":{"@id":"https:\/\/luchonoticias.com\/editor\/#\/schema\/person\/image\/"},"sameAs":["https:\/\/www.facebook.com\/luchonoticiasneiva"]},{"@type":"Person","@id":"https:\/\/luchonoticias.com\/editor\/#\/schema\/person\/29217990ddf6f14e35912b2866d591fb","name":"Editor General","image":{"@type":"ImageObject","inLanguage":"es","@id":"https:\/\/luchonoticias.com\/editor\/#\/schema\/person\/image\/","url":"https:\/\/luchonoticias.com\/editor\/wp-content\/uploads\/2024\/02\/cropped-cropped-logolu-150x150.webp","contentUrl":"https:\/\/luchonoticias.com\/editor\/wp-content\/uploads\/2024\/02\/cropped-cropped-logolu-150x150.webp","caption":"Editor General"},"sameAs":["https:\/\/luchonoticias.com\/"],"url":"https:\/\/luchonoticias.com\/editor\/author\/editor-general\/"}]}},"_links":{"self":[{"href":"https:\/\/luchonoticias.com\/editor\/wp-json\/wp\/v2\/posts\/49163","targetHints":{"allow":["GET"]}}],"collection":[{"href":"https:\/\/luchonoticias.com\/editor\/wp-json\/wp\/v2\/posts"}],"about":[{"href":"https:\/\/luchonoticias.com\/editor\/wp-json\/wp\/v2\/types\/post"}],"author":[{"embeddable":true,"href":"https:\/\/luchonoticias.com\/editor\/wp-json\/wp\/v2\/users\/2"}],"replies":[{"embeddable":true,"href":"https:\/\/luchonoticias.com\/editor\/wp-json\/wp\/v2\/comments?post=49163"}],"version-history":[{"count":0,"href":"https:\/\/luchonoticias.com\/editor\/wp-json\/wp\/v2\/posts\/49163\/revisions"}],"wp:attachment":[{"href":"https:\/\/luchonoticias.com\/editor\/wp-json\/wp\/v2\/media?parent=49163"}],"wp:term":[{"taxonomy":"category","embeddable":true,"href":"https:\/\/luchonoticias.com\/editor\/wp-json\/wp\/v2\/categories?post=49163"},{"taxonomy":"post_tag","embeddable":true,"href":"https:\/\/luchonoticias.com\/editor\/wp-json\/wp\/v2\/tags?post=49163"}],"curies":[{"name":"wp","href":"https:\/\/api.w.org\/{rel}","templated":true}]}}