{"id":49177,"date":"2023-03-27T06:51:20","date_gmt":"2023-03-27T11:51:20","guid":{"rendered":"https:\/\/luchonoticias.com\/?p=49177"},"modified":"2023-03-27T06:51:21","modified_gmt":"2023-03-27T11:51:21","slug":"durante-el-fin-de-semana-7-personas-capturadas-en-flagrancia-y-5-por-orden-judicial-en-el-huila","status":"publish","type":"post","link":"https:\/\/luchonoticias.com\/editor\/durante-el-fin-de-semana-7-personas-capturadas-en-flagrancia-y-5-por-orden-judicial-en-el-huila\/","title":{"rendered":"Durante el fin de semana 7 personas capturadas en flagrancia y 5 por orden judicial en el Huila"},"content":{"rendered":"\n<p>En un fin de semana tranquilo por la no ocurrencia hasta el momento de hechos violentos y gracias a los planes de control en establecimientos p\u00fablicos de comercio de licor y sobre las principales v\u00edas p\u00fablicas con alto flujo de personas, se logr\u00f3 la incautaci\u00f3n de 3 armas traum\u00e1ticas y cerca de 50 armas corto punzantes.<\/p>\n\n\n\n<p>As\u00ed mismo, lograron capturas por el delito de lesiones personales, extorsi\u00f3n, violencia intrafamiliar, porte ilegal de armas de fuego y acceso carnal abusivo.&nbsp;<\/p>\n\n\n\n<p>En la lucha contra microtr\u00e1fico, se incautaron cerca de 500 dosis de marihuana que fueron abandonadas por un grupo de j\u00f3venes sobre una zona verde de la vereda San Isidro. Sitio muy frecuentado por consumidores de ese sector.\u00a0\u00a0\u00a0<\/p>\n\n\n\n<figure class=\"wp-block-video\"><video controls src=\"https:\/\/luchonoticias.com\/wp-content\/uploads\/2023\/03\/WhatsApp-Video-2023-03-26-at-6.46.06-PM-1.mp4\"><\/video><\/figure>\n\n\n\n<p>En cuanto a la aplicaci\u00f3n del C\u00f3digo de Convivencia y Seguridad Ciudadana, fueron impuestos 70 \u00f3rdenes de comparendos por comportamientos contrarios a la convivencia, teniendo como faltas m\u00e1s recurrentes, aquellas que ponen en riesgo la vida e integridad, 46 portar armas, elementos cortantes, punzantes o semejantes, 14 por re\u00f1ir, incitar o incurrir en confrontaciones violentas y 11 portar o consumir sustancias prohibidas en espacios p\u00fablicos. Cabe resaltar que los municipios con mayor \u00edndice de infracciones son Pitalito 12, Tello 10 y San Agust\u00edn con 6&nbsp;&nbsp;&nbsp;&nbsp;&nbsp;<\/p>\n","protected":false},"excerpt":{"rendered":"<p>En un fin de semana tranquilo por la no ocurrencia hasta el momento de hechos violentos y gracias a los planes de control en establecimientos p\u00fablicos de comercio de licor y sobre las principales v\u00edas p\u00fablicas con alto flujo de personas, se logr\u00f3 la incautaci\u00f3n de 3 armas traum\u00e1ticas y cerca de 50 armas corto [&hellip;]<\/p>\n","protected":false},"author":2,"featured_media":0,"comment_status":"open","ping_status":"open","sticky":false,"template":"","format":"standard","meta":{"footnotes":""},"categories":[36,29,3962],"tags":[],"class_list":["post-49177","post","type-post","status-publish","format-standard","hentry","category-destacado","category-judicial","category-videos"],"yoast_head":"<!-- This site is optimized with the Yoast SEO plugin v26.6 - https:\/\/yoast.com\/wordpress\/plugins\/seo\/ -->\n<title>Durante el fin de semana 7 personas capturadas en flagrancia y 5 por orden judicial en el Huila -<\/title>\n<meta name=\"robots\" content=\"index, follow, max-snippet:-1, max-image-preview:large, max-video-preview:-1\" \/>\n<link rel=\"canonical\" href=\"https:\/\/luchonoticias.com\/editor\/durante-el-fin-de-semana-7-personas-capturadas-en-flagrancia-y-5-por-orden-judicial-en-el-huila\/\" \/>\n<meta property=\"og:locale\" content=\"es_ES\" \/>\n<meta property=\"og:type\" content=\"article\" \/>\n<meta property=\"og:title\" content=\"Durante el fin de semana 7 personas capturadas en flagrancia y 5 por orden judicial en el Huila -\" \/>\n<meta property=\"og:url\" content=\"https:\/\/luchonoticias.com\/editor\/durante-el-fin-de-semana-7-personas-capturadas-en-flagrancia-y-5-por-orden-judicial-en-el-huila\/\" \/>\n<meta property=\"article:publisher\" content=\"https:\/\/www.facebook.com\/luchonoticiasneiva\" \/>\n<meta property=\"article:published_time\" content=\"2023-03-27T11:51:20+00:00\" \/>\n<meta property=\"article:modified_time\" content=\"2023-03-27T11:51:21+00:00\" \/>\n<meta name=\"author\" content=\"Editor General\" \/>\n<meta name=\"twitter:card\" content=\"summary_large_image\" \/>\n<meta name=\"twitter:label1\" content=\"Escrito por\" \/>\n\t<meta name=\"twitter:data1\" content=\"Editor General\" \/>\n\t<meta name=\"twitter:label2\" content=\"Tiempo de lectura\" \/>\n\t<meta name=\"twitter:data2\" content=\"1 minuto\" \/>\n<script type=\"application\/ld+json\" class=\"yoast-schema-graph\">{\"@context\":\"https:\/\/schema.org\",\"@graph\":[{\"@type\":\"Article\",\"@id\":\"https:\/\/luchonoticias.com\/editor\/durante-el-fin-de-semana-7-personas-capturadas-en-flagrancia-y-5-por-orden-judicial-en-el-huila\/#article\",\"isPartOf\":{\"@id\":\"https:\/\/luchonoticias.com\/editor\/durante-el-fin-de-semana-7-personas-capturadas-en-flagrancia-y-5-por-orden-judicial-en-el-huila\/\"},\"author\":{\"name\":\"Editor General\",\"@id\":\"https:\/\/luchonoticias.com\/editor\/#\/schema\/person\/29217990ddf6f14e35912b2866d591fb\"},\"headline\":\"Durante el fin de semana 7 personas capturadas en flagrancia y 5 por orden judicial en el Huila\",\"datePublished\":\"2023-03-27T11:51:20+00:00\",\"dateModified\":\"2023-03-27T11:51:21+00:00\",\"mainEntityOfPage\":{\"@id\":\"https:\/\/luchonoticias.com\/editor\/durante-el-fin-de-semana-7-personas-capturadas-en-flagrancia-y-5-por-orden-judicial-en-el-huila\/\"},\"wordCount\":228,\"commentCount\":0,\"publisher\":{\"@id\":\"https:\/\/luchonoticias.com\/editor\/#\/schema\/person\/7a7fd911f58561fd056dbac7b55af9cd\"},\"articleSection\":[\"Destacado\",\"Judicial\",\"Videos\"],\"inLanguage\":\"es\",\"potentialAction\":[{\"@type\":\"CommentAction\",\"name\":\"Comment\",\"target\":[\"https:\/\/luchonoticias.com\/editor\/durante-el-fin-de-semana-7-personas-capturadas-en-flagrancia-y-5-por-orden-judicial-en-el-huila\/#respond\"]}]},{\"@type\":\"WebPage\",\"@id\":\"https:\/\/luchonoticias.com\/editor\/durante-el-fin-de-semana-7-personas-capturadas-en-flagrancia-y-5-por-orden-judicial-en-el-huila\/\",\"url\":\"https:\/\/luchonoticias.com\/editor\/durante-el-fin-de-semana-7-personas-capturadas-en-flagrancia-y-5-por-orden-judicial-en-el-huila\/\",\"name\":\"Durante el fin de semana 7 personas capturadas en flagrancia y 5 por orden judicial en el Huila -\",\"isPartOf\":{\"@id\":\"https:\/\/luchonoticias.com\/editor\/#website\"},\"datePublished\":\"2023-03-27T11:51:20+00:00\",\"dateModified\":\"2023-03-27T11:51:21+00:00\",\"breadcrumb\":{\"@id\":\"https:\/\/luchonoticias.com\/editor\/durante-el-fin-de-semana-7-personas-capturadas-en-flagrancia-y-5-por-orden-judicial-en-el-huila\/#breadcrumb\"},\"inLanguage\":\"es\",\"potentialAction\":[{\"@type\":\"ReadAction\",\"target\":[\"https:\/\/luchonoticias.com\/editor\/durante-el-fin-de-semana-7-personas-capturadas-en-flagrancia-y-5-por-orden-judicial-en-el-huila\/\"]}]},{\"@type\":\"BreadcrumbList\",\"@id\":\"https:\/\/luchonoticias.com\/editor\/durante-el-fin-de-semana-7-personas-capturadas-en-flagrancia-y-5-por-orden-judicial-en-el-huila\/#breadcrumb\",\"itemListElement\":[{\"@type\":\"ListItem\",\"position\":1,\"name\":\"Portada\",\"item\":\"https:\/\/luchonoticias.com\/editor\/\"},{\"@type\":\"ListItem\",\"position\":2,\"name\":\"Durante el fin de semana 7 personas capturadas en flagrancia y 5 por orden judicial en el Huila\"}]},{\"@type\":\"WebSite\",\"@id\":\"https:\/\/luchonoticias.com\/editor\/#website\",\"url\":\"https:\/\/luchonoticias.com\/editor\/\",\"name\":\"\",\"description\":\"\",\"publisher\":{\"@id\":\"https:\/\/luchonoticias.com\/editor\/#\/schema\/person\/7a7fd911f58561fd056dbac7b55af9cd\"},\"potentialAction\":[{\"@type\":\"SearchAction\",\"target\":{\"@type\":\"EntryPoint\",\"urlTemplate\":\"https:\/\/luchonoticias.com\/editor\/?s={search_term_string}\"},\"query-input\":{\"@type\":\"PropertyValueSpecification\",\"valueRequired\":true,\"valueName\":\"search_term_string\"}}],\"inLanguage\":\"es\"},{\"@type\":[\"Person\",\"Organization\"],\"@id\":\"https:\/\/luchonoticias.com\/editor\/#\/schema\/person\/7a7fd911f58561fd056dbac7b55af9cd\",\"name\":\"admin\",\"image\":{\"@type\":\"ImageObject\",\"inLanguage\":\"es\",\"@id\":\"https:\/\/luchonoticias.com\/editor\/#\/schema\/person\/image\/\",\"url\":\"https:\/\/luchonoticias.com\/editor\/wp-content\/uploads\/2024\/02\/cropped-cropped-logolu.webp\",\"contentUrl\":\"https:\/\/luchonoticias.com\/editor\/wp-content\/uploads\/2024\/02\/cropped-cropped-logolu.webp\",\"width\":382,\"height\":170,\"caption\":\"admin\"},\"logo\":{\"@id\":\"https:\/\/luchonoticias.com\/editor\/#\/schema\/person\/image\/\"},\"sameAs\":[\"https:\/\/www.facebook.com\/luchonoticiasneiva\"]},{\"@type\":\"Person\",\"@id\":\"https:\/\/luchonoticias.com\/editor\/#\/schema\/person\/29217990ddf6f14e35912b2866d591fb\",\"name\":\"Editor General\",\"image\":{\"@type\":\"ImageObject\",\"inLanguage\":\"es\",\"@id\":\"https:\/\/luchonoticias.com\/editor\/#\/schema\/person\/image\/\",\"url\":\"https:\/\/luchonoticias.com\/editor\/wp-content\/uploads\/2024\/02\/cropped-cropped-logolu-150x150.webp\",\"contentUrl\":\"https:\/\/luchonoticias.com\/editor\/wp-content\/uploads\/2024\/02\/cropped-cropped-logolu-150x150.webp\",\"caption\":\"Editor General\"},\"sameAs\":[\"https:\/\/luchonoticias.com\/\"],\"url\":\"https:\/\/luchonoticias.com\/editor\/author\/editor-general\/\"}]}<\/script>\n<!-- \/ Yoast SEO plugin. -->","yoast_head_json":{"title":"Durante el fin de semana 7 personas capturadas en flagrancia y 5 por orden judicial en el Huila -","robots":{"index":"index","follow":"follow","max-snippet":"max-snippet:-1","max-image-preview":"max-image-preview:large","max-video-preview":"max-video-preview:-1"},"canonical":"https:\/\/luchonoticias.com\/editor\/durante-el-fin-de-semana-7-personas-capturadas-en-flagrancia-y-5-por-orden-judicial-en-el-huila\/","og_locale":"es_ES","og_type":"article","og_title":"Durante el fin de semana 7 personas capturadas en flagrancia y 5 por orden judicial en el Huila -","og_url":"https:\/\/luchonoticias.com\/editor\/durante-el-fin-de-semana-7-personas-capturadas-en-flagrancia-y-5-por-orden-judicial-en-el-huila\/","article_publisher":"https:\/\/www.facebook.com\/luchonoticiasneiva","article_published_time":"2023-03-27T11:51:20+00:00","article_modified_time":"2023-03-27T11:51:21+00:00","author":"Editor General","twitter_card":"summary_large_image","twitter_misc":{"Escrito por":"Editor General","Tiempo de lectura":"1 minuto"},"schema":{"@context":"https:\/\/schema.org","@graph":[{"@type":"Article","@id":"https:\/\/luchonoticias.com\/editor\/durante-el-fin-de-semana-7-personas-capturadas-en-flagrancia-y-5-por-orden-judicial-en-el-huila\/#article","isPartOf":{"@id":"https:\/\/luchonoticias.com\/editor\/durante-el-fin-de-semana-7-personas-capturadas-en-flagrancia-y-5-por-orden-judicial-en-el-huila\/"},"author":{"name":"Editor General","@id":"https:\/\/luchonoticias.com\/editor\/#\/schema\/person\/29217990ddf6f14e35912b2866d591fb"},"headline":"Durante el fin de semana 7 personas capturadas en flagrancia y 5 por orden judicial en el Huila","datePublished":"2023-03-27T11:51:20+00:00","dateModified":"2023-03-27T11:51:21+00:00","mainEntityOfPage":{"@id":"https:\/\/luchonoticias.com\/editor\/durante-el-fin-de-semana-7-personas-capturadas-en-flagrancia-y-5-por-orden-judicial-en-el-huila\/"},"wordCount":228,"commentCount":0,"publisher":{"@id":"https:\/\/luchonoticias.com\/editor\/#\/schema\/person\/7a7fd911f58561fd056dbac7b55af9cd"},"articleSection":["Destacado","Judicial","Videos"],"inLanguage":"es","potentialAction":[{"@type":"CommentAction","name":"Comment","target":["https:\/\/luchonoticias.com\/editor\/durante-el-fin-de-semana-7-personas-capturadas-en-flagrancia-y-5-por-orden-judicial-en-el-huila\/#respond"]}]},{"@type":"WebPage","@id":"https:\/\/luchonoticias.com\/editor\/durante-el-fin-de-semana-7-personas-capturadas-en-flagrancia-y-5-por-orden-judicial-en-el-huila\/","url":"https:\/\/luchonoticias.com\/editor\/durante-el-fin-de-semana-7-personas-capturadas-en-flagrancia-y-5-por-orden-judicial-en-el-huila\/","name":"Durante el fin de semana 7 personas capturadas en flagrancia y 5 por orden judicial en el Huila -","isPartOf":{"@id":"https:\/\/luchonoticias.com\/editor\/#website"},"datePublished":"2023-03-27T11:51:20+00:00","dateModified":"2023-03-27T11:51:21+00:00","breadcrumb":{"@id":"https:\/\/luchonoticias.com\/editor\/durante-el-fin-de-semana-7-personas-capturadas-en-flagrancia-y-5-por-orden-judicial-en-el-huila\/#breadcrumb"},"inLanguage":"es","potentialAction":[{"@type":"ReadAction","target":["https:\/\/luchonoticias.com\/editor\/durante-el-fin-de-semana-7-personas-capturadas-en-flagrancia-y-5-por-orden-judicial-en-el-huila\/"]}]},{"@type":"BreadcrumbList","@id":"https:\/\/luchonoticias.com\/editor\/durante-el-fin-de-semana-7-personas-capturadas-en-flagrancia-y-5-por-orden-judicial-en-el-huila\/#breadcrumb","itemListElement":[{"@type":"ListItem","position":1,"name":"Portada","item":"https:\/\/luchonoticias.com\/editor\/"},{"@type":"ListItem","position":2,"name":"Durante el fin de semana 7 personas capturadas en flagrancia y 5 por orden judicial en el Huila"}]},{"@type":"WebSite","@id":"https:\/\/luchonoticias.com\/editor\/#website","url":"https:\/\/luchonoticias.com\/editor\/","name":"","description":"","publisher":{"@id":"https:\/\/luchonoticias.com\/editor\/#\/schema\/person\/7a7fd911f58561fd056dbac7b55af9cd"},"potentialAction":[{"@type":"SearchAction","target":{"@type":"EntryPoint","urlTemplate":"https:\/\/luchonoticias.com\/editor\/?s={search_term_string}"},"query-input":{"@type":"PropertyValueSpecification","valueRequired":true,"valueName":"search_term_string"}}],"inLanguage":"es"},{"@type":["Person","Organization"],"@id":"https:\/\/luchonoticias.com\/editor\/#\/schema\/person\/7a7fd911f58561fd056dbac7b55af9cd","name":"admin","image":{"@type":"ImageObject","inLanguage":"es","@id":"https:\/\/luchonoticias.com\/editor\/#\/schema\/person\/image\/","url":"https:\/\/luchonoticias.com\/editor\/wp-content\/uploads\/2024\/02\/cropped-cropped-logolu.webp","contentUrl":"https:\/\/luchonoticias.com\/editor\/wp-content\/uploads\/2024\/02\/cropped-cropped-logolu.webp","width":382,"height":170,"caption":"admin"},"logo":{"@id":"https:\/\/luchonoticias.com\/editor\/#\/schema\/person\/image\/"},"sameAs":["https:\/\/www.facebook.com\/luchonoticiasneiva"]},{"@type":"Person","@id":"https:\/\/luchonoticias.com\/editor\/#\/schema\/person\/29217990ddf6f14e35912b2866d591fb","name":"Editor General","image":{"@type":"ImageObject","inLanguage":"es","@id":"https:\/\/luchonoticias.com\/editor\/#\/schema\/person\/image\/","url":"https:\/\/luchonoticias.com\/editor\/wp-content\/uploads\/2024\/02\/cropped-cropped-logolu-150x150.webp","contentUrl":"https:\/\/luchonoticias.com\/editor\/wp-content\/uploads\/2024\/02\/cropped-cropped-logolu-150x150.webp","caption":"Editor General"},"sameAs":["https:\/\/luchonoticias.com\/"],"url":"https:\/\/luchonoticias.com\/editor\/author\/editor-general\/"}]}},"_links":{"self":[{"href":"https:\/\/luchonoticias.com\/editor\/wp-json\/wp\/v2\/posts\/49177","targetHints":{"allow":["GET"]}}],"collection":[{"href":"https:\/\/luchonoticias.com\/editor\/wp-json\/wp\/v2\/posts"}],"about":[{"href":"https:\/\/luchonoticias.com\/editor\/wp-json\/wp\/v2\/types\/post"}],"author":[{"embeddable":true,"href":"https:\/\/luchonoticias.com\/editor\/wp-json\/wp\/v2\/users\/2"}],"replies":[{"embeddable":true,"href":"https:\/\/luchonoticias.com\/editor\/wp-json\/wp\/v2\/comments?post=49177"}],"version-history":[{"count":0,"href":"https:\/\/luchonoticias.com\/editor\/wp-json\/wp\/v2\/posts\/49177\/revisions"}],"wp:attachment":[{"href":"https:\/\/luchonoticias.com\/editor\/wp-json\/wp\/v2\/media?parent=49177"}],"wp:term":[{"taxonomy":"category","embeddable":true,"href":"https:\/\/luchonoticias.com\/editor\/wp-json\/wp\/v2\/categories?post=49177"},{"taxonomy":"post_tag","embeddable":true,"href":"https:\/\/luchonoticias.com\/editor\/wp-json\/wp\/v2\/tags?post=49177"}],"curies":[{"name":"wp","href":"https:\/\/api.w.org\/{rel}","templated":true}]}}