{"id":49200,"date":"2023-03-27T08:06:01","date_gmt":"2023-03-27T13:06:01","guid":{"rendered":"https:\/\/luchonoticias.com\/?p=49200"},"modified":"2023-03-27T08:12:36","modified_gmt":"2023-03-27T13:12:36","slug":"gobernador-estuvo-de-visita-en-garzon","status":"publish","type":"post","link":"https:\/\/luchonoticias.com\/editor\/gobernador-estuvo-de-visita-en-garzon\/","title":{"rendered":"Gobernador estuvo de visita en Garz\u00f3n"},"content":{"rendered":"\n<p>Millonarios recursos para la salud, las v\u00edas y vivienda de los garzone\u00f1os, as\u00ed como proyectos y obras en ciencia, tecnolog\u00eda e innovaci\u00f3n para el turismo, la competitividad y el sector agropecuario hicieron parte del balance presentado por el primer mandatario de los huilenses, Luis Enrique Duss\u00e1n L\u00f3pez, en su visita al municipio de garz\u00f3n para dar cuenta del avance del Plan de Desarrollo en esta zona del departamento.<\/p>\n\n\n\n<p>En el inicio de su intervenci\u00f3n el mandatario regional expres\u00f3 que su gobierno hab\u00eda sido muy responsable al<strong>&nbsp;terminar las obras contratadas e iniciadas en el gobierno anterior<\/strong>&nbsp;y espera que quien lo reemplace en el pr\u00f3ximo periodo, haga lo propio y concluya eficientemente las obras que van a quedar contratadas e iniciadas en el presente periodo gubernamental Huila Crece.<\/p>\n\n\n\n<p>\u201cAqu\u00ed en el centro del departamento estamos&nbsp;<strong>trabajando una v\u00eda clave que es la rehabilitaci\u00f3n de la v\u00eda Garz\u00f3n-Agrado-Pital,<\/strong>&nbsp;un proyecto muy importante que est\u00e1 en ejecuci\u00f3n, cuando culmin\u00f3 la obra nos dimos cuenta que faltaron tramos claves, incluso le hicimos una adici\u00f3n porque esa obra arranc\u00f3 con $3.600 millones, luego le adicionamos $1.600 millones y ahora nos comprometimos con $5.000 millones m\u00e1s, va terminar siendo una obra de cerca de $10.000 millones. Entonces hoy ratificamos que vamos a meter los $5.000 millones para esa v\u00eda que es muy importante\u00bb precis\u00f3 el mandatario departamental.<\/p>\n\n\n\n<p>Asimismo, sobre la&nbsp;<strong>rehabilitaci\u00f3n de la v\u00eda Garz\u00f3n-Zuluaga-Gigante&nbsp;<\/strong>el Gobernador precis\u00f3 que para esta semana se publicar\u00e1 la licitaci\u00f3n de esta obra, \u201caprobamos cerca de $7.200 millones, hace parte de la Ruta M\u00e1gica del Caf\u00e9, y para el d\u00eda lunes ya estar\u00e1 en p\u00e1gina\u201d, dijo.<\/p>\n\n\n\n<h5 class=\"wp-block-heading\">Haciendo historia en turismo y competitividad<\/h5>\n\n\n\n<p>El&nbsp;<strong>nuevo Centro de Innovaci\u00f3n Parque Tecnol\u00f3gico Manila de Garz\u00f3n es una realidad<\/strong>, sus obras ser\u00e1n entregadas en los pr\u00f3ximos meses, sobre esta iniciativa se refiri\u00f3 el gobernador, \u201cla Gobernaci\u00f3n est\u00e1 aportando casi $6.000 millones y la Alcald\u00eda $538 millones, faltan los recursos del Sena con quien tambi\u00e9n estamos trabajando en el centro del departamento, eso es muy importante, vamos a poner a Manila a volar, ser\u00e1 el centro de innovaci\u00f3n m\u00e1s importante del sur colombiano\u201d, indic\u00f3.<\/p>\n\n\n\n<p>Durante su recorrido en Garz\u00f3n, el Gobernador del Huila, visit\u00f3 el corregimiento de Zuluaga, para cerrar con broche de oro el\u00a0<strong>Programa de Fortalecimiento de la Competitividad Tur\u00edstica de la \u2018Ruta M\u00e1gica del Caf\u00e9\u2019<\/strong>, un sue\u00f1o hecho realidad de la mano del gobierno \u201cHuila Crece\u201d con el apoyo de la Cooperaci\u00f3n Internacional.<\/p>\n\n\n\n<p><\/p>\n\n\n\n<iframe loading=\"lazy\" src=\"https:\/\/www.facebook.com\/plugins\/post.php?href=https%3A%2F%2Fwww.facebook.com%2Fhuilagob%2Fposts%2Fpfbid088GN1wFv2a36FQtnkTB8WdnZ3nPopjoZAW3d7DeDdUP9Y4pMoV33LRDTJGawAK2Pl&#038;show_text=true&#038;width=500\" width=\"500\" height=\"761\" style=\"border:none;overflow:hidden\" scrolling=\"no\" frameborder=\"0\" allowfullscreen=\"true\" allow=\"autoplay; clipboard-write; encrypted-media; picture-in-picture; web-share\"><\/iframe>\n\n\n\n<p><\/p>\n\n\n\n<p>Hoy el mundo ve con otros ojos el centro del departamento del Huila, gracias al esfuerzo y gesti\u00f3n del gobierno del ingeniero, Luis Enrique Duss\u00e1n L\u00f3pez. Una iniciativa que busca promover y destacar los atractivos tur\u00edsticos relacionados con la producci\u00f3n de caf\u00e9 en la regi\u00f3n. Esta ruta cuenta con lugares emblem\u00e1ticos que permiten conocer la historia, cultura y tradici\u00f3n detr\u00e1s del caf\u00e9 huilense.<\/p>\n\n\n\n<p>\u201cEsto le est\u00e1 cambiando la vida a la poblaci\u00f3n, a su gente, por ejemplo, con el plan fachadas que no solo es pintura sino muralismo, aves y eso motiva,&nbsp;<strong>realizamos se\u00f1alizaci\u00f3n vial, fundamental para el desarrollo tur\u00edstico, bici turismo&nbsp;<\/strong>y en el Huila ya tenemos dos bicirutas con todos los est\u00e1ndares, una en La Tatacoa y otra en la Ruta M\u00e1gica del Caf\u00e9 con c\u00f3digo QR en la se\u00f1al\u00e9tica que hace parte de los atractivos para que la gente se ubique\u201d, a\u00f1adi\u00f3.<\/p>\n\n\n\n<p>Durante el acto el primer mandatario de los huilenses recibi\u00f3 un reconocimiento de los empresarios tur\u00edsticos de la \u2018Ruta M\u00e1gica del Caf\u00e9\u2019 de los municipios de Gigante y Garz\u00f3n, por su decidido apoyo en materializar proyectos e iniciativas que contribuyeron al crecimiento de este cl\u00faster tur\u00edstico en esta zona del pa\u00eds, que hoy escoge al Huila por el turismo rural, agroturismo y por tener el mejor caf\u00e9.<\/p>\n\n\n\n<p><\/p>\n\n\n\n<iframe loading=\"lazy\" src=\"https:\/\/www.facebook.com\/plugins\/post.php?href=https%3A%2F%2Fwww.facebook.com%2Fhuilagob%2Fposts%2Fpfbid02JkY99by5DxabtVQRULJb6F65MKPzgiLVZu4EK1Y9Vrrg1teKFF1PAan2f2bXTL9Jl&#038;show_text=true&#038;width=500\" width=\"500\" height=\"748\" style=\"border:none;overflow:hidden\" scrolling=\"no\" frameborder=\"0\" allowfullscreen=\"true\" allow=\"autoplay; clipboard-write; encrypted-media; picture-in-picture; web-share\"><\/iframe>\n\n\n\n<p><\/p>\n\n\n\n<h5 class=\"wp-block-heading\">Grandes esfuerzos en salud y vivienda<\/h5>\n\n\n\n<p>Un resumen de las acciones en favor de la salud tambi\u00e9n las expuso el Gobernador tras su visita al centro del Huila, \u201cfuimos el \u00fanico departamento que logr\u00f3&nbsp;<strong>garantizar que todos los huilenses tuvieran atenci\u00f3n en pandemia<\/strong>, es m\u00e1s nos mandaron pacientes de otros departamentos, me criticaron por eso, pero es que quintuplicamos la capacidad de Cuidados Intensivos, hicimos un trabajo muy fuerte tambi\u00e9n con las ESES municipales y logramos sacar adelante la crisis de salud, fuimos ejemplo nacional con el COVID, nos toc\u00f3 sacar recursos de otros sectores para atender la pandemia, pero era lo m\u00e1s importante, la vida de los huilenses\u201d, expuso.<\/p>\n\n\n\n<p>Se refiri\u00f3 adem\u00e1s al&nbsp;<strong>proyecto de salud m\u00e1s importante en muchos a\u00f1os en el departamento del Huila<\/strong>, \u201ccuando hicimos el empalme nos dejaron unos recursos para el hospital, asimismo, conseguimos recursos nacionales y tambi\u00e9n aportamos recursos adicionales, hoy en d\u00eda tenemos la plata, abrimos la licitaci\u00f3n no se present\u00f3 nadie, $80.000 millones vale ese proyecto, pero est\u00e1 desfinanciado, los costos son mayores por el incremento del IPC, las importaciones, los costos, la mano de obra, entonces estamos haciendo ajustes, seguramente tenemos que meterle dinero adicional, los congresistas nos est\u00e1n apoyando\u201d especific\u00f3.<\/p>\n\n\n\n<p>Sobre vivienda Duss\u00e1n L\u00f3pez recalc\u00f3 que en el centro del departamento&nbsp;<strong>los proyectos que se adelantan benefician a casi 600 familias y el total de la inversi\u00f3n est\u00e1 en el orden de los $43.000 millones&nbsp;<\/strong>reconociendo el esfuerzo grande que est\u00e1n haciendo las Alcald\u00edas, especialmente de Gigante y Garz\u00f3n que se vincularon en un proyecto de vivienda nueva muy importante \u201ctambi\u00e9n hicimos un programa de mejoramientos de vivienda para madres comunitarias porque consideramos que es importante, las madres comunitarias son fundamentales en la sociedad y otros proyectos de vivienda rural\u201d, puntualiz\u00f3.<\/p>\n","protected":false},"excerpt":{"rendered":"<p>Millonarios recursos para la salud, las v\u00edas y vivienda de los garzone\u00f1os, as\u00ed como proyectos y obras en ciencia, tecnolog\u00eda e innovaci\u00f3n para el turismo, la competitividad y el sector agropecuario hicieron parte del balance presentado por el primer mandatario de los huilenses, Luis Enrique Duss\u00e1n L\u00f3pez, en su visita al municipio de garz\u00f3n para [&hellip;]<\/p>\n","protected":false},"author":2,"featured_media":0,"comment_status":"open","ping_status":"open","sticky":false,"template":"","format":"standard","meta":{"footnotes":""},"categories":[33],"tags":[],"class_list":["post-49200","post","type-post","status-publish","format-standard","hentry","category-huila"],"yoast_head":"<!-- This site is optimized with the Yoast SEO plugin v26.6 - https:\/\/yoast.com\/wordpress\/plugins\/seo\/ -->\n<title>Gobernador estuvo de visita en Garz\u00f3n -<\/title>\n<meta name=\"robots\" content=\"index, follow, max-snippet:-1, max-image-preview:large, max-video-preview:-1\" \/>\n<link rel=\"canonical\" href=\"https:\/\/luchonoticias.com\/editor\/gobernador-estuvo-de-visita-en-garzon\/\" \/>\n<meta property=\"og:locale\" content=\"es_ES\" \/>\n<meta property=\"og:type\" content=\"article\" \/>\n<meta property=\"og:title\" content=\"Gobernador estuvo de visita en Garz\u00f3n -\" \/>\n<meta property=\"og:url\" content=\"https:\/\/luchonoticias.com\/editor\/gobernador-estuvo-de-visita-en-garzon\/\" \/>\n<meta property=\"article:publisher\" content=\"https:\/\/www.facebook.com\/luchonoticiasneiva\" \/>\n<meta property=\"article:published_time\" content=\"2023-03-27T13:06:01+00:00\" \/>\n<meta property=\"article:modified_time\" content=\"2023-03-27T13:12:36+00:00\" \/>\n<meta name=\"author\" content=\"Editor General\" \/>\n<meta name=\"twitter:card\" content=\"summary_large_image\" \/>\n<meta name=\"twitter:label1\" content=\"Escrito por\" \/>\n\t<meta name=\"twitter:data1\" content=\"Editor General\" \/>\n\t<meta name=\"twitter:label2\" content=\"Tiempo de lectura\" \/>\n\t<meta name=\"twitter:data2\" content=\"5 minutos\" \/>\n<script type=\"application\/ld+json\" class=\"yoast-schema-graph\">{\"@context\":\"https:\/\/schema.org\",\"@graph\":[{\"@type\":\"Article\",\"@id\":\"https:\/\/luchonoticias.com\/editor\/gobernador-estuvo-de-visita-en-garzon\/#article\",\"isPartOf\":{\"@id\":\"https:\/\/luchonoticias.com\/editor\/gobernador-estuvo-de-visita-en-garzon\/\"},\"author\":{\"name\":\"Editor General\",\"@id\":\"https:\/\/luchonoticias.com\/editor\/#\/schema\/person\/29217990ddf6f14e35912b2866d591fb\"},\"headline\":\"Gobernador estuvo de visita en Garz\u00f3n\",\"datePublished\":\"2023-03-27T13:06:01+00:00\",\"dateModified\":\"2023-03-27T13:12:36+00:00\",\"mainEntityOfPage\":{\"@id\":\"https:\/\/luchonoticias.com\/editor\/gobernador-estuvo-de-visita-en-garzon\/\"},\"wordCount\":999,\"commentCount\":0,\"publisher\":{\"@id\":\"https:\/\/luchonoticias.com\/editor\/#\/schema\/person\/7a7fd911f58561fd056dbac7b55af9cd\"},\"articleSection\":[\"Huila\"],\"inLanguage\":\"es\",\"potentialAction\":[{\"@type\":\"CommentAction\",\"name\":\"Comment\",\"target\":[\"https:\/\/luchonoticias.com\/editor\/gobernador-estuvo-de-visita-en-garzon\/#respond\"]}]},{\"@type\":\"WebPage\",\"@id\":\"https:\/\/luchonoticias.com\/editor\/gobernador-estuvo-de-visita-en-garzon\/\",\"url\":\"https:\/\/luchonoticias.com\/editor\/gobernador-estuvo-de-visita-en-garzon\/\",\"name\":\"Gobernador estuvo de visita en Garz\u00f3n -\",\"isPartOf\":{\"@id\":\"https:\/\/luchonoticias.com\/editor\/#website\"},\"datePublished\":\"2023-03-27T13:06:01+00:00\",\"dateModified\":\"2023-03-27T13:12:36+00:00\",\"breadcrumb\":{\"@id\":\"https:\/\/luchonoticias.com\/editor\/gobernador-estuvo-de-visita-en-garzon\/#breadcrumb\"},\"inLanguage\":\"es\",\"potentialAction\":[{\"@type\":\"ReadAction\",\"target\":[\"https:\/\/luchonoticias.com\/editor\/gobernador-estuvo-de-visita-en-garzon\/\"]}]},{\"@type\":\"BreadcrumbList\",\"@id\":\"https:\/\/luchonoticias.com\/editor\/gobernador-estuvo-de-visita-en-garzon\/#breadcrumb\",\"itemListElement\":[{\"@type\":\"ListItem\",\"position\":1,\"name\":\"Portada\",\"item\":\"https:\/\/luchonoticias.com\/editor\/\"},{\"@type\":\"ListItem\",\"position\":2,\"name\":\"Gobernador estuvo de visita en Garz\u00f3n\"}]},{\"@type\":\"WebSite\",\"@id\":\"https:\/\/luchonoticias.com\/editor\/#website\",\"url\":\"https:\/\/luchonoticias.com\/editor\/\",\"name\":\"\",\"description\":\"\",\"publisher\":{\"@id\":\"https:\/\/luchonoticias.com\/editor\/#\/schema\/person\/7a7fd911f58561fd056dbac7b55af9cd\"},\"potentialAction\":[{\"@type\":\"SearchAction\",\"target\":{\"@type\":\"EntryPoint\",\"urlTemplate\":\"https:\/\/luchonoticias.com\/editor\/?s={search_term_string}\"},\"query-input\":{\"@type\":\"PropertyValueSpecification\",\"valueRequired\":true,\"valueName\":\"search_term_string\"}}],\"inLanguage\":\"es\"},{\"@type\":[\"Person\",\"Organization\"],\"@id\":\"https:\/\/luchonoticias.com\/editor\/#\/schema\/person\/7a7fd911f58561fd056dbac7b55af9cd\",\"name\":\"admin\",\"image\":{\"@type\":\"ImageObject\",\"inLanguage\":\"es\",\"@id\":\"https:\/\/luchonoticias.com\/editor\/#\/schema\/person\/image\/\",\"url\":\"https:\/\/luchonoticias.com\/editor\/wp-content\/uploads\/2024\/02\/cropped-cropped-logolu.webp\",\"contentUrl\":\"https:\/\/luchonoticias.com\/editor\/wp-content\/uploads\/2024\/02\/cropped-cropped-logolu.webp\",\"width\":382,\"height\":170,\"caption\":\"admin\"},\"logo\":{\"@id\":\"https:\/\/luchonoticias.com\/editor\/#\/schema\/person\/image\/\"},\"sameAs\":[\"https:\/\/www.facebook.com\/luchonoticiasneiva\"]},{\"@type\":\"Person\",\"@id\":\"https:\/\/luchonoticias.com\/editor\/#\/schema\/person\/29217990ddf6f14e35912b2866d591fb\",\"name\":\"Editor General\",\"image\":{\"@type\":\"ImageObject\",\"inLanguage\":\"es\",\"@id\":\"https:\/\/luchonoticias.com\/editor\/#\/schema\/person\/image\/\",\"url\":\"https:\/\/luchonoticias.com\/editor\/wp-content\/uploads\/2024\/02\/cropped-cropped-logolu-150x150.webp\",\"contentUrl\":\"https:\/\/luchonoticias.com\/editor\/wp-content\/uploads\/2024\/02\/cropped-cropped-logolu-150x150.webp\",\"caption\":\"Editor General\"},\"sameAs\":[\"https:\/\/luchonoticias.com\/\"],\"url\":\"https:\/\/luchonoticias.com\/editor\/author\/editor-general\/\"}]}<\/script>\n<!-- \/ Yoast SEO plugin. -->","yoast_head_json":{"title":"Gobernador estuvo de visita en Garz\u00f3n -","robots":{"index":"index","follow":"follow","max-snippet":"max-snippet:-1","max-image-preview":"max-image-preview:large","max-video-preview":"max-video-preview:-1"},"canonical":"https:\/\/luchonoticias.com\/editor\/gobernador-estuvo-de-visita-en-garzon\/","og_locale":"es_ES","og_type":"article","og_title":"Gobernador estuvo de visita en Garz\u00f3n -","og_url":"https:\/\/luchonoticias.com\/editor\/gobernador-estuvo-de-visita-en-garzon\/","article_publisher":"https:\/\/www.facebook.com\/luchonoticiasneiva","article_published_time":"2023-03-27T13:06:01+00:00","article_modified_time":"2023-03-27T13:12:36+00:00","author":"Editor General","twitter_card":"summary_large_image","twitter_misc":{"Escrito por":"Editor General","Tiempo de lectura":"5 minutos"},"schema":{"@context":"https:\/\/schema.org","@graph":[{"@type":"Article","@id":"https:\/\/luchonoticias.com\/editor\/gobernador-estuvo-de-visita-en-garzon\/#article","isPartOf":{"@id":"https:\/\/luchonoticias.com\/editor\/gobernador-estuvo-de-visita-en-garzon\/"},"author":{"name":"Editor General","@id":"https:\/\/luchonoticias.com\/editor\/#\/schema\/person\/29217990ddf6f14e35912b2866d591fb"},"headline":"Gobernador estuvo de visita en Garz\u00f3n","datePublished":"2023-03-27T13:06:01+00:00","dateModified":"2023-03-27T13:12:36+00:00","mainEntityOfPage":{"@id":"https:\/\/luchonoticias.com\/editor\/gobernador-estuvo-de-visita-en-garzon\/"},"wordCount":999,"commentCount":0,"publisher":{"@id":"https:\/\/luchonoticias.com\/editor\/#\/schema\/person\/7a7fd911f58561fd056dbac7b55af9cd"},"articleSection":["Huila"],"inLanguage":"es","potentialAction":[{"@type":"CommentAction","name":"Comment","target":["https:\/\/luchonoticias.com\/editor\/gobernador-estuvo-de-visita-en-garzon\/#respond"]}]},{"@type":"WebPage","@id":"https:\/\/luchonoticias.com\/editor\/gobernador-estuvo-de-visita-en-garzon\/","url":"https:\/\/luchonoticias.com\/editor\/gobernador-estuvo-de-visita-en-garzon\/","name":"Gobernador estuvo de visita en Garz\u00f3n -","isPartOf":{"@id":"https:\/\/luchonoticias.com\/editor\/#website"},"datePublished":"2023-03-27T13:06:01+00:00","dateModified":"2023-03-27T13:12:36+00:00","breadcrumb":{"@id":"https:\/\/luchonoticias.com\/editor\/gobernador-estuvo-de-visita-en-garzon\/#breadcrumb"},"inLanguage":"es","potentialAction":[{"@type":"ReadAction","target":["https:\/\/luchonoticias.com\/editor\/gobernador-estuvo-de-visita-en-garzon\/"]}]},{"@type":"BreadcrumbList","@id":"https:\/\/luchonoticias.com\/editor\/gobernador-estuvo-de-visita-en-garzon\/#breadcrumb","itemListElement":[{"@type":"ListItem","position":1,"name":"Portada","item":"https:\/\/luchonoticias.com\/editor\/"},{"@type":"ListItem","position":2,"name":"Gobernador estuvo de visita en Garz\u00f3n"}]},{"@type":"WebSite","@id":"https:\/\/luchonoticias.com\/editor\/#website","url":"https:\/\/luchonoticias.com\/editor\/","name":"","description":"","publisher":{"@id":"https:\/\/luchonoticias.com\/editor\/#\/schema\/person\/7a7fd911f58561fd056dbac7b55af9cd"},"potentialAction":[{"@type":"SearchAction","target":{"@type":"EntryPoint","urlTemplate":"https:\/\/luchonoticias.com\/editor\/?s={search_term_string}"},"query-input":{"@type":"PropertyValueSpecification","valueRequired":true,"valueName":"search_term_string"}}],"inLanguage":"es"},{"@type":["Person","Organization"],"@id":"https:\/\/luchonoticias.com\/editor\/#\/schema\/person\/7a7fd911f58561fd056dbac7b55af9cd","name":"admin","image":{"@type":"ImageObject","inLanguage":"es","@id":"https:\/\/luchonoticias.com\/editor\/#\/schema\/person\/image\/","url":"https:\/\/luchonoticias.com\/editor\/wp-content\/uploads\/2024\/02\/cropped-cropped-logolu.webp","contentUrl":"https:\/\/luchonoticias.com\/editor\/wp-content\/uploads\/2024\/02\/cropped-cropped-logolu.webp","width":382,"height":170,"caption":"admin"},"logo":{"@id":"https:\/\/luchonoticias.com\/editor\/#\/schema\/person\/image\/"},"sameAs":["https:\/\/www.facebook.com\/luchonoticiasneiva"]},{"@type":"Person","@id":"https:\/\/luchonoticias.com\/editor\/#\/schema\/person\/29217990ddf6f14e35912b2866d591fb","name":"Editor General","image":{"@type":"ImageObject","inLanguage":"es","@id":"https:\/\/luchonoticias.com\/editor\/#\/schema\/person\/image\/","url":"https:\/\/luchonoticias.com\/editor\/wp-content\/uploads\/2024\/02\/cropped-cropped-logolu-150x150.webp","contentUrl":"https:\/\/luchonoticias.com\/editor\/wp-content\/uploads\/2024\/02\/cropped-cropped-logolu-150x150.webp","caption":"Editor General"},"sameAs":["https:\/\/luchonoticias.com\/"],"url":"https:\/\/luchonoticias.com\/editor\/author\/editor-general\/"}]}},"_links":{"self":[{"href":"https:\/\/luchonoticias.com\/editor\/wp-json\/wp\/v2\/posts\/49200","targetHints":{"allow":["GET"]}}],"collection":[{"href":"https:\/\/luchonoticias.com\/editor\/wp-json\/wp\/v2\/posts"}],"about":[{"href":"https:\/\/luchonoticias.com\/editor\/wp-json\/wp\/v2\/types\/post"}],"author":[{"embeddable":true,"href":"https:\/\/luchonoticias.com\/editor\/wp-json\/wp\/v2\/users\/2"}],"replies":[{"embeddable":true,"href":"https:\/\/luchonoticias.com\/editor\/wp-json\/wp\/v2\/comments?post=49200"}],"version-history":[{"count":0,"href":"https:\/\/luchonoticias.com\/editor\/wp-json\/wp\/v2\/posts\/49200\/revisions"}],"wp:attachment":[{"href":"https:\/\/luchonoticias.com\/editor\/wp-json\/wp\/v2\/media?parent=49200"}],"wp:term":[{"taxonomy":"category","embeddable":true,"href":"https:\/\/luchonoticias.com\/editor\/wp-json\/wp\/v2\/categories?post=49200"},{"taxonomy":"post_tag","embeddable":true,"href":"https:\/\/luchonoticias.com\/editor\/wp-json\/wp\/v2\/tags?post=49200"}],"curies":[{"name":"wp","href":"https:\/\/api.w.org\/{rel}","templated":true}]}}