{"id":49212,"date":"2023-03-27T13:59:36","date_gmt":"2023-03-27T18:59:36","guid":{"rendered":"https:\/\/luchonoticias.com\/?p=49212"},"modified":"2023-03-27T13:59:37","modified_gmt":"2023-03-27T18:59:37","slug":"alias-guabi-fue-capturado-por-hurto-calificado-y-agravado-em-el-valle-de-laboyos","status":"publish","type":"post","link":"https:\/\/luchonoticias.com\/editor\/alias-guabi-fue-capturado-por-hurto-calificado-y-agravado-em-el-valle-de-laboyos\/","title":{"rendered":"Alias &#8216;Guabi&#8217; fue capturado por hurto calificado y agravado em el Valle de Laboyos"},"content":{"rendered":"\n<p>En los planes de control y solicitud de antecedentes que adelant\u00f3 la Policia el fin de semana en el parque principal del corregimiento de Bruselas, fue capturado un hombre conocido como &#8216;Guabi&#8217; de 22 a\u00f1os de edad, el cual es requerido por el juzgado penal municipal con funci\u00f3n de conocimiento No. 22 de Bogot\u00e1, por el delito de hurto calificado y agravado.<\/p>\n\n\n\n<p>Seg\u00fan el proceso judicial, este actor criminal habr\u00eda participado en el hurto de un celular de manera violenta en la ciudad de Bogot\u00e1, hechos acontecidos el 20 de abril del 2022.<\/p>\n\n\n\n<p>El teniente coronel Ricardo Castro comandante del quinto distrito, indic\u00f3 que, este sujeto deber\u00e1 pagar una condena de 3 a\u00f1os por est\u00e1 conducta, por lo que ya fue puesto a disposici\u00f3n de las autoridades competentes.<\/p>\n","protected":false},"excerpt":{"rendered":"<p>En los planes de control y solicitud de antecedentes que adelant\u00f3 la Policia el fin de semana en el parque principal del corregimiento de Bruselas, fue capturado un hombre conocido como &#8216;Guabi&#8217; de 22 a\u00f1os de edad, el cual es requerido por el juzgado penal municipal con funci\u00f3n de conocimiento No. 22 de Bogot\u00e1, por [&hellip;]<\/p>\n","protected":false},"author":2,"featured_media":0,"comment_status":"open","ping_status":"open","sticky":false,"template":"","format":"standard","meta":{"footnotes":""},"categories":[36,29],"tags":[],"class_list":["post-49212","post","type-post","status-publish","format-standard","hentry","category-destacado","category-judicial"],"yoast_head":"<!-- This site is optimized with the Yoast SEO plugin v26.6 - https:\/\/yoast.com\/wordpress\/plugins\/seo\/ -->\n<title>Alias &#039;Guabi&#039; fue capturado por hurto calificado y agravado em el Valle de Laboyos -<\/title>\n<meta name=\"robots\" content=\"index, follow, max-snippet:-1, max-image-preview:large, max-video-preview:-1\" \/>\n<link rel=\"canonical\" href=\"https:\/\/luchonoticias.com\/editor\/alias-guabi-fue-capturado-por-hurto-calificado-y-agravado-em-el-valle-de-laboyos\/\" \/>\n<meta property=\"og:locale\" content=\"es_ES\" \/>\n<meta property=\"og:type\" content=\"article\" \/>\n<meta property=\"og:title\" content=\"Alias &#039;Guabi&#039; fue capturado por hurto calificado y agravado em el Valle de Laboyos -\" \/>\n<meta property=\"og:url\" content=\"https:\/\/luchonoticias.com\/editor\/alias-guabi-fue-capturado-por-hurto-calificado-y-agravado-em-el-valle-de-laboyos\/\" \/>\n<meta property=\"article:publisher\" content=\"https:\/\/www.facebook.com\/luchonoticiasneiva\" \/>\n<meta property=\"article:published_time\" content=\"2023-03-27T18:59:36+00:00\" \/>\n<meta property=\"article:modified_time\" content=\"2023-03-27T18:59:37+00:00\" \/>\n<meta name=\"author\" content=\"Editor General\" \/>\n<meta name=\"twitter:card\" content=\"summary_large_image\" \/>\n<meta name=\"twitter:label1\" content=\"Escrito por\" \/>\n\t<meta name=\"twitter:data1\" content=\"Editor General\" \/>\n\t<meta name=\"twitter:label2\" content=\"Tiempo de lectura\" \/>\n\t<meta name=\"twitter:data2\" content=\"1 minuto\" \/>\n<script type=\"application\/ld+json\" class=\"yoast-schema-graph\">{\"@context\":\"https:\/\/schema.org\",\"@graph\":[{\"@type\":\"Article\",\"@id\":\"https:\/\/luchonoticias.com\/editor\/alias-guabi-fue-capturado-por-hurto-calificado-y-agravado-em-el-valle-de-laboyos\/#article\",\"isPartOf\":{\"@id\":\"https:\/\/luchonoticias.com\/editor\/alias-guabi-fue-capturado-por-hurto-calificado-y-agravado-em-el-valle-de-laboyos\/\"},\"author\":{\"name\":\"Editor General\",\"@id\":\"https:\/\/luchonoticias.com\/editor\/#\/schema\/person\/29217990ddf6f14e35912b2866d591fb\"},\"headline\":\"Alias &#8216;Guabi&#8217; fue capturado por hurto calificado y agravado em el Valle de Laboyos\",\"datePublished\":\"2023-03-27T18:59:36+00:00\",\"dateModified\":\"2023-03-27T18:59:37+00:00\",\"mainEntityOfPage\":{\"@id\":\"https:\/\/luchonoticias.com\/editor\/alias-guabi-fue-capturado-por-hurto-calificado-y-agravado-em-el-valle-de-laboyos\/\"},\"wordCount\":143,\"commentCount\":0,\"publisher\":{\"@id\":\"https:\/\/luchonoticias.com\/editor\/#\/schema\/person\/7a7fd911f58561fd056dbac7b55af9cd\"},\"articleSection\":[\"Destacado\",\"Judicial\"],\"inLanguage\":\"es\",\"potentialAction\":[{\"@type\":\"CommentAction\",\"name\":\"Comment\",\"target\":[\"https:\/\/luchonoticias.com\/editor\/alias-guabi-fue-capturado-por-hurto-calificado-y-agravado-em-el-valle-de-laboyos\/#respond\"]}]},{\"@type\":\"WebPage\",\"@id\":\"https:\/\/luchonoticias.com\/editor\/alias-guabi-fue-capturado-por-hurto-calificado-y-agravado-em-el-valle-de-laboyos\/\",\"url\":\"https:\/\/luchonoticias.com\/editor\/alias-guabi-fue-capturado-por-hurto-calificado-y-agravado-em-el-valle-de-laboyos\/\",\"name\":\"Alias 'Guabi' fue capturado por hurto calificado y agravado em el Valle de Laboyos -\",\"isPartOf\":{\"@id\":\"https:\/\/luchonoticias.com\/editor\/#website\"},\"datePublished\":\"2023-03-27T18:59:36+00:00\",\"dateModified\":\"2023-03-27T18:59:37+00:00\",\"breadcrumb\":{\"@id\":\"https:\/\/luchonoticias.com\/editor\/alias-guabi-fue-capturado-por-hurto-calificado-y-agravado-em-el-valle-de-laboyos\/#breadcrumb\"},\"inLanguage\":\"es\",\"potentialAction\":[{\"@type\":\"ReadAction\",\"target\":[\"https:\/\/luchonoticias.com\/editor\/alias-guabi-fue-capturado-por-hurto-calificado-y-agravado-em-el-valle-de-laboyos\/\"]}]},{\"@type\":\"BreadcrumbList\",\"@id\":\"https:\/\/luchonoticias.com\/editor\/alias-guabi-fue-capturado-por-hurto-calificado-y-agravado-em-el-valle-de-laboyos\/#breadcrumb\",\"itemListElement\":[{\"@type\":\"ListItem\",\"position\":1,\"name\":\"Portada\",\"item\":\"https:\/\/luchonoticias.com\/editor\/\"},{\"@type\":\"ListItem\",\"position\":2,\"name\":\"Alias &#8216;Guabi&#8217; fue capturado por hurto calificado y agravado em el Valle de Laboyos\"}]},{\"@type\":\"WebSite\",\"@id\":\"https:\/\/luchonoticias.com\/editor\/#website\",\"url\":\"https:\/\/luchonoticias.com\/editor\/\",\"name\":\"\",\"description\":\"\",\"publisher\":{\"@id\":\"https:\/\/luchonoticias.com\/editor\/#\/schema\/person\/7a7fd911f58561fd056dbac7b55af9cd\"},\"potentialAction\":[{\"@type\":\"SearchAction\",\"target\":{\"@type\":\"EntryPoint\",\"urlTemplate\":\"https:\/\/luchonoticias.com\/editor\/?s={search_term_string}\"},\"query-input\":{\"@type\":\"PropertyValueSpecification\",\"valueRequired\":true,\"valueName\":\"search_term_string\"}}],\"inLanguage\":\"es\"},{\"@type\":[\"Person\",\"Organization\"],\"@id\":\"https:\/\/luchonoticias.com\/editor\/#\/schema\/person\/7a7fd911f58561fd056dbac7b55af9cd\",\"name\":\"admin\",\"image\":{\"@type\":\"ImageObject\",\"inLanguage\":\"es\",\"@id\":\"https:\/\/luchonoticias.com\/editor\/#\/schema\/person\/image\/\",\"url\":\"https:\/\/luchonoticias.com\/editor\/wp-content\/uploads\/2024\/02\/cropped-cropped-logolu.webp\",\"contentUrl\":\"https:\/\/luchonoticias.com\/editor\/wp-content\/uploads\/2024\/02\/cropped-cropped-logolu.webp\",\"width\":382,\"height\":170,\"caption\":\"admin\"},\"logo\":{\"@id\":\"https:\/\/luchonoticias.com\/editor\/#\/schema\/person\/image\/\"},\"sameAs\":[\"https:\/\/www.facebook.com\/luchonoticiasneiva\"]},{\"@type\":\"Person\",\"@id\":\"https:\/\/luchonoticias.com\/editor\/#\/schema\/person\/29217990ddf6f14e35912b2866d591fb\",\"name\":\"Editor General\",\"image\":{\"@type\":\"ImageObject\",\"inLanguage\":\"es\",\"@id\":\"https:\/\/luchonoticias.com\/editor\/#\/schema\/person\/image\/\",\"url\":\"https:\/\/luchonoticias.com\/editor\/wp-content\/uploads\/2024\/02\/cropped-cropped-logolu-150x150.webp\",\"contentUrl\":\"https:\/\/luchonoticias.com\/editor\/wp-content\/uploads\/2024\/02\/cropped-cropped-logolu-150x150.webp\",\"caption\":\"Editor General\"},\"sameAs\":[\"https:\/\/luchonoticias.com\/\"],\"url\":\"https:\/\/luchonoticias.com\/editor\/author\/editor-general\/\"}]}<\/script>\n<!-- \/ Yoast SEO plugin. -->","yoast_head_json":{"title":"Alias 'Guabi' fue capturado por hurto calificado y agravado em el Valle de Laboyos -","robots":{"index":"index","follow":"follow","max-snippet":"max-snippet:-1","max-image-preview":"max-image-preview:large","max-video-preview":"max-video-preview:-1"},"canonical":"https:\/\/luchonoticias.com\/editor\/alias-guabi-fue-capturado-por-hurto-calificado-y-agravado-em-el-valle-de-laboyos\/","og_locale":"es_ES","og_type":"article","og_title":"Alias 'Guabi' fue capturado por hurto calificado y agravado em el Valle de Laboyos -","og_url":"https:\/\/luchonoticias.com\/editor\/alias-guabi-fue-capturado-por-hurto-calificado-y-agravado-em-el-valle-de-laboyos\/","article_publisher":"https:\/\/www.facebook.com\/luchonoticiasneiva","article_published_time":"2023-03-27T18:59:36+00:00","article_modified_time":"2023-03-27T18:59:37+00:00","author":"Editor General","twitter_card":"summary_large_image","twitter_misc":{"Escrito por":"Editor General","Tiempo de lectura":"1 minuto"},"schema":{"@context":"https:\/\/schema.org","@graph":[{"@type":"Article","@id":"https:\/\/luchonoticias.com\/editor\/alias-guabi-fue-capturado-por-hurto-calificado-y-agravado-em-el-valle-de-laboyos\/#article","isPartOf":{"@id":"https:\/\/luchonoticias.com\/editor\/alias-guabi-fue-capturado-por-hurto-calificado-y-agravado-em-el-valle-de-laboyos\/"},"author":{"name":"Editor General","@id":"https:\/\/luchonoticias.com\/editor\/#\/schema\/person\/29217990ddf6f14e35912b2866d591fb"},"headline":"Alias &#8216;Guabi&#8217; fue capturado por hurto calificado y agravado em el Valle de Laboyos","datePublished":"2023-03-27T18:59:36+00:00","dateModified":"2023-03-27T18:59:37+00:00","mainEntityOfPage":{"@id":"https:\/\/luchonoticias.com\/editor\/alias-guabi-fue-capturado-por-hurto-calificado-y-agravado-em-el-valle-de-laboyos\/"},"wordCount":143,"commentCount":0,"publisher":{"@id":"https:\/\/luchonoticias.com\/editor\/#\/schema\/person\/7a7fd911f58561fd056dbac7b55af9cd"},"articleSection":["Destacado","Judicial"],"inLanguage":"es","potentialAction":[{"@type":"CommentAction","name":"Comment","target":["https:\/\/luchonoticias.com\/editor\/alias-guabi-fue-capturado-por-hurto-calificado-y-agravado-em-el-valle-de-laboyos\/#respond"]}]},{"@type":"WebPage","@id":"https:\/\/luchonoticias.com\/editor\/alias-guabi-fue-capturado-por-hurto-calificado-y-agravado-em-el-valle-de-laboyos\/","url":"https:\/\/luchonoticias.com\/editor\/alias-guabi-fue-capturado-por-hurto-calificado-y-agravado-em-el-valle-de-laboyos\/","name":"Alias 'Guabi' fue capturado por hurto calificado y agravado em el Valle de Laboyos -","isPartOf":{"@id":"https:\/\/luchonoticias.com\/editor\/#website"},"datePublished":"2023-03-27T18:59:36+00:00","dateModified":"2023-03-27T18:59:37+00:00","breadcrumb":{"@id":"https:\/\/luchonoticias.com\/editor\/alias-guabi-fue-capturado-por-hurto-calificado-y-agravado-em-el-valle-de-laboyos\/#breadcrumb"},"inLanguage":"es","potentialAction":[{"@type":"ReadAction","target":["https:\/\/luchonoticias.com\/editor\/alias-guabi-fue-capturado-por-hurto-calificado-y-agravado-em-el-valle-de-laboyos\/"]}]},{"@type":"BreadcrumbList","@id":"https:\/\/luchonoticias.com\/editor\/alias-guabi-fue-capturado-por-hurto-calificado-y-agravado-em-el-valle-de-laboyos\/#breadcrumb","itemListElement":[{"@type":"ListItem","position":1,"name":"Portada","item":"https:\/\/luchonoticias.com\/editor\/"},{"@type":"ListItem","position":2,"name":"Alias &#8216;Guabi&#8217; fue capturado por hurto calificado y agravado em el Valle de Laboyos"}]},{"@type":"WebSite","@id":"https:\/\/luchonoticias.com\/editor\/#website","url":"https:\/\/luchonoticias.com\/editor\/","name":"","description":"","publisher":{"@id":"https:\/\/luchonoticias.com\/editor\/#\/schema\/person\/7a7fd911f58561fd056dbac7b55af9cd"},"potentialAction":[{"@type":"SearchAction","target":{"@type":"EntryPoint","urlTemplate":"https:\/\/luchonoticias.com\/editor\/?s={search_term_string}"},"query-input":{"@type":"PropertyValueSpecification","valueRequired":true,"valueName":"search_term_string"}}],"inLanguage":"es"},{"@type":["Person","Organization"],"@id":"https:\/\/luchonoticias.com\/editor\/#\/schema\/person\/7a7fd911f58561fd056dbac7b55af9cd","name":"admin","image":{"@type":"ImageObject","inLanguage":"es","@id":"https:\/\/luchonoticias.com\/editor\/#\/schema\/person\/image\/","url":"https:\/\/luchonoticias.com\/editor\/wp-content\/uploads\/2024\/02\/cropped-cropped-logolu.webp","contentUrl":"https:\/\/luchonoticias.com\/editor\/wp-content\/uploads\/2024\/02\/cropped-cropped-logolu.webp","width":382,"height":170,"caption":"admin"},"logo":{"@id":"https:\/\/luchonoticias.com\/editor\/#\/schema\/person\/image\/"},"sameAs":["https:\/\/www.facebook.com\/luchonoticiasneiva"]},{"@type":"Person","@id":"https:\/\/luchonoticias.com\/editor\/#\/schema\/person\/29217990ddf6f14e35912b2866d591fb","name":"Editor General","image":{"@type":"ImageObject","inLanguage":"es","@id":"https:\/\/luchonoticias.com\/editor\/#\/schema\/person\/image\/","url":"https:\/\/luchonoticias.com\/editor\/wp-content\/uploads\/2024\/02\/cropped-cropped-logolu-150x150.webp","contentUrl":"https:\/\/luchonoticias.com\/editor\/wp-content\/uploads\/2024\/02\/cropped-cropped-logolu-150x150.webp","caption":"Editor General"},"sameAs":["https:\/\/luchonoticias.com\/"],"url":"https:\/\/luchonoticias.com\/editor\/author\/editor-general\/"}]}},"_links":{"self":[{"href":"https:\/\/luchonoticias.com\/editor\/wp-json\/wp\/v2\/posts\/49212","targetHints":{"allow":["GET"]}}],"collection":[{"href":"https:\/\/luchonoticias.com\/editor\/wp-json\/wp\/v2\/posts"}],"about":[{"href":"https:\/\/luchonoticias.com\/editor\/wp-json\/wp\/v2\/types\/post"}],"author":[{"embeddable":true,"href":"https:\/\/luchonoticias.com\/editor\/wp-json\/wp\/v2\/users\/2"}],"replies":[{"embeddable":true,"href":"https:\/\/luchonoticias.com\/editor\/wp-json\/wp\/v2\/comments?post=49212"}],"version-history":[{"count":0,"href":"https:\/\/luchonoticias.com\/editor\/wp-json\/wp\/v2\/posts\/49212\/revisions"}],"wp:attachment":[{"href":"https:\/\/luchonoticias.com\/editor\/wp-json\/wp\/v2\/media?parent=49212"}],"wp:term":[{"taxonomy":"category","embeddable":true,"href":"https:\/\/luchonoticias.com\/editor\/wp-json\/wp\/v2\/categories?post=49212"},{"taxonomy":"post_tag","embeddable":true,"href":"https:\/\/luchonoticias.com\/editor\/wp-json\/wp\/v2\/tags?post=49212"}],"curies":[{"name":"wp","href":"https:\/\/api.w.org\/{rel}","templated":true}]}}