{"id":49215,"date":"2023-03-27T14:04:34","date_gmt":"2023-03-27T19:04:34","guid":{"rendered":"https:\/\/luchonoticias.com\/?p=49215"},"modified":"2023-03-27T14:04:36","modified_gmt":"2023-03-27T19:04:36","slug":"capturan-a-presuntos-cabecillas-del-eln-que-delinquen-en-huila-y-tolima","status":"publish","type":"post","link":"https:\/\/luchonoticias.com\/editor\/capturan-a-presuntos-cabecillas-del-eln-que-delinquen-en-huila-y-tolima\/","title":{"rendered":"Capturan a presuntos cabecillas del ELN que delinquen en Huila y Tolima"},"content":{"rendered":"\n<p>Contrarrestar el fortalecimiento armado y log\u00edstico del ELN en el Huila y neutralizar su accionar criminal en el Departamento, son los logros de la m\u00e1s reciente operaci\u00f3n coordinada e interinstitucional entre la Novena Brigada a trav\u00e9s del Batall\u00f3n Tenerife, el Batall\u00f3n de Inteligencia Militar n.\u00b0 5, Polic\u00eda Metropolitana de Neiva y Fuerza A\u00e9rea Colombiana.<\/p>\n\n\n\n<p>Las acciones adelantadas en la vereda Bolivia de Tello, Huila y en Florencia en el Caquet\u00e1, permitieron poner a buen recaudo de las autoridades a alias \u2018Mono Milton\u2019: cabecilla subsistema armado GAO ELN Estructura Centro Sur y alias \u2018Maritza\u2019: quien lideraba la Red de Apoyo al Terrorismo en zona rural de la localidad tellense.<\/p>\n\n\n\n<p>Meses de labores de investigaci\u00f3n y recaudo de elementos materiales probatorios, permitieron que se emitiera orden judicial y tras el minucioso planeamiento operacional, se lograra capturar y poner a buen recaudo de la autoridad competente a estas dos personas.<\/p>\n\n\n\n<p>El primero en ser capturado en Caquet\u00e1, fue alias \u2018Mono Milton\u2019. El hombre de 41 a\u00f1os, quien en otrora hizo parte de las extintas Farc, ingres\u00f3 al ELN en el a\u00f1o 2009 como integrante de la Red de Apoyo al Terrorismo de las milicias bolivarianas, en el 2013 realiz\u00f3 curso de radista y el 2015 es encargado de las finanzas del Frente Tercero. Su trayectoria delictiva llev\u00f3 a la estructura a designarlo cabecilla del subsistema armado de la estructura Centro Sur.<\/p>\n\n\n\n<p>A alias \u2018Maritza\u2019, de 47 a\u00f1os de edad y quien al parecer llevar\u00eda delinquiendo tres a\u00f1os al servicio del Grupo Armado Organizado, ser\u00eda la encargada de reunir a los pobladores de la vereda Bolivia para la reuni\u00f3n presidida por alias \u2018V\u00edctor\u2019 en el a\u00f1o 2020, de almacenar y distribuir propaganda il\u00edcita y de entregar informaci\u00f3n delictiva a la estructura.<\/p>\n\n\n\n<figure class=\"wp-block-video\"><video autoplay controls src=\"blob:https:\/\/luchonoticias.com\/de7f6287-1c29-43de-aa93-01cf8402904e\"><\/video><\/figure>\n\n\n\n<p>Esta estructura ser\u00eda la responsable de los explosivos hallados en Neiva y de la bandera del ELN instalada en el puente peatonal de la capital huilense en febrero de 2022.<\/p>\n\n\n\n<p>El resultado operacional interrumpe el ingreso de futuras comisiones al Huila, afecta a las redes de apoyo, debilita sus econom\u00edas il\u00edcitas basadas en el cobro de extorsiones y neutraliza sus actividades log\u00edsticas, brindando seguridad y tranquilidad a los pobladores del territorio huilense.<\/p>\n","protected":false},"excerpt":{"rendered":"<p>Contrarrestar el fortalecimiento armado y log\u00edstico del ELN en el Huila y neutralizar su accionar criminal en el Departamento, son los logros de la m\u00e1s reciente operaci\u00f3n coordinada e interinstitucional entre la Novena Brigada a trav\u00e9s del Batall\u00f3n Tenerife, el Batall\u00f3n de Inteligencia Militar n.\u00b0 5, Polic\u00eda Metropolitana de Neiva y Fuerza A\u00e9rea Colombiana. Las [&hellip;]<\/p>\n","protected":false},"author":2,"featured_media":0,"comment_status":"open","ping_status":"open","sticky":false,"template":"","format":"standard","meta":{"footnotes":""},"categories":[36,29,3962],"tags":[],"class_list":["post-49215","post","type-post","status-publish","format-standard","hentry","category-destacado","category-judicial","category-videos"],"yoast_head":"<!-- This site is optimized with the Yoast SEO plugin v26.6 - https:\/\/yoast.com\/wordpress\/plugins\/seo\/ -->\n<title>Capturan a presuntos cabecillas del ELN que delinquen en Huila y Tolima -<\/title>\n<meta name=\"robots\" content=\"index, follow, max-snippet:-1, max-image-preview:large, max-video-preview:-1\" \/>\n<link rel=\"canonical\" href=\"https:\/\/luchonoticias.com\/editor\/capturan-a-presuntos-cabecillas-del-eln-que-delinquen-en-huila-y-tolima\/\" \/>\n<meta property=\"og:locale\" content=\"es_ES\" \/>\n<meta property=\"og:type\" content=\"article\" \/>\n<meta property=\"og:title\" content=\"Capturan a presuntos cabecillas del ELN que delinquen en Huila y Tolima -\" \/>\n<meta property=\"og:url\" content=\"https:\/\/luchonoticias.com\/editor\/capturan-a-presuntos-cabecillas-del-eln-que-delinquen-en-huila-y-tolima\/\" \/>\n<meta property=\"article:publisher\" content=\"https:\/\/www.facebook.com\/luchonoticiasneiva\" \/>\n<meta property=\"article:published_time\" content=\"2023-03-27T19:04:34+00:00\" \/>\n<meta property=\"article:modified_time\" content=\"2023-03-27T19:04:36+00:00\" \/>\n<meta name=\"author\" content=\"Editor General\" \/>\n<meta name=\"twitter:card\" content=\"summary_large_image\" \/>\n<meta name=\"twitter:label1\" content=\"Escrito por\" \/>\n\t<meta name=\"twitter:data1\" content=\"Editor General\" \/>\n\t<meta name=\"twitter:label2\" content=\"Tiempo de lectura\" \/>\n\t<meta name=\"twitter:data2\" content=\"2 minutos\" \/>\n<script type=\"application\/ld+json\" class=\"yoast-schema-graph\">{\"@context\":\"https:\/\/schema.org\",\"@graph\":[{\"@type\":\"Article\",\"@id\":\"https:\/\/luchonoticias.com\/editor\/capturan-a-presuntos-cabecillas-del-eln-que-delinquen-en-huila-y-tolima\/#article\",\"isPartOf\":{\"@id\":\"https:\/\/luchonoticias.com\/editor\/capturan-a-presuntos-cabecillas-del-eln-que-delinquen-en-huila-y-tolima\/\"},\"author\":{\"name\":\"Editor General\",\"@id\":\"https:\/\/luchonoticias.com\/editor\/#\/schema\/person\/29217990ddf6f14e35912b2866d591fb\"},\"headline\":\"Capturan a presuntos cabecillas del ELN que delinquen en Huila y Tolima\",\"datePublished\":\"2023-03-27T19:04:34+00:00\",\"dateModified\":\"2023-03-27T19:04:36+00:00\",\"mainEntityOfPage\":{\"@id\":\"https:\/\/luchonoticias.com\/editor\/capturan-a-presuntos-cabecillas-del-eln-que-delinquen-en-huila-y-tolima\/\"},\"wordCount\":387,\"commentCount\":0,\"publisher\":{\"@id\":\"https:\/\/luchonoticias.com\/editor\/#\/schema\/person\/7a7fd911f58561fd056dbac7b55af9cd\"},\"articleSection\":[\"Destacado\",\"Judicial\",\"Videos\"],\"inLanguage\":\"es\",\"potentialAction\":[{\"@type\":\"CommentAction\",\"name\":\"Comment\",\"target\":[\"https:\/\/luchonoticias.com\/editor\/capturan-a-presuntos-cabecillas-del-eln-que-delinquen-en-huila-y-tolima\/#respond\"]}]},{\"@type\":\"WebPage\",\"@id\":\"https:\/\/luchonoticias.com\/editor\/capturan-a-presuntos-cabecillas-del-eln-que-delinquen-en-huila-y-tolima\/\",\"url\":\"https:\/\/luchonoticias.com\/editor\/capturan-a-presuntos-cabecillas-del-eln-que-delinquen-en-huila-y-tolima\/\",\"name\":\"Capturan a presuntos cabecillas del ELN que delinquen en Huila y Tolima -\",\"isPartOf\":{\"@id\":\"https:\/\/luchonoticias.com\/editor\/#website\"},\"datePublished\":\"2023-03-27T19:04:34+00:00\",\"dateModified\":\"2023-03-27T19:04:36+00:00\",\"breadcrumb\":{\"@id\":\"https:\/\/luchonoticias.com\/editor\/capturan-a-presuntos-cabecillas-del-eln-que-delinquen-en-huila-y-tolima\/#breadcrumb\"},\"inLanguage\":\"es\",\"potentialAction\":[{\"@type\":\"ReadAction\",\"target\":[\"https:\/\/luchonoticias.com\/editor\/capturan-a-presuntos-cabecillas-del-eln-que-delinquen-en-huila-y-tolima\/\"]}]},{\"@type\":\"BreadcrumbList\",\"@id\":\"https:\/\/luchonoticias.com\/editor\/capturan-a-presuntos-cabecillas-del-eln-que-delinquen-en-huila-y-tolima\/#breadcrumb\",\"itemListElement\":[{\"@type\":\"ListItem\",\"position\":1,\"name\":\"Portada\",\"item\":\"https:\/\/luchonoticias.com\/editor\/\"},{\"@type\":\"ListItem\",\"position\":2,\"name\":\"Capturan a presuntos cabecillas del ELN que delinquen en Huila y Tolima\"}]},{\"@type\":\"WebSite\",\"@id\":\"https:\/\/luchonoticias.com\/editor\/#website\",\"url\":\"https:\/\/luchonoticias.com\/editor\/\",\"name\":\"\",\"description\":\"\",\"publisher\":{\"@id\":\"https:\/\/luchonoticias.com\/editor\/#\/schema\/person\/7a7fd911f58561fd056dbac7b55af9cd\"},\"potentialAction\":[{\"@type\":\"SearchAction\",\"target\":{\"@type\":\"EntryPoint\",\"urlTemplate\":\"https:\/\/luchonoticias.com\/editor\/?s={search_term_string}\"},\"query-input\":{\"@type\":\"PropertyValueSpecification\",\"valueRequired\":true,\"valueName\":\"search_term_string\"}}],\"inLanguage\":\"es\"},{\"@type\":[\"Person\",\"Organization\"],\"@id\":\"https:\/\/luchonoticias.com\/editor\/#\/schema\/person\/7a7fd911f58561fd056dbac7b55af9cd\",\"name\":\"admin\",\"image\":{\"@type\":\"ImageObject\",\"inLanguage\":\"es\",\"@id\":\"https:\/\/luchonoticias.com\/editor\/#\/schema\/person\/image\/\",\"url\":\"https:\/\/luchonoticias.com\/editor\/wp-content\/uploads\/2024\/02\/cropped-cropped-logolu.webp\",\"contentUrl\":\"https:\/\/luchonoticias.com\/editor\/wp-content\/uploads\/2024\/02\/cropped-cropped-logolu.webp\",\"width\":382,\"height\":170,\"caption\":\"admin\"},\"logo\":{\"@id\":\"https:\/\/luchonoticias.com\/editor\/#\/schema\/person\/image\/\"},\"sameAs\":[\"https:\/\/www.facebook.com\/luchonoticiasneiva\"]},{\"@type\":\"Person\",\"@id\":\"https:\/\/luchonoticias.com\/editor\/#\/schema\/person\/29217990ddf6f14e35912b2866d591fb\",\"name\":\"Editor General\",\"image\":{\"@type\":\"ImageObject\",\"inLanguage\":\"es\",\"@id\":\"https:\/\/luchonoticias.com\/editor\/#\/schema\/person\/image\/\",\"url\":\"https:\/\/luchonoticias.com\/editor\/wp-content\/uploads\/2024\/02\/cropped-cropped-logolu-150x150.webp\",\"contentUrl\":\"https:\/\/luchonoticias.com\/editor\/wp-content\/uploads\/2024\/02\/cropped-cropped-logolu-150x150.webp\",\"caption\":\"Editor General\"},\"sameAs\":[\"https:\/\/luchonoticias.com\/\"],\"url\":\"https:\/\/luchonoticias.com\/editor\/author\/editor-general\/\"}]}<\/script>\n<!-- \/ Yoast SEO plugin. -->","yoast_head_json":{"title":"Capturan a presuntos cabecillas del ELN que delinquen en Huila y Tolima -","robots":{"index":"index","follow":"follow","max-snippet":"max-snippet:-1","max-image-preview":"max-image-preview:large","max-video-preview":"max-video-preview:-1"},"canonical":"https:\/\/luchonoticias.com\/editor\/capturan-a-presuntos-cabecillas-del-eln-que-delinquen-en-huila-y-tolima\/","og_locale":"es_ES","og_type":"article","og_title":"Capturan a presuntos cabecillas del ELN que delinquen en Huila y Tolima -","og_url":"https:\/\/luchonoticias.com\/editor\/capturan-a-presuntos-cabecillas-del-eln-que-delinquen-en-huila-y-tolima\/","article_publisher":"https:\/\/www.facebook.com\/luchonoticiasneiva","article_published_time":"2023-03-27T19:04:34+00:00","article_modified_time":"2023-03-27T19:04:36+00:00","author":"Editor General","twitter_card":"summary_large_image","twitter_misc":{"Escrito por":"Editor General","Tiempo de lectura":"2 minutos"},"schema":{"@context":"https:\/\/schema.org","@graph":[{"@type":"Article","@id":"https:\/\/luchonoticias.com\/editor\/capturan-a-presuntos-cabecillas-del-eln-que-delinquen-en-huila-y-tolima\/#article","isPartOf":{"@id":"https:\/\/luchonoticias.com\/editor\/capturan-a-presuntos-cabecillas-del-eln-que-delinquen-en-huila-y-tolima\/"},"author":{"name":"Editor General","@id":"https:\/\/luchonoticias.com\/editor\/#\/schema\/person\/29217990ddf6f14e35912b2866d591fb"},"headline":"Capturan a presuntos cabecillas del ELN que delinquen en Huila y Tolima","datePublished":"2023-03-27T19:04:34+00:00","dateModified":"2023-03-27T19:04:36+00:00","mainEntityOfPage":{"@id":"https:\/\/luchonoticias.com\/editor\/capturan-a-presuntos-cabecillas-del-eln-que-delinquen-en-huila-y-tolima\/"},"wordCount":387,"commentCount":0,"publisher":{"@id":"https:\/\/luchonoticias.com\/editor\/#\/schema\/person\/7a7fd911f58561fd056dbac7b55af9cd"},"articleSection":["Destacado","Judicial","Videos"],"inLanguage":"es","potentialAction":[{"@type":"CommentAction","name":"Comment","target":["https:\/\/luchonoticias.com\/editor\/capturan-a-presuntos-cabecillas-del-eln-que-delinquen-en-huila-y-tolima\/#respond"]}]},{"@type":"WebPage","@id":"https:\/\/luchonoticias.com\/editor\/capturan-a-presuntos-cabecillas-del-eln-que-delinquen-en-huila-y-tolima\/","url":"https:\/\/luchonoticias.com\/editor\/capturan-a-presuntos-cabecillas-del-eln-que-delinquen-en-huila-y-tolima\/","name":"Capturan a presuntos cabecillas del ELN que delinquen en Huila y Tolima -","isPartOf":{"@id":"https:\/\/luchonoticias.com\/editor\/#website"},"datePublished":"2023-03-27T19:04:34+00:00","dateModified":"2023-03-27T19:04:36+00:00","breadcrumb":{"@id":"https:\/\/luchonoticias.com\/editor\/capturan-a-presuntos-cabecillas-del-eln-que-delinquen-en-huila-y-tolima\/#breadcrumb"},"inLanguage":"es","potentialAction":[{"@type":"ReadAction","target":["https:\/\/luchonoticias.com\/editor\/capturan-a-presuntos-cabecillas-del-eln-que-delinquen-en-huila-y-tolima\/"]}]},{"@type":"BreadcrumbList","@id":"https:\/\/luchonoticias.com\/editor\/capturan-a-presuntos-cabecillas-del-eln-que-delinquen-en-huila-y-tolima\/#breadcrumb","itemListElement":[{"@type":"ListItem","position":1,"name":"Portada","item":"https:\/\/luchonoticias.com\/editor\/"},{"@type":"ListItem","position":2,"name":"Capturan a presuntos cabecillas del ELN que delinquen en Huila y Tolima"}]},{"@type":"WebSite","@id":"https:\/\/luchonoticias.com\/editor\/#website","url":"https:\/\/luchonoticias.com\/editor\/","name":"","description":"","publisher":{"@id":"https:\/\/luchonoticias.com\/editor\/#\/schema\/person\/7a7fd911f58561fd056dbac7b55af9cd"},"potentialAction":[{"@type":"SearchAction","target":{"@type":"EntryPoint","urlTemplate":"https:\/\/luchonoticias.com\/editor\/?s={search_term_string}"},"query-input":{"@type":"PropertyValueSpecification","valueRequired":true,"valueName":"search_term_string"}}],"inLanguage":"es"},{"@type":["Person","Organization"],"@id":"https:\/\/luchonoticias.com\/editor\/#\/schema\/person\/7a7fd911f58561fd056dbac7b55af9cd","name":"admin","image":{"@type":"ImageObject","inLanguage":"es","@id":"https:\/\/luchonoticias.com\/editor\/#\/schema\/person\/image\/","url":"https:\/\/luchonoticias.com\/editor\/wp-content\/uploads\/2024\/02\/cropped-cropped-logolu.webp","contentUrl":"https:\/\/luchonoticias.com\/editor\/wp-content\/uploads\/2024\/02\/cropped-cropped-logolu.webp","width":382,"height":170,"caption":"admin"},"logo":{"@id":"https:\/\/luchonoticias.com\/editor\/#\/schema\/person\/image\/"},"sameAs":["https:\/\/www.facebook.com\/luchonoticiasneiva"]},{"@type":"Person","@id":"https:\/\/luchonoticias.com\/editor\/#\/schema\/person\/29217990ddf6f14e35912b2866d591fb","name":"Editor General","image":{"@type":"ImageObject","inLanguage":"es","@id":"https:\/\/luchonoticias.com\/editor\/#\/schema\/person\/image\/","url":"https:\/\/luchonoticias.com\/editor\/wp-content\/uploads\/2024\/02\/cropped-cropped-logolu-150x150.webp","contentUrl":"https:\/\/luchonoticias.com\/editor\/wp-content\/uploads\/2024\/02\/cropped-cropped-logolu-150x150.webp","caption":"Editor General"},"sameAs":["https:\/\/luchonoticias.com\/"],"url":"https:\/\/luchonoticias.com\/editor\/author\/editor-general\/"}]}},"_links":{"self":[{"href":"https:\/\/luchonoticias.com\/editor\/wp-json\/wp\/v2\/posts\/49215","targetHints":{"allow":["GET"]}}],"collection":[{"href":"https:\/\/luchonoticias.com\/editor\/wp-json\/wp\/v2\/posts"}],"about":[{"href":"https:\/\/luchonoticias.com\/editor\/wp-json\/wp\/v2\/types\/post"}],"author":[{"embeddable":true,"href":"https:\/\/luchonoticias.com\/editor\/wp-json\/wp\/v2\/users\/2"}],"replies":[{"embeddable":true,"href":"https:\/\/luchonoticias.com\/editor\/wp-json\/wp\/v2\/comments?post=49215"}],"version-history":[{"count":0,"href":"https:\/\/luchonoticias.com\/editor\/wp-json\/wp\/v2\/posts\/49215\/revisions"}],"wp:attachment":[{"href":"https:\/\/luchonoticias.com\/editor\/wp-json\/wp\/v2\/media?parent=49215"}],"wp:term":[{"taxonomy":"category","embeddable":true,"href":"https:\/\/luchonoticias.com\/editor\/wp-json\/wp\/v2\/categories?post=49215"},{"taxonomy":"post_tag","embeddable":true,"href":"https:\/\/luchonoticias.com\/editor\/wp-json\/wp\/v2\/tags?post=49215"}],"curies":[{"name":"wp","href":"https:\/\/api.w.org\/{rel}","templated":true}]}}