{"id":49218,"date":"2023-03-27T14:06:29","date_gmt":"2023-03-27T19:06:29","guid":{"rendered":"https:\/\/luchonoticias.com\/?p=49218"},"modified":"2023-03-27T14:06:31","modified_gmt":"2023-03-27T19:06:31","slug":"supersalud-lanzara-circular-para-que-las-eps-aseguren-suministro-de-medicamentos-a-los-beneficiarios","status":"publish","type":"post","link":"https:\/\/luchonoticias.com\/editor\/supersalud-lanzara-circular-para-que-las-eps-aseguren-suministro-de-medicamentos-a-los-beneficiarios\/","title":{"rendered":"Supersalud lanzar\u00e1 circular para que las EPS aseguren suministro de medicamentos a los beneficiarios"},"content":{"rendered":"\n<p>El Superintendente de Salud, Ulahy Beltr\u00e1n, anunci\u00f3 que la entidad a su cargo se pronunciar\u00e1 este mi\u00e9rcoles sobre la responsabilidad de los aseguradores del r\u00e9gimen contributivo, subsidiado y especial frente a la situaci\u00f3n que se presenta por el flujo de medicamentos en el pa\u00eds.<\/p>\n\n\n\n<p>El funcionario se refiri\u00f3 al tema en los micr\u00f3fonos de Colombia Hoy Radio, donde asegur\u00f3 que tambi\u00e9n se dar\u00e1 a conocer la circular que le imparte instrucciones precisas, con car\u00e1cter de obligatorio cumplimiento, a las Entidades Promotoras de Salud (EPS), para que garanticen el flujo oportuno de los recursos hacia los prestadores de servicio p\u00fablico y privado.<\/p>\n\n\n\n<p>Es por esto que \u201cel d\u00eda mi\u00e9rcoles en el auditorio Compensar, en horas de la ma\u00f1ana, vamos a dar a conocer los resultados iniciales de la investigaci\u00f3n generada con los aseguradores, tanto del contributivo como del subsidiado, como los reg\u00edmenes especiales frente a su responsabilidad de garantizar este componente terap\u00e9utico, como son los medicamentos\u201d, dijo el Superintendente.<\/p>\n\n\n\n<p>Se\u00f1al\u00f3, adem\u00e1s, que se estar\u00e1 dando claridad sobre el rol de las agencias en este aspecto, \u201cy si no han cumplido, \u00bfpor qu\u00e9 no lo han cumplido? Y, obviamente, lo hemos hecho desde el punto de vista del requerimiento. Quienes no cumplan con esa obligaci\u00f3n, ser\u00e1n sujetos a las sanciones correspondientes que la normatividad establece\u201d.<\/p>\n\n\n\n<p>Lo anterior, explic\u00f3 Beltr\u00e1n, se da por el rol que juega la Supersalud en la inspecci\u00f3n, vigilancia y control del sector, por lo tanto, tiene un papel preponderante para garantizar el acceso de los colombianos y colombianas a los medicamentos.<\/p>\n","protected":false},"excerpt":{"rendered":"<p>El Superintendente de Salud, Ulahy Beltr\u00e1n, anunci\u00f3 que la entidad a su cargo se pronunciar\u00e1 este mi\u00e9rcoles sobre la responsabilidad de los aseguradores del r\u00e9gimen contributivo, subsidiado y especial frente a la situaci\u00f3n que se presenta por el flujo de medicamentos en el pa\u00eds. El funcionario se refiri\u00f3 al tema en los micr\u00f3fonos de Colombia [&hellip;]<\/p>\n","protected":false},"author":2,"featured_media":0,"comment_status":"open","ping_status":"open","sticky":false,"template":"","format":"standard","meta":{"footnotes":""},"categories":[36,32],"tags":[],"class_list":["post-49218","post","type-post","status-publish","format-standard","hentry","category-destacado","category-nacional"],"yoast_head":"<!-- This site is optimized with the Yoast SEO plugin v26.6 - https:\/\/yoast.com\/wordpress\/plugins\/seo\/ -->\n<title>Supersalud lanzar\u00e1 circular para que las EPS aseguren suministro de medicamentos a los beneficiarios -<\/title>\n<meta name=\"robots\" content=\"index, follow, max-snippet:-1, max-image-preview:large, max-video-preview:-1\" \/>\n<link rel=\"canonical\" href=\"https:\/\/luchonoticias.com\/editor\/supersalud-lanzara-circular-para-que-las-eps-aseguren-suministro-de-medicamentos-a-los-beneficiarios\/\" \/>\n<meta property=\"og:locale\" content=\"es_ES\" \/>\n<meta property=\"og:type\" content=\"article\" \/>\n<meta property=\"og:title\" content=\"Supersalud lanzar\u00e1 circular para que las EPS aseguren suministro de medicamentos a los beneficiarios -\" \/>\n<meta property=\"og:url\" content=\"https:\/\/luchonoticias.com\/editor\/supersalud-lanzara-circular-para-que-las-eps-aseguren-suministro-de-medicamentos-a-los-beneficiarios\/\" \/>\n<meta property=\"article:publisher\" content=\"https:\/\/www.facebook.com\/luchonoticiasneiva\" \/>\n<meta property=\"article:published_time\" content=\"2023-03-27T19:06:29+00:00\" \/>\n<meta property=\"article:modified_time\" content=\"2023-03-27T19:06:31+00:00\" \/>\n<meta name=\"author\" content=\"Editor General\" \/>\n<meta name=\"twitter:card\" content=\"summary_large_image\" \/>\n<meta name=\"twitter:label1\" content=\"Escrito por\" \/>\n\t<meta name=\"twitter:data1\" content=\"Editor General\" \/>\n\t<meta name=\"twitter:label2\" content=\"Tiempo de lectura\" \/>\n\t<meta name=\"twitter:data2\" content=\"1 minuto\" \/>\n<script type=\"application\/ld+json\" class=\"yoast-schema-graph\">{\"@context\":\"https:\/\/schema.org\",\"@graph\":[{\"@type\":\"Article\",\"@id\":\"https:\/\/luchonoticias.com\/editor\/supersalud-lanzara-circular-para-que-las-eps-aseguren-suministro-de-medicamentos-a-los-beneficiarios\/#article\",\"isPartOf\":{\"@id\":\"https:\/\/luchonoticias.com\/editor\/supersalud-lanzara-circular-para-que-las-eps-aseguren-suministro-de-medicamentos-a-los-beneficiarios\/\"},\"author\":{\"name\":\"Editor General\",\"@id\":\"https:\/\/luchonoticias.com\/editor\/#\/schema\/person\/29217990ddf6f14e35912b2866d591fb\"},\"headline\":\"Supersalud lanzar\u00e1 circular para que las EPS aseguren suministro de medicamentos a los beneficiarios\",\"datePublished\":\"2023-03-27T19:06:29+00:00\",\"dateModified\":\"2023-03-27T19:06:31+00:00\",\"mainEntityOfPage\":{\"@id\":\"https:\/\/luchonoticias.com\/editor\/supersalud-lanzara-circular-para-que-las-eps-aseguren-suministro-de-medicamentos-a-los-beneficiarios\/\"},\"wordCount\":288,\"commentCount\":0,\"publisher\":{\"@id\":\"https:\/\/luchonoticias.com\/editor\/#\/schema\/person\/7a7fd911f58561fd056dbac7b55af9cd\"},\"articleSection\":[\"Destacado\",\"Nacional\"],\"inLanguage\":\"es\",\"potentialAction\":[{\"@type\":\"CommentAction\",\"name\":\"Comment\",\"target\":[\"https:\/\/luchonoticias.com\/editor\/supersalud-lanzara-circular-para-que-las-eps-aseguren-suministro-de-medicamentos-a-los-beneficiarios\/#respond\"]}]},{\"@type\":\"WebPage\",\"@id\":\"https:\/\/luchonoticias.com\/editor\/supersalud-lanzara-circular-para-que-las-eps-aseguren-suministro-de-medicamentos-a-los-beneficiarios\/\",\"url\":\"https:\/\/luchonoticias.com\/editor\/supersalud-lanzara-circular-para-que-las-eps-aseguren-suministro-de-medicamentos-a-los-beneficiarios\/\",\"name\":\"Supersalud lanzar\u00e1 circular para que las EPS aseguren suministro de medicamentos a los beneficiarios -\",\"isPartOf\":{\"@id\":\"https:\/\/luchonoticias.com\/editor\/#website\"},\"datePublished\":\"2023-03-27T19:06:29+00:00\",\"dateModified\":\"2023-03-27T19:06:31+00:00\",\"breadcrumb\":{\"@id\":\"https:\/\/luchonoticias.com\/editor\/supersalud-lanzara-circular-para-que-las-eps-aseguren-suministro-de-medicamentos-a-los-beneficiarios\/#breadcrumb\"},\"inLanguage\":\"es\",\"potentialAction\":[{\"@type\":\"ReadAction\",\"target\":[\"https:\/\/luchonoticias.com\/editor\/supersalud-lanzara-circular-para-que-las-eps-aseguren-suministro-de-medicamentos-a-los-beneficiarios\/\"]}]},{\"@type\":\"BreadcrumbList\",\"@id\":\"https:\/\/luchonoticias.com\/editor\/supersalud-lanzara-circular-para-que-las-eps-aseguren-suministro-de-medicamentos-a-los-beneficiarios\/#breadcrumb\",\"itemListElement\":[{\"@type\":\"ListItem\",\"position\":1,\"name\":\"Portada\",\"item\":\"https:\/\/luchonoticias.com\/editor\/\"},{\"@type\":\"ListItem\",\"position\":2,\"name\":\"Supersalud lanzar\u00e1 circular para que las EPS aseguren suministro de medicamentos a los beneficiarios\"}]},{\"@type\":\"WebSite\",\"@id\":\"https:\/\/luchonoticias.com\/editor\/#website\",\"url\":\"https:\/\/luchonoticias.com\/editor\/\",\"name\":\"\",\"description\":\"\",\"publisher\":{\"@id\":\"https:\/\/luchonoticias.com\/editor\/#\/schema\/person\/7a7fd911f58561fd056dbac7b55af9cd\"},\"potentialAction\":[{\"@type\":\"SearchAction\",\"target\":{\"@type\":\"EntryPoint\",\"urlTemplate\":\"https:\/\/luchonoticias.com\/editor\/?s={search_term_string}\"},\"query-input\":{\"@type\":\"PropertyValueSpecification\",\"valueRequired\":true,\"valueName\":\"search_term_string\"}}],\"inLanguage\":\"es\"},{\"@type\":[\"Person\",\"Organization\"],\"@id\":\"https:\/\/luchonoticias.com\/editor\/#\/schema\/person\/7a7fd911f58561fd056dbac7b55af9cd\",\"name\":\"admin\",\"image\":{\"@type\":\"ImageObject\",\"inLanguage\":\"es\",\"@id\":\"https:\/\/luchonoticias.com\/editor\/#\/schema\/person\/image\/\",\"url\":\"https:\/\/luchonoticias.com\/editor\/wp-content\/uploads\/2024\/02\/cropped-cropped-logolu.webp\",\"contentUrl\":\"https:\/\/luchonoticias.com\/editor\/wp-content\/uploads\/2024\/02\/cropped-cropped-logolu.webp\",\"width\":382,\"height\":170,\"caption\":\"admin\"},\"logo\":{\"@id\":\"https:\/\/luchonoticias.com\/editor\/#\/schema\/person\/image\/\"},\"sameAs\":[\"https:\/\/www.facebook.com\/luchonoticiasneiva\"]},{\"@type\":\"Person\",\"@id\":\"https:\/\/luchonoticias.com\/editor\/#\/schema\/person\/29217990ddf6f14e35912b2866d591fb\",\"name\":\"Editor General\",\"image\":{\"@type\":\"ImageObject\",\"inLanguage\":\"es\",\"@id\":\"https:\/\/luchonoticias.com\/editor\/#\/schema\/person\/image\/\",\"url\":\"https:\/\/luchonoticias.com\/editor\/wp-content\/uploads\/2024\/02\/cropped-cropped-logolu-150x150.webp\",\"contentUrl\":\"https:\/\/luchonoticias.com\/editor\/wp-content\/uploads\/2024\/02\/cropped-cropped-logolu-150x150.webp\",\"caption\":\"Editor General\"},\"sameAs\":[\"https:\/\/luchonoticias.com\/\"],\"url\":\"https:\/\/luchonoticias.com\/editor\/author\/editor-general\/\"}]}<\/script>\n<!-- \/ Yoast SEO plugin. -->","yoast_head_json":{"title":"Supersalud lanzar\u00e1 circular para que las EPS aseguren suministro de medicamentos a los beneficiarios -","robots":{"index":"index","follow":"follow","max-snippet":"max-snippet:-1","max-image-preview":"max-image-preview:large","max-video-preview":"max-video-preview:-1"},"canonical":"https:\/\/luchonoticias.com\/editor\/supersalud-lanzara-circular-para-que-las-eps-aseguren-suministro-de-medicamentos-a-los-beneficiarios\/","og_locale":"es_ES","og_type":"article","og_title":"Supersalud lanzar\u00e1 circular para que las EPS aseguren suministro de medicamentos a los beneficiarios -","og_url":"https:\/\/luchonoticias.com\/editor\/supersalud-lanzara-circular-para-que-las-eps-aseguren-suministro-de-medicamentos-a-los-beneficiarios\/","article_publisher":"https:\/\/www.facebook.com\/luchonoticiasneiva","article_published_time":"2023-03-27T19:06:29+00:00","article_modified_time":"2023-03-27T19:06:31+00:00","author":"Editor General","twitter_card":"summary_large_image","twitter_misc":{"Escrito por":"Editor General","Tiempo de lectura":"1 minuto"},"schema":{"@context":"https:\/\/schema.org","@graph":[{"@type":"Article","@id":"https:\/\/luchonoticias.com\/editor\/supersalud-lanzara-circular-para-que-las-eps-aseguren-suministro-de-medicamentos-a-los-beneficiarios\/#article","isPartOf":{"@id":"https:\/\/luchonoticias.com\/editor\/supersalud-lanzara-circular-para-que-las-eps-aseguren-suministro-de-medicamentos-a-los-beneficiarios\/"},"author":{"name":"Editor General","@id":"https:\/\/luchonoticias.com\/editor\/#\/schema\/person\/29217990ddf6f14e35912b2866d591fb"},"headline":"Supersalud lanzar\u00e1 circular para que las EPS aseguren suministro de medicamentos a los beneficiarios","datePublished":"2023-03-27T19:06:29+00:00","dateModified":"2023-03-27T19:06:31+00:00","mainEntityOfPage":{"@id":"https:\/\/luchonoticias.com\/editor\/supersalud-lanzara-circular-para-que-las-eps-aseguren-suministro-de-medicamentos-a-los-beneficiarios\/"},"wordCount":288,"commentCount":0,"publisher":{"@id":"https:\/\/luchonoticias.com\/editor\/#\/schema\/person\/7a7fd911f58561fd056dbac7b55af9cd"},"articleSection":["Destacado","Nacional"],"inLanguage":"es","potentialAction":[{"@type":"CommentAction","name":"Comment","target":["https:\/\/luchonoticias.com\/editor\/supersalud-lanzara-circular-para-que-las-eps-aseguren-suministro-de-medicamentos-a-los-beneficiarios\/#respond"]}]},{"@type":"WebPage","@id":"https:\/\/luchonoticias.com\/editor\/supersalud-lanzara-circular-para-que-las-eps-aseguren-suministro-de-medicamentos-a-los-beneficiarios\/","url":"https:\/\/luchonoticias.com\/editor\/supersalud-lanzara-circular-para-que-las-eps-aseguren-suministro-de-medicamentos-a-los-beneficiarios\/","name":"Supersalud lanzar\u00e1 circular para que las EPS aseguren suministro de medicamentos a los beneficiarios -","isPartOf":{"@id":"https:\/\/luchonoticias.com\/editor\/#website"},"datePublished":"2023-03-27T19:06:29+00:00","dateModified":"2023-03-27T19:06:31+00:00","breadcrumb":{"@id":"https:\/\/luchonoticias.com\/editor\/supersalud-lanzara-circular-para-que-las-eps-aseguren-suministro-de-medicamentos-a-los-beneficiarios\/#breadcrumb"},"inLanguage":"es","potentialAction":[{"@type":"ReadAction","target":["https:\/\/luchonoticias.com\/editor\/supersalud-lanzara-circular-para-que-las-eps-aseguren-suministro-de-medicamentos-a-los-beneficiarios\/"]}]},{"@type":"BreadcrumbList","@id":"https:\/\/luchonoticias.com\/editor\/supersalud-lanzara-circular-para-que-las-eps-aseguren-suministro-de-medicamentos-a-los-beneficiarios\/#breadcrumb","itemListElement":[{"@type":"ListItem","position":1,"name":"Portada","item":"https:\/\/luchonoticias.com\/editor\/"},{"@type":"ListItem","position":2,"name":"Supersalud lanzar\u00e1 circular para que las EPS aseguren suministro de medicamentos a los beneficiarios"}]},{"@type":"WebSite","@id":"https:\/\/luchonoticias.com\/editor\/#website","url":"https:\/\/luchonoticias.com\/editor\/","name":"","description":"","publisher":{"@id":"https:\/\/luchonoticias.com\/editor\/#\/schema\/person\/7a7fd911f58561fd056dbac7b55af9cd"},"potentialAction":[{"@type":"SearchAction","target":{"@type":"EntryPoint","urlTemplate":"https:\/\/luchonoticias.com\/editor\/?s={search_term_string}"},"query-input":{"@type":"PropertyValueSpecification","valueRequired":true,"valueName":"search_term_string"}}],"inLanguage":"es"},{"@type":["Person","Organization"],"@id":"https:\/\/luchonoticias.com\/editor\/#\/schema\/person\/7a7fd911f58561fd056dbac7b55af9cd","name":"admin","image":{"@type":"ImageObject","inLanguage":"es","@id":"https:\/\/luchonoticias.com\/editor\/#\/schema\/person\/image\/","url":"https:\/\/luchonoticias.com\/editor\/wp-content\/uploads\/2024\/02\/cropped-cropped-logolu.webp","contentUrl":"https:\/\/luchonoticias.com\/editor\/wp-content\/uploads\/2024\/02\/cropped-cropped-logolu.webp","width":382,"height":170,"caption":"admin"},"logo":{"@id":"https:\/\/luchonoticias.com\/editor\/#\/schema\/person\/image\/"},"sameAs":["https:\/\/www.facebook.com\/luchonoticiasneiva"]},{"@type":"Person","@id":"https:\/\/luchonoticias.com\/editor\/#\/schema\/person\/29217990ddf6f14e35912b2866d591fb","name":"Editor General","image":{"@type":"ImageObject","inLanguage":"es","@id":"https:\/\/luchonoticias.com\/editor\/#\/schema\/person\/image\/","url":"https:\/\/luchonoticias.com\/editor\/wp-content\/uploads\/2024\/02\/cropped-cropped-logolu-150x150.webp","contentUrl":"https:\/\/luchonoticias.com\/editor\/wp-content\/uploads\/2024\/02\/cropped-cropped-logolu-150x150.webp","caption":"Editor General"},"sameAs":["https:\/\/luchonoticias.com\/"],"url":"https:\/\/luchonoticias.com\/editor\/author\/editor-general\/"}]}},"_links":{"self":[{"href":"https:\/\/luchonoticias.com\/editor\/wp-json\/wp\/v2\/posts\/49218","targetHints":{"allow":["GET"]}}],"collection":[{"href":"https:\/\/luchonoticias.com\/editor\/wp-json\/wp\/v2\/posts"}],"about":[{"href":"https:\/\/luchonoticias.com\/editor\/wp-json\/wp\/v2\/types\/post"}],"author":[{"embeddable":true,"href":"https:\/\/luchonoticias.com\/editor\/wp-json\/wp\/v2\/users\/2"}],"replies":[{"embeddable":true,"href":"https:\/\/luchonoticias.com\/editor\/wp-json\/wp\/v2\/comments?post=49218"}],"version-history":[{"count":0,"href":"https:\/\/luchonoticias.com\/editor\/wp-json\/wp\/v2\/posts\/49218\/revisions"}],"wp:attachment":[{"href":"https:\/\/luchonoticias.com\/editor\/wp-json\/wp\/v2\/media?parent=49218"}],"wp:term":[{"taxonomy":"category","embeddable":true,"href":"https:\/\/luchonoticias.com\/editor\/wp-json\/wp\/v2\/categories?post=49218"},{"taxonomy":"post_tag","embeddable":true,"href":"https:\/\/luchonoticias.com\/editor\/wp-json\/wp\/v2\/tags?post=49218"}],"curies":[{"name":"wp","href":"https:\/\/api.w.org\/{rel}","templated":true}]}}