{"id":49222,"date":"2023-03-27T14:29:32","date_gmt":"2023-03-27T19:29:32","guid":{"rendered":"https:\/\/luchonoticias.com\/?p=49222"},"modified":"2023-03-27T14:29:33","modified_gmt":"2023-03-27T19:29:33","slug":"huila-y-la-gran-oportunidad-con-las-pasifloras","status":"publish","type":"post","link":"https:\/\/luchonoticias.com\/editor\/huila-y-la-gran-oportunidad-con-las-pasifloras\/","title":{"rendered":"Huila y la gran oportunidad con las pasifloras"},"content":{"rendered":"\n<p>Gracias a las condiciones agroclim\u00e1ticas de las que goza el departamento, la experiencia adquirida por los productores, la ubicaci\u00f3n estrat\u00e9gica, la investigaci\u00f3n, y el acompa\u00f1amiento t\u00e9cnico, el departamento del&nbsp;<strong>Huila puede convertirse en potencia mundial en la producci\u00f3n de pasifloras<\/strong>.<\/p>\n\n\n\n<p>De acuerdo a datos de la evaluaci\u00f3n agropecuaria al cierre de 2021 el departamento del Huila alcanz\u00f3 un&nbsp;<strong>\u00e1rea sembrada de 2.912,2 hect\u00e1reas de cultivo de pasifloras, entre maracuy\u00e1, granadilla, gulupa, cholupa, y badea<\/strong>, logrando una producci\u00f3n anual de 28.327 toneladas, lo que lo convierte en un interesante rengl\u00f3n productivo.<\/p>\n\n\n\n<p>Sumado a ello la Superintendencia de Industria y Comercio amparada en el decreto 2153 de 1992 le otorg\u00f3 a trav\u00e9s de la resoluci\u00f3n 43536 la protecci\u00f3n a trav\u00e9s de la denominaci\u00f3n de origen a la Cholupa del Huila, la cual presenta unas&nbsp;<strong>caracter\u00edsticas f\u00edsicas y organol\u00e9pticas especiales<\/strong>&nbsp;que se deben esencialmente al medio geogr\u00e1fico en el que se produce, y los dem\u00e1s factores naturales y humanos.<\/p>\n\n\n\n<p>Si bien&nbsp;<strong>el Huila no ocupa actualmente el primer lugar a nivel nacional&nbsp;<\/strong>en cuanto a producci\u00f3n de pasifloras, este departamento&nbsp;<strong>sigue en el radar de los compradores nacionales y extranjeros<\/strong>, debido a la alta calidad de las frutas y sus caracter\u00edsticas organol\u00e9pticas que le confieren un sabor especial.<\/p>\n\n\n\n<h5 class=\"wp-block-heading\">Proyecto de ciencia y tecnolog\u00eda<\/h5>\n\n\n\n<p>Las&nbsp;<strong>investigaciones en ciencia y tecnolog\u00eda en pasifloras&nbsp;<\/strong>son financiadas por el gobierno \u201cHuila Crece\u201d por m\u00e1s de $5.300 millones, aunadas al servicio de extensi\u00f3n agropecuaria que ser\u00e1 prestada a las familias productoras de pasifloras, se convierten el punto de partida para construir un plan de manejo a largo plazo, con el que se busca mejorar las condiciones productivas y el acceso de la fruta a nuevos mercados.<\/p>\n\n\n\n<p>Para Georges Wohlers, director de Bonesta Internacional, compa\u00f1\u00eda dedicada a crear un puente entre productores de frutas y compradores, principalmente ubicados en Europa, este paso es fundamental para&nbsp;<strong>hacer m\u00e1s competitivo el rengl\u00f3n de las Pasifloras<\/strong>, donde el Huila Tiene grandes posibilidades de convertirse en potencia mundial\u201d.<\/p>\n\n\n\n<p>\u201cYo veo que&nbsp;<strong>hay un potencial enorme en el Huila, en cuanto a producci\u00f3n de pasifloras<\/strong>&nbsp;que le permitir\u00edan al departamento desarrollarse como el centro mundial en producci\u00f3n de estas frutas, especialmente de granadilla y cholupa, pero&nbsp;<strong>se debe avanzar en procesos de inversi\u00f3n<\/strong>, investigaci\u00f3n, para asegurar un futuro promisorio a los productores del departamento\u201d, agreg\u00f3.<\/p>\n\n\n\n<p>Igualmente sostuvo que en lo posible los proyectos de investigaci\u00f3n encaminados al fortalecimiento de las pasifloras como los que hoy lidera el Huila, deben&nbsp;<strong>adelantarse de manera articulada con los dem\u00e1s departamentos que cultivan estas frutas<\/strong>, siempre con miras a beneficiar a las familias productoras.<\/p>\n\n\n\n<p>\u201c<strong>Colombia debe trabajar mano a mano con una visi\u00f3n estrat\u00e9gica, que no sea solamente el trabajo del Huila,<\/strong>&nbsp;porque lo que se hace en este departamento lo van a aprovechar tambi\u00e9n Antioquia, Valle del Cauca, Cundinamarca, Boyac\u00e1, Cauca, y Tolima, as\u00ed que yo pienso que las gobernaciones de estos departamentos deber\u00eda trabajar de manera articulada y desarrollar un plan a futuro para las pasifloras, donde Colombia tiene una posici\u00f3n estrat\u00e9gica de abastecer todo el resto del mundo\u201d, subray\u00f3 el director de Bonesta Internacional.<\/p>\n","protected":false},"excerpt":{"rendered":"<p>Gracias a las condiciones agroclim\u00e1ticas de las que goza el departamento, la experiencia adquirida por los productores, la ubicaci\u00f3n estrat\u00e9gica, la investigaci\u00f3n, y el acompa\u00f1amiento t\u00e9cnico, el departamento del&nbsp;Huila puede convertirse en potencia mundial en la producci\u00f3n de pasifloras. De acuerdo a datos de la evaluaci\u00f3n agropecuaria al cierre de 2021 el departamento del Huila [&hellip;]<\/p>\n","protected":false},"author":2,"featured_media":0,"comment_status":"open","ping_status":"open","sticky":false,"template":"","format":"standard","meta":{"footnotes":""},"categories":[33],"tags":[],"class_list":["post-49222","post","type-post","status-publish","format-standard","hentry","category-huila"],"yoast_head":"<!-- This site is optimized with the Yoast SEO plugin v26.6 - https:\/\/yoast.com\/wordpress\/plugins\/seo\/ -->\n<title>Huila y la gran oportunidad con las pasifloras -<\/title>\n<meta name=\"robots\" content=\"index, follow, max-snippet:-1, max-image-preview:large, max-video-preview:-1\" \/>\n<link rel=\"canonical\" href=\"https:\/\/luchonoticias.com\/editor\/huila-y-la-gran-oportunidad-con-las-pasifloras\/\" \/>\n<meta property=\"og:locale\" content=\"es_ES\" \/>\n<meta property=\"og:type\" content=\"article\" \/>\n<meta property=\"og:title\" content=\"Huila y la gran oportunidad con las pasifloras -\" \/>\n<meta property=\"og:url\" content=\"https:\/\/luchonoticias.com\/editor\/huila-y-la-gran-oportunidad-con-las-pasifloras\/\" \/>\n<meta property=\"article:publisher\" content=\"https:\/\/www.facebook.com\/luchonoticiasneiva\" \/>\n<meta property=\"article:published_time\" content=\"2023-03-27T19:29:32+00:00\" \/>\n<meta property=\"article:modified_time\" content=\"2023-03-27T19:29:33+00:00\" \/>\n<meta name=\"author\" content=\"Editor General\" \/>\n<meta name=\"twitter:card\" content=\"summary_large_image\" \/>\n<meta name=\"twitter:label1\" content=\"Escrito por\" \/>\n\t<meta name=\"twitter:data1\" content=\"Editor General\" \/>\n\t<meta name=\"twitter:label2\" content=\"Tiempo de lectura\" \/>\n\t<meta name=\"twitter:data2\" content=\"3 minutos\" \/>\n<script type=\"application\/ld+json\" class=\"yoast-schema-graph\">{\"@context\":\"https:\/\/schema.org\",\"@graph\":[{\"@type\":\"Article\",\"@id\":\"https:\/\/luchonoticias.com\/editor\/huila-y-la-gran-oportunidad-con-las-pasifloras\/#article\",\"isPartOf\":{\"@id\":\"https:\/\/luchonoticias.com\/editor\/huila-y-la-gran-oportunidad-con-las-pasifloras\/\"},\"author\":{\"name\":\"Editor General\",\"@id\":\"https:\/\/luchonoticias.com\/editor\/#\/schema\/person\/29217990ddf6f14e35912b2866d591fb\"},\"headline\":\"Huila y la gran oportunidad con las pasifloras\",\"datePublished\":\"2023-03-27T19:29:32+00:00\",\"dateModified\":\"2023-03-27T19:29:33+00:00\",\"mainEntityOfPage\":{\"@id\":\"https:\/\/luchonoticias.com\/editor\/huila-y-la-gran-oportunidad-con-las-pasifloras\/\"},\"wordCount\":569,\"commentCount\":0,\"publisher\":{\"@id\":\"https:\/\/luchonoticias.com\/editor\/#\/schema\/person\/7a7fd911f58561fd056dbac7b55af9cd\"},\"articleSection\":[\"Huila\"],\"inLanguage\":\"es\",\"potentialAction\":[{\"@type\":\"CommentAction\",\"name\":\"Comment\",\"target\":[\"https:\/\/luchonoticias.com\/editor\/huila-y-la-gran-oportunidad-con-las-pasifloras\/#respond\"]}]},{\"@type\":\"WebPage\",\"@id\":\"https:\/\/luchonoticias.com\/editor\/huila-y-la-gran-oportunidad-con-las-pasifloras\/\",\"url\":\"https:\/\/luchonoticias.com\/editor\/huila-y-la-gran-oportunidad-con-las-pasifloras\/\",\"name\":\"Huila y la gran oportunidad con las pasifloras -\",\"isPartOf\":{\"@id\":\"https:\/\/luchonoticias.com\/editor\/#website\"},\"datePublished\":\"2023-03-27T19:29:32+00:00\",\"dateModified\":\"2023-03-27T19:29:33+00:00\",\"breadcrumb\":{\"@id\":\"https:\/\/luchonoticias.com\/editor\/huila-y-la-gran-oportunidad-con-las-pasifloras\/#breadcrumb\"},\"inLanguage\":\"es\",\"potentialAction\":[{\"@type\":\"ReadAction\",\"target\":[\"https:\/\/luchonoticias.com\/editor\/huila-y-la-gran-oportunidad-con-las-pasifloras\/\"]}]},{\"@type\":\"BreadcrumbList\",\"@id\":\"https:\/\/luchonoticias.com\/editor\/huila-y-la-gran-oportunidad-con-las-pasifloras\/#breadcrumb\",\"itemListElement\":[{\"@type\":\"ListItem\",\"position\":1,\"name\":\"Portada\",\"item\":\"https:\/\/luchonoticias.com\/editor\/\"},{\"@type\":\"ListItem\",\"position\":2,\"name\":\"Huila y la gran oportunidad con las pasifloras\"}]},{\"@type\":\"WebSite\",\"@id\":\"https:\/\/luchonoticias.com\/editor\/#website\",\"url\":\"https:\/\/luchonoticias.com\/editor\/\",\"name\":\"\",\"description\":\"\",\"publisher\":{\"@id\":\"https:\/\/luchonoticias.com\/editor\/#\/schema\/person\/7a7fd911f58561fd056dbac7b55af9cd\"},\"potentialAction\":[{\"@type\":\"SearchAction\",\"target\":{\"@type\":\"EntryPoint\",\"urlTemplate\":\"https:\/\/luchonoticias.com\/editor\/?s={search_term_string}\"},\"query-input\":{\"@type\":\"PropertyValueSpecification\",\"valueRequired\":true,\"valueName\":\"search_term_string\"}}],\"inLanguage\":\"es\"},{\"@type\":[\"Person\",\"Organization\"],\"@id\":\"https:\/\/luchonoticias.com\/editor\/#\/schema\/person\/7a7fd911f58561fd056dbac7b55af9cd\",\"name\":\"admin\",\"image\":{\"@type\":\"ImageObject\",\"inLanguage\":\"es\",\"@id\":\"https:\/\/luchonoticias.com\/editor\/#\/schema\/person\/image\/\",\"url\":\"https:\/\/luchonoticias.com\/editor\/wp-content\/uploads\/2024\/02\/cropped-cropped-logolu.webp\",\"contentUrl\":\"https:\/\/luchonoticias.com\/editor\/wp-content\/uploads\/2024\/02\/cropped-cropped-logolu.webp\",\"width\":382,\"height\":170,\"caption\":\"admin\"},\"logo\":{\"@id\":\"https:\/\/luchonoticias.com\/editor\/#\/schema\/person\/image\/\"},\"sameAs\":[\"https:\/\/www.facebook.com\/luchonoticiasneiva\"]},{\"@type\":\"Person\",\"@id\":\"https:\/\/luchonoticias.com\/editor\/#\/schema\/person\/29217990ddf6f14e35912b2866d591fb\",\"name\":\"Editor General\",\"image\":{\"@type\":\"ImageObject\",\"inLanguage\":\"es\",\"@id\":\"https:\/\/luchonoticias.com\/editor\/#\/schema\/person\/image\/\",\"url\":\"https:\/\/luchonoticias.com\/editor\/wp-content\/uploads\/2024\/02\/cropped-cropped-logolu-150x150.webp\",\"contentUrl\":\"https:\/\/luchonoticias.com\/editor\/wp-content\/uploads\/2024\/02\/cropped-cropped-logolu-150x150.webp\",\"caption\":\"Editor General\"},\"sameAs\":[\"https:\/\/luchonoticias.com\/\"],\"url\":\"https:\/\/luchonoticias.com\/editor\/author\/editor-general\/\"}]}<\/script>\n<!-- \/ Yoast SEO plugin. -->","yoast_head_json":{"title":"Huila y la gran oportunidad con las pasifloras -","robots":{"index":"index","follow":"follow","max-snippet":"max-snippet:-1","max-image-preview":"max-image-preview:large","max-video-preview":"max-video-preview:-1"},"canonical":"https:\/\/luchonoticias.com\/editor\/huila-y-la-gran-oportunidad-con-las-pasifloras\/","og_locale":"es_ES","og_type":"article","og_title":"Huila y la gran oportunidad con las pasifloras -","og_url":"https:\/\/luchonoticias.com\/editor\/huila-y-la-gran-oportunidad-con-las-pasifloras\/","article_publisher":"https:\/\/www.facebook.com\/luchonoticiasneiva","article_published_time":"2023-03-27T19:29:32+00:00","article_modified_time":"2023-03-27T19:29:33+00:00","author":"Editor General","twitter_card":"summary_large_image","twitter_misc":{"Escrito por":"Editor General","Tiempo de lectura":"3 minutos"},"schema":{"@context":"https:\/\/schema.org","@graph":[{"@type":"Article","@id":"https:\/\/luchonoticias.com\/editor\/huila-y-la-gran-oportunidad-con-las-pasifloras\/#article","isPartOf":{"@id":"https:\/\/luchonoticias.com\/editor\/huila-y-la-gran-oportunidad-con-las-pasifloras\/"},"author":{"name":"Editor General","@id":"https:\/\/luchonoticias.com\/editor\/#\/schema\/person\/29217990ddf6f14e35912b2866d591fb"},"headline":"Huila y la gran oportunidad con las pasifloras","datePublished":"2023-03-27T19:29:32+00:00","dateModified":"2023-03-27T19:29:33+00:00","mainEntityOfPage":{"@id":"https:\/\/luchonoticias.com\/editor\/huila-y-la-gran-oportunidad-con-las-pasifloras\/"},"wordCount":569,"commentCount":0,"publisher":{"@id":"https:\/\/luchonoticias.com\/editor\/#\/schema\/person\/7a7fd911f58561fd056dbac7b55af9cd"},"articleSection":["Huila"],"inLanguage":"es","potentialAction":[{"@type":"CommentAction","name":"Comment","target":["https:\/\/luchonoticias.com\/editor\/huila-y-la-gran-oportunidad-con-las-pasifloras\/#respond"]}]},{"@type":"WebPage","@id":"https:\/\/luchonoticias.com\/editor\/huila-y-la-gran-oportunidad-con-las-pasifloras\/","url":"https:\/\/luchonoticias.com\/editor\/huila-y-la-gran-oportunidad-con-las-pasifloras\/","name":"Huila y la gran oportunidad con las pasifloras -","isPartOf":{"@id":"https:\/\/luchonoticias.com\/editor\/#website"},"datePublished":"2023-03-27T19:29:32+00:00","dateModified":"2023-03-27T19:29:33+00:00","breadcrumb":{"@id":"https:\/\/luchonoticias.com\/editor\/huila-y-la-gran-oportunidad-con-las-pasifloras\/#breadcrumb"},"inLanguage":"es","potentialAction":[{"@type":"ReadAction","target":["https:\/\/luchonoticias.com\/editor\/huila-y-la-gran-oportunidad-con-las-pasifloras\/"]}]},{"@type":"BreadcrumbList","@id":"https:\/\/luchonoticias.com\/editor\/huila-y-la-gran-oportunidad-con-las-pasifloras\/#breadcrumb","itemListElement":[{"@type":"ListItem","position":1,"name":"Portada","item":"https:\/\/luchonoticias.com\/editor\/"},{"@type":"ListItem","position":2,"name":"Huila y la gran oportunidad con las pasifloras"}]},{"@type":"WebSite","@id":"https:\/\/luchonoticias.com\/editor\/#website","url":"https:\/\/luchonoticias.com\/editor\/","name":"","description":"","publisher":{"@id":"https:\/\/luchonoticias.com\/editor\/#\/schema\/person\/7a7fd911f58561fd056dbac7b55af9cd"},"potentialAction":[{"@type":"SearchAction","target":{"@type":"EntryPoint","urlTemplate":"https:\/\/luchonoticias.com\/editor\/?s={search_term_string}"},"query-input":{"@type":"PropertyValueSpecification","valueRequired":true,"valueName":"search_term_string"}}],"inLanguage":"es"},{"@type":["Person","Organization"],"@id":"https:\/\/luchonoticias.com\/editor\/#\/schema\/person\/7a7fd911f58561fd056dbac7b55af9cd","name":"admin","image":{"@type":"ImageObject","inLanguage":"es","@id":"https:\/\/luchonoticias.com\/editor\/#\/schema\/person\/image\/","url":"https:\/\/luchonoticias.com\/editor\/wp-content\/uploads\/2024\/02\/cropped-cropped-logolu.webp","contentUrl":"https:\/\/luchonoticias.com\/editor\/wp-content\/uploads\/2024\/02\/cropped-cropped-logolu.webp","width":382,"height":170,"caption":"admin"},"logo":{"@id":"https:\/\/luchonoticias.com\/editor\/#\/schema\/person\/image\/"},"sameAs":["https:\/\/www.facebook.com\/luchonoticiasneiva"]},{"@type":"Person","@id":"https:\/\/luchonoticias.com\/editor\/#\/schema\/person\/29217990ddf6f14e35912b2866d591fb","name":"Editor General","image":{"@type":"ImageObject","inLanguage":"es","@id":"https:\/\/luchonoticias.com\/editor\/#\/schema\/person\/image\/","url":"https:\/\/luchonoticias.com\/editor\/wp-content\/uploads\/2024\/02\/cropped-cropped-logolu-150x150.webp","contentUrl":"https:\/\/luchonoticias.com\/editor\/wp-content\/uploads\/2024\/02\/cropped-cropped-logolu-150x150.webp","caption":"Editor General"},"sameAs":["https:\/\/luchonoticias.com\/"],"url":"https:\/\/luchonoticias.com\/editor\/author\/editor-general\/"}]}},"_links":{"self":[{"href":"https:\/\/luchonoticias.com\/editor\/wp-json\/wp\/v2\/posts\/49222","targetHints":{"allow":["GET"]}}],"collection":[{"href":"https:\/\/luchonoticias.com\/editor\/wp-json\/wp\/v2\/posts"}],"about":[{"href":"https:\/\/luchonoticias.com\/editor\/wp-json\/wp\/v2\/types\/post"}],"author":[{"embeddable":true,"href":"https:\/\/luchonoticias.com\/editor\/wp-json\/wp\/v2\/users\/2"}],"replies":[{"embeddable":true,"href":"https:\/\/luchonoticias.com\/editor\/wp-json\/wp\/v2\/comments?post=49222"}],"version-history":[{"count":0,"href":"https:\/\/luchonoticias.com\/editor\/wp-json\/wp\/v2\/posts\/49222\/revisions"}],"wp:attachment":[{"href":"https:\/\/luchonoticias.com\/editor\/wp-json\/wp\/v2\/media?parent=49222"}],"wp:term":[{"taxonomy":"category","embeddable":true,"href":"https:\/\/luchonoticias.com\/editor\/wp-json\/wp\/v2\/categories?post=49222"},{"taxonomy":"post_tag","embeddable":true,"href":"https:\/\/luchonoticias.com\/editor\/wp-json\/wp\/v2\/tags?post=49222"}],"curies":[{"name":"wp","href":"https:\/\/api.w.org\/{rel}","templated":true}]}}