{"id":49230,"date":"2023-03-28T04:41:24","date_gmt":"2023-03-28T09:41:24","guid":{"rendered":"https:\/\/luchonoticias.com\/?p=49230"},"modified":"2023-03-28T04:41:25","modified_gmt":"2023-03-28T09:41:25","slug":"asamblea-general-de-aguas-del-huila","status":"publish","type":"post","link":"https:\/\/luchonoticias.com\/editor\/asamblea-general-de-aguas-del-huila\/","title":{"rendered":"Asamblea general de Aguas del Huila"},"content":{"rendered":"\n<p>En la&nbsp;<strong>Asamblea General Ordinaria de Accionistas<\/strong>&nbsp;n\u00famero XXXIII de&nbsp;<strong>Aguas del Huila S.A. E.S.P,<\/strong>&nbsp;celebrada con la participaci\u00f3n de los alcaldes de los municipios del Huila, se present\u00f3 el informe de los estados financieros al 31 de diciembre de 2022, destacando la&nbsp;<strong>ejecuci\u00f3n de grandes obras y la obtenci\u00f3n de una utilidad de m\u00e1s de $1.200 millones.<\/strong><\/p>\n\n\n\n<p>Durante la reuni\u00f3n, el Gerente de la Empresa, Genaro Lozada y su equipo de trabajo presentaron los respectivos&nbsp;<strong>informes de gesti\u00f3n y estados financieros del a\u00f1o 2022. E<\/strong>ntre los proyectos destacados a cargo de Aguas del Huila S.A E.S. P, se encuentran la construcci\u00f3n de la Planta de Tratamiento de Aguas Residuales en la vereda Costa Rica en Pitalito, la red de acueducto y alcantarillado para el barrio Gait\u00e1n y La Orqu\u00eddea en Campoalegre, las obras en la carrera 33 v\u00eda El Cagu\u00e1n en Neiva y la construcci\u00f3n de alcantarillado sanitario y PTAR para el centro poblado Potrerillos del municipio de El\u00edas.<\/p>\n\n\n\n<p>Entre los proyectos que tambi\u00e9n ser\u00e1n ejecutados con recursos de regal\u00edas y muy solicitado por los alcaldes del centro y sur del Huila, se encuentra la construcci\u00f3n de la celda de ampliaci\u00f3n del relleno sanitario de Biorg\u00e1nicos del Sur en Pitalito, por un valor de $3.145.406.275 y que beneficiar\u00e1 a 9 municipios del sur del Huila.<\/p>\n\n\n\n<p>Adem\u00e1s, la Asamblea decidi\u00f3 destinar las&nbsp;<strong>ganancias obtenidas por Aguas del Huila durante el ejercicio del 2022, correspondientes al monto de $1.270 millones<\/strong>, a la capitalizaci\u00f3n de la entidad, como resultado de la solicitud hecha por la Empresa debido a las p\u00e9rdidas que, durante el a\u00f1o 2020, ocasionadas en gran medida por la emergencia econ\u00f3mica nacional decretada por cuenta de la pandemia de la Covid-19.<\/p>\n\n\n\n<p>El Gerente, Genaro Lozada, destac\u00f3 la importancia de estos resultados para la Asamblea y para la empresa, subrayando que \u00abhoy tenemos una&nbsp;<strong>sostenibilidad financiera y administrativa muy importante<\/strong>\u00ab. El Revisor Fiscal, Mario Falla Chico, resalt\u00f3 que los resultados obtenidos en el a\u00f1o 2022 fueron muy diferentes a los del a\u00f1o anterior, debido a la gesti\u00f3n y administraci\u00f3n de la empresa, que permitieron presentar unos resultados muy positivos.<\/p>\n\n\n\n<p>Adem\u00e1s, se eligieron los representantes de los municipios de Gigante y N\u00e1taga ante el Plan Departamental de Aguas. La Asamblea General Ordinaria n\u00famero 33 de Aguas del Huila concluy\u00f3 reafirmando el compromiso de la empresa para ofrecer servicios de Acueducto y Alcantarillado de alta calidad, contribuyendo al desarrollo de la sociedad Huilense y de un \u00abHuila que Crece\u00bb, con resultados.<\/p>\n","protected":false},"excerpt":{"rendered":"<p>En la&nbsp;Asamblea General Ordinaria de Accionistas&nbsp;n\u00famero XXXIII de&nbsp;Aguas del Huila S.A. E.S.P,&nbsp;celebrada con la participaci\u00f3n de los alcaldes de los municipios del Huila, se present\u00f3 el informe de los estados financieros al 31 de diciembre de 2022, destacando la&nbsp;ejecuci\u00f3n de grandes obras y la obtenci\u00f3n de una utilidad de m\u00e1s de $1.200 millones. Durante la [&hellip;]<\/p>\n","protected":false},"author":2,"featured_media":0,"comment_status":"open","ping_status":"open","sticky":false,"template":"","format":"standard","meta":{"footnotes":""},"categories":[33],"tags":[],"class_list":["post-49230","post","type-post","status-publish","format-standard","hentry","category-huila"],"yoast_head":"<!-- This site is optimized with the Yoast SEO plugin v26.6 - https:\/\/yoast.com\/wordpress\/plugins\/seo\/ -->\n<title>Asamblea general de Aguas del Huila -<\/title>\n<meta name=\"robots\" content=\"index, follow, max-snippet:-1, max-image-preview:large, max-video-preview:-1\" \/>\n<link rel=\"canonical\" href=\"https:\/\/luchonoticias.com\/editor\/asamblea-general-de-aguas-del-huila\/\" \/>\n<meta property=\"og:locale\" content=\"es_ES\" \/>\n<meta property=\"og:type\" content=\"article\" \/>\n<meta property=\"og:title\" content=\"Asamblea general de Aguas del Huila -\" \/>\n<meta property=\"og:url\" content=\"https:\/\/luchonoticias.com\/editor\/asamblea-general-de-aguas-del-huila\/\" \/>\n<meta property=\"article:publisher\" content=\"https:\/\/www.facebook.com\/luchonoticiasneiva\" \/>\n<meta property=\"article:published_time\" content=\"2023-03-28T09:41:24+00:00\" \/>\n<meta property=\"article:modified_time\" content=\"2023-03-28T09:41:25+00:00\" \/>\n<meta name=\"author\" content=\"Editor General\" \/>\n<meta name=\"twitter:card\" content=\"summary_large_image\" \/>\n<meta name=\"twitter:label1\" content=\"Escrito por\" \/>\n\t<meta name=\"twitter:data1\" content=\"Editor General\" \/>\n\t<meta name=\"twitter:label2\" content=\"Tiempo de lectura\" \/>\n\t<meta name=\"twitter:data2\" content=\"2 minutos\" \/>\n<script type=\"application\/ld+json\" class=\"yoast-schema-graph\">{\"@context\":\"https:\/\/schema.org\",\"@graph\":[{\"@type\":\"Article\",\"@id\":\"https:\/\/luchonoticias.com\/editor\/asamblea-general-de-aguas-del-huila\/#article\",\"isPartOf\":{\"@id\":\"https:\/\/luchonoticias.com\/editor\/asamblea-general-de-aguas-del-huila\/\"},\"author\":{\"name\":\"Editor General\",\"@id\":\"https:\/\/luchonoticias.com\/editor\/#\/schema\/person\/29217990ddf6f14e35912b2866d591fb\"},\"headline\":\"Asamblea general de Aguas del Huila\",\"datePublished\":\"2023-03-28T09:41:24+00:00\",\"dateModified\":\"2023-03-28T09:41:25+00:00\",\"mainEntityOfPage\":{\"@id\":\"https:\/\/luchonoticias.com\/editor\/asamblea-general-de-aguas-del-huila\/\"},\"wordCount\":448,\"commentCount\":0,\"publisher\":{\"@id\":\"https:\/\/luchonoticias.com\/editor\/#\/schema\/person\/7a7fd911f58561fd056dbac7b55af9cd\"},\"articleSection\":[\"Huila\"],\"inLanguage\":\"es\",\"potentialAction\":[{\"@type\":\"CommentAction\",\"name\":\"Comment\",\"target\":[\"https:\/\/luchonoticias.com\/editor\/asamblea-general-de-aguas-del-huila\/#respond\"]}]},{\"@type\":\"WebPage\",\"@id\":\"https:\/\/luchonoticias.com\/editor\/asamblea-general-de-aguas-del-huila\/\",\"url\":\"https:\/\/luchonoticias.com\/editor\/asamblea-general-de-aguas-del-huila\/\",\"name\":\"Asamblea general de Aguas del Huila -\",\"isPartOf\":{\"@id\":\"https:\/\/luchonoticias.com\/editor\/#website\"},\"datePublished\":\"2023-03-28T09:41:24+00:00\",\"dateModified\":\"2023-03-28T09:41:25+00:00\",\"breadcrumb\":{\"@id\":\"https:\/\/luchonoticias.com\/editor\/asamblea-general-de-aguas-del-huila\/#breadcrumb\"},\"inLanguage\":\"es\",\"potentialAction\":[{\"@type\":\"ReadAction\",\"target\":[\"https:\/\/luchonoticias.com\/editor\/asamblea-general-de-aguas-del-huila\/\"]}]},{\"@type\":\"BreadcrumbList\",\"@id\":\"https:\/\/luchonoticias.com\/editor\/asamblea-general-de-aguas-del-huila\/#breadcrumb\",\"itemListElement\":[{\"@type\":\"ListItem\",\"position\":1,\"name\":\"Portada\",\"item\":\"https:\/\/luchonoticias.com\/editor\/\"},{\"@type\":\"ListItem\",\"position\":2,\"name\":\"Asamblea general de Aguas del Huila\"}]},{\"@type\":\"WebSite\",\"@id\":\"https:\/\/luchonoticias.com\/editor\/#website\",\"url\":\"https:\/\/luchonoticias.com\/editor\/\",\"name\":\"\",\"description\":\"\",\"publisher\":{\"@id\":\"https:\/\/luchonoticias.com\/editor\/#\/schema\/person\/7a7fd911f58561fd056dbac7b55af9cd\"},\"potentialAction\":[{\"@type\":\"SearchAction\",\"target\":{\"@type\":\"EntryPoint\",\"urlTemplate\":\"https:\/\/luchonoticias.com\/editor\/?s={search_term_string}\"},\"query-input\":{\"@type\":\"PropertyValueSpecification\",\"valueRequired\":true,\"valueName\":\"search_term_string\"}}],\"inLanguage\":\"es\"},{\"@type\":[\"Person\",\"Organization\"],\"@id\":\"https:\/\/luchonoticias.com\/editor\/#\/schema\/person\/7a7fd911f58561fd056dbac7b55af9cd\",\"name\":\"admin\",\"image\":{\"@type\":\"ImageObject\",\"inLanguage\":\"es\",\"@id\":\"https:\/\/luchonoticias.com\/editor\/#\/schema\/person\/image\/\",\"url\":\"https:\/\/luchonoticias.com\/editor\/wp-content\/uploads\/2024\/02\/cropped-cropped-logolu.webp\",\"contentUrl\":\"https:\/\/luchonoticias.com\/editor\/wp-content\/uploads\/2024\/02\/cropped-cropped-logolu.webp\",\"width\":382,\"height\":170,\"caption\":\"admin\"},\"logo\":{\"@id\":\"https:\/\/luchonoticias.com\/editor\/#\/schema\/person\/image\/\"},\"sameAs\":[\"https:\/\/www.facebook.com\/luchonoticiasneiva\"]},{\"@type\":\"Person\",\"@id\":\"https:\/\/luchonoticias.com\/editor\/#\/schema\/person\/29217990ddf6f14e35912b2866d591fb\",\"name\":\"Editor General\",\"image\":{\"@type\":\"ImageObject\",\"inLanguage\":\"es\",\"@id\":\"https:\/\/luchonoticias.com\/editor\/#\/schema\/person\/image\/\",\"url\":\"https:\/\/luchonoticias.com\/editor\/wp-content\/uploads\/2024\/02\/cropped-cropped-logolu-150x150.webp\",\"contentUrl\":\"https:\/\/luchonoticias.com\/editor\/wp-content\/uploads\/2024\/02\/cropped-cropped-logolu-150x150.webp\",\"caption\":\"Editor General\"},\"sameAs\":[\"https:\/\/luchonoticias.com\/\"],\"url\":\"https:\/\/luchonoticias.com\/editor\/author\/editor-general\/\"}]}<\/script>\n<!-- \/ Yoast SEO plugin. -->","yoast_head_json":{"title":"Asamblea general de Aguas del Huila -","robots":{"index":"index","follow":"follow","max-snippet":"max-snippet:-1","max-image-preview":"max-image-preview:large","max-video-preview":"max-video-preview:-1"},"canonical":"https:\/\/luchonoticias.com\/editor\/asamblea-general-de-aguas-del-huila\/","og_locale":"es_ES","og_type":"article","og_title":"Asamblea general de Aguas del Huila -","og_url":"https:\/\/luchonoticias.com\/editor\/asamblea-general-de-aguas-del-huila\/","article_publisher":"https:\/\/www.facebook.com\/luchonoticiasneiva","article_published_time":"2023-03-28T09:41:24+00:00","article_modified_time":"2023-03-28T09:41:25+00:00","author":"Editor General","twitter_card":"summary_large_image","twitter_misc":{"Escrito por":"Editor General","Tiempo de lectura":"2 minutos"},"schema":{"@context":"https:\/\/schema.org","@graph":[{"@type":"Article","@id":"https:\/\/luchonoticias.com\/editor\/asamblea-general-de-aguas-del-huila\/#article","isPartOf":{"@id":"https:\/\/luchonoticias.com\/editor\/asamblea-general-de-aguas-del-huila\/"},"author":{"name":"Editor General","@id":"https:\/\/luchonoticias.com\/editor\/#\/schema\/person\/29217990ddf6f14e35912b2866d591fb"},"headline":"Asamblea general de Aguas del Huila","datePublished":"2023-03-28T09:41:24+00:00","dateModified":"2023-03-28T09:41:25+00:00","mainEntityOfPage":{"@id":"https:\/\/luchonoticias.com\/editor\/asamblea-general-de-aguas-del-huila\/"},"wordCount":448,"commentCount":0,"publisher":{"@id":"https:\/\/luchonoticias.com\/editor\/#\/schema\/person\/7a7fd911f58561fd056dbac7b55af9cd"},"articleSection":["Huila"],"inLanguage":"es","potentialAction":[{"@type":"CommentAction","name":"Comment","target":["https:\/\/luchonoticias.com\/editor\/asamblea-general-de-aguas-del-huila\/#respond"]}]},{"@type":"WebPage","@id":"https:\/\/luchonoticias.com\/editor\/asamblea-general-de-aguas-del-huila\/","url":"https:\/\/luchonoticias.com\/editor\/asamblea-general-de-aguas-del-huila\/","name":"Asamblea general de Aguas del Huila -","isPartOf":{"@id":"https:\/\/luchonoticias.com\/editor\/#website"},"datePublished":"2023-03-28T09:41:24+00:00","dateModified":"2023-03-28T09:41:25+00:00","breadcrumb":{"@id":"https:\/\/luchonoticias.com\/editor\/asamblea-general-de-aguas-del-huila\/#breadcrumb"},"inLanguage":"es","potentialAction":[{"@type":"ReadAction","target":["https:\/\/luchonoticias.com\/editor\/asamblea-general-de-aguas-del-huila\/"]}]},{"@type":"BreadcrumbList","@id":"https:\/\/luchonoticias.com\/editor\/asamblea-general-de-aguas-del-huila\/#breadcrumb","itemListElement":[{"@type":"ListItem","position":1,"name":"Portada","item":"https:\/\/luchonoticias.com\/editor\/"},{"@type":"ListItem","position":2,"name":"Asamblea general de Aguas del Huila"}]},{"@type":"WebSite","@id":"https:\/\/luchonoticias.com\/editor\/#website","url":"https:\/\/luchonoticias.com\/editor\/","name":"","description":"","publisher":{"@id":"https:\/\/luchonoticias.com\/editor\/#\/schema\/person\/7a7fd911f58561fd056dbac7b55af9cd"},"potentialAction":[{"@type":"SearchAction","target":{"@type":"EntryPoint","urlTemplate":"https:\/\/luchonoticias.com\/editor\/?s={search_term_string}"},"query-input":{"@type":"PropertyValueSpecification","valueRequired":true,"valueName":"search_term_string"}}],"inLanguage":"es"},{"@type":["Person","Organization"],"@id":"https:\/\/luchonoticias.com\/editor\/#\/schema\/person\/7a7fd911f58561fd056dbac7b55af9cd","name":"admin","image":{"@type":"ImageObject","inLanguage":"es","@id":"https:\/\/luchonoticias.com\/editor\/#\/schema\/person\/image\/","url":"https:\/\/luchonoticias.com\/editor\/wp-content\/uploads\/2024\/02\/cropped-cropped-logolu.webp","contentUrl":"https:\/\/luchonoticias.com\/editor\/wp-content\/uploads\/2024\/02\/cropped-cropped-logolu.webp","width":382,"height":170,"caption":"admin"},"logo":{"@id":"https:\/\/luchonoticias.com\/editor\/#\/schema\/person\/image\/"},"sameAs":["https:\/\/www.facebook.com\/luchonoticiasneiva"]},{"@type":"Person","@id":"https:\/\/luchonoticias.com\/editor\/#\/schema\/person\/29217990ddf6f14e35912b2866d591fb","name":"Editor General","image":{"@type":"ImageObject","inLanguage":"es","@id":"https:\/\/luchonoticias.com\/editor\/#\/schema\/person\/image\/","url":"https:\/\/luchonoticias.com\/editor\/wp-content\/uploads\/2024\/02\/cropped-cropped-logolu-150x150.webp","contentUrl":"https:\/\/luchonoticias.com\/editor\/wp-content\/uploads\/2024\/02\/cropped-cropped-logolu-150x150.webp","caption":"Editor General"},"sameAs":["https:\/\/luchonoticias.com\/"],"url":"https:\/\/luchonoticias.com\/editor\/author\/editor-general\/"}]}},"_links":{"self":[{"href":"https:\/\/luchonoticias.com\/editor\/wp-json\/wp\/v2\/posts\/49230","targetHints":{"allow":["GET"]}}],"collection":[{"href":"https:\/\/luchonoticias.com\/editor\/wp-json\/wp\/v2\/posts"}],"about":[{"href":"https:\/\/luchonoticias.com\/editor\/wp-json\/wp\/v2\/types\/post"}],"author":[{"embeddable":true,"href":"https:\/\/luchonoticias.com\/editor\/wp-json\/wp\/v2\/users\/2"}],"replies":[{"embeddable":true,"href":"https:\/\/luchonoticias.com\/editor\/wp-json\/wp\/v2\/comments?post=49230"}],"version-history":[{"count":0,"href":"https:\/\/luchonoticias.com\/editor\/wp-json\/wp\/v2\/posts\/49230\/revisions"}],"wp:attachment":[{"href":"https:\/\/luchonoticias.com\/editor\/wp-json\/wp\/v2\/media?parent=49230"}],"wp:term":[{"taxonomy":"category","embeddable":true,"href":"https:\/\/luchonoticias.com\/editor\/wp-json\/wp\/v2\/categories?post=49230"},{"taxonomy":"post_tag","embeddable":true,"href":"https:\/\/luchonoticias.com\/editor\/wp-json\/wp\/v2\/tags?post=49230"}],"curies":[{"name":"wp","href":"https:\/\/api.w.org\/{rel}","templated":true}]}}