{"id":49327,"date":"2023-03-29T06:51:38","date_gmt":"2023-03-29T11:51:38","guid":{"rendered":"https:\/\/luchonoticias.com\/?p=49327"},"modified":"2023-03-29T06:51:39","modified_gmt":"2023-03-29T11:51:39","slug":"familias-neivanas-afectadas-por-ola-invernal-del-2010-ya-cuentan-con-casa-propia","status":"publish","type":"post","link":"https:\/\/luchonoticias.com\/editor\/familias-neivanas-afectadas-por-ola-invernal-del-2010-ya-cuentan-con-casa-propia\/","title":{"rendered":"Familias neivanas afectadas por ola invernal del 2010, ya cuentan con casa propia"},"content":{"rendered":"\n<p>Mejorar la calidad de vida de los neivanos, ha sido uno de los compromisos del alcalde de Neiva Gorky Mu\u00f1oz Calder\u00f3n, quien, a trav\u00e9s de la Secretar\u00eda de Vivienda y H\u00e1bitat del Municipio, viene transformado los hogares de cientos de familias de escasos recursos que so\u00f1aban con una vivienda digna.<\/p>\n\n\n\n<p>Es por eso que hoy 50 familias, que hace m\u00e1s de 10 a\u00f1os lo perdieron todo a ra\u00edz de la ola invernal, hacen su sue\u00f1o realidad de volver a tener una vivienda digna, a trav\u00e9s del proyecto Bosques de Cipr\u00e9s, financiado por el Fondo de Adaptaci\u00f3n del Ministerio de Hacienda.<\/p>\n\n\n\n<p>\u201cEstas son familias beneficiadas que por la ola invernal del 2010-2011, donde se ayud\u00f3 a gestionar un proyecto, a estructurar, a conseguir los recursos a nivel nacional pero tambi\u00e9n la constructora que son en compensaciones, pero tambi\u00e9n apoyamos con la instalaci\u00f3n de los servicios y la doble calzada que va de Neiva hacia el Cagu\u00e1n, 2.3 kil\u00f3metros aproximadamente, donde tendr\u00e1n v\u00edas de acceso, servicios p\u00fablicos que no solamente va a beneficiar a este importante proyecto sino ambos sentidos, derecha e izquierda, esto est\u00e1 dentro del Plan de Desarrollo que ha venido cumpli\u00e9ndose de la mejor manera y que se ha venido desarrollando con todos los requisitos indispensables\u201d, indic\u00f3 Gorky Mu\u00f1oz Calder\u00f3n, alcalde de Neiva.<\/p>\n\n\n\n<figure class=\"wp-block-gallery has-nested-images columns-default is-cropped wp-block-gallery-1 is-layout-flex wp-block-gallery-is-layout-flex\">\n<figure class=\"wp-block-image size-large\"><img decoding=\"async\" data-id=\"49331\" src=\"https:\/\/luchonoticias.com\/wp-content\/uploads\/2023\/03\/WhatsApp-Image-2023-03-28-at-7.11.26-PM-1024x768.jpeg\" alt=\"\" class=\"wp-image-49331\"\/><\/figure>\n\n\n\n<figure class=\"wp-block-image size-large\"><img decoding=\"async\" data-id=\"49329\" src=\"https:\/\/luchonoticias.com\/wp-content\/uploads\/2023\/03\/WhatsApp-Image-2023-03-28-at-7.11.25-PM-1-1024x768.jpeg\" alt=\"\" class=\"wp-image-49329\"\/><\/figure>\n\n\n\n<figure class=\"wp-block-image size-large\"><img decoding=\"async\" data-id=\"49330\" src=\"https:\/\/luchonoticias.com\/wp-content\/uploads\/2023\/03\/WhatsApp-Image-2023-03-28-at-7.11.25-PM-1024x768.jpeg\" alt=\"\" class=\"wp-image-49330\"\/><\/figure>\n<\/figure>\n\n\n\n<p>Por su parte, An\u00edbal Rodr\u00edguez Rojas gerente de la Constructora Rodr\u00edguez Br\u00ed\u00f1ez, entidad encargada de ejecutar el proyecto explic\u00f3 c\u00f3mo fue posible hacerle el sue\u00f1o realidad a estas 50 familias.<\/p>\n\n\n\n<p>\u201cNosotros firmamos con el Fondo de Adaptaci\u00f3n un contrato para entregar 50 viviendas con destino a damnificados de la ola invernal del 2010, este convenio se firm\u00f3 hace 15 meses, ya hoy es una realidad con la entrega de esas 50 viviendas en el marco de un conjunto que est\u00e1 compuesto en su primera etapa por 200 unidades habitacionales\u201d, dijo el empresario.<\/p>\n\n\n\n<p><strong>Aporte de la Alcald\u00eda<\/strong><\/p>\n\n\n\n<p>C\u00f3mo lo mencion\u00f3 anteriormente el alcalde de Neiva, el municipio tambi\u00e9n hizo su aporte a este gran proyecto con la instalaci\u00f3n de las redes de infraestructura donde permitir\u00e1 que esta comunidad cuente con los servicios p\u00fablicos.<\/p>\n\n\n\n<p>\u201cLa Administraci\u00f3n Municipal por decisi\u00f3n del alcalde desarroll\u00f3 las redes de infraestructura que nos permite conectarnos a los servicios p\u00fablicos porque en esta zona de la ciudad no ten\u00edamos resuelto el problema ni del alcantarillado sanitario, ni pluvial, ni acueducto, el acueducto fue construido en un convenio entre el Municipio y la Gobernaci\u00f3n del Huila a trav\u00e9s de Aguas del Huila y los otros dos sistemas de alcantarillado por Empresas Publicas con recursos aportados por el municipio\u201d, sostuvo Rodr\u00edguez Rojas.<\/p>\n\n\n\n<figure class=\"wp-block-gallery has-nested-images columns-default is-cropped wp-block-gallery-2 is-layout-flex wp-block-gallery-is-layout-flex\">\n<figure class=\"wp-block-image size-large\"><img decoding=\"async\" data-id=\"49333\" src=\"https:\/\/luchonoticias.com\/wp-content\/uploads\/2023\/03\/WhatsApp-Image-2023-03-28-at-7.11.23-PM-1-1024x768.jpeg\" alt=\"\" class=\"wp-image-49333\"\/><\/figure>\n\n\n\n<figure class=\"wp-block-image size-large\"><img decoding=\"async\" data-id=\"49334\" src=\"https:\/\/luchonoticias.com\/wp-content\/uploads\/2023\/03\/WhatsApp-Image-2023-03-28-at-7.11.23-PM-1024x768.jpeg\" alt=\"\" class=\"wp-image-49334\"\/><\/figure>\n\n\n\n<figure class=\"wp-block-image size-large\"><img decoding=\"async\" data-id=\"49332\" src=\"https:\/\/luchonoticias.com\/wp-content\/uploads\/2023\/03\/WhatsApp-Image-2023-03-28-at-7.11.22-PM-1-1024x768.jpeg\" alt=\"\" class=\"wp-image-49332\"\/><\/figure>\n<\/figure>\n\n\n\n<p>En el mismo sentido, Esperanza Monta\u00f1o Cort\u00e9s, secretaria de Vivienda de Neiva dio a conocer el arduo trabajo que hicieron en conjunto con el Fondo de Adaptaci\u00f3n y la Oficina de Gesti\u00f3n de Riesgo para poder identificar a estas familias que lo perdieron todo en el a\u00f1o 2010.<\/p>\n\n\n\n<p>\u201cEl Fondo de Adaptaci\u00f3n por medio de la Secretar\u00eda y la Oficina de Gesti\u00f3n de Riesgo se hizo toda esta labor para que estas familias pudieran finalmente recibir el beneficio de su vivienda ya que fueron afectadas en su momento, la Administraci\u00f3n Municipal ha hecho part\u00edcipe tambi\u00e9n de este evento dando para la conexi\u00f3n de los servicios p\u00fablicos ya que en este sector todav\u00eda no contaba, es una alegr\u00eda para nosotros poder darle a conocer a la comunidad el avance y la labor que ha hecho el municipio para que finalmente estas 50 familias puedan tener una vivienda digna\u201d, manifest\u00f3 la funcionaria.<\/p>\n\n\n\n<figure class=\"wp-block-gallery has-nested-images columns-default is-cropped wp-block-gallery-3 is-layout-flex wp-block-gallery-is-layout-flex\">\n<figure class=\"wp-block-image size-large\"><img decoding=\"async\" data-id=\"49336\" src=\"https:\/\/luchonoticias.com\/wp-content\/uploads\/2023\/03\/WhatsApp-Image-2023-03-28-at-7.11.20-PM-2-1024x768.jpeg\" alt=\"\" class=\"wp-image-49336\"\/><\/figure>\n\n\n\n<figure class=\"wp-block-image size-large\"><img decoding=\"async\" data-id=\"49337\" src=\"https:\/\/luchonoticias.com\/wp-content\/uploads\/2023\/03\/WhatsApp-Image-2023-03-28-at-7.11.20-PM-1-1024x768.jpeg\" alt=\"\" class=\"wp-image-49337\"\/><\/figure>\n\n\n\n<figure class=\"wp-block-image size-large\"><img decoding=\"async\" data-id=\"49335\" src=\"https:\/\/luchonoticias.com\/wp-content\/uploads\/2023\/03\/WhatsApp-Image-2023-03-28-at-7.11.19-PM-1-1024x576.jpeg\" alt=\"\" class=\"wp-image-49335\"\/><\/figure>\n<\/figure>\n\n\n\n<p><strong>\u201cEl sue\u00f1o se hizo realidad\u201d<\/strong><\/p>\n\n\n\n<p>\u201cSalgo reubicada del asentamiento Los Andesitos, viv\u00eda a la orilla del R\u00edo Las Ceibas y con la bendici\u00f3n de Dios a partir de ahora cuando llueva voy a poder dormir tranquila, sin miedo\u201d, fueron las palabras de Claudia Patricia Mu\u00f1oz Santamar\u00eda, una madre cabeza de hogar que hoy recibe su casa luego de haber perdido todo hace 13 a\u00f1os a causa de la ola invernal.<\/p>\n\n\n\n<p>\u201cMuchas gracias al Fondo de Adaptaci\u00f3n, al alcalde Gorky Mu\u00f1oz Calder\u00f3n y a la Constructora Br\u00ed\u00f1ez que hicieron posible de que este sue\u00f1o se hiciera realidad, esto genera muchas emociones porque mi casa era de machimbre, con tejas viejas, piso de tierra, cocinaba en hornilla de le\u00f1a y ahora llegar aqu\u00ed donde tengo una estructura que es firme, con buen techo, ya no voy a sufrir por las goteras, tenemos cuartos dignos para m\u00ed y mis hijas, es una emoci\u00f3n muy grande\u201d, revel\u00f3 la mujer beneficiada.<\/p>\n","protected":false},"excerpt":{"rendered":"<p>Mejorar la calidad de vida de los neivanos, ha sido uno de los compromisos del alcalde de Neiva Gorky Mu\u00f1oz Calder\u00f3n, quien, a trav\u00e9s de la Secretar\u00eda de Vivienda y H\u00e1bitat del Municipio, viene transformado los hogares de cientos de familias de escasos recursos que so\u00f1aban con una vivienda digna. Es por eso que hoy [&hellip;]<\/p>\n","protected":false},"author":2,"featured_media":0,"comment_status":"open","ping_status":"open","sticky":false,"template":"","format":"standard","meta":{"footnotes":""},"categories":[36,31],"tags":[],"class_list":["post-49327","post","type-post","status-publish","format-standard","hentry","category-destacado","category-local"],"yoast_head":"<!-- This site is optimized with the Yoast SEO plugin v26.6 - https:\/\/yoast.com\/wordpress\/plugins\/seo\/ -->\n<title>Familias neivanas afectadas por ola invernal del 2010, ya cuentan con casa propia -<\/title>\n<meta name=\"robots\" content=\"index, follow, max-snippet:-1, max-image-preview:large, max-video-preview:-1\" \/>\n<link rel=\"canonical\" href=\"https:\/\/luchonoticias.com\/editor\/familias-neivanas-afectadas-por-ola-invernal-del-2010-ya-cuentan-con-casa-propia\/\" \/>\n<meta property=\"og:locale\" content=\"es_ES\" \/>\n<meta property=\"og:type\" content=\"article\" \/>\n<meta property=\"og:title\" content=\"Familias neivanas afectadas por ola invernal del 2010, ya cuentan con casa propia -\" \/>\n<meta property=\"og:url\" content=\"https:\/\/luchonoticias.com\/editor\/familias-neivanas-afectadas-por-ola-invernal-del-2010-ya-cuentan-con-casa-propia\/\" \/>\n<meta property=\"article:publisher\" content=\"https:\/\/www.facebook.com\/luchonoticiasneiva\" \/>\n<meta property=\"article:published_time\" content=\"2023-03-29T11:51:38+00:00\" \/>\n<meta property=\"article:modified_time\" content=\"2023-03-29T11:51:39+00:00\" \/>\n<meta property=\"og:image\" content=\"https:\/\/luchonoticias.com\/wp-content\/uploads\/2023\/03\/WhatsApp-Image-2023-03-28-at-7.11.26-PM-1024x768.jpeg\" \/>\n<meta name=\"author\" content=\"Editor General\" \/>\n<meta name=\"twitter:card\" content=\"summary_large_image\" \/>\n<meta name=\"twitter:label1\" content=\"Escrito por\" \/>\n\t<meta name=\"twitter:data1\" content=\"Editor General\" \/>\n\t<meta name=\"twitter:label2\" content=\"Tiempo de lectura\" \/>\n\t<meta name=\"twitter:data2\" content=\"4 minutos\" \/>\n<script type=\"application\/ld+json\" class=\"yoast-schema-graph\">{\"@context\":\"https:\/\/schema.org\",\"@graph\":[{\"@type\":\"Article\",\"@id\":\"https:\/\/luchonoticias.com\/editor\/familias-neivanas-afectadas-por-ola-invernal-del-2010-ya-cuentan-con-casa-propia\/#article\",\"isPartOf\":{\"@id\":\"https:\/\/luchonoticias.com\/editor\/familias-neivanas-afectadas-por-ola-invernal-del-2010-ya-cuentan-con-casa-propia\/\"},\"author\":{\"name\":\"Editor General\",\"@id\":\"https:\/\/luchonoticias.com\/editor\/#\/schema\/person\/29217990ddf6f14e35912b2866d591fb\"},\"headline\":\"Familias neivanas afectadas por ola invernal del 2010, ya cuentan con casa propia\",\"datePublished\":\"2023-03-29T11:51:38+00:00\",\"dateModified\":\"2023-03-29T11:51:39+00:00\",\"mainEntityOfPage\":{\"@id\":\"https:\/\/luchonoticias.com\/editor\/familias-neivanas-afectadas-por-ola-invernal-del-2010-ya-cuentan-con-casa-propia\/\"},\"wordCount\":804,\"commentCount\":0,\"publisher\":{\"@id\":\"https:\/\/luchonoticias.com\/editor\/#\/schema\/person\/7a7fd911f58561fd056dbac7b55af9cd\"},\"image\":{\"@id\":\"https:\/\/luchonoticias.com\/editor\/familias-neivanas-afectadas-por-ola-invernal-del-2010-ya-cuentan-con-casa-propia\/#primaryimage\"},\"thumbnailUrl\":\"https:\/\/luchonoticias.com\/wp-content\/uploads\/2023\/03\/WhatsApp-Image-2023-03-28-at-7.11.26-PM-1024x768.jpeg\",\"articleSection\":[\"Destacado\",\"Local\"],\"inLanguage\":\"es\",\"potentialAction\":[{\"@type\":\"CommentAction\",\"name\":\"Comment\",\"target\":[\"https:\/\/luchonoticias.com\/editor\/familias-neivanas-afectadas-por-ola-invernal-del-2010-ya-cuentan-con-casa-propia\/#respond\"]}]},{\"@type\":\"WebPage\",\"@id\":\"https:\/\/luchonoticias.com\/editor\/familias-neivanas-afectadas-por-ola-invernal-del-2010-ya-cuentan-con-casa-propia\/\",\"url\":\"https:\/\/luchonoticias.com\/editor\/familias-neivanas-afectadas-por-ola-invernal-del-2010-ya-cuentan-con-casa-propia\/\",\"name\":\"Familias neivanas afectadas por ola invernal del 2010, ya cuentan con casa propia -\",\"isPartOf\":{\"@id\":\"https:\/\/luchonoticias.com\/editor\/#website\"},\"primaryImageOfPage\":{\"@id\":\"https:\/\/luchonoticias.com\/editor\/familias-neivanas-afectadas-por-ola-invernal-del-2010-ya-cuentan-con-casa-propia\/#primaryimage\"},\"image\":{\"@id\":\"https:\/\/luchonoticias.com\/editor\/familias-neivanas-afectadas-por-ola-invernal-del-2010-ya-cuentan-con-casa-propia\/#primaryimage\"},\"thumbnailUrl\":\"https:\/\/luchonoticias.com\/wp-content\/uploads\/2023\/03\/WhatsApp-Image-2023-03-28-at-7.11.26-PM-1024x768.jpeg\",\"datePublished\":\"2023-03-29T11:51:38+00:00\",\"dateModified\":\"2023-03-29T11:51:39+00:00\",\"breadcrumb\":{\"@id\":\"https:\/\/luchonoticias.com\/editor\/familias-neivanas-afectadas-por-ola-invernal-del-2010-ya-cuentan-con-casa-propia\/#breadcrumb\"},\"inLanguage\":\"es\",\"potentialAction\":[{\"@type\":\"ReadAction\",\"target\":[\"https:\/\/luchonoticias.com\/editor\/familias-neivanas-afectadas-por-ola-invernal-del-2010-ya-cuentan-con-casa-propia\/\"]}]},{\"@type\":\"ImageObject\",\"inLanguage\":\"es\",\"@id\":\"https:\/\/luchonoticias.com\/editor\/familias-neivanas-afectadas-por-ola-invernal-del-2010-ya-cuentan-con-casa-propia\/#primaryimage\",\"url\":\"https:\/\/luchonoticias.com\/wp-content\/uploads\/2023\/03\/WhatsApp-Image-2023-03-28-at-7.11.26-PM-1024x768.jpeg\",\"contentUrl\":\"https:\/\/luchonoticias.com\/wp-content\/uploads\/2023\/03\/WhatsApp-Image-2023-03-28-at-7.11.26-PM-1024x768.jpeg\"},{\"@type\":\"BreadcrumbList\",\"@id\":\"https:\/\/luchonoticias.com\/editor\/familias-neivanas-afectadas-por-ola-invernal-del-2010-ya-cuentan-con-casa-propia\/#breadcrumb\",\"itemListElement\":[{\"@type\":\"ListItem\",\"position\":1,\"name\":\"Portada\",\"item\":\"https:\/\/luchonoticias.com\/editor\/\"},{\"@type\":\"ListItem\",\"position\":2,\"name\":\"Familias neivanas afectadas por ola invernal del 2010, ya cuentan con casa propia\"}]},{\"@type\":\"WebSite\",\"@id\":\"https:\/\/luchonoticias.com\/editor\/#website\",\"url\":\"https:\/\/luchonoticias.com\/editor\/\",\"name\":\"\",\"description\":\"\",\"publisher\":{\"@id\":\"https:\/\/luchonoticias.com\/editor\/#\/schema\/person\/7a7fd911f58561fd056dbac7b55af9cd\"},\"potentialAction\":[{\"@type\":\"SearchAction\",\"target\":{\"@type\":\"EntryPoint\",\"urlTemplate\":\"https:\/\/luchonoticias.com\/editor\/?s={search_term_string}\"},\"query-input\":{\"@type\":\"PropertyValueSpecification\",\"valueRequired\":true,\"valueName\":\"search_term_string\"}}],\"inLanguage\":\"es\"},{\"@type\":[\"Person\",\"Organization\"],\"@id\":\"https:\/\/luchonoticias.com\/editor\/#\/schema\/person\/7a7fd911f58561fd056dbac7b55af9cd\",\"name\":\"admin\",\"image\":{\"@type\":\"ImageObject\",\"inLanguage\":\"es\",\"@id\":\"https:\/\/luchonoticias.com\/editor\/#\/schema\/person\/image\/\",\"url\":\"https:\/\/luchonoticias.com\/editor\/wp-content\/uploads\/2024\/02\/cropped-cropped-logolu.webp\",\"contentUrl\":\"https:\/\/luchonoticias.com\/editor\/wp-content\/uploads\/2024\/02\/cropped-cropped-logolu.webp\",\"width\":382,\"height\":170,\"caption\":\"admin\"},\"logo\":{\"@id\":\"https:\/\/luchonoticias.com\/editor\/#\/schema\/person\/image\/\"},\"sameAs\":[\"https:\/\/www.facebook.com\/luchonoticiasneiva\"]},{\"@type\":\"Person\",\"@id\":\"https:\/\/luchonoticias.com\/editor\/#\/schema\/person\/29217990ddf6f14e35912b2866d591fb\",\"name\":\"Editor General\",\"image\":{\"@type\":\"ImageObject\",\"inLanguage\":\"es\",\"@id\":\"https:\/\/luchonoticias.com\/editor\/#\/schema\/person\/image\/\",\"url\":\"https:\/\/luchonoticias.com\/editor\/wp-content\/uploads\/2024\/02\/cropped-cropped-logolu-150x150.webp\",\"contentUrl\":\"https:\/\/luchonoticias.com\/editor\/wp-content\/uploads\/2024\/02\/cropped-cropped-logolu-150x150.webp\",\"caption\":\"Editor General\"},\"sameAs\":[\"https:\/\/luchonoticias.com\/\"],\"url\":\"https:\/\/luchonoticias.com\/editor\/author\/editor-general\/\"}]}<\/script>\n<!-- \/ Yoast SEO plugin. -->","yoast_head_json":{"title":"Familias neivanas afectadas por ola invernal del 2010, ya cuentan con casa propia -","robots":{"index":"index","follow":"follow","max-snippet":"max-snippet:-1","max-image-preview":"max-image-preview:large","max-video-preview":"max-video-preview:-1"},"canonical":"https:\/\/luchonoticias.com\/editor\/familias-neivanas-afectadas-por-ola-invernal-del-2010-ya-cuentan-con-casa-propia\/","og_locale":"es_ES","og_type":"article","og_title":"Familias neivanas afectadas por ola invernal del 2010, ya cuentan con casa propia -","og_url":"https:\/\/luchonoticias.com\/editor\/familias-neivanas-afectadas-por-ola-invernal-del-2010-ya-cuentan-con-casa-propia\/","article_publisher":"https:\/\/www.facebook.com\/luchonoticiasneiva","article_published_time":"2023-03-29T11:51:38+00:00","article_modified_time":"2023-03-29T11:51:39+00:00","og_image":[{"url":"https:\/\/luchonoticias.com\/wp-content\/uploads\/2023\/03\/WhatsApp-Image-2023-03-28-at-7.11.26-PM-1024x768.jpeg","type":"","width":"","height":""}],"author":"Editor General","twitter_card":"summary_large_image","twitter_misc":{"Escrito por":"Editor General","Tiempo de lectura":"4 minutos"},"schema":{"@context":"https:\/\/schema.org","@graph":[{"@type":"Article","@id":"https:\/\/luchonoticias.com\/editor\/familias-neivanas-afectadas-por-ola-invernal-del-2010-ya-cuentan-con-casa-propia\/#article","isPartOf":{"@id":"https:\/\/luchonoticias.com\/editor\/familias-neivanas-afectadas-por-ola-invernal-del-2010-ya-cuentan-con-casa-propia\/"},"author":{"name":"Editor General","@id":"https:\/\/luchonoticias.com\/editor\/#\/schema\/person\/29217990ddf6f14e35912b2866d591fb"},"headline":"Familias neivanas afectadas por ola invernal del 2010, ya cuentan con casa propia","datePublished":"2023-03-29T11:51:38+00:00","dateModified":"2023-03-29T11:51:39+00:00","mainEntityOfPage":{"@id":"https:\/\/luchonoticias.com\/editor\/familias-neivanas-afectadas-por-ola-invernal-del-2010-ya-cuentan-con-casa-propia\/"},"wordCount":804,"commentCount":0,"publisher":{"@id":"https:\/\/luchonoticias.com\/editor\/#\/schema\/person\/7a7fd911f58561fd056dbac7b55af9cd"},"image":{"@id":"https:\/\/luchonoticias.com\/editor\/familias-neivanas-afectadas-por-ola-invernal-del-2010-ya-cuentan-con-casa-propia\/#primaryimage"},"thumbnailUrl":"https:\/\/luchonoticias.com\/wp-content\/uploads\/2023\/03\/WhatsApp-Image-2023-03-28-at-7.11.26-PM-1024x768.jpeg","articleSection":["Destacado","Local"],"inLanguage":"es","potentialAction":[{"@type":"CommentAction","name":"Comment","target":["https:\/\/luchonoticias.com\/editor\/familias-neivanas-afectadas-por-ola-invernal-del-2010-ya-cuentan-con-casa-propia\/#respond"]}]},{"@type":"WebPage","@id":"https:\/\/luchonoticias.com\/editor\/familias-neivanas-afectadas-por-ola-invernal-del-2010-ya-cuentan-con-casa-propia\/","url":"https:\/\/luchonoticias.com\/editor\/familias-neivanas-afectadas-por-ola-invernal-del-2010-ya-cuentan-con-casa-propia\/","name":"Familias neivanas afectadas por ola invernal del 2010, ya cuentan con casa propia -","isPartOf":{"@id":"https:\/\/luchonoticias.com\/editor\/#website"},"primaryImageOfPage":{"@id":"https:\/\/luchonoticias.com\/editor\/familias-neivanas-afectadas-por-ola-invernal-del-2010-ya-cuentan-con-casa-propia\/#primaryimage"},"image":{"@id":"https:\/\/luchonoticias.com\/editor\/familias-neivanas-afectadas-por-ola-invernal-del-2010-ya-cuentan-con-casa-propia\/#primaryimage"},"thumbnailUrl":"https:\/\/luchonoticias.com\/wp-content\/uploads\/2023\/03\/WhatsApp-Image-2023-03-28-at-7.11.26-PM-1024x768.jpeg","datePublished":"2023-03-29T11:51:38+00:00","dateModified":"2023-03-29T11:51:39+00:00","breadcrumb":{"@id":"https:\/\/luchonoticias.com\/editor\/familias-neivanas-afectadas-por-ola-invernal-del-2010-ya-cuentan-con-casa-propia\/#breadcrumb"},"inLanguage":"es","potentialAction":[{"@type":"ReadAction","target":["https:\/\/luchonoticias.com\/editor\/familias-neivanas-afectadas-por-ola-invernal-del-2010-ya-cuentan-con-casa-propia\/"]}]},{"@type":"ImageObject","inLanguage":"es","@id":"https:\/\/luchonoticias.com\/editor\/familias-neivanas-afectadas-por-ola-invernal-del-2010-ya-cuentan-con-casa-propia\/#primaryimage","url":"https:\/\/luchonoticias.com\/wp-content\/uploads\/2023\/03\/WhatsApp-Image-2023-03-28-at-7.11.26-PM-1024x768.jpeg","contentUrl":"https:\/\/luchonoticias.com\/wp-content\/uploads\/2023\/03\/WhatsApp-Image-2023-03-28-at-7.11.26-PM-1024x768.jpeg"},{"@type":"BreadcrumbList","@id":"https:\/\/luchonoticias.com\/editor\/familias-neivanas-afectadas-por-ola-invernal-del-2010-ya-cuentan-con-casa-propia\/#breadcrumb","itemListElement":[{"@type":"ListItem","position":1,"name":"Portada","item":"https:\/\/luchonoticias.com\/editor\/"},{"@type":"ListItem","position":2,"name":"Familias neivanas afectadas por ola invernal del 2010, ya cuentan con casa propia"}]},{"@type":"WebSite","@id":"https:\/\/luchonoticias.com\/editor\/#website","url":"https:\/\/luchonoticias.com\/editor\/","name":"","description":"","publisher":{"@id":"https:\/\/luchonoticias.com\/editor\/#\/schema\/person\/7a7fd911f58561fd056dbac7b55af9cd"},"potentialAction":[{"@type":"SearchAction","target":{"@type":"EntryPoint","urlTemplate":"https:\/\/luchonoticias.com\/editor\/?s={search_term_string}"},"query-input":{"@type":"PropertyValueSpecification","valueRequired":true,"valueName":"search_term_string"}}],"inLanguage":"es"},{"@type":["Person","Organization"],"@id":"https:\/\/luchonoticias.com\/editor\/#\/schema\/person\/7a7fd911f58561fd056dbac7b55af9cd","name":"admin","image":{"@type":"ImageObject","inLanguage":"es","@id":"https:\/\/luchonoticias.com\/editor\/#\/schema\/person\/image\/","url":"https:\/\/luchonoticias.com\/editor\/wp-content\/uploads\/2024\/02\/cropped-cropped-logolu.webp","contentUrl":"https:\/\/luchonoticias.com\/editor\/wp-content\/uploads\/2024\/02\/cropped-cropped-logolu.webp","width":382,"height":170,"caption":"admin"},"logo":{"@id":"https:\/\/luchonoticias.com\/editor\/#\/schema\/person\/image\/"},"sameAs":["https:\/\/www.facebook.com\/luchonoticiasneiva"]},{"@type":"Person","@id":"https:\/\/luchonoticias.com\/editor\/#\/schema\/person\/29217990ddf6f14e35912b2866d591fb","name":"Editor General","image":{"@type":"ImageObject","inLanguage":"es","@id":"https:\/\/luchonoticias.com\/editor\/#\/schema\/person\/image\/","url":"https:\/\/luchonoticias.com\/editor\/wp-content\/uploads\/2024\/02\/cropped-cropped-logolu-150x150.webp","contentUrl":"https:\/\/luchonoticias.com\/editor\/wp-content\/uploads\/2024\/02\/cropped-cropped-logolu-150x150.webp","caption":"Editor General"},"sameAs":["https:\/\/luchonoticias.com\/"],"url":"https:\/\/luchonoticias.com\/editor\/author\/editor-general\/"}]}},"_links":{"self":[{"href":"https:\/\/luchonoticias.com\/editor\/wp-json\/wp\/v2\/posts\/49327","targetHints":{"allow":["GET"]}}],"collection":[{"href":"https:\/\/luchonoticias.com\/editor\/wp-json\/wp\/v2\/posts"}],"about":[{"href":"https:\/\/luchonoticias.com\/editor\/wp-json\/wp\/v2\/types\/post"}],"author":[{"embeddable":true,"href":"https:\/\/luchonoticias.com\/editor\/wp-json\/wp\/v2\/users\/2"}],"replies":[{"embeddable":true,"href":"https:\/\/luchonoticias.com\/editor\/wp-json\/wp\/v2\/comments?post=49327"}],"version-history":[{"count":0,"href":"https:\/\/luchonoticias.com\/editor\/wp-json\/wp\/v2\/posts\/49327\/revisions"}],"wp:attachment":[{"href":"https:\/\/luchonoticias.com\/editor\/wp-json\/wp\/v2\/media?parent=49327"}],"wp:term":[{"taxonomy":"category","embeddable":true,"href":"https:\/\/luchonoticias.com\/editor\/wp-json\/wp\/v2\/categories?post=49327"},{"taxonomy":"post_tag","embeddable":true,"href":"https:\/\/luchonoticias.com\/editor\/wp-json\/wp\/v2\/tags?post=49327"}],"curies":[{"name":"wp","href":"https:\/\/api.w.org\/{rel}","templated":true}]}}