{"id":49350,"date":"2023-03-29T07:12:51","date_gmt":"2023-03-29T12:12:51","guid":{"rendered":"https:\/\/luchonoticias.com\/?p=49350"},"modified":"2023-03-29T07:12:52","modified_gmt":"2023-03-29T12:12:52","slug":"francia-vivio-la-decima-huelga-por-la-reforma-de-las-pensiones","status":"publish","type":"post","link":"https:\/\/luchonoticias.com\/editor\/francia-vivio-la-decima-huelga-por-la-reforma-de-las-pensiones\/","title":{"rendered":"Francia vivi\u00f3 la d\u00e9cima huelga por la reforma de las pensiones"},"content":{"rendered":"\n<p>Nuevos enfrentamientos estallaron el martes en Francia en las protestas contra la reforma de las pensiones del presidente liberal Emmanuel Macron, cuyo gobierno invit\u00f3 a los sindicatos a una reuni\u00f3n la pr\u00f3xima semana tras rechazar un pedido de \u00abmediaci\u00f3n\u00bb inicial.<\/p>\n\n\n\n<p>En esta nueva movilizaci\u00f3n social, la polic\u00eda reprimi\u00f3 a manifestantes en Par\u00eds y otras ciudades de Francia. Desde el Gobierno ya preve\u00edan que pod\u00eda haber disturbios y dispuso 5.000 polic\u00edas en las calles de la capital para \u00abcontener\u00bb la protesta.<\/p>\n\n\n\n<p>Las centrales sindicales son la punta de lanza de la movilizaci\u00f3n contra el retraso de la edad de jubilaci\u00f3n de 62 a 64 a\u00f1os para 2030, pero la decisi\u00f3n el 16 de marzo de Macron de aplicarla por decreto radicaliz\u00f3 las protestas.<\/p>\n\n\n\n<figure class=\"wp-block-image size-full is-resized is-style-rounded\"><img loading=\"lazy\" decoding=\"async\" src=\"https:\/\/luchonoticias.com\/wp-content\/uploads\/2023\/03\/65161977_303.jpg\" alt=\"\" class=\"wp-image-49352\" width=\"839\" height=\"472\"\/><figcaption class=\"wp-element-caption\">Las centrales sindicales piden la retirada de esta reforma que retrasa la edad de jubilaci\u00f3n para 2030 y adelanta a 2027 la exigencia de c<strong>otizar 43 a\u00f1os (y no 42)\u00a0<\/strong>para cobrar una pensi\u00f3n completa.<\/figcaption><\/figure>\n\n\n\n<p>Los disturbios e incidentes entre manifestantes y las fuerzas de seguridad continuaron este martes en decenas de ciudades de Francia, de Lille (norte) a Toulouse (sur), pasando por Rennes (oeste) o Lyon (este), pero de menor intensidad.<\/p>\n\n\n\n<p>\u00abUn total de 750.000 personas se reunieron en Francia, incluidas 93.000 en Par\u00eds\u00bb, inform\u00f3 la cadena de televisi\u00f3n BFMTV, que cit\u00f3 al Ministerio del Interior franc\u00e9s, mientras que desde la CGT estimaron que hubo alrededor de dos millones de manifestantes en todo el pa\u00eds. Industriales, comerciantes, sindicalistas y estudiantes expresaron su rotundo rechazo a las medidas de Macron.<\/p>\n","protected":false},"excerpt":{"rendered":"<p>Nuevos enfrentamientos estallaron el martes en Francia en las protestas contra la reforma de las pensiones del presidente liberal Emmanuel Macron, cuyo gobierno invit\u00f3 a los sindicatos a una reuni\u00f3n la pr\u00f3xima semana tras rechazar un pedido de \u00abmediaci\u00f3n\u00bb inicial. En esta nueva movilizaci\u00f3n social, la polic\u00eda reprimi\u00f3 a manifestantes en Par\u00eds y otras ciudades [&hellip;]<\/p>\n","protected":false},"author":2,"featured_media":0,"comment_status":"open","ping_status":"open","sticky":false,"template":"","format":"standard","meta":{"footnotes":""},"categories":[28,36],"tags":[],"class_list":["post-49350","post","type-post","status-publish","format-standard","hentry","category-actualidad","category-destacado"],"yoast_head":"<!-- This site is optimized with the Yoast SEO plugin v26.6 - https:\/\/yoast.com\/wordpress\/plugins\/seo\/ -->\n<title>Francia vivi\u00f3 la d\u00e9cima huelga por la reforma de las pensiones -<\/title>\n<meta name=\"robots\" content=\"index, follow, max-snippet:-1, max-image-preview:large, max-video-preview:-1\" \/>\n<link rel=\"canonical\" href=\"https:\/\/luchonoticias.com\/editor\/francia-vivio-la-decima-huelga-por-la-reforma-de-las-pensiones\/\" \/>\n<meta property=\"og:locale\" content=\"es_ES\" \/>\n<meta property=\"og:type\" content=\"article\" \/>\n<meta property=\"og:title\" content=\"Francia vivi\u00f3 la d\u00e9cima huelga por la reforma de las pensiones -\" \/>\n<meta property=\"og:url\" content=\"https:\/\/luchonoticias.com\/editor\/francia-vivio-la-decima-huelga-por-la-reforma-de-las-pensiones\/\" \/>\n<meta property=\"article:publisher\" content=\"https:\/\/www.facebook.com\/luchonoticiasneiva\" \/>\n<meta property=\"article:published_time\" content=\"2023-03-29T12:12:51+00:00\" \/>\n<meta property=\"article:modified_time\" content=\"2023-03-29T12:12:52+00:00\" \/>\n<meta property=\"og:image\" content=\"https:\/\/luchonoticias.com\/wp-content\/uploads\/2023\/03\/65161977_303.jpg\" \/>\n<meta name=\"author\" content=\"Editor General\" \/>\n<meta name=\"twitter:card\" content=\"summary_large_image\" \/>\n<meta name=\"twitter:label1\" content=\"Escrito por\" \/>\n\t<meta name=\"twitter:data1\" content=\"Editor General\" \/>\n\t<meta name=\"twitter:label2\" content=\"Tiempo de lectura\" \/>\n\t<meta name=\"twitter:data2\" content=\"1 minuto\" \/>\n<script type=\"application\/ld+json\" class=\"yoast-schema-graph\">{\"@context\":\"https:\/\/schema.org\",\"@graph\":[{\"@type\":\"Article\",\"@id\":\"https:\/\/luchonoticias.com\/editor\/francia-vivio-la-decima-huelga-por-la-reforma-de-las-pensiones\/#article\",\"isPartOf\":{\"@id\":\"https:\/\/luchonoticias.com\/editor\/francia-vivio-la-decima-huelga-por-la-reforma-de-las-pensiones\/\"},\"author\":{\"name\":\"Editor General\",\"@id\":\"https:\/\/luchonoticias.com\/editor\/#\/schema\/person\/29217990ddf6f14e35912b2866d591fb\"},\"headline\":\"Francia vivi\u00f3 la d\u00e9cima huelga por la reforma de las pensiones\",\"datePublished\":\"2023-03-29T12:12:51+00:00\",\"dateModified\":\"2023-03-29T12:12:52+00:00\",\"mainEntityOfPage\":{\"@id\":\"https:\/\/luchonoticias.com\/editor\/francia-vivio-la-decima-huelga-por-la-reforma-de-las-pensiones\/\"},\"wordCount\":273,\"commentCount\":0,\"publisher\":{\"@id\":\"https:\/\/luchonoticias.com\/editor\/#\/schema\/person\/7a7fd911f58561fd056dbac7b55af9cd\"},\"image\":{\"@id\":\"https:\/\/luchonoticias.com\/editor\/francia-vivio-la-decima-huelga-por-la-reforma-de-las-pensiones\/#primaryimage\"},\"thumbnailUrl\":\"https:\/\/luchonoticias.com\/wp-content\/uploads\/2023\/03\/65161977_303.jpg\",\"articleSection\":[\"Actualidad\",\"Destacado\"],\"inLanguage\":\"es\",\"potentialAction\":[{\"@type\":\"CommentAction\",\"name\":\"Comment\",\"target\":[\"https:\/\/luchonoticias.com\/editor\/francia-vivio-la-decima-huelga-por-la-reforma-de-las-pensiones\/#respond\"]}]},{\"@type\":\"WebPage\",\"@id\":\"https:\/\/luchonoticias.com\/editor\/francia-vivio-la-decima-huelga-por-la-reforma-de-las-pensiones\/\",\"url\":\"https:\/\/luchonoticias.com\/editor\/francia-vivio-la-decima-huelga-por-la-reforma-de-las-pensiones\/\",\"name\":\"Francia vivi\u00f3 la d\u00e9cima huelga por la reforma de las pensiones -\",\"isPartOf\":{\"@id\":\"https:\/\/luchonoticias.com\/editor\/#website\"},\"primaryImageOfPage\":{\"@id\":\"https:\/\/luchonoticias.com\/editor\/francia-vivio-la-decima-huelga-por-la-reforma-de-las-pensiones\/#primaryimage\"},\"image\":{\"@id\":\"https:\/\/luchonoticias.com\/editor\/francia-vivio-la-decima-huelga-por-la-reforma-de-las-pensiones\/#primaryimage\"},\"thumbnailUrl\":\"https:\/\/luchonoticias.com\/wp-content\/uploads\/2023\/03\/65161977_303.jpg\",\"datePublished\":\"2023-03-29T12:12:51+00:00\",\"dateModified\":\"2023-03-29T12:12:52+00:00\",\"breadcrumb\":{\"@id\":\"https:\/\/luchonoticias.com\/editor\/francia-vivio-la-decima-huelga-por-la-reforma-de-las-pensiones\/#breadcrumb\"},\"inLanguage\":\"es\",\"potentialAction\":[{\"@type\":\"ReadAction\",\"target\":[\"https:\/\/luchonoticias.com\/editor\/francia-vivio-la-decima-huelga-por-la-reforma-de-las-pensiones\/\"]}]},{\"@type\":\"ImageObject\",\"inLanguage\":\"es\",\"@id\":\"https:\/\/luchonoticias.com\/editor\/francia-vivio-la-decima-huelga-por-la-reforma-de-las-pensiones\/#primaryimage\",\"url\":\"https:\/\/luchonoticias.com\/wp-content\/uploads\/2023\/03\/65161977_303.jpg\",\"contentUrl\":\"https:\/\/luchonoticias.com\/wp-content\/uploads\/2023\/03\/65161977_303.jpg\"},{\"@type\":\"BreadcrumbList\",\"@id\":\"https:\/\/luchonoticias.com\/editor\/francia-vivio-la-decima-huelga-por-la-reforma-de-las-pensiones\/#breadcrumb\",\"itemListElement\":[{\"@type\":\"ListItem\",\"position\":1,\"name\":\"Portada\",\"item\":\"https:\/\/luchonoticias.com\/editor\/\"},{\"@type\":\"ListItem\",\"position\":2,\"name\":\"Francia vivi\u00f3 la d\u00e9cima huelga por la reforma de las pensiones\"}]},{\"@type\":\"WebSite\",\"@id\":\"https:\/\/luchonoticias.com\/editor\/#website\",\"url\":\"https:\/\/luchonoticias.com\/editor\/\",\"name\":\"\",\"description\":\"\",\"publisher\":{\"@id\":\"https:\/\/luchonoticias.com\/editor\/#\/schema\/person\/7a7fd911f58561fd056dbac7b55af9cd\"},\"potentialAction\":[{\"@type\":\"SearchAction\",\"target\":{\"@type\":\"EntryPoint\",\"urlTemplate\":\"https:\/\/luchonoticias.com\/editor\/?s={search_term_string}\"},\"query-input\":{\"@type\":\"PropertyValueSpecification\",\"valueRequired\":true,\"valueName\":\"search_term_string\"}}],\"inLanguage\":\"es\"},{\"@type\":[\"Person\",\"Organization\"],\"@id\":\"https:\/\/luchonoticias.com\/editor\/#\/schema\/person\/7a7fd911f58561fd056dbac7b55af9cd\",\"name\":\"admin\",\"image\":{\"@type\":\"ImageObject\",\"inLanguage\":\"es\",\"@id\":\"https:\/\/luchonoticias.com\/editor\/#\/schema\/person\/image\/\",\"url\":\"https:\/\/luchonoticias.com\/editor\/wp-content\/uploads\/2024\/02\/cropped-cropped-logolu.webp\",\"contentUrl\":\"https:\/\/luchonoticias.com\/editor\/wp-content\/uploads\/2024\/02\/cropped-cropped-logolu.webp\",\"width\":382,\"height\":170,\"caption\":\"admin\"},\"logo\":{\"@id\":\"https:\/\/luchonoticias.com\/editor\/#\/schema\/person\/image\/\"},\"sameAs\":[\"https:\/\/www.facebook.com\/luchonoticiasneiva\"]},{\"@type\":\"Person\",\"@id\":\"https:\/\/luchonoticias.com\/editor\/#\/schema\/person\/29217990ddf6f14e35912b2866d591fb\",\"name\":\"Editor General\",\"image\":{\"@type\":\"ImageObject\",\"inLanguage\":\"es\",\"@id\":\"https:\/\/luchonoticias.com\/editor\/#\/schema\/person\/image\/\",\"url\":\"https:\/\/luchonoticias.com\/editor\/wp-content\/uploads\/2024\/02\/cropped-cropped-logolu-150x150.webp\",\"contentUrl\":\"https:\/\/luchonoticias.com\/editor\/wp-content\/uploads\/2024\/02\/cropped-cropped-logolu-150x150.webp\",\"caption\":\"Editor General\"},\"sameAs\":[\"https:\/\/luchonoticias.com\/\"],\"url\":\"https:\/\/luchonoticias.com\/editor\/author\/editor-general\/\"}]}<\/script>\n<!-- \/ Yoast SEO plugin. -->","yoast_head_json":{"title":"Francia vivi\u00f3 la d\u00e9cima huelga por la reforma de las pensiones -","robots":{"index":"index","follow":"follow","max-snippet":"max-snippet:-1","max-image-preview":"max-image-preview:large","max-video-preview":"max-video-preview:-1"},"canonical":"https:\/\/luchonoticias.com\/editor\/francia-vivio-la-decima-huelga-por-la-reforma-de-las-pensiones\/","og_locale":"es_ES","og_type":"article","og_title":"Francia vivi\u00f3 la d\u00e9cima huelga por la reforma de las pensiones -","og_url":"https:\/\/luchonoticias.com\/editor\/francia-vivio-la-decima-huelga-por-la-reforma-de-las-pensiones\/","article_publisher":"https:\/\/www.facebook.com\/luchonoticiasneiva","article_published_time":"2023-03-29T12:12:51+00:00","article_modified_time":"2023-03-29T12:12:52+00:00","og_image":[{"url":"https:\/\/luchonoticias.com\/wp-content\/uploads\/2023\/03\/65161977_303.jpg","type":"","width":"","height":""}],"author":"Editor General","twitter_card":"summary_large_image","twitter_misc":{"Escrito por":"Editor General","Tiempo de lectura":"1 minuto"},"schema":{"@context":"https:\/\/schema.org","@graph":[{"@type":"Article","@id":"https:\/\/luchonoticias.com\/editor\/francia-vivio-la-decima-huelga-por-la-reforma-de-las-pensiones\/#article","isPartOf":{"@id":"https:\/\/luchonoticias.com\/editor\/francia-vivio-la-decima-huelga-por-la-reforma-de-las-pensiones\/"},"author":{"name":"Editor General","@id":"https:\/\/luchonoticias.com\/editor\/#\/schema\/person\/29217990ddf6f14e35912b2866d591fb"},"headline":"Francia vivi\u00f3 la d\u00e9cima huelga por la reforma de las pensiones","datePublished":"2023-03-29T12:12:51+00:00","dateModified":"2023-03-29T12:12:52+00:00","mainEntityOfPage":{"@id":"https:\/\/luchonoticias.com\/editor\/francia-vivio-la-decima-huelga-por-la-reforma-de-las-pensiones\/"},"wordCount":273,"commentCount":0,"publisher":{"@id":"https:\/\/luchonoticias.com\/editor\/#\/schema\/person\/7a7fd911f58561fd056dbac7b55af9cd"},"image":{"@id":"https:\/\/luchonoticias.com\/editor\/francia-vivio-la-decima-huelga-por-la-reforma-de-las-pensiones\/#primaryimage"},"thumbnailUrl":"https:\/\/luchonoticias.com\/wp-content\/uploads\/2023\/03\/65161977_303.jpg","articleSection":["Actualidad","Destacado"],"inLanguage":"es","potentialAction":[{"@type":"CommentAction","name":"Comment","target":["https:\/\/luchonoticias.com\/editor\/francia-vivio-la-decima-huelga-por-la-reforma-de-las-pensiones\/#respond"]}]},{"@type":"WebPage","@id":"https:\/\/luchonoticias.com\/editor\/francia-vivio-la-decima-huelga-por-la-reforma-de-las-pensiones\/","url":"https:\/\/luchonoticias.com\/editor\/francia-vivio-la-decima-huelga-por-la-reforma-de-las-pensiones\/","name":"Francia vivi\u00f3 la d\u00e9cima huelga por la reforma de las pensiones -","isPartOf":{"@id":"https:\/\/luchonoticias.com\/editor\/#website"},"primaryImageOfPage":{"@id":"https:\/\/luchonoticias.com\/editor\/francia-vivio-la-decima-huelga-por-la-reforma-de-las-pensiones\/#primaryimage"},"image":{"@id":"https:\/\/luchonoticias.com\/editor\/francia-vivio-la-decima-huelga-por-la-reforma-de-las-pensiones\/#primaryimage"},"thumbnailUrl":"https:\/\/luchonoticias.com\/wp-content\/uploads\/2023\/03\/65161977_303.jpg","datePublished":"2023-03-29T12:12:51+00:00","dateModified":"2023-03-29T12:12:52+00:00","breadcrumb":{"@id":"https:\/\/luchonoticias.com\/editor\/francia-vivio-la-decima-huelga-por-la-reforma-de-las-pensiones\/#breadcrumb"},"inLanguage":"es","potentialAction":[{"@type":"ReadAction","target":["https:\/\/luchonoticias.com\/editor\/francia-vivio-la-decima-huelga-por-la-reforma-de-las-pensiones\/"]}]},{"@type":"ImageObject","inLanguage":"es","@id":"https:\/\/luchonoticias.com\/editor\/francia-vivio-la-decima-huelga-por-la-reforma-de-las-pensiones\/#primaryimage","url":"https:\/\/luchonoticias.com\/wp-content\/uploads\/2023\/03\/65161977_303.jpg","contentUrl":"https:\/\/luchonoticias.com\/wp-content\/uploads\/2023\/03\/65161977_303.jpg"},{"@type":"BreadcrumbList","@id":"https:\/\/luchonoticias.com\/editor\/francia-vivio-la-decima-huelga-por-la-reforma-de-las-pensiones\/#breadcrumb","itemListElement":[{"@type":"ListItem","position":1,"name":"Portada","item":"https:\/\/luchonoticias.com\/editor\/"},{"@type":"ListItem","position":2,"name":"Francia vivi\u00f3 la d\u00e9cima huelga por la reforma de las pensiones"}]},{"@type":"WebSite","@id":"https:\/\/luchonoticias.com\/editor\/#website","url":"https:\/\/luchonoticias.com\/editor\/","name":"","description":"","publisher":{"@id":"https:\/\/luchonoticias.com\/editor\/#\/schema\/person\/7a7fd911f58561fd056dbac7b55af9cd"},"potentialAction":[{"@type":"SearchAction","target":{"@type":"EntryPoint","urlTemplate":"https:\/\/luchonoticias.com\/editor\/?s={search_term_string}"},"query-input":{"@type":"PropertyValueSpecification","valueRequired":true,"valueName":"search_term_string"}}],"inLanguage":"es"},{"@type":["Person","Organization"],"@id":"https:\/\/luchonoticias.com\/editor\/#\/schema\/person\/7a7fd911f58561fd056dbac7b55af9cd","name":"admin","image":{"@type":"ImageObject","inLanguage":"es","@id":"https:\/\/luchonoticias.com\/editor\/#\/schema\/person\/image\/","url":"https:\/\/luchonoticias.com\/editor\/wp-content\/uploads\/2024\/02\/cropped-cropped-logolu.webp","contentUrl":"https:\/\/luchonoticias.com\/editor\/wp-content\/uploads\/2024\/02\/cropped-cropped-logolu.webp","width":382,"height":170,"caption":"admin"},"logo":{"@id":"https:\/\/luchonoticias.com\/editor\/#\/schema\/person\/image\/"},"sameAs":["https:\/\/www.facebook.com\/luchonoticiasneiva"]},{"@type":"Person","@id":"https:\/\/luchonoticias.com\/editor\/#\/schema\/person\/29217990ddf6f14e35912b2866d591fb","name":"Editor General","image":{"@type":"ImageObject","inLanguage":"es","@id":"https:\/\/luchonoticias.com\/editor\/#\/schema\/person\/image\/","url":"https:\/\/luchonoticias.com\/editor\/wp-content\/uploads\/2024\/02\/cropped-cropped-logolu-150x150.webp","contentUrl":"https:\/\/luchonoticias.com\/editor\/wp-content\/uploads\/2024\/02\/cropped-cropped-logolu-150x150.webp","caption":"Editor General"},"sameAs":["https:\/\/luchonoticias.com\/"],"url":"https:\/\/luchonoticias.com\/editor\/author\/editor-general\/"}]}},"_links":{"self":[{"href":"https:\/\/luchonoticias.com\/editor\/wp-json\/wp\/v2\/posts\/49350","targetHints":{"allow":["GET"]}}],"collection":[{"href":"https:\/\/luchonoticias.com\/editor\/wp-json\/wp\/v2\/posts"}],"about":[{"href":"https:\/\/luchonoticias.com\/editor\/wp-json\/wp\/v2\/types\/post"}],"author":[{"embeddable":true,"href":"https:\/\/luchonoticias.com\/editor\/wp-json\/wp\/v2\/users\/2"}],"replies":[{"embeddable":true,"href":"https:\/\/luchonoticias.com\/editor\/wp-json\/wp\/v2\/comments?post=49350"}],"version-history":[{"count":0,"href":"https:\/\/luchonoticias.com\/editor\/wp-json\/wp\/v2\/posts\/49350\/revisions"}],"wp:attachment":[{"href":"https:\/\/luchonoticias.com\/editor\/wp-json\/wp\/v2\/media?parent=49350"}],"wp:term":[{"taxonomy":"category","embeddable":true,"href":"https:\/\/luchonoticias.com\/editor\/wp-json\/wp\/v2\/categories?post=49350"},{"taxonomy":"post_tag","embeddable":true,"href":"https:\/\/luchonoticias.com\/editor\/wp-json\/wp\/v2\/tags?post=49350"}],"curies":[{"name":"wp","href":"https:\/\/api.w.org\/{rel}","templated":true}]}}