{"id":49357,"date":"2023-03-29T07:46:06","date_gmt":"2023-03-29T12:46:06","guid":{"rendered":"https:\/\/luchonoticias.com\/?p=49357"},"modified":"2023-03-29T07:46:07","modified_gmt":"2023-03-29T12:46:07","slug":"mintrabajo-anuncio-la-creacion-de-la-mesa-tecnica-en-el-senado-para-el-estudio-de-la-reforma-pensional","status":"publish","type":"post","link":"https:\/\/luchonoticias.com\/editor\/mintrabajo-anuncio-la-creacion-de-la-mesa-tecnica-en-el-senado-para-el-estudio-de-la-reforma-pensional\/","title":{"rendered":"MinTrabajo anunci\u00f3 la creaci\u00f3n de la mesa t\u00e9cnica en el Senado para el estudio de la Reforma Pensional"},"content":{"rendered":"\n<p>La Ministra del Trabajo, Gloria In\u00e9s Ram\u00edrez y su equipo t\u00e9cnico, se reunieron con los senadores de la comisi\u00f3n s\u00e9ptima del Senado de la Rep\u00fablica para exponer los detalles de la Reforma Pensional, radicada el pasado 22 de marzo.<\/p>\n\n\n\n<p>All\u00ed, la titular de la cartera de Trabajo anunci\u00f3 la creaci\u00f3n de la mesa t\u00e9cnica que se encargar\u00e1 de estudiar en detalle la el proyecto de ley, presentado por el Gobierno del Cambio<\/p>\n\n\n\n<p>\u201cHoy, entonces, hemos creado la mesa t\u00e9cnica, con la comisi\u00f3n s\u00e9ptima del Senado de la Rep\u00fablica donde ya tenemos unas agendas y unos cronogramas y en espera a que ellos definan los ponentes de la norma, de la Reforma Pensional, para que, con base en ello, empezar todo el proceso no solamente de comprensi\u00f3n, de entendimiento, sino tambi\u00e9n de escuchar nuevas propuestas que permitan precisar y afinar, para que la reforma que tengamos al final sea la mejor para el pa\u00eds\u201d, dijo la funcionaria.<\/p>\n\n\n\n<p>As\u00ed mismo, durante el encuentro entreg\u00f3 detalles de la iniciativa donde fue enf\u00e1tica al se\u00f1alar que no se tocar\u00e1n los ahorros de las y los colombianos y se respetar\u00e1n los derechos adquiridos.<\/p>\n\n\n\n<p>\u201cEn la presentaci\u00f3n que hemos hecho a los congresistas de la comisi\u00f3n s\u00e9ptima, y a todos sus equipos de trabajo sobre los estudios actuariales que dieron la base t\u00e9cnica y argumentativa para la construcci\u00f3n de la reforma pensional. Entregamos todo el sistema de protecci\u00f3n integral para la vejez, desarrollando fundamentalmente que es un sistema unificado, complementario, equitativo y que es un sistema que va a permitir que efectivamente que muchos colombianos y colombianas puedan tener una vejez con dignidad\u201d, agreg\u00f3 la Ministra.<\/p>\n\n\n\n<p>Por otro lado y de acuerdo a los c\u00e1lculos realizados por el Gobierno, la creaci\u00f3n del pilar solidario permite triplicar el monto de la transferencia mensual dirigida a los adultos mayores y llegar a cerca de 450 mil nuevos beneficiarios; m\u00e1s de 2,3 millones de adultos mayores har\u00e1n parte de esta iniciativa.<\/p>\n\n\n\n<p>Seg\u00fan el Ministerio de Hacienda, sin reforma, el d\u00e9ficit de largo plazo del r\u00e9gimen de prima media alcanzar\u00eda un 67,5% del Producto Interno Bruto. Con la aplicaci\u00f3n de la Reforma Pensional, este indicador se reducir\u00eda a 55,2% del PIB.<\/p>\n\n\n\n<p>Adem\u00e1s, gracias al pilar solidario, la iniciativa permitir\u00e1 reducir en m\u00e1s de 50% la incidencia de la pobreza moderada, y en m\u00e1s de 85% la incidencia de la pobreza extrema en la poblaci\u00f3n mayor de 65 a\u00f1os, con un costo fiscal neto de $3,8 billones a precios de 2023 (0,24% del PIB).<\/p>\n","protected":false},"excerpt":{"rendered":"<p>La Ministra del Trabajo, Gloria In\u00e9s Ram\u00edrez y su equipo t\u00e9cnico, se reunieron con los senadores de la comisi\u00f3n s\u00e9ptima del Senado de la Rep\u00fablica para exponer los detalles de la Reforma Pensional, radicada el pasado 22 de marzo. All\u00ed, la titular de la cartera de Trabajo anunci\u00f3 la creaci\u00f3n de la mesa t\u00e9cnica que [&hellip;]<\/p>\n","protected":false},"author":2,"featured_media":0,"comment_status":"open","ping_status":"open","sticky":false,"template":"","format":"standard","meta":{"footnotes":""},"categories":[28,36],"tags":[],"class_list":["post-49357","post","type-post","status-publish","format-standard","hentry","category-actualidad","category-destacado"],"yoast_head":"<!-- This site is optimized with the Yoast SEO plugin v26.6 - https:\/\/yoast.com\/wordpress\/plugins\/seo\/ -->\n<title>MinTrabajo anunci\u00f3 la creaci\u00f3n de la mesa t\u00e9cnica en el Senado para el estudio de la Reforma Pensional -<\/title>\n<meta name=\"robots\" content=\"index, follow, max-snippet:-1, max-image-preview:large, max-video-preview:-1\" \/>\n<link rel=\"canonical\" href=\"https:\/\/luchonoticias.com\/editor\/mintrabajo-anuncio-la-creacion-de-la-mesa-tecnica-en-el-senado-para-el-estudio-de-la-reforma-pensional\/\" \/>\n<meta property=\"og:locale\" content=\"es_ES\" \/>\n<meta property=\"og:type\" content=\"article\" \/>\n<meta property=\"og:title\" content=\"MinTrabajo anunci\u00f3 la creaci\u00f3n de la mesa t\u00e9cnica en el Senado para el estudio de la Reforma Pensional -\" \/>\n<meta property=\"og:url\" content=\"https:\/\/luchonoticias.com\/editor\/mintrabajo-anuncio-la-creacion-de-la-mesa-tecnica-en-el-senado-para-el-estudio-de-la-reforma-pensional\/\" \/>\n<meta property=\"article:publisher\" content=\"https:\/\/www.facebook.com\/luchonoticiasneiva\" \/>\n<meta property=\"article:published_time\" content=\"2023-03-29T12:46:06+00:00\" \/>\n<meta property=\"article:modified_time\" content=\"2023-03-29T12:46:07+00:00\" \/>\n<meta name=\"author\" content=\"Editor General\" \/>\n<meta name=\"twitter:card\" content=\"summary_large_image\" \/>\n<meta name=\"twitter:label1\" content=\"Escrito por\" \/>\n\t<meta name=\"twitter:data1\" content=\"Editor General\" \/>\n\t<meta name=\"twitter:label2\" content=\"Tiempo de lectura\" \/>\n\t<meta name=\"twitter:data2\" content=\"2 minutos\" \/>\n<script type=\"application\/ld+json\" class=\"yoast-schema-graph\">{\"@context\":\"https:\/\/schema.org\",\"@graph\":[{\"@type\":\"Article\",\"@id\":\"https:\/\/luchonoticias.com\/editor\/mintrabajo-anuncio-la-creacion-de-la-mesa-tecnica-en-el-senado-para-el-estudio-de-la-reforma-pensional\/#article\",\"isPartOf\":{\"@id\":\"https:\/\/luchonoticias.com\/editor\/mintrabajo-anuncio-la-creacion-de-la-mesa-tecnica-en-el-senado-para-el-estudio-de-la-reforma-pensional\/\"},\"author\":{\"name\":\"Editor General\",\"@id\":\"https:\/\/luchonoticias.com\/editor\/#\/schema\/person\/29217990ddf6f14e35912b2866d591fb\"},\"headline\":\"MinTrabajo anunci\u00f3 la creaci\u00f3n de la mesa t\u00e9cnica en el Senado para el estudio de la Reforma Pensional\",\"datePublished\":\"2023-03-29T12:46:06+00:00\",\"dateModified\":\"2023-03-29T12:46:07+00:00\",\"mainEntityOfPage\":{\"@id\":\"https:\/\/luchonoticias.com\/editor\/mintrabajo-anuncio-la-creacion-de-la-mesa-tecnica-en-el-senado-para-el-estudio-de-la-reforma-pensional\/\"},\"wordCount\":462,\"commentCount\":0,\"publisher\":{\"@id\":\"https:\/\/luchonoticias.com\/editor\/#\/schema\/person\/7a7fd911f58561fd056dbac7b55af9cd\"},\"articleSection\":[\"Actualidad\",\"Destacado\"],\"inLanguage\":\"es\",\"potentialAction\":[{\"@type\":\"CommentAction\",\"name\":\"Comment\",\"target\":[\"https:\/\/luchonoticias.com\/editor\/mintrabajo-anuncio-la-creacion-de-la-mesa-tecnica-en-el-senado-para-el-estudio-de-la-reforma-pensional\/#respond\"]}]},{\"@type\":\"WebPage\",\"@id\":\"https:\/\/luchonoticias.com\/editor\/mintrabajo-anuncio-la-creacion-de-la-mesa-tecnica-en-el-senado-para-el-estudio-de-la-reforma-pensional\/\",\"url\":\"https:\/\/luchonoticias.com\/editor\/mintrabajo-anuncio-la-creacion-de-la-mesa-tecnica-en-el-senado-para-el-estudio-de-la-reforma-pensional\/\",\"name\":\"MinTrabajo anunci\u00f3 la creaci\u00f3n de la mesa t\u00e9cnica en el Senado para el estudio de la Reforma Pensional -\",\"isPartOf\":{\"@id\":\"https:\/\/luchonoticias.com\/editor\/#website\"},\"datePublished\":\"2023-03-29T12:46:06+00:00\",\"dateModified\":\"2023-03-29T12:46:07+00:00\",\"breadcrumb\":{\"@id\":\"https:\/\/luchonoticias.com\/editor\/mintrabajo-anuncio-la-creacion-de-la-mesa-tecnica-en-el-senado-para-el-estudio-de-la-reforma-pensional\/#breadcrumb\"},\"inLanguage\":\"es\",\"potentialAction\":[{\"@type\":\"ReadAction\",\"target\":[\"https:\/\/luchonoticias.com\/editor\/mintrabajo-anuncio-la-creacion-de-la-mesa-tecnica-en-el-senado-para-el-estudio-de-la-reforma-pensional\/\"]}]},{\"@type\":\"BreadcrumbList\",\"@id\":\"https:\/\/luchonoticias.com\/editor\/mintrabajo-anuncio-la-creacion-de-la-mesa-tecnica-en-el-senado-para-el-estudio-de-la-reforma-pensional\/#breadcrumb\",\"itemListElement\":[{\"@type\":\"ListItem\",\"position\":1,\"name\":\"Portada\",\"item\":\"https:\/\/luchonoticias.com\/editor\/\"},{\"@type\":\"ListItem\",\"position\":2,\"name\":\"MinTrabajo anunci\u00f3 la creaci\u00f3n de la mesa t\u00e9cnica en el Senado para el estudio de la Reforma Pensional\"}]},{\"@type\":\"WebSite\",\"@id\":\"https:\/\/luchonoticias.com\/editor\/#website\",\"url\":\"https:\/\/luchonoticias.com\/editor\/\",\"name\":\"\",\"description\":\"\",\"publisher\":{\"@id\":\"https:\/\/luchonoticias.com\/editor\/#\/schema\/person\/7a7fd911f58561fd056dbac7b55af9cd\"},\"potentialAction\":[{\"@type\":\"SearchAction\",\"target\":{\"@type\":\"EntryPoint\",\"urlTemplate\":\"https:\/\/luchonoticias.com\/editor\/?s={search_term_string}\"},\"query-input\":{\"@type\":\"PropertyValueSpecification\",\"valueRequired\":true,\"valueName\":\"search_term_string\"}}],\"inLanguage\":\"es\"},{\"@type\":[\"Person\",\"Organization\"],\"@id\":\"https:\/\/luchonoticias.com\/editor\/#\/schema\/person\/7a7fd911f58561fd056dbac7b55af9cd\",\"name\":\"admin\",\"image\":{\"@type\":\"ImageObject\",\"inLanguage\":\"es\",\"@id\":\"https:\/\/luchonoticias.com\/editor\/#\/schema\/person\/image\/\",\"url\":\"https:\/\/luchonoticias.com\/editor\/wp-content\/uploads\/2024\/02\/cropped-cropped-logolu.webp\",\"contentUrl\":\"https:\/\/luchonoticias.com\/editor\/wp-content\/uploads\/2024\/02\/cropped-cropped-logolu.webp\",\"width\":382,\"height\":170,\"caption\":\"admin\"},\"logo\":{\"@id\":\"https:\/\/luchonoticias.com\/editor\/#\/schema\/person\/image\/\"},\"sameAs\":[\"https:\/\/www.facebook.com\/luchonoticiasneiva\"]},{\"@type\":\"Person\",\"@id\":\"https:\/\/luchonoticias.com\/editor\/#\/schema\/person\/29217990ddf6f14e35912b2866d591fb\",\"name\":\"Editor General\",\"image\":{\"@type\":\"ImageObject\",\"inLanguage\":\"es\",\"@id\":\"https:\/\/luchonoticias.com\/editor\/#\/schema\/person\/image\/\",\"url\":\"https:\/\/luchonoticias.com\/editor\/wp-content\/uploads\/2024\/02\/cropped-cropped-logolu-150x150.webp\",\"contentUrl\":\"https:\/\/luchonoticias.com\/editor\/wp-content\/uploads\/2024\/02\/cropped-cropped-logolu-150x150.webp\",\"caption\":\"Editor General\"},\"sameAs\":[\"https:\/\/luchonoticias.com\/\"],\"url\":\"https:\/\/luchonoticias.com\/editor\/author\/editor-general\/\"}]}<\/script>\n<!-- \/ Yoast SEO plugin. -->","yoast_head_json":{"title":"MinTrabajo anunci\u00f3 la creaci\u00f3n de la mesa t\u00e9cnica en el Senado para el estudio de la Reforma Pensional -","robots":{"index":"index","follow":"follow","max-snippet":"max-snippet:-1","max-image-preview":"max-image-preview:large","max-video-preview":"max-video-preview:-1"},"canonical":"https:\/\/luchonoticias.com\/editor\/mintrabajo-anuncio-la-creacion-de-la-mesa-tecnica-en-el-senado-para-el-estudio-de-la-reforma-pensional\/","og_locale":"es_ES","og_type":"article","og_title":"MinTrabajo anunci\u00f3 la creaci\u00f3n de la mesa t\u00e9cnica en el Senado para el estudio de la Reforma Pensional -","og_url":"https:\/\/luchonoticias.com\/editor\/mintrabajo-anuncio-la-creacion-de-la-mesa-tecnica-en-el-senado-para-el-estudio-de-la-reforma-pensional\/","article_publisher":"https:\/\/www.facebook.com\/luchonoticiasneiva","article_published_time":"2023-03-29T12:46:06+00:00","article_modified_time":"2023-03-29T12:46:07+00:00","author":"Editor General","twitter_card":"summary_large_image","twitter_misc":{"Escrito por":"Editor General","Tiempo de lectura":"2 minutos"},"schema":{"@context":"https:\/\/schema.org","@graph":[{"@type":"Article","@id":"https:\/\/luchonoticias.com\/editor\/mintrabajo-anuncio-la-creacion-de-la-mesa-tecnica-en-el-senado-para-el-estudio-de-la-reforma-pensional\/#article","isPartOf":{"@id":"https:\/\/luchonoticias.com\/editor\/mintrabajo-anuncio-la-creacion-de-la-mesa-tecnica-en-el-senado-para-el-estudio-de-la-reforma-pensional\/"},"author":{"name":"Editor General","@id":"https:\/\/luchonoticias.com\/editor\/#\/schema\/person\/29217990ddf6f14e35912b2866d591fb"},"headline":"MinTrabajo anunci\u00f3 la creaci\u00f3n de la mesa t\u00e9cnica en el Senado para el estudio de la Reforma Pensional","datePublished":"2023-03-29T12:46:06+00:00","dateModified":"2023-03-29T12:46:07+00:00","mainEntityOfPage":{"@id":"https:\/\/luchonoticias.com\/editor\/mintrabajo-anuncio-la-creacion-de-la-mesa-tecnica-en-el-senado-para-el-estudio-de-la-reforma-pensional\/"},"wordCount":462,"commentCount":0,"publisher":{"@id":"https:\/\/luchonoticias.com\/editor\/#\/schema\/person\/7a7fd911f58561fd056dbac7b55af9cd"},"articleSection":["Actualidad","Destacado"],"inLanguage":"es","potentialAction":[{"@type":"CommentAction","name":"Comment","target":["https:\/\/luchonoticias.com\/editor\/mintrabajo-anuncio-la-creacion-de-la-mesa-tecnica-en-el-senado-para-el-estudio-de-la-reforma-pensional\/#respond"]}]},{"@type":"WebPage","@id":"https:\/\/luchonoticias.com\/editor\/mintrabajo-anuncio-la-creacion-de-la-mesa-tecnica-en-el-senado-para-el-estudio-de-la-reforma-pensional\/","url":"https:\/\/luchonoticias.com\/editor\/mintrabajo-anuncio-la-creacion-de-la-mesa-tecnica-en-el-senado-para-el-estudio-de-la-reforma-pensional\/","name":"MinTrabajo anunci\u00f3 la creaci\u00f3n de la mesa t\u00e9cnica en el Senado para el estudio de la Reforma Pensional -","isPartOf":{"@id":"https:\/\/luchonoticias.com\/editor\/#website"},"datePublished":"2023-03-29T12:46:06+00:00","dateModified":"2023-03-29T12:46:07+00:00","breadcrumb":{"@id":"https:\/\/luchonoticias.com\/editor\/mintrabajo-anuncio-la-creacion-de-la-mesa-tecnica-en-el-senado-para-el-estudio-de-la-reforma-pensional\/#breadcrumb"},"inLanguage":"es","potentialAction":[{"@type":"ReadAction","target":["https:\/\/luchonoticias.com\/editor\/mintrabajo-anuncio-la-creacion-de-la-mesa-tecnica-en-el-senado-para-el-estudio-de-la-reforma-pensional\/"]}]},{"@type":"BreadcrumbList","@id":"https:\/\/luchonoticias.com\/editor\/mintrabajo-anuncio-la-creacion-de-la-mesa-tecnica-en-el-senado-para-el-estudio-de-la-reforma-pensional\/#breadcrumb","itemListElement":[{"@type":"ListItem","position":1,"name":"Portada","item":"https:\/\/luchonoticias.com\/editor\/"},{"@type":"ListItem","position":2,"name":"MinTrabajo anunci\u00f3 la creaci\u00f3n de la mesa t\u00e9cnica en el Senado para el estudio de la Reforma Pensional"}]},{"@type":"WebSite","@id":"https:\/\/luchonoticias.com\/editor\/#website","url":"https:\/\/luchonoticias.com\/editor\/","name":"","description":"","publisher":{"@id":"https:\/\/luchonoticias.com\/editor\/#\/schema\/person\/7a7fd911f58561fd056dbac7b55af9cd"},"potentialAction":[{"@type":"SearchAction","target":{"@type":"EntryPoint","urlTemplate":"https:\/\/luchonoticias.com\/editor\/?s={search_term_string}"},"query-input":{"@type":"PropertyValueSpecification","valueRequired":true,"valueName":"search_term_string"}}],"inLanguage":"es"},{"@type":["Person","Organization"],"@id":"https:\/\/luchonoticias.com\/editor\/#\/schema\/person\/7a7fd911f58561fd056dbac7b55af9cd","name":"admin","image":{"@type":"ImageObject","inLanguage":"es","@id":"https:\/\/luchonoticias.com\/editor\/#\/schema\/person\/image\/","url":"https:\/\/luchonoticias.com\/editor\/wp-content\/uploads\/2024\/02\/cropped-cropped-logolu.webp","contentUrl":"https:\/\/luchonoticias.com\/editor\/wp-content\/uploads\/2024\/02\/cropped-cropped-logolu.webp","width":382,"height":170,"caption":"admin"},"logo":{"@id":"https:\/\/luchonoticias.com\/editor\/#\/schema\/person\/image\/"},"sameAs":["https:\/\/www.facebook.com\/luchonoticiasneiva"]},{"@type":"Person","@id":"https:\/\/luchonoticias.com\/editor\/#\/schema\/person\/29217990ddf6f14e35912b2866d591fb","name":"Editor General","image":{"@type":"ImageObject","inLanguage":"es","@id":"https:\/\/luchonoticias.com\/editor\/#\/schema\/person\/image\/","url":"https:\/\/luchonoticias.com\/editor\/wp-content\/uploads\/2024\/02\/cropped-cropped-logolu-150x150.webp","contentUrl":"https:\/\/luchonoticias.com\/editor\/wp-content\/uploads\/2024\/02\/cropped-cropped-logolu-150x150.webp","caption":"Editor General"},"sameAs":["https:\/\/luchonoticias.com\/"],"url":"https:\/\/luchonoticias.com\/editor\/author\/editor-general\/"}]}},"_links":{"self":[{"href":"https:\/\/luchonoticias.com\/editor\/wp-json\/wp\/v2\/posts\/49357","targetHints":{"allow":["GET"]}}],"collection":[{"href":"https:\/\/luchonoticias.com\/editor\/wp-json\/wp\/v2\/posts"}],"about":[{"href":"https:\/\/luchonoticias.com\/editor\/wp-json\/wp\/v2\/types\/post"}],"author":[{"embeddable":true,"href":"https:\/\/luchonoticias.com\/editor\/wp-json\/wp\/v2\/users\/2"}],"replies":[{"embeddable":true,"href":"https:\/\/luchonoticias.com\/editor\/wp-json\/wp\/v2\/comments?post=49357"}],"version-history":[{"count":0,"href":"https:\/\/luchonoticias.com\/editor\/wp-json\/wp\/v2\/posts\/49357\/revisions"}],"wp:attachment":[{"href":"https:\/\/luchonoticias.com\/editor\/wp-json\/wp\/v2\/media?parent=49357"}],"wp:term":[{"taxonomy":"category","embeddable":true,"href":"https:\/\/luchonoticias.com\/editor\/wp-json\/wp\/v2\/categories?post=49357"},{"taxonomy":"post_tag","embeddable":true,"href":"https:\/\/luchonoticias.com\/editor\/wp-json\/wp\/v2\/tags?post=49357"}],"curies":[{"name":"wp","href":"https:\/\/api.w.org\/{rel}","templated":true}]}}