{"id":49363,"date":"2023-03-29T09:19:02","date_gmt":"2023-03-29T14:19:02","guid":{"rendered":"https:\/\/luchonoticias.com\/?p=49363"},"modified":"2023-03-29T09:19:03","modified_gmt":"2023-03-29T14:19:03","slug":"cayo-rambo-disidente-de-la-dagoberto-ramos","status":"publish","type":"post","link":"https:\/\/luchonoticias.com\/editor\/cayo-rambo-disidente-de-la-dagoberto-ramos\/","title":{"rendered":"Cay\u00f3 &#8216;Rambo&#8217;, disidente de la Dagoberto Ramos"},"content":{"rendered":"\n<p>Se trata de alias \u2018Rambo\u2019 o \u2018Taison\u2019, presunto integrante de la Red de Apoyo a Estructuras Residuales de la Columna M\u00f3vil Dagoberto Ramos, quien estaba siendo requerido por la justicia por los delitos de homicidio, concierto para delinquir agravado y fabricaci\u00f3n, tr\u00e1fico y porte de armas de fuego.<\/p>\n\n\n\n<p>El hombre de 31 a\u00f1os, habr\u00eda ingresado a la organizaci\u00f3n il\u00edcita en el 2017, ese a\u00f1o, al parecer habr\u00eda participado del homicidio del ciudadano, Paulino Caviedes Rodr\u00edguez; en el 2018 se le investiga su participaci\u00f3n en el asesinato de Alex Fernando Valencia Valencia y en el 2019 la muerte de Henry Cayuy Puqui, este \u00faltimo, miembro de un cabildo ind\u00edgena.<\/p>\n\n\n\n<p>Este hombre, junto a otros integrantes de la organizaci\u00f3n, al parecer ven\u00eda extorsionando a gremios productivos de Huilay Cauca, con el prop\u00f3sito de fortalecer el andamiaje financiero de la organizaci\u00f3n, as\u00ed como las cordinaciones log\u00edsticas para la consecuci\u00f3n y transporte de material de guerra y la intimidaci\u00f3n a la poblaci\u00f3n del \u00e1rea rural.<\/p>\n\n\n\n<p>Con la captura de alias \u2018Taison\u2019 o\u00b4Rambo\u2019, se afectan las actividades log\u00edsticas y de finanzas de la Dagoberto Ramos, contribuyendo a la protecci\u00f3n de la poblaci\u00f3n civil que se ha visto afectada por el accionar delictivo de esta estructura en su af\u00e1n por robustecer su econom\u00eda, n\u00famero de hombres y expansi\u00f3n territorial.<\/p>\n","protected":false},"excerpt":{"rendered":"<p>Se trata de alias \u2018Rambo\u2019 o \u2018Taison\u2019, presunto integrante de la Red de Apoyo a Estructuras Residuales de la Columna M\u00f3vil Dagoberto Ramos, quien estaba siendo requerido por la justicia por los delitos de homicidio, concierto para delinquir agravado y fabricaci\u00f3n, tr\u00e1fico y porte de armas de fuego. El hombre de 31 a\u00f1os, habr\u00eda ingresado [&hellip;]<\/p>\n","protected":false},"author":2,"featured_media":0,"comment_status":"open","ping_status":"open","sticky":false,"template":"","format":"standard","meta":{"footnotes":""},"categories":[36,29],"tags":[],"class_list":["post-49363","post","type-post","status-publish","format-standard","hentry","category-destacado","category-judicial"],"yoast_head":"<!-- This site is optimized with the Yoast SEO plugin v26.6 - https:\/\/yoast.com\/wordpress\/plugins\/seo\/ -->\n<title>Cay\u00f3 &#039;Rambo&#039;, disidente de la Dagoberto Ramos -<\/title>\n<meta name=\"robots\" content=\"index, follow, max-snippet:-1, max-image-preview:large, max-video-preview:-1\" \/>\n<link rel=\"canonical\" href=\"https:\/\/luchonoticias.com\/editor\/cayo-rambo-disidente-de-la-dagoberto-ramos\/\" \/>\n<meta property=\"og:locale\" content=\"es_ES\" \/>\n<meta property=\"og:type\" content=\"article\" \/>\n<meta property=\"og:title\" content=\"Cay\u00f3 &#039;Rambo&#039;, disidente de la Dagoberto Ramos -\" \/>\n<meta property=\"og:url\" content=\"https:\/\/luchonoticias.com\/editor\/cayo-rambo-disidente-de-la-dagoberto-ramos\/\" \/>\n<meta property=\"article:publisher\" content=\"https:\/\/www.facebook.com\/luchonoticiasneiva\" \/>\n<meta property=\"article:published_time\" content=\"2023-03-29T14:19:02+00:00\" \/>\n<meta property=\"article:modified_time\" content=\"2023-03-29T14:19:03+00:00\" \/>\n<meta name=\"author\" content=\"Editor General\" \/>\n<meta name=\"twitter:card\" content=\"summary_large_image\" \/>\n<meta name=\"twitter:label1\" content=\"Escrito por\" \/>\n\t<meta name=\"twitter:data1\" content=\"Editor General\" \/>\n\t<meta name=\"twitter:label2\" content=\"Tiempo de lectura\" \/>\n\t<meta name=\"twitter:data2\" content=\"1 minuto\" \/>\n<script type=\"application\/ld+json\" class=\"yoast-schema-graph\">{\"@context\":\"https:\/\/schema.org\",\"@graph\":[{\"@type\":\"Article\",\"@id\":\"https:\/\/luchonoticias.com\/editor\/cayo-rambo-disidente-de-la-dagoberto-ramos\/#article\",\"isPartOf\":{\"@id\":\"https:\/\/luchonoticias.com\/editor\/cayo-rambo-disidente-de-la-dagoberto-ramos\/\"},\"author\":{\"name\":\"Editor General\",\"@id\":\"https:\/\/luchonoticias.com\/editor\/#\/schema\/person\/29217990ddf6f14e35912b2866d591fb\"},\"headline\":\"Cay\u00f3 &#8216;Rambo&#8217;, disidente de la Dagoberto Ramos\",\"datePublished\":\"2023-03-29T14:19:02+00:00\",\"dateModified\":\"2023-03-29T14:19:03+00:00\",\"mainEntityOfPage\":{\"@id\":\"https:\/\/luchonoticias.com\/editor\/cayo-rambo-disidente-de-la-dagoberto-ramos\/\"},\"wordCount\":244,\"commentCount\":0,\"publisher\":{\"@id\":\"https:\/\/luchonoticias.com\/editor\/#\/schema\/person\/7a7fd911f58561fd056dbac7b55af9cd\"},\"articleSection\":[\"Destacado\",\"Judicial\"],\"inLanguage\":\"es\",\"potentialAction\":[{\"@type\":\"CommentAction\",\"name\":\"Comment\",\"target\":[\"https:\/\/luchonoticias.com\/editor\/cayo-rambo-disidente-de-la-dagoberto-ramos\/#respond\"]}]},{\"@type\":\"WebPage\",\"@id\":\"https:\/\/luchonoticias.com\/editor\/cayo-rambo-disidente-de-la-dagoberto-ramos\/\",\"url\":\"https:\/\/luchonoticias.com\/editor\/cayo-rambo-disidente-de-la-dagoberto-ramos\/\",\"name\":\"Cay\u00f3 'Rambo', disidente de la Dagoberto Ramos -\",\"isPartOf\":{\"@id\":\"https:\/\/luchonoticias.com\/editor\/#website\"},\"datePublished\":\"2023-03-29T14:19:02+00:00\",\"dateModified\":\"2023-03-29T14:19:03+00:00\",\"breadcrumb\":{\"@id\":\"https:\/\/luchonoticias.com\/editor\/cayo-rambo-disidente-de-la-dagoberto-ramos\/#breadcrumb\"},\"inLanguage\":\"es\",\"potentialAction\":[{\"@type\":\"ReadAction\",\"target\":[\"https:\/\/luchonoticias.com\/editor\/cayo-rambo-disidente-de-la-dagoberto-ramos\/\"]}]},{\"@type\":\"BreadcrumbList\",\"@id\":\"https:\/\/luchonoticias.com\/editor\/cayo-rambo-disidente-de-la-dagoberto-ramos\/#breadcrumb\",\"itemListElement\":[{\"@type\":\"ListItem\",\"position\":1,\"name\":\"Portada\",\"item\":\"https:\/\/luchonoticias.com\/editor\/\"},{\"@type\":\"ListItem\",\"position\":2,\"name\":\"Cay\u00f3 &#8216;Rambo&#8217;, disidente de la Dagoberto Ramos\"}]},{\"@type\":\"WebSite\",\"@id\":\"https:\/\/luchonoticias.com\/editor\/#website\",\"url\":\"https:\/\/luchonoticias.com\/editor\/\",\"name\":\"\",\"description\":\"\",\"publisher\":{\"@id\":\"https:\/\/luchonoticias.com\/editor\/#\/schema\/person\/7a7fd911f58561fd056dbac7b55af9cd\"},\"potentialAction\":[{\"@type\":\"SearchAction\",\"target\":{\"@type\":\"EntryPoint\",\"urlTemplate\":\"https:\/\/luchonoticias.com\/editor\/?s={search_term_string}\"},\"query-input\":{\"@type\":\"PropertyValueSpecification\",\"valueRequired\":true,\"valueName\":\"search_term_string\"}}],\"inLanguage\":\"es\"},{\"@type\":[\"Person\",\"Organization\"],\"@id\":\"https:\/\/luchonoticias.com\/editor\/#\/schema\/person\/7a7fd911f58561fd056dbac7b55af9cd\",\"name\":\"admin\",\"image\":{\"@type\":\"ImageObject\",\"inLanguage\":\"es\",\"@id\":\"https:\/\/luchonoticias.com\/editor\/#\/schema\/person\/image\/\",\"url\":\"https:\/\/luchonoticias.com\/editor\/wp-content\/uploads\/2024\/02\/cropped-cropped-logolu.webp\",\"contentUrl\":\"https:\/\/luchonoticias.com\/editor\/wp-content\/uploads\/2024\/02\/cropped-cropped-logolu.webp\",\"width\":382,\"height\":170,\"caption\":\"admin\"},\"logo\":{\"@id\":\"https:\/\/luchonoticias.com\/editor\/#\/schema\/person\/image\/\"},\"sameAs\":[\"https:\/\/www.facebook.com\/luchonoticiasneiva\"]},{\"@type\":\"Person\",\"@id\":\"https:\/\/luchonoticias.com\/editor\/#\/schema\/person\/29217990ddf6f14e35912b2866d591fb\",\"name\":\"Editor General\",\"image\":{\"@type\":\"ImageObject\",\"inLanguage\":\"es\",\"@id\":\"https:\/\/luchonoticias.com\/editor\/#\/schema\/person\/image\/\",\"url\":\"https:\/\/luchonoticias.com\/editor\/wp-content\/uploads\/2024\/02\/cropped-cropped-logolu-150x150.webp\",\"contentUrl\":\"https:\/\/luchonoticias.com\/editor\/wp-content\/uploads\/2024\/02\/cropped-cropped-logolu-150x150.webp\",\"caption\":\"Editor General\"},\"sameAs\":[\"https:\/\/luchonoticias.com\/\"],\"url\":\"https:\/\/luchonoticias.com\/editor\/author\/editor-general\/\"}]}<\/script>\n<!-- \/ Yoast SEO plugin. -->","yoast_head_json":{"title":"Cay\u00f3 'Rambo', disidente de la Dagoberto Ramos -","robots":{"index":"index","follow":"follow","max-snippet":"max-snippet:-1","max-image-preview":"max-image-preview:large","max-video-preview":"max-video-preview:-1"},"canonical":"https:\/\/luchonoticias.com\/editor\/cayo-rambo-disidente-de-la-dagoberto-ramos\/","og_locale":"es_ES","og_type":"article","og_title":"Cay\u00f3 'Rambo', disidente de la Dagoberto Ramos -","og_url":"https:\/\/luchonoticias.com\/editor\/cayo-rambo-disidente-de-la-dagoberto-ramos\/","article_publisher":"https:\/\/www.facebook.com\/luchonoticiasneiva","article_published_time":"2023-03-29T14:19:02+00:00","article_modified_time":"2023-03-29T14:19:03+00:00","author":"Editor General","twitter_card":"summary_large_image","twitter_misc":{"Escrito por":"Editor General","Tiempo de lectura":"1 minuto"},"schema":{"@context":"https:\/\/schema.org","@graph":[{"@type":"Article","@id":"https:\/\/luchonoticias.com\/editor\/cayo-rambo-disidente-de-la-dagoberto-ramos\/#article","isPartOf":{"@id":"https:\/\/luchonoticias.com\/editor\/cayo-rambo-disidente-de-la-dagoberto-ramos\/"},"author":{"name":"Editor General","@id":"https:\/\/luchonoticias.com\/editor\/#\/schema\/person\/29217990ddf6f14e35912b2866d591fb"},"headline":"Cay\u00f3 &#8216;Rambo&#8217;, disidente de la Dagoberto Ramos","datePublished":"2023-03-29T14:19:02+00:00","dateModified":"2023-03-29T14:19:03+00:00","mainEntityOfPage":{"@id":"https:\/\/luchonoticias.com\/editor\/cayo-rambo-disidente-de-la-dagoberto-ramos\/"},"wordCount":244,"commentCount":0,"publisher":{"@id":"https:\/\/luchonoticias.com\/editor\/#\/schema\/person\/7a7fd911f58561fd056dbac7b55af9cd"},"articleSection":["Destacado","Judicial"],"inLanguage":"es","potentialAction":[{"@type":"CommentAction","name":"Comment","target":["https:\/\/luchonoticias.com\/editor\/cayo-rambo-disidente-de-la-dagoberto-ramos\/#respond"]}]},{"@type":"WebPage","@id":"https:\/\/luchonoticias.com\/editor\/cayo-rambo-disidente-de-la-dagoberto-ramos\/","url":"https:\/\/luchonoticias.com\/editor\/cayo-rambo-disidente-de-la-dagoberto-ramos\/","name":"Cay\u00f3 'Rambo', disidente de la Dagoberto Ramos -","isPartOf":{"@id":"https:\/\/luchonoticias.com\/editor\/#website"},"datePublished":"2023-03-29T14:19:02+00:00","dateModified":"2023-03-29T14:19:03+00:00","breadcrumb":{"@id":"https:\/\/luchonoticias.com\/editor\/cayo-rambo-disidente-de-la-dagoberto-ramos\/#breadcrumb"},"inLanguage":"es","potentialAction":[{"@type":"ReadAction","target":["https:\/\/luchonoticias.com\/editor\/cayo-rambo-disidente-de-la-dagoberto-ramos\/"]}]},{"@type":"BreadcrumbList","@id":"https:\/\/luchonoticias.com\/editor\/cayo-rambo-disidente-de-la-dagoberto-ramos\/#breadcrumb","itemListElement":[{"@type":"ListItem","position":1,"name":"Portada","item":"https:\/\/luchonoticias.com\/editor\/"},{"@type":"ListItem","position":2,"name":"Cay\u00f3 &#8216;Rambo&#8217;, disidente de la Dagoberto Ramos"}]},{"@type":"WebSite","@id":"https:\/\/luchonoticias.com\/editor\/#website","url":"https:\/\/luchonoticias.com\/editor\/","name":"","description":"","publisher":{"@id":"https:\/\/luchonoticias.com\/editor\/#\/schema\/person\/7a7fd911f58561fd056dbac7b55af9cd"},"potentialAction":[{"@type":"SearchAction","target":{"@type":"EntryPoint","urlTemplate":"https:\/\/luchonoticias.com\/editor\/?s={search_term_string}"},"query-input":{"@type":"PropertyValueSpecification","valueRequired":true,"valueName":"search_term_string"}}],"inLanguage":"es"},{"@type":["Person","Organization"],"@id":"https:\/\/luchonoticias.com\/editor\/#\/schema\/person\/7a7fd911f58561fd056dbac7b55af9cd","name":"admin","image":{"@type":"ImageObject","inLanguage":"es","@id":"https:\/\/luchonoticias.com\/editor\/#\/schema\/person\/image\/","url":"https:\/\/luchonoticias.com\/editor\/wp-content\/uploads\/2024\/02\/cropped-cropped-logolu.webp","contentUrl":"https:\/\/luchonoticias.com\/editor\/wp-content\/uploads\/2024\/02\/cropped-cropped-logolu.webp","width":382,"height":170,"caption":"admin"},"logo":{"@id":"https:\/\/luchonoticias.com\/editor\/#\/schema\/person\/image\/"},"sameAs":["https:\/\/www.facebook.com\/luchonoticiasneiva"]},{"@type":"Person","@id":"https:\/\/luchonoticias.com\/editor\/#\/schema\/person\/29217990ddf6f14e35912b2866d591fb","name":"Editor General","image":{"@type":"ImageObject","inLanguage":"es","@id":"https:\/\/luchonoticias.com\/editor\/#\/schema\/person\/image\/","url":"https:\/\/luchonoticias.com\/editor\/wp-content\/uploads\/2024\/02\/cropped-cropped-logolu-150x150.webp","contentUrl":"https:\/\/luchonoticias.com\/editor\/wp-content\/uploads\/2024\/02\/cropped-cropped-logolu-150x150.webp","caption":"Editor General"},"sameAs":["https:\/\/luchonoticias.com\/"],"url":"https:\/\/luchonoticias.com\/editor\/author\/editor-general\/"}]}},"_links":{"self":[{"href":"https:\/\/luchonoticias.com\/editor\/wp-json\/wp\/v2\/posts\/49363","targetHints":{"allow":["GET"]}}],"collection":[{"href":"https:\/\/luchonoticias.com\/editor\/wp-json\/wp\/v2\/posts"}],"about":[{"href":"https:\/\/luchonoticias.com\/editor\/wp-json\/wp\/v2\/types\/post"}],"author":[{"embeddable":true,"href":"https:\/\/luchonoticias.com\/editor\/wp-json\/wp\/v2\/users\/2"}],"replies":[{"embeddable":true,"href":"https:\/\/luchonoticias.com\/editor\/wp-json\/wp\/v2\/comments?post=49363"}],"version-history":[{"count":0,"href":"https:\/\/luchonoticias.com\/editor\/wp-json\/wp\/v2\/posts\/49363\/revisions"}],"wp:attachment":[{"href":"https:\/\/luchonoticias.com\/editor\/wp-json\/wp\/v2\/media?parent=49363"}],"wp:term":[{"taxonomy":"category","embeddable":true,"href":"https:\/\/luchonoticias.com\/editor\/wp-json\/wp\/v2\/categories?post=49363"},{"taxonomy":"post_tag","embeddable":true,"href":"https:\/\/luchonoticias.com\/editor\/wp-json\/wp\/v2\/tags?post=49363"}],"curies":[{"name":"wp","href":"https:\/\/api.w.org\/{rel}","templated":true}]}}