{"id":49366,"date":"2023-03-29T14:20:06","date_gmt":"2023-03-29T19:20:06","guid":{"rendered":"https:\/\/luchonoticias.com\/?p=49366"},"modified":"2023-03-29T14:20:08","modified_gmt":"2023-03-29T19:20:08","slug":"laura-sofia-parra-perdio-la-batalla-contra-la-muerte","status":"publish","type":"post","link":"https:\/\/luchonoticias.com\/editor\/laura-sofia-parra-perdio-la-batalla-contra-la-muerte\/","title":{"rendered":"Laura Sof\u00eda Parra perdi\u00f3 la batalla contra la muerte"},"content":{"rendered":"\n<p>Tras una lucha de cerca de seis d\u00edas en la unidad de cuidados intensivos del Hospital Hernando Moncaleano Perdomo de la Capital Huilense, falleci\u00f3 hoy en horas de la ma\u00f1ana la joven estudiante de psicolog\u00eda Laura Sofia Parra Ib\u00e1\u00f1ez.<\/p>\n\n\n\n<p>\u201cLa joven el pasado domingo cay\u00f3 de un colectivo en movimiento, lamentablemente falleci\u00f3 producto del fuerte golpe que tuvo en su cabeza\u201d, indicaron fuentes oficiales.<\/p>\n\n\n\n<p>Hasta el momento, los restos mortales de la joven estudiante de la universidad Surcolombiana, se encuentra en las instalaciones de medicina legal, donde los peritos se encuentran realizando la necropsia correspondiente y posteriormente su cuerpo ser\u00e1 entregado a sus seres queridos para que le realicen sus honras f\u00fanebres.<\/p>\n\n\n\n<p>Finalmente se conoci\u00f3 que como la Secretaria de Movilidad de Neiva, al igual que la Fiscal\u00eda General de La Naci\u00f3n se encuentran en las investigaciones pertinentes para aclarar la responsabilidad del conductor del veh\u00edculo en el cual la joven present\u00f3 el percance vial.<\/p>\n","protected":false},"excerpt":{"rendered":"<p>Tras una lucha de cerca de seis d\u00edas en la unidad de cuidados intensivos del Hospital Hernando Moncaleano Perdomo de la Capital Huilense, falleci\u00f3 hoy en horas de la ma\u00f1ana la joven estudiante de psicolog\u00eda Laura Sofia Parra Ib\u00e1\u00f1ez. \u201cLa joven el pasado domingo cay\u00f3 de un colectivo en movimiento, lamentablemente falleci\u00f3 producto del fuerte [&hellip;]<\/p>\n","protected":false},"author":2,"featured_media":0,"comment_status":"open","ping_status":"open","sticky":false,"template":"","format":"standard","meta":{"footnotes":""},"categories":[36,29],"tags":[],"class_list":["post-49366","post","type-post","status-publish","format-standard","hentry","category-destacado","category-judicial"],"yoast_head":"<!-- This site is optimized with the Yoast SEO plugin v26.6 - https:\/\/yoast.com\/wordpress\/plugins\/seo\/ -->\n<title>Laura Sof\u00eda Parra perdi\u00f3 la batalla contra la muerte -<\/title>\n<meta name=\"robots\" content=\"index, follow, max-snippet:-1, max-image-preview:large, max-video-preview:-1\" \/>\n<link rel=\"canonical\" href=\"https:\/\/luchonoticias.com\/editor\/laura-sofia-parra-perdio-la-batalla-contra-la-muerte\/\" \/>\n<meta property=\"og:locale\" content=\"es_ES\" \/>\n<meta property=\"og:type\" content=\"article\" \/>\n<meta property=\"og:title\" content=\"Laura Sof\u00eda Parra perdi\u00f3 la batalla contra la muerte -\" \/>\n<meta property=\"og:url\" content=\"https:\/\/luchonoticias.com\/editor\/laura-sofia-parra-perdio-la-batalla-contra-la-muerte\/\" \/>\n<meta property=\"article:publisher\" content=\"https:\/\/www.facebook.com\/luchonoticiasneiva\" \/>\n<meta property=\"article:published_time\" content=\"2023-03-29T19:20:06+00:00\" \/>\n<meta property=\"article:modified_time\" content=\"2023-03-29T19:20:08+00:00\" \/>\n<meta name=\"author\" content=\"Editor General\" \/>\n<meta name=\"twitter:card\" content=\"summary_large_image\" \/>\n<meta name=\"twitter:label1\" content=\"Escrito por\" \/>\n\t<meta name=\"twitter:data1\" content=\"Editor General\" \/>\n\t<meta name=\"twitter:label2\" content=\"Tiempo de lectura\" \/>\n\t<meta name=\"twitter:data2\" content=\"1 minuto\" \/>\n<script type=\"application\/ld+json\" class=\"yoast-schema-graph\">{\"@context\":\"https:\/\/schema.org\",\"@graph\":[{\"@type\":\"Article\",\"@id\":\"https:\/\/luchonoticias.com\/editor\/laura-sofia-parra-perdio-la-batalla-contra-la-muerte\/#article\",\"isPartOf\":{\"@id\":\"https:\/\/luchonoticias.com\/editor\/laura-sofia-parra-perdio-la-batalla-contra-la-muerte\/\"},\"author\":{\"name\":\"Editor General\",\"@id\":\"https:\/\/luchonoticias.com\/editor\/#\/schema\/person\/29217990ddf6f14e35912b2866d591fb\"},\"headline\":\"Laura Sof\u00eda Parra perdi\u00f3 la batalla contra la muerte\",\"datePublished\":\"2023-03-29T19:20:06+00:00\",\"dateModified\":\"2023-03-29T19:20:08+00:00\",\"mainEntityOfPage\":{\"@id\":\"https:\/\/luchonoticias.com\/editor\/laura-sofia-parra-perdio-la-batalla-contra-la-muerte\/\"},\"wordCount\":173,\"commentCount\":0,\"publisher\":{\"@id\":\"https:\/\/luchonoticias.com\/editor\/#\/schema\/person\/7a7fd911f58561fd056dbac7b55af9cd\"},\"articleSection\":[\"Destacado\",\"Judicial\"],\"inLanguage\":\"es\",\"potentialAction\":[{\"@type\":\"CommentAction\",\"name\":\"Comment\",\"target\":[\"https:\/\/luchonoticias.com\/editor\/laura-sofia-parra-perdio-la-batalla-contra-la-muerte\/#respond\"]}]},{\"@type\":\"WebPage\",\"@id\":\"https:\/\/luchonoticias.com\/editor\/laura-sofia-parra-perdio-la-batalla-contra-la-muerte\/\",\"url\":\"https:\/\/luchonoticias.com\/editor\/laura-sofia-parra-perdio-la-batalla-contra-la-muerte\/\",\"name\":\"Laura Sof\u00eda Parra perdi\u00f3 la batalla contra la muerte -\",\"isPartOf\":{\"@id\":\"https:\/\/luchonoticias.com\/editor\/#website\"},\"datePublished\":\"2023-03-29T19:20:06+00:00\",\"dateModified\":\"2023-03-29T19:20:08+00:00\",\"breadcrumb\":{\"@id\":\"https:\/\/luchonoticias.com\/editor\/laura-sofia-parra-perdio-la-batalla-contra-la-muerte\/#breadcrumb\"},\"inLanguage\":\"es\",\"potentialAction\":[{\"@type\":\"ReadAction\",\"target\":[\"https:\/\/luchonoticias.com\/editor\/laura-sofia-parra-perdio-la-batalla-contra-la-muerte\/\"]}]},{\"@type\":\"BreadcrumbList\",\"@id\":\"https:\/\/luchonoticias.com\/editor\/laura-sofia-parra-perdio-la-batalla-contra-la-muerte\/#breadcrumb\",\"itemListElement\":[{\"@type\":\"ListItem\",\"position\":1,\"name\":\"Portada\",\"item\":\"https:\/\/luchonoticias.com\/editor\/\"},{\"@type\":\"ListItem\",\"position\":2,\"name\":\"Laura Sof\u00eda Parra perdi\u00f3 la batalla contra la muerte\"}]},{\"@type\":\"WebSite\",\"@id\":\"https:\/\/luchonoticias.com\/editor\/#website\",\"url\":\"https:\/\/luchonoticias.com\/editor\/\",\"name\":\"\",\"description\":\"\",\"publisher\":{\"@id\":\"https:\/\/luchonoticias.com\/editor\/#\/schema\/person\/7a7fd911f58561fd056dbac7b55af9cd\"},\"potentialAction\":[{\"@type\":\"SearchAction\",\"target\":{\"@type\":\"EntryPoint\",\"urlTemplate\":\"https:\/\/luchonoticias.com\/editor\/?s={search_term_string}\"},\"query-input\":{\"@type\":\"PropertyValueSpecification\",\"valueRequired\":true,\"valueName\":\"search_term_string\"}}],\"inLanguage\":\"es\"},{\"@type\":[\"Person\",\"Organization\"],\"@id\":\"https:\/\/luchonoticias.com\/editor\/#\/schema\/person\/7a7fd911f58561fd056dbac7b55af9cd\",\"name\":\"admin\",\"image\":{\"@type\":\"ImageObject\",\"inLanguage\":\"es\",\"@id\":\"https:\/\/luchonoticias.com\/editor\/#\/schema\/person\/image\/\",\"url\":\"https:\/\/luchonoticias.com\/editor\/wp-content\/uploads\/2024\/02\/cropped-cropped-logolu.webp\",\"contentUrl\":\"https:\/\/luchonoticias.com\/editor\/wp-content\/uploads\/2024\/02\/cropped-cropped-logolu.webp\",\"width\":382,\"height\":170,\"caption\":\"admin\"},\"logo\":{\"@id\":\"https:\/\/luchonoticias.com\/editor\/#\/schema\/person\/image\/\"},\"sameAs\":[\"https:\/\/www.facebook.com\/luchonoticiasneiva\"]},{\"@type\":\"Person\",\"@id\":\"https:\/\/luchonoticias.com\/editor\/#\/schema\/person\/29217990ddf6f14e35912b2866d591fb\",\"name\":\"Editor General\",\"image\":{\"@type\":\"ImageObject\",\"inLanguage\":\"es\",\"@id\":\"https:\/\/luchonoticias.com\/editor\/#\/schema\/person\/image\/\",\"url\":\"https:\/\/luchonoticias.com\/editor\/wp-content\/uploads\/2024\/02\/cropped-cropped-logolu-150x150.webp\",\"contentUrl\":\"https:\/\/luchonoticias.com\/editor\/wp-content\/uploads\/2024\/02\/cropped-cropped-logolu-150x150.webp\",\"caption\":\"Editor General\"},\"sameAs\":[\"https:\/\/luchonoticias.com\/\"],\"url\":\"https:\/\/luchonoticias.com\/editor\/author\/editor-general\/\"}]}<\/script>\n<!-- \/ Yoast SEO plugin. -->","yoast_head_json":{"title":"Laura Sof\u00eda Parra perdi\u00f3 la batalla contra la muerte -","robots":{"index":"index","follow":"follow","max-snippet":"max-snippet:-1","max-image-preview":"max-image-preview:large","max-video-preview":"max-video-preview:-1"},"canonical":"https:\/\/luchonoticias.com\/editor\/laura-sofia-parra-perdio-la-batalla-contra-la-muerte\/","og_locale":"es_ES","og_type":"article","og_title":"Laura Sof\u00eda Parra perdi\u00f3 la batalla contra la muerte -","og_url":"https:\/\/luchonoticias.com\/editor\/laura-sofia-parra-perdio-la-batalla-contra-la-muerte\/","article_publisher":"https:\/\/www.facebook.com\/luchonoticiasneiva","article_published_time":"2023-03-29T19:20:06+00:00","article_modified_time":"2023-03-29T19:20:08+00:00","author":"Editor General","twitter_card":"summary_large_image","twitter_misc":{"Escrito por":"Editor General","Tiempo de lectura":"1 minuto"},"schema":{"@context":"https:\/\/schema.org","@graph":[{"@type":"Article","@id":"https:\/\/luchonoticias.com\/editor\/laura-sofia-parra-perdio-la-batalla-contra-la-muerte\/#article","isPartOf":{"@id":"https:\/\/luchonoticias.com\/editor\/laura-sofia-parra-perdio-la-batalla-contra-la-muerte\/"},"author":{"name":"Editor General","@id":"https:\/\/luchonoticias.com\/editor\/#\/schema\/person\/29217990ddf6f14e35912b2866d591fb"},"headline":"Laura Sof\u00eda Parra perdi\u00f3 la batalla contra la muerte","datePublished":"2023-03-29T19:20:06+00:00","dateModified":"2023-03-29T19:20:08+00:00","mainEntityOfPage":{"@id":"https:\/\/luchonoticias.com\/editor\/laura-sofia-parra-perdio-la-batalla-contra-la-muerte\/"},"wordCount":173,"commentCount":0,"publisher":{"@id":"https:\/\/luchonoticias.com\/editor\/#\/schema\/person\/7a7fd911f58561fd056dbac7b55af9cd"},"articleSection":["Destacado","Judicial"],"inLanguage":"es","potentialAction":[{"@type":"CommentAction","name":"Comment","target":["https:\/\/luchonoticias.com\/editor\/laura-sofia-parra-perdio-la-batalla-contra-la-muerte\/#respond"]}]},{"@type":"WebPage","@id":"https:\/\/luchonoticias.com\/editor\/laura-sofia-parra-perdio-la-batalla-contra-la-muerte\/","url":"https:\/\/luchonoticias.com\/editor\/laura-sofia-parra-perdio-la-batalla-contra-la-muerte\/","name":"Laura Sof\u00eda Parra perdi\u00f3 la batalla contra la muerte -","isPartOf":{"@id":"https:\/\/luchonoticias.com\/editor\/#website"},"datePublished":"2023-03-29T19:20:06+00:00","dateModified":"2023-03-29T19:20:08+00:00","breadcrumb":{"@id":"https:\/\/luchonoticias.com\/editor\/laura-sofia-parra-perdio-la-batalla-contra-la-muerte\/#breadcrumb"},"inLanguage":"es","potentialAction":[{"@type":"ReadAction","target":["https:\/\/luchonoticias.com\/editor\/laura-sofia-parra-perdio-la-batalla-contra-la-muerte\/"]}]},{"@type":"BreadcrumbList","@id":"https:\/\/luchonoticias.com\/editor\/laura-sofia-parra-perdio-la-batalla-contra-la-muerte\/#breadcrumb","itemListElement":[{"@type":"ListItem","position":1,"name":"Portada","item":"https:\/\/luchonoticias.com\/editor\/"},{"@type":"ListItem","position":2,"name":"Laura Sof\u00eda Parra perdi\u00f3 la batalla contra la muerte"}]},{"@type":"WebSite","@id":"https:\/\/luchonoticias.com\/editor\/#website","url":"https:\/\/luchonoticias.com\/editor\/","name":"","description":"","publisher":{"@id":"https:\/\/luchonoticias.com\/editor\/#\/schema\/person\/7a7fd911f58561fd056dbac7b55af9cd"},"potentialAction":[{"@type":"SearchAction","target":{"@type":"EntryPoint","urlTemplate":"https:\/\/luchonoticias.com\/editor\/?s={search_term_string}"},"query-input":{"@type":"PropertyValueSpecification","valueRequired":true,"valueName":"search_term_string"}}],"inLanguage":"es"},{"@type":["Person","Organization"],"@id":"https:\/\/luchonoticias.com\/editor\/#\/schema\/person\/7a7fd911f58561fd056dbac7b55af9cd","name":"admin","image":{"@type":"ImageObject","inLanguage":"es","@id":"https:\/\/luchonoticias.com\/editor\/#\/schema\/person\/image\/","url":"https:\/\/luchonoticias.com\/editor\/wp-content\/uploads\/2024\/02\/cropped-cropped-logolu.webp","contentUrl":"https:\/\/luchonoticias.com\/editor\/wp-content\/uploads\/2024\/02\/cropped-cropped-logolu.webp","width":382,"height":170,"caption":"admin"},"logo":{"@id":"https:\/\/luchonoticias.com\/editor\/#\/schema\/person\/image\/"},"sameAs":["https:\/\/www.facebook.com\/luchonoticiasneiva"]},{"@type":"Person","@id":"https:\/\/luchonoticias.com\/editor\/#\/schema\/person\/29217990ddf6f14e35912b2866d591fb","name":"Editor General","image":{"@type":"ImageObject","inLanguage":"es","@id":"https:\/\/luchonoticias.com\/editor\/#\/schema\/person\/image\/","url":"https:\/\/luchonoticias.com\/editor\/wp-content\/uploads\/2024\/02\/cropped-cropped-logolu-150x150.webp","contentUrl":"https:\/\/luchonoticias.com\/editor\/wp-content\/uploads\/2024\/02\/cropped-cropped-logolu-150x150.webp","caption":"Editor General"},"sameAs":["https:\/\/luchonoticias.com\/"],"url":"https:\/\/luchonoticias.com\/editor\/author\/editor-general\/"}]}},"_links":{"self":[{"href":"https:\/\/luchonoticias.com\/editor\/wp-json\/wp\/v2\/posts\/49366","targetHints":{"allow":["GET"]}}],"collection":[{"href":"https:\/\/luchonoticias.com\/editor\/wp-json\/wp\/v2\/posts"}],"about":[{"href":"https:\/\/luchonoticias.com\/editor\/wp-json\/wp\/v2\/types\/post"}],"author":[{"embeddable":true,"href":"https:\/\/luchonoticias.com\/editor\/wp-json\/wp\/v2\/users\/2"}],"replies":[{"embeddable":true,"href":"https:\/\/luchonoticias.com\/editor\/wp-json\/wp\/v2\/comments?post=49366"}],"version-history":[{"count":0,"href":"https:\/\/luchonoticias.com\/editor\/wp-json\/wp\/v2\/posts\/49366\/revisions"}],"wp:attachment":[{"href":"https:\/\/luchonoticias.com\/editor\/wp-json\/wp\/v2\/media?parent=49366"}],"wp:term":[{"taxonomy":"category","embeddable":true,"href":"https:\/\/luchonoticias.com\/editor\/wp-json\/wp\/v2\/categories?post=49366"},{"taxonomy":"post_tag","embeddable":true,"href":"https:\/\/luchonoticias.com\/editor\/wp-json\/wp\/v2\/tags?post=49366"}],"curies":[{"name":"wp","href":"https:\/\/api.w.org\/{rel}","templated":true}]}}