{"id":49369,"date":"2023-03-29T14:24:28","date_gmt":"2023-03-29T19:24:28","guid":{"rendered":"https:\/\/luchonoticias.com\/?p=49369"},"modified":"2023-03-29T14:24:29","modified_gmt":"2023-03-29T19:24:29","slug":"carcel-por-presuntamente-arrancarle-con-un-alicate-unas-protesis-dentales-de-oro-a-un-lider-comunal","status":"publish","type":"post","link":"https:\/\/luchonoticias.com\/editor\/carcel-por-presuntamente-arrancarle-con-un-alicate-unas-protesis-dentales-de-oro-a-un-lider-comunal\/","title":{"rendered":"C\u00e1rcel por presuntamente arrancarle con un alicate unas pr\u00f3tesis dentales de oro a un l\u00edder comunal"},"content":{"rendered":"\n<p>Por solicitud de la Fiscal\u00eda General de la Naci\u00f3n, un juez de control de garant\u00edas impuso medida de aseguramiento privativa de la libertad en centro carcelario a Carlos Andr\u00e9s Su\u00e1rez Tarazona, alias Cocol\u00ed, como presunto responsable de torturar y robar varias pertenencias a un l\u00edder comunal de Floridablanca (Santander).<\/p>\n\n\n\n<p>Los hechos investigados sucedieron el pasado 31 de enero, en el barrio Los Laureles. El hoy procesado habr\u00eda ingresado al inmueble de la v\u00edctima, quien se desempe\u00f1aba vicepresidente de la Junta de Acci\u00f3n Comunal del sector, y la habr\u00eda golpeado y amenazado de muerte por su condici\u00f3n de representante de la comunidad e impulsar varias actividades contra los grupos delincuenciales.<\/p>\n\n\n\n<p>El material de prueba da cuenta de que, luego de someter al l\u00edder comunal, el se\u00f1alado agresor, al parecer, le arranc\u00f3 varias pr\u00f3tesis dentales de oro con un alicate, le arrebat\u00f3 otras pertenencias y escap\u00f3.<\/p>\n\n\n\n<p>Por estos hechos, un fiscal de la Seccional Santander imput\u00f3 a alias Cocol\u00ed los delitos de tortura agravada, amenaza contra defensores de derechos humanos y servidores p\u00fablicos, y hurto calificado.<\/p>\n\n\n\n<p>El procesado fue capturado por unidades de la Polic\u00eda Nacional en el barrio donde ocurri\u00f3 el ataque. En las verificaciones se estableci\u00f3 que registra antecedentes judiciales por tr\u00e1fico de estupefacientes y violencia intrafamiliar.<\/p>\n","protected":false},"excerpt":{"rendered":"<p>Por solicitud de la Fiscal\u00eda General de la Naci\u00f3n, un juez de control de garant\u00edas impuso medida de aseguramiento privativa de la libertad en centro carcelario a Carlos Andr\u00e9s Su\u00e1rez Tarazona, alias Cocol\u00ed, como presunto responsable de torturar y robar varias pertenencias a un l\u00edder comunal de Floridablanca (Santander). Los hechos investigados sucedieron el pasado [&hellip;]<\/p>\n","protected":false},"author":2,"featured_media":0,"comment_status":"open","ping_status":"open","sticky":false,"template":"","format":"standard","meta":{"footnotes":""},"categories":[36,29],"tags":[],"class_list":["post-49369","post","type-post","status-publish","format-standard","hentry","category-destacado","category-judicial"],"yoast_head":"<!-- This site is optimized with the Yoast SEO plugin v26.6 - https:\/\/yoast.com\/wordpress\/plugins\/seo\/ -->\n<title>C\u00e1rcel por presuntamente arrancarle con un alicate unas pr\u00f3tesis dentales de oro a un l\u00edder comunal -<\/title>\n<meta name=\"robots\" content=\"index, follow, max-snippet:-1, max-image-preview:large, max-video-preview:-1\" \/>\n<link rel=\"canonical\" href=\"https:\/\/luchonoticias.com\/editor\/carcel-por-presuntamente-arrancarle-con-un-alicate-unas-protesis-dentales-de-oro-a-un-lider-comunal\/\" \/>\n<meta property=\"og:locale\" content=\"es_ES\" \/>\n<meta property=\"og:type\" content=\"article\" \/>\n<meta property=\"og:title\" content=\"C\u00e1rcel por presuntamente arrancarle con un alicate unas pr\u00f3tesis dentales de oro a un l\u00edder comunal -\" \/>\n<meta property=\"og:url\" content=\"https:\/\/luchonoticias.com\/editor\/carcel-por-presuntamente-arrancarle-con-un-alicate-unas-protesis-dentales-de-oro-a-un-lider-comunal\/\" \/>\n<meta property=\"article:publisher\" content=\"https:\/\/www.facebook.com\/luchonoticiasneiva\" \/>\n<meta property=\"article:published_time\" content=\"2023-03-29T19:24:28+00:00\" \/>\n<meta property=\"article:modified_time\" content=\"2023-03-29T19:24:29+00:00\" \/>\n<meta name=\"author\" content=\"Editor General\" \/>\n<meta name=\"twitter:card\" content=\"summary_large_image\" \/>\n<meta name=\"twitter:label1\" content=\"Escrito por\" \/>\n\t<meta name=\"twitter:data1\" content=\"Editor General\" \/>\n\t<meta name=\"twitter:label2\" content=\"Tiempo de lectura\" \/>\n\t<meta name=\"twitter:data2\" content=\"1 minuto\" \/>\n<script type=\"application\/ld+json\" class=\"yoast-schema-graph\">{\"@context\":\"https:\/\/schema.org\",\"@graph\":[{\"@type\":\"Article\",\"@id\":\"https:\/\/luchonoticias.com\/editor\/carcel-por-presuntamente-arrancarle-con-un-alicate-unas-protesis-dentales-de-oro-a-un-lider-comunal\/#article\",\"isPartOf\":{\"@id\":\"https:\/\/luchonoticias.com\/editor\/carcel-por-presuntamente-arrancarle-con-un-alicate-unas-protesis-dentales-de-oro-a-un-lider-comunal\/\"},\"author\":{\"name\":\"Editor General\",\"@id\":\"https:\/\/luchonoticias.com\/editor\/#\/schema\/person\/29217990ddf6f14e35912b2866d591fb\"},\"headline\":\"C\u00e1rcel por presuntamente arrancarle con un alicate unas pr\u00f3tesis dentales de oro a un l\u00edder comunal\",\"datePublished\":\"2023-03-29T19:24:28+00:00\",\"dateModified\":\"2023-03-29T19:24:29+00:00\",\"mainEntityOfPage\":{\"@id\":\"https:\/\/luchonoticias.com\/editor\/carcel-por-presuntamente-arrancarle-con-un-alicate-unas-protesis-dentales-de-oro-a-un-lider-comunal\/\"},\"wordCount\":243,\"commentCount\":0,\"publisher\":{\"@id\":\"https:\/\/luchonoticias.com\/editor\/#\/schema\/person\/7a7fd911f58561fd056dbac7b55af9cd\"},\"articleSection\":[\"Destacado\",\"Judicial\"],\"inLanguage\":\"es\",\"potentialAction\":[{\"@type\":\"CommentAction\",\"name\":\"Comment\",\"target\":[\"https:\/\/luchonoticias.com\/editor\/carcel-por-presuntamente-arrancarle-con-un-alicate-unas-protesis-dentales-de-oro-a-un-lider-comunal\/#respond\"]}]},{\"@type\":\"WebPage\",\"@id\":\"https:\/\/luchonoticias.com\/editor\/carcel-por-presuntamente-arrancarle-con-un-alicate-unas-protesis-dentales-de-oro-a-un-lider-comunal\/\",\"url\":\"https:\/\/luchonoticias.com\/editor\/carcel-por-presuntamente-arrancarle-con-un-alicate-unas-protesis-dentales-de-oro-a-un-lider-comunal\/\",\"name\":\"C\u00e1rcel por presuntamente arrancarle con un alicate unas pr\u00f3tesis dentales de oro a un l\u00edder comunal -\",\"isPartOf\":{\"@id\":\"https:\/\/luchonoticias.com\/editor\/#website\"},\"datePublished\":\"2023-03-29T19:24:28+00:00\",\"dateModified\":\"2023-03-29T19:24:29+00:00\",\"breadcrumb\":{\"@id\":\"https:\/\/luchonoticias.com\/editor\/carcel-por-presuntamente-arrancarle-con-un-alicate-unas-protesis-dentales-de-oro-a-un-lider-comunal\/#breadcrumb\"},\"inLanguage\":\"es\",\"potentialAction\":[{\"@type\":\"ReadAction\",\"target\":[\"https:\/\/luchonoticias.com\/editor\/carcel-por-presuntamente-arrancarle-con-un-alicate-unas-protesis-dentales-de-oro-a-un-lider-comunal\/\"]}]},{\"@type\":\"BreadcrumbList\",\"@id\":\"https:\/\/luchonoticias.com\/editor\/carcel-por-presuntamente-arrancarle-con-un-alicate-unas-protesis-dentales-de-oro-a-un-lider-comunal\/#breadcrumb\",\"itemListElement\":[{\"@type\":\"ListItem\",\"position\":1,\"name\":\"Portada\",\"item\":\"https:\/\/luchonoticias.com\/editor\/\"},{\"@type\":\"ListItem\",\"position\":2,\"name\":\"C\u00e1rcel por presuntamente arrancarle con un alicate unas pr\u00f3tesis dentales de oro a un l\u00edder comunal\"}]},{\"@type\":\"WebSite\",\"@id\":\"https:\/\/luchonoticias.com\/editor\/#website\",\"url\":\"https:\/\/luchonoticias.com\/editor\/\",\"name\":\"\",\"description\":\"\",\"publisher\":{\"@id\":\"https:\/\/luchonoticias.com\/editor\/#\/schema\/person\/7a7fd911f58561fd056dbac7b55af9cd\"},\"potentialAction\":[{\"@type\":\"SearchAction\",\"target\":{\"@type\":\"EntryPoint\",\"urlTemplate\":\"https:\/\/luchonoticias.com\/editor\/?s={search_term_string}\"},\"query-input\":{\"@type\":\"PropertyValueSpecification\",\"valueRequired\":true,\"valueName\":\"search_term_string\"}}],\"inLanguage\":\"es\"},{\"@type\":[\"Person\",\"Organization\"],\"@id\":\"https:\/\/luchonoticias.com\/editor\/#\/schema\/person\/7a7fd911f58561fd056dbac7b55af9cd\",\"name\":\"admin\",\"image\":{\"@type\":\"ImageObject\",\"inLanguage\":\"es\",\"@id\":\"https:\/\/luchonoticias.com\/editor\/#\/schema\/person\/image\/\",\"url\":\"https:\/\/luchonoticias.com\/editor\/wp-content\/uploads\/2024\/02\/cropped-cropped-logolu.webp\",\"contentUrl\":\"https:\/\/luchonoticias.com\/editor\/wp-content\/uploads\/2024\/02\/cropped-cropped-logolu.webp\",\"width\":382,\"height\":170,\"caption\":\"admin\"},\"logo\":{\"@id\":\"https:\/\/luchonoticias.com\/editor\/#\/schema\/person\/image\/\"},\"sameAs\":[\"https:\/\/www.facebook.com\/luchonoticiasneiva\"]},{\"@type\":\"Person\",\"@id\":\"https:\/\/luchonoticias.com\/editor\/#\/schema\/person\/29217990ddf6f14e35912b2866d591fb\",\"name\":\"Editor General\",\"image\":{\"@type\":\"ImageObject\",\"inLanguage\":\"es\",\"@id\":\"https:\/\/luchonoticias.com\/editor\/#\/schema\/person\/image\/\",\"url\":\"https:\/\/luchonoticias.com\/editor\/wp-content\/uploads\/2024\/02\/cropped-cropped-logolu-150x150.webp\",\"contentUrl\":\"https:\/\/luchonoticias.com\/editor\/wp-content\/uploads\/2024\/02\/cropped-cropped-logolu-150x150.webp\",\"caption\":\"Editor General\"},\"sameAs\":[\"https:\/\/luchonoticias.com\/\"],\"url\":\"https:\/\/luchonoticias.com\/editor\/author\/editor-general\/\"}]}<\/script>\n<!-- \/ Yoast SEO plugin. -->","yoast_head_json":{"title":"C\u00e1rcel por presuntamente arrancarle con un alicate unas pr\u00f3tesis dentales de oro a un l\u00edder comunal -","robots":{"index":"index","follow":"follow","max-snippet":"max-snippet:-1","max-image-preview":"max-image-preview:large","max-video-preview":"max-video-preview:-1"},"canonical":"https:\/\/luchonoticias.com\/editor\/carcel-por-presuntamente-arrancarle-con-un-alicate-unas-protesis-dentales-de-oro-a-un-lider-comunal\/","og_locale":"es_ES","og_type":"article","og_title":"C\u00e1rcel por presuntamente arrancarle con un alicate unas pr\u00f3tesis dentales de oro a un l\u00edder comunal -","og_url":"https:\/\/luchonoticias.com\/editor\/carcel-por-presuntamente-arrancarle-con-un-alicate-unas-protesis-dentales-de-oro-a-un-lider-comunal\/","article_publisher":"https:\/\/www.facebook.com\/luchonoticiasneiva","article_published_time":"2023-03-29T19:24:28+00:00","article_modified_time":"2023-03-29T19:24:29+00:00","author":"Editor General","twitter_card":"summary_large_image","twitter_misc":{"Escrito por":"Editor General","Tiempo de lectura":"1 minuto"},"schema":{"@context":"https:\/\/schema.org","@graph":[{"@type":"Article","@id":"https:\/\/luchonoticias.com\/editor\/carcel-por-presuntamente-arrancarle-con-un-alicate-unas-protesis-dentales-de-oro-a-un-lider-comunal\/#article","isPartOf":{"@id":"https:\/\/luchonoticias.com\/editor\/carcel-por-presuntamente-arrancarle-con-un-alicate-unas-protesis-dentales-de-oro-a-un-lider-comunal\/"},"author":{"name":"Editor General","@id":"https:\/\/luchonoticias.com\/editor\/#\/schema\/person\/29217990ddf6f14e35912b2866d591fb"},"headline":"C\u00e1rcel por presuntamente arrancarle con un alicate unas pr\u00f3tesis dentales de oro a un l\u00edder comunal","datePublished":"2023-03-29T19:24:28+00:00","dateModified":"2023-03-29T19:24:29+00:00","mainEntityOfPage":{"@id":"https:\/\/luchonoticias.com\/editor\/carcel-por-presuntamente-arrancarle-con-un-alicate-unas-protesis-dentales-de-oro-a-un-lider-comunal\/"},"wordCount":243,"commentCount":0,"publisher":{"@id":"https:\/\/luchonoticias.com\/editor\/#\/schema\/person\/7a7fd911f58561fd056dbac7b55af9cd"},"articleSection":["Destacado","Judicial"],"inLanguage":"es","potentialAction":[{"@type":"CommentAction","name":"Comment","target":["https:\/\/luchonoticias.com\/editor\/carcel-por-presuntamente-arrancarle-con-un-alicate-unas-protesis-dentales-de-oro-a-un-lider-comunal\/#respond"]}]},{"@type":"WebPage","@id":"https:\/\/luchonoticias.com\/editor\/carcel-por-presuntamente-arrancarle-con-un-alicate-unas-protesis-dentales-de-oro-a-un-lider-comunal\/","url":"https:\/\/luchonoticias.com\/editor\/carcel-por-presuntamente-arrancarle-con-un-alicate-unas-protesis-dentales-de-oro-a-un-lider-comunal\/","name":"C\u00e1rcel por presuntamente arrancarle con un alicate unas pr\u00f3tesis dentales de oro a un l\u00edder comunal -","isPartOf":{"@id":"https:\/\/luchonoticias.com\/editor\/#website"},"datePublished":"2023-03-29T19:24:28+00:00","dateModified":"2023-03-29T19:24:29+00:00","breadcrumb":{"@id":"https:\/\/luchonoticias.com\/editor\/carcel-por-presuntamente-arrancarle-con-un-alicate-unas-protesis-dentales-de-oro-a-un-lider-comunal\/#breadcrumb"},"inLanguage":"es","potentialAction":[{"@type":"ReadAction","target":["https:\/\/luchonoticias.com\/editor\/carcel-por-presuntamente-arrancarle-con-un-alicate-unas-protesis-dentales-de-oro-a-un-lider-comunal\/"]}]},{"@type":"BreadcrumbList","@id":"https:\/\/luchonoticias.com\/editor\/carcel-por-presuntamente-arrancarle-con-un-alicate-unas-protesis-dentales-de-oro-a-un-lider-comunal\/#breadcrumb","itemListElement":[{"@type":"ListItem","position":1,"name":"Portada","item":"https:\/\/luchonoticias.com\/editor\/"},{"@type":"ListItem","position":2,"name":"C\u00e1rcel por presuntamente arrancarle con un alicate unas pr\u00f3tesis dentales de oro a un l\u00edder comunal"}]},{"@type":"WebSite","@id":"https:\/\/luchonoticias.com\/editor\/#website","url":"https:\/\/luchonoticias.com\/editor\/","name":"","description":"","publisher":{"@id":"https:\/\/luchonoticias.com\/editor\/#\/schema\/person\/7a7fd911f58561fd056dbac7b55af9cd"},"potentialAction":[{"@type":"SearchAction","target":{"@type":"EntryPoint","urlTemplate":"https:\/\/luchonoticias.com\/editor\/?s={search_term_string}"},"query-input":{"@type":"PropertyValueSpecification","valueRequired":true,"valueName":"search_term_string"}}],"inLanguage":"es"},{"@type":["Person","Organization"],"@id":"https:\/\/luchonoticias.com\/editor\/#\/schema\/person\/7a7fd911f58561fd056dbac7b55af9cd","name":"admin","image":{"@type":"ImageObject","inLanguage":"es","@id":"https:\/\/luchonoticias.com\/editor\/#\/schema\/person\/image\/","url":"https:\/\/luchonoticias.com\/editor\/wp-content\/uploads\/2024\/02\/cropped-cropped-logolu.webp","contentUrl":"https:\/\/luchonoticias.com\/editor\/wp-content\/uploads\/2024\/02\/cropped-cropped-logolu.webp","width":382,"height":170,"caption":"admin"},"logo":{"@id":"https:\/\/luchonoticias.com\/editor\/#\/schema\/person\/image\/"},"sameAs":["https:\/\/www.facebook.com\/luchonoticiasneiva"]},{"@type":"Person","@id":"https:\/\/luchonoticias.com\/editor\/#\/schema\/person\/29217990ddf6f14e35912b2866d591fb","name":"Editor General","image":{"@type":"ImageObject","inLanguage":"es","@id":"https:\/\/luchonoticias.com\/editor\/#\/schema\/person\/image\/","url":"https:\/\/luchonoticias.com\/editor\/wp-content\/uploads\/2024\/02\/cropped-cropped-logolu-150x150.webp","contentUrl":"https:\/\/luchonoticias.com\/editor\/wp-content\/uploads\/2024\/02\/cropped-cropped-logolu-150x150.webp","caption":"Editor General"},"sameAs":["https:\/\/luchonoticias.com\/"],"url":"https:\/\/luchonoticias.com\/editor\/author\/editor-general\/"}]}},"_links":{"self":[{"href":"https:\/\/luchonoticias.com\/editor\/wp-json\/wp\/v2\/posts\/49369","targetHints":{"allow":["GET"]}}],"collection":[{"href":"https:\/\/luchonoticias.com\/editor\/wp-json\/wp\/v2\/posts"}],"about":[{"href":"https:\/\/luchonoticias.com\/editor\/wp-json\/wp\/v2\/types\/post"}],"author":[{"embeddable":true,"href":"https:\/\/luchonoticias.com\/editor\/wp-json\/wp\/v2\/users\/2"}],"replies":[{"embeddable":true,"href":"https:\/\/luchonoticias.com\/editor\/wp-json\/wp\/v2\/comments?post=49369"}],"version-history":[{"count":0,"href":"https:\/\/luchonoticias.com\/editor\/wp-json\/wp\/v2\/posts\/49369\/revisions"}],"wp:attachment":[{"href":"https:\/\/luchonoticias.com\/editor\/wp-json\/wp\/v2\/media?parent=49369"}],"wp:term":[{"taxonomy":"category","embeddable":true,"href":"https:\/\/luchonoticias.com\/editor\/wp-json\/wp\/v2\/categories?post=49369"},{"taxonomy":"post_tag","embeddable":true,"href":"https:\/\/luchonoticias.com\/editor\/wp-json\/wp\/v2\/tags?post=49369"}],"curies":[{"name":"wp","href":"https:\/\/api.w.org\/{rel}","templated":true}]}}