{"id":49372,"date":"2023-03-29T14:26:53","date_gmt":"2023-03-29T19:26:53","guid":{"rendered":"https:\/\/luchonoticias.com\/?p=49372"},"modified":"2023-03-29T14:26:54","modified_gmt":"2023-03-29T19:26:54","slug":"petro-llamo-a-consultas-a-la-delegacion-del-gobierno-en-la-mesa-del-eln-paises-garantes-y-acompanantes","status":"publish","type":"post","link":"https:\/\/luchonoticias.com\/editor\/petro-llamo-a-consultas-a-la-delegacion-del-gobierno-en-la-mesa-del-eln-paises-garantes-y-acompanantes\/","title":{"rendered":"Petro llam\u00f3 a consultas a la delegaci\u00f3n del Gobierno en la mesa del ELN, pa\u00edses garantes y acompa\u00f1antes"},"content":{"rendered":"\n<p>\u201cHe convocado a consulta a la delegaci\u00f3n del gobierno en la mesa del Eln, pa\u00edses garantes y acompa\u00f1antes. Un proceso de paz debe ser serio y responsable con la sociedad colombiana\u201d.<\/p>\n\n\n\n<p>As\u00ed lo anunci\u00f3 este mi\u00e9rcoles el Presidente, Gustavo Petro, a trav\u00e9s de su cuenta de Twitter, a ra\u00edz del ataque al pelot\u00f3n del Ej\u00e9rcito en el Catatumbo que deja como saldo la muerte de 9 uniformados, que fue repudiada por el Mandatario en la misma red social.<\/p>\n\n\n\n<p>\u201cRepudio total al ataque al pelot\u00f3n del Ej\u00e9rcito en el Catatumbo, 7 soldados que prestaban su servicio militar y 2 suboficiales, soldados de la Naci\u00f3n y del Gobierno del Cambio, asesinados por quienes hoy est\u00e1n absolutamente alejados de la paz y del pueblo\u201d, escribi\u00f3.<\/p>\n\n\n\n<p>El Jefe de Estado program\u00f3 la reuni\u00f3n para el pr\u00f3ximo lunes con la delegaci\u00f3n, los pa\u00edses garantes y acompa\u00f1antes, en la que se evaluar\u00e1n las decisiones que se tomar\u00e1n con respecto a los recientes hechos.<\/p>\n\n\n\n<p>Dijo adem\u00e1s\u200b que este llamado a consultas no implica un congelamiento de los di\u00e1logos, ni que haya una decisi\u00f3n de que el Gobierno se levante de la mesa.<\/p>\n","protected":false},"excerpt":{"rendered":"<p>\u201cHe convocado a consulta a la delegaci\u00f3n del gobierno en la mesa del Eln, pa\u00edses garantes y acompa\u00f1antes. Un proceso de paz debe ser serio y responsable con la sociedad colombiana\u201d. As\u00ed lo anunci\u00f3 este mi\u00e9rcoles el Presidente, Gustavo Petro, a trav\u00e9s de su cuenta de Twitter, a ra\u00edz del ataque al pelot\u00f3n del Ej\u00e9rcito [&hellip;]<\/p>\n","protected":false},"author":2,"featured_media":0,"comment_status":"open","ping_status":"open","sticky":false,"template":"","format":"standard","meta":{"footnotes":""},"categories":[36,32],"tags":[],"class_list":["post-49372","post","type-post","status-publish","format-standard","hentry","category-destacado","category-nacional"],"yoast_head":"<!-- This site is optimized with the Yoast SEO plugin v26.6 - https:\/\/yoast.com\/wordpress\/plugins\/seo\/ -->\n<title>Petro llam\u00f3 a consultas a la delegaci\u00f3n del Gobierno en la mesa del ELN, pa\u00edses garantes y acompa\u00f1antes -<\/title>\n<meta name=\"robots\" content=\"index, follow, max-snippet:-1, max-image-preview:large, max-video-preview:-1\" \/>\n<link rel=\"canonical\" href=\"https:\/\/luchonoticias.com\/editor\/petro-llamo-a-consultas-a-la-delegacion-del-gobierno-en-la-mesa-del-eln-paises-garantes-y-acompanantes\/\" \/>\n<meta property=\"og:locale\" content=\"es_ES\" \/>\n<meta property=\"og:type\" content=\"article\" \/>\n<meta property=\"og:title\" content=\"Petro llam\u00f3 a consultas a la delegaci\u00f3n del Gobierno en la mesa del ELN, pa\u00edses garantes y acompa\u00f1antes -\" \/>\n<meta property=\"og:url\" content=\"https:\/\/luchonoticias.com\/editor\/petro-llamo-a-consultas-a-la-delegacion-del-gobierno-en-la-mesa-del-eln-paises-garantes-y-acompanantes\/\" \/>\n<meta property=\"article:publisher\" content=\"https:\/\/www.facebook.com\/luchonoticiasneiva\" \/>\n<meta property=\"article:published_time\" content=\"2023-03-29T19:26:53+00:00\" \/>\n<meta property=\"article:modified_time\" content=\"2023-03-29T19:26:54+00:00\" \/>\n<meta name=\"author\" content=\"Editor General\" \/>\n<meta name=\"twitter:card\" content=\"summary_large_image\" \/>\n<meta name=\"twitter:label1\" content=\"Escrito por\" \/>\n\t<meta name=\"twitter:data1\" content=\"Editor General\" \/>\n\t<meta name=\"twitter:label2\" content=\"Tiempo de lectura\" \/>\n\t<meta name=\"twitter:data2\" content=\"1 minuto\" \/>\n<script type=\"application\/ld+json\" class=\"yoast-schema-graph\">{\"@context\":\"https:\/\/schema.org\",\"@graph\":[{\"@type\":\"Article\",\"@id\":\"https:\/\/luchonoticias.com\/editor\/petro-llamo-a-consultas-a-la-delegacion-del-gobierno-en-la-mesa-del-eln-paises-garantes-y-acompanantes\/#article\",\"isPartOf\":{\"@id\":\"https:\/\/luchonoticias.com\/editor\/petro-llamo-a-consultas-a-la-delegacion-del-gobierno-en-la-mesa-del-eln-paises-garantes-y-acompanantes\/\"},\"author\":{\"name\":\"Editor General\",\"@id\":\"https:\/\/luchonoticias.com\/editor\/#\/schema\/person\/29217990ddf6f14e35912b2866d591fb\"},\"headline\":\"Petro llam\u00f3 a consultas a la delegaci\u00f3n del Gobierno en la mesa del ELN, pa\u00edses garantes y acompa\u00f1antes\",\"datePublished\":\"2023-03-29T19:26:53+00:00\",\"dateModified\":\"2023-03-29T19:26:54+00:00\",\"mainEntityOfPage\":{\"@id\":\"https:\/\/luchonoticias.com\/editor\/petro-llamo-a-consultas-a-la-delegacion-del-gobierno-en-la-mesa-del-eln-paises-garantes-y-acompanantes\/\"},\"wordCount\":225,\"commentCount\":0,\"publisher\":{\"@id\":\"https:\/\/luchonoticias.com\/editor\/#\/schema\/person\/7a7fd911f58561fd056dbac7b55af9cd\"},\"articleSection\":[\"Destacado\",\"Nacional\"],\"inLanguage\":\"es\",\"potentialAction\":[{\"@type\":\"CommentAction\",\"name\":\"Comment\",\"target\":[\"https:\/\/luchonoticias.com\/editor\/petro-llamo-a-consultas-a-la-delegacion-del-gobierno-en-la-mesa-del-eln-paises-garantes-y-acompanantes\/#respond\"]}]},{\"@type\":\"WebPage\",\"@id\":\"https:\/\/luchonoticias.com\/editor\/petro-llamo-a-consultas-a-la-delegacion-del-gobierno-en-la-mesa-del-eln-paises-garantes-y-acompanantes\/\",\"url\":\"https:\/\/luchonoticias.com\/editor\/petro-llamo-a-consultas-a-la-delegacion-del-gobierno-en-la-mesa-del-eln-paises-garantes-y-acompanantes\/\",\"name\":\"Petro llam\u00f3 a consultas a la delegaci\u00f3n del Gobierno en la mesa del ELN, pa\u00edses garantes y acompa\u00f1antes -\",\"isPartOf\":{\"@id\":\"https:\/\/luchonoticias.com\/editor\/#website\"},\"datePublished\":\"2023-03-29T19:26:53+00:00\",\"dateModified\":\"2023-03-29T19:26:54+00:00\",\"breadcrumb\":{\"@id\":\"https:\/\/luchonoticias.com\/editor\/petro-llamo-a-consultas-a-la-delegacion-del-gobierno-en-la-mesa-del-eln-paises-garantes-y-acompanantes\/#breadcrumb\"},\"inLanguage\":\"es\",\"potentialAction\":[{\"@type\":\"ReadAction\",\"target\":[\"https:\/\/luchonoticias.com\/editor\/petro-llamo-a-consultas-a-la-delegacion-del-gobierno-en-la-mesa-del-eln-paises-garantes-y-acompanantes\/\"]}]},{\"@type\":\"BreadcrumbList\",\"@id\":\"https:\/\/luchonoticias.com\/editor\/petro-llamo-a-consultas-a-la-delegacion-del-gobierno-en-la-mesa-del-eln-paises-garantes-y-acompanantes\/#breadcrumb\",\"itemListElement\":[{\"@type\":\"ListItem\",\"position\":1,\"name\":\"Portada\",\"item\":\"https:\/\/luchonoticias.com\/editor\/\"},{\"@type\":\"ListItem\",\"position\":2,\"name\":\"Petro llam\u00f3 a consultas a la delegaci\u00f3n del Gobierno en la mesa del ELN, pa\u00edses garantes y acompa\u00f1antes\"}]},{\"@type\":\"WebSite\",\"@id\":\"https:\/\/luchonoticias.com\/editor\/#website\",\"url\":\"https:\/\/luchonoticias.com\/editor\/\",\"name\":\"\",\"description\":\"\",\"publisher\":{\"@id\":\"https:\/\/luchonoticias.com\/editor\/#\/schema\/person\/7a7fd911f58561fd056dbac7b55af9cd\"},\"potentialAction\":[{\"@type\":\"SearchAction\",\"target\":{\"@type\":\"EntryPoint\",\"urlTemplate\":\"https:\/\/luchonoticias.com\/editor\/?s={search_term_string}\"},\"query-input\":{\"@type\":\"PropertyValueSpecification\",\"valueRequired\":true,\"valueName\":\"search_term_string\"}}],\"inLanguage\":\"es\"},{\"@type\":[\"Person\",\"Organization\"],\"@id\":\"https:\/\/luchonoticias.com\/editor\/#\/schema\/person\/7a7fd911f58561fd056dbac7b55af9cd\",\"name\":\"admin\",\"image\":{\"@type\":\"ImageObject\",\"inLanguage\":\"es\",\"@id\":\"https:\/\/luchonoticias.com\/editor\/#\/schema\/person\/image\/\",\"url\":\"https:\/\/luchonoticias.com\/editor\/wp-content\/uploads\/2024\/02\/cropped-cropped-logolu.webp\",\"contentUrl\":\"https:\/\/luchonoticias.com\/editor\/wp-content\/uploads\/2024\/02\/cropped-cropped-logolu.webp\",\"width\":382,\"height\":170,\"caption\":\"admin\"},\"logo\":{\"@id\":\"https:\/\/luchonoticias.com\/editor\/#\/schema\/person\/image\/\"},\"sameAs\":[\"https:\/\/www.facebook.com\/luchonoticiasneiva\"]},{\"@type\":\"Person\",\"@id\":\"https:\/\/luchonoticias.com\/editor\/#\/schema\/person\/29217990ddf6f14e35912b2866d591fb\",\"name\":\"Editor General\",\"image\":{\"@type\":\"ImageObject\",\"inLanguage\":\"es\",\"@id\":\"https:\/\/luchonoticias.com\/editor\/#\/schema\/person\/image\/\",\"url\":\"https:\/\/luchonoticias.com\/editor\/wp-content\/uploads\/2024\/02\/cropped-cropped-logolu-150x150.webp\",\"contentUrl\":\"https:\/\/luchonoticias.com\/editor\/wp-content\/uploads\/2024\/02\/cropped-cropped-logolu-150x150.webp\",\"caption\":\"Editor General\"},\"sameAs\":[\"https:\/\/luchonoticias.com\/\"],\"url\":\"https:\/\/luchonoticias.com\/editor\/author\/editor-general\/\"}]}<\/script>\n<!-- \/ Yoast SEO plugin. -->","yoast_head_json":{"title":"Petro llam\u00f3 a consultas a la delegaci\u00f3n del Gobierno en la mesa del ELN, pa\u00edses garantes y acompa\u00f1antes -","robots":{"index":"index","follow":"follow","max-snippet":"max-snippet:-1","max-image-preview":"max-image-preview:large","max-video-preview":"max-video-preview:-1"},"canonical":"https:\/\/luchonoticias.com\/editor\/petro-llamo-a-consultas-a-la-delegacion-del-gobierno-en-la-mesa-del-eln-paises-garantes-y-acompanantes\/","og_locale":"es_ES","og_type":"article","og_title":"Petro llam\u00f3 a consultas a la delegaci\u00f3n del Gobierno en la mesa del ELN, pa\u00edses garantes y acompa\u00f1antes -","og_url":"https:\/\/luchonoticias.com\/editor\/petro-llamo-a-consultas-a-la-delegacion-del-gobierno-en-la-mesa-del-eln-paises-garantes-y-acompanantes\/","article_publisher":"https:\/\/www.facebook.com\/luchonoticiasneiva","article_published_time":"2023-03-29T19:26:53+00:00","article_modified_time":"2023-03-29T19:26:54+00:00","author":"Editor General","twitter_card":"summary_large_image","twitter_misc":{"Escrito por":"Editor General","Tiempo de lectura":"1 minuto"},"schema":{"@context":"https:\/\/schema.org","@graph":[{"@type":"Article","@id":"https:\/\/luchonoticias.com\/editor\/petro-llamo-a-consultas-a-la-delegacion-del-gobierno-en-la-mesa-del-eln-paises-garantes-y-acompanantes\/#article","isPartOf":{"@id":"https:\/\/luchonoticias.com\/editor\/petro-llamo-a-consultas-a-la-delegacion-del-gobierno-en-la-mesa-del-eln-paises-garantes-y-acompanantes\/"},"author":{"name":"Editor General","@id":"https:\/\/luchonoticias.com\/editor\/#\/schema\/person\/29217990ddf6f14e35912b2866d591fb"},"headline":"Petro llam\u00f3 a consultas a la delegaci\u00f3n del Gobierno en la mesa del ELN, pa\u00edses garantes y acompa\u00f1antes","datePublished":"2023-03-29T19:26:53+00:00","dateModified":"2023-03-29T19:26:54+00:00","mainEntityOfPage":{"@id":"https:\/\/luchonoticias.com\/editor\/petro-llamo-a-consultas-a-la-delegacion-del-gobierno-en-la-mesa-del-eln-paises-garantes-y-acompanantes\/"},"wordCount":225,"commentCount":0,"publisher":{"@id":"https:\/\/luchonoticias.com\/editor\/#\/schema\/person\/7a7fd911f58561fd056dbac7b55af9cd"},"articleSection":["Destacado","Nacional"],"inLanguage":"es","potentialAction":[{"@type":"CommentAction","name":"Comment","target":["https:\/\/luchonoticias.com\/editor\/petro-llamo-a-consultas-a-la-delegacion-del-gobierno-en-la-mesa-del-eln-paises-garantes-y-acompanantes\/#respond"]}]},{"@type":"WebPage","@id":"https:\/\/luchonoticias.com\/editor\/petro-llamo-a-consultas-a-la-delegacion-del-gobierno-en-la-mesa-del-eln-paises-garantes-y-acompanantes\/","url":"https:\/\/luchonoticias.com\/editor\/petro-llamo-a-consultas-a-la-delegacion-del-gobierno-en-la-mesa-del-eln-paises-garantes-y-acompanantes\/","name":"Petro llam\u00f3 a consultas a la delegaci\u00f3n del Gobierno en la mesa del ELN, pa\u00edses garantes y acompa\u00f1antes -","isPartOf":{"@id":"https:\/\/luchonoticias.com\/editor\/#website"},"datePublished":"2023-03-29T19:26:53+00:00","dateModified":"2023-03-29T19:26:54+00:00","breadcrumb":{"@id":"https:\/\/luchonoticias.com\/editor\/petro-llamo-a-consultas-a-la-delegacion-del-gobierno-en-la-mesa-del-eln-paises-garantes-y-acompanantes\/#breadcrumb"},"inLanguage":"es","potentialAction":[{"@type":"ReadAction","target":["https:\/\/luchonoticias.com\/editor\/petro-llamo-a-consultas-a-la-delegacion-del-gobierno-en-la-mesa-del-eln-paises-garantes-y-acompanantes\/"]}]},{"@type":"BreadcrumbList","@id":"https:\/\/luchonoticias.com\/editor\/petro-llamo-a-consultas-a-la-delegacion-del-gobierno-en-la-mesa-del-eln-paises-garantes-y-acompanantes\/#breadcrumb","itemListElement":[{"@type":"ListItem","position":1,"name":"Portada","item":"https:\/\/luchonoticias.com\/editor\/"},{"@type":"ListItem","position":2,"name":"Petro llam\u00f3 a consultas a la delegaci\u00f3n del Gobierno en la mesa del ELN, pa\u00edses garantes y acompa\u00f1antes"}]},{"@type":"WebSite","@id":"https:\/\/luchonoticias.com\/editor\/#website","url":"https:\/\/luchonoticias.com\/editor\/","name":"","description":"","publisher":{"@id":"https:\/\/luchonoticias.com\/editor\/#\/schema\/person\/7a7fd911f58561fd056dbac7b55af9cd"},"potentialAction":[{"@type":"SearchAction","target":{"@type":"EntryPoint","urlTemplate":"https:\/\/luchonoticias.com\/editor\/?s={search_term_string}"},"query-input":{"@type":"PropertyValueSpecification","valueRequired":true,"valueName":"search_term_string"}}],"inLanguage":"es"},{"@type":["Person","Organization"],"@id":"https:\/\/luchonoticias.com\/editor\/#\/schema\/person\/7a7fd911f58561fd056dbac7b55af9cd","name":"admin","image":{"@type":"ImageObject","inLanguage":"es","@id":"https:\/\/luchonoticias.com\/editor\/#\/schema\/person\/image\/","url":"https:\/\/luchonoticias.com\/editor\/wp-content\/uploads\/2024\/02\/cropped-cropped-logolu.webp","contentUrl":"https:\/\/luchonoticias.com\/editor\/wp-content\/uploads\/2024\/02\/cropped-cropped-logolu.webp","width":382,"height":170,"caption":"admin"},"logo":{"@id":"https:\/\/luchonoticias.com\/editor\/#\/schema\/person\/image\/"},"sameAs":["https:\/\/www.facebook.com\/luchonoticiasneiva"]},{"@type":"Person","@id":"https:\/\/luchonoticias.com\/editor\/#\/schema\/person\/29217990ddf6f14e35912b2866d591fb","name":"Editor General","image":{"@type":"ImageObject","inLanguage":"es","@id":"https:\/\/luchonoticias.com\/editor\/#\/schema\/person\/image\/","url":"https:\/\/luchonoticias.com\/editor\/wp-content\/uploads\/2024\/02\/cropped-cropped-logolu-150x150.webp","contentUrl":"https:\/\/luchonoticias.com\/editor\/wp-content\/uploads\/2024\/02\/cropped-cropped-logolu-150x150.webp","caption":"Editor General"},"sameAs":["https:\/\/luchonoticias.com\/"],"url":"https:\/\/luchonoticias.com\/editor\/author\/editor-general\/"}]}},"_links":{"self":[{"href":"https:\/\/luchonoticias.com\/editor\/wp-json\/wp\/v2\/posts\/49372","targetHints":{"allow":["GET"]}}],"collection":[{"href":"https:\/\/luchonoticias.com\/editor\/wp-json\/wp\/v2\/posts"}],"about":[{"href":"https:\/\/luchonoticias.com\/editor\/wp-json\/wp\/v2\/types\/post"}],"author":[{"embeddable":true,"href":"https:\/\/luchonoticias.com\/editor\/wp-json\/wp\/v2\/users\/2"}],"replies":[{"embeddable":true,"href":"https:\/\/luchonoticias.com\/editor\/wp-json\/wp\/v2\/comments?post=49372"}],"version-history":[{"count":0,"href":"https:\/\/luchonoticias.com\/editor\/wp-json\/wp\/v2\/posts\/49372\/revisions"}],"wp:attachment":[{"href":"https:\/\/luchonoticias.com\/editor\/wp-json\/wp\/v2\/media?parent=49372"}],"wp:term":[{"taxonomy":"category","embeddable":true,"href":"https:\/\/luchonoticias.com\/editor\/wp-json\/wp\/v2\/categories?post=49372"},{"taxonomy":"post_tag","embeddable":true,"href":"https:\/\/luchonoticias.com\/editor\/wp-json\/wp\/v2\/tags?post=49372"}],"curies":[{"name":"wp","href":"https:\/\/api.w.org\/{rel}","templated":true}]}}