{"id":49375,"date":"2023-03-29T15:26:15","date_gmt":"2023-03-29T20:26:15","guid":{"rendered":"https:\/\/luchonoticias.com\/?p=49375"},"modified":"2023-03-29T15:26:17","modified_gmt":"2023-03-29T20:26:17","slug":"papa-francisco-fue-internado-al-hospital-policlinico-gemelli-de-roma","status":"publish","type":"post","link":"https:\/\/luchonoticias.com\/editor\/papa-francisco-fue-internado-al-hospital-policlinico-gemelli-de-roma\/","title":{"rendered":"Papa Francisco fue internado al hospital Policl\u00ednico Gemelli de Roma"},"content":{"rendered":"\n<p>En la tarde de este mi\u00e9rcoles, el papa Francisco acudi\u00f3 al Policl\u00ednico Gemelli, hospital que ha recibido hist\u00f3ricamente a los papas, para someterse a \u201calgunos controles programados con anterioridad\u201d.<\/p>\n\n\n\n<p>Como de costumbre, Francisco celebr\u00f3 la Audiencia General desde la Plaza de San Pedro y, a pesar de haberla conducido en su totalidad, algunos se percataron de ciertas dificultades respiratorias mientras se dirig\u00eda a los fieles, como la falta de aire entre algunas de las oraciones.<\/p>\n\n\n\n<p>Seg\u00fan el diario Corriere della Sera, el Papa habr\u00eda comenzado a sentir dolor en el pecho y problemas respiratorios inmediatamente despu\u00e9s de la audiencia general celebrada en la plaza de San Pedro, y cuando ya se encontraba en su residencia en Casa Santa Marta se le aconsej\u00f3 que acudiera al servicio de cardiolog\u00eda del hospital romano para hacerse unos controles.<\/p>\n\n\n\n<p>De momento, el sumo pont\u00edfice se encuentra ingresado en el Agostino Gemelli de Roma.<\/p>\n","protected":false},"excerpt":{"rendered":"<p>En la tarde de este mi\u00e9rcoles, el papa Francisco acudi\u00f3 al Policl\u00ednico Gemelli, hospital que ha recibido hist\u00f3ricamente a los papas, para someterse a \u201calgunos controles programados con anterioridad\u201d. Como de costumbre, Francisco celebr\u00f3 la Audiencia General desde la Plaza de San Pedro y, a pesar de haberla conducido en su totalidad, algunos se percataron [&hellip;]<\/p>\n","protected":false},"author":2,"featured_media":0,"comment_status":"open","ping_status":"open","sticky":false,"template":"","format":"standard","meta":{"footnotes":""},"categories":[28,36],"tags":[],"class_list":["post-49375","post","type-post","status-publish","format-standard","hentry","category-actualidad","category-destacado"],"yoast_head":"<!-- This site is optimized with the Yoast SEO plugin v26.6 - https:\/\/yoast.com\/wordpress\/plugins\/seo\/ -->\n<title>Papa Francisco fue internado al hospital Policl\u00ednico Gemelli de Roma -<\/title>\n<meta name=\"robots\" content=\"index, follow, max-snippet:-1, max-image-preview:large, max-video-preview:-1\" \/>\n<link rel=\"canonical\" href=\"https:\/\/luchonoticias.com\/editor\/papa-francisco-fue-internado-al-hospital-policlinico-gemelli-de-roma\/\" \/>\n<meta property=\"og:locale\" content=\"es_ES\" \/>\n<meta property=\"og:type\" content=\"article\" \/>\n<meta property=\"og:title\" content=\"Papa Francisco fue internado al hospital Policl\u00ednico Gemelli de Roma -\" \/>\n<meta property=\"og:url\" content=\"https:\/\/luchonoticias.com\/editor\/papa-francisco-fue-internado-al-hospital-policlinico-gemelli-de-roma\/\" \/>\n<meta property=\"article:publisher\" content=\"https:\/\/www.facebook.com\/luchonoticiasneiva\" \/>\n<meta property=\"article:published_time\" content=\"2023-03-29T20:26:15+00:00\" \/>\n<meta property=\"article:modified_time\" content=\"2023-03-29T20:26:17+00:00\" \/>\n<meta name=\"author\" content=\"Editor General\" \/>\n<meta name=\"twitter:card\" content=\"summary_large_image\" \/>\n<meta name=\"twitter:label1\" content=\"Escrito por\" \/>\n\t<meta name=\"twitter:data1\" content=\"Editor General\" \/>\n\t<meta name=\"twitter:label2\" content=\"Tiempo de lectura\" \/>\n\t<meta name=\"twitter:data2\" content=\"1 minuto\" \/>\n<script type=\"application\/ld+json\" class=\"yoast-schema-graph\">{\"@context\":\"https:\/\/schema.org\",\"@graph\":[{\"@type\":\"Article\",\"@id\":\"https:\/\/luchonoticias.com\/editor\/papa-francisco-fue-internado-al-hospital-policlinico-gemelli-de-roma\/#article\",\"isPartOf\":{\"@id\":\"https:\/\/luchonoticias.com\/editor\/papa-francisco-fue-internado-al-hospital-policlinico-gemelli-de-roma\/\"},\"author\":{\"name\":\"Editor General\",\"@id\":\"https:\/\/luchonoticias.com\/editor\/#\/schema\/person\/29217990ddf6f14e35912b2866d591fb\"},\"headline\":\"Papa Francisco fue internado al hospital Policl\u00ednico Gemelli de Roma\",\"datePublished\":\"2023-03-29T20:26:15+00:00\",\"dateModified\":\"2023-03-29T20:26:17+00:00\",\"mainEntityOfPage\":{\"@id\":\"https:\/\/luchonoticias.com\/editor\/papa-francisco-fue-internado-al-hospital-policlinico-gemelli-de-roma\/\"},\"wordCount\":169,\"commentCount\":0,\"publisher\":{\"@id\":\"https:\/\/luchonoticias.com\/editor\/#\/schema\/person\/7a7fd911f58561fd056dbac7b55af9cd\"},\"articleSection\":[\"Actualidad\",\"Destacado\"],\"inLanguage\":\"es\",\"potentialAction\":[{\"@type\":\"CommentAction\",\"name\":\"Comment\",\"target\":[\"https:\/\/luchonoticias.com\/editor\/papa-francisco-fue-internado-al-hospital-policlinico-gemelli-de-roma\/#respond\"]}]},{\"@type\":\"WebPage\",\"@id\":\"https:\/\/luchonoticias.com\/editor\/papa-francisco-fue-internado-al-hospital-policlinico-gemelli-de-roma\/\",\"url\":\"https:\/\/luchonoticias.com\/editor\/papa-francisco-fue-internado-al-hospital-policlinico-gemelli-de-roma\/\",\"name\":\"Papa Francisco fue internado al hospital Policl\u00ednico Gemelli de Roma -\",\"isPartOf\":{\"@id\":\"https:\/\/luchonoticias.com\/editor\/#website\"},\"datePublished\":\"2023-03-29T20:26:15+00:00\",\"dateModified\":\"2023-03-29T20:26:17+00:00\",\"breadcrumb\":{\"@id\":\"https:\/\/luchonoticias.com\/editor\/papa-francisco-fue-internado-al-hospital-policlinico-gemelli-de-roma\/#breadcrumb\"},\"inLanguage\":\"es\",\"potentialAction\":[{\"@type\":\"ReadAction\",\"target\":[\"https:\/\/luchonoticias.com\/editor\/papa-francisco-fue-internado-al-hospital-policlinico-gemelli-de-roma\/\"]}]},{\"@type\":\"BreadcrumbList\",\"@id\":\"https:\/\/luchonoticias.com\/editor\/papa-francisco-fue-internado-al-hospital-policlinico-gemelli-de-roma\/#breadcrumb\",\"itemListElement\":[{\"@type\":\"ListItem\",\"position\":1,\"name\":\"Portada\",\"item\":\"https:\/\/luchonoticias.com\/editor\/\"},{\"@type\":\"ListItem\",\"position\":2,\"name\":\"Papa Francisco fue internado al hospital Policl\u00ednico Gemelli de Roma\"}]},{\"@type\":\"WebSite\",\"@id\":\"https:\/\/luchonoticias.com\/editor\/#website\",\"url\":\"https:\/\/luchonoticias.com\/editor\/\",\"name\":\"\",\"description\":\"\",\"publisher\":{\"@id\":\"https:\/\/luchonoticias.com\/editor\/#\/schema\/person\/7a7fd911f58561fd056dbac7b55af9cd\"},\"potentialAction\":[{\"@type\":\"SearchAction\",\"target\":{\"@type\":\"EntryPoint\",\"urlTemplate\":\"https:\/\/luchonoticias.com\/editor\/?s={search_term_string}\"},\"query-input\":{\"@type\":\"PropertyValueSpecification\",\"valueRequired\":true,\"valueName\":\"search_term_string\"}}],\"inLanguage\":\"es\"},{\"@type\":[\"Person\",\"Organization\"],\"@id\":\"https:\/\/luchonoticias.com\/editor\/#\/schema\/person\/7a7fd911f58561fd056dbac7b55af9cd\",\"name\":\"admin\",\"image\":{\"@type\":\"ImageObject\",\"inLanguage\":\"es\",\"@id\":\"https:\/\/luchonoticias.com\/editor\/#\/schema\/person\/image\/\",\"url\":\"https:\/\/luchonoticias.com\/editor\/wp-content\/uploads\/2024\/02\/cropped-cropped-logolu.webp\",\"contentUrl\":\"https:\/\/luchonoticias.com\/editor\/wp-content\/uploads\/2024\/02\/cropped-cropped-logolu.webp\",\"width\":382,\"height\":170,\"caption\":\"admin\"},\"logo\":{\"@id\":\"https:\/\/luchonoticias.com\/editor\/#\/schema\/person\/image\/\"},\"sameAs\":[\"https:\/\/www.facebook.com\/luchonoticiasneiva\"]},{\"@type\":\"Person\",\"@id\":\"https:\/\/luchonoticias.com\/editor\/#\/schema\/person\/29217990ddf6f14e35912b2866d591fb\",\"name\":\"Editor General\",\"image\":{\"@type\":\"ImageObject\",\"inLanguage\":\"es\",\"@id\":\"https:\/\/luchonoticias.com\/editor\/#\/schema\/person\/image\/\",\"url\":\"https:\/\/luchonoticias.com\/editor\/wp-content\/uploads\/2024\/02\/cropped-cropped-logolu-150x150.webp\",\"contentUrl\":\"https:\/\/luchonoticias.com\/editor\/wp-content\/uploads\/2024\/02\/cropped-cropped-logolu-150x150.webp\",\"caption\":\"Editor General\"},\"sameAs\":[\"https:\/\/luchonoticias.com\/\"],\"url\":\"https:\/\/luchonoticias.com\/editor\/author\/editor-general\/\"}]}<\/script>\n<!-- \/ Yoast SEO plugin. -->","yoast_head_json":{"title":"Papa Francisco fue internado al hospital Policl\u00ednico Gemelli de Roma -","robots":{"index":"index","follow":"follow","max-snippet":"max-snippet:-1","max-image-preview":"max-image-preview:large","max-video-preview":"max-video-preview:-1"},"canonical":"https:\/\/luchonoticias.com\/editor\/papa-francisco-fue-internado-al-hospital-policlinico-gemelli-de-roma\/","og_locale":"es_ES","og_type":"article","og_title":"Papa Francisco fue internado al hospital Policl\u00ednico Gemelli de Roma -","og_url":"https:\/\/luchonoticias.com\/editor\/papa-francisco-fue-internado-al-hospital-policlinico-gemelli-de-roma\/","article_publisher":"https:\/\/www.facebook.com\/luchonoticiasneiva","article_published_time":"2023-03-29T20:26:15+00:00","article_modified_time":"2023-03-29T20:26:17+00:00","author":"Editor General","twitter_card":"summary_large_image","twitter_misc":{"Escrito por":"Editor General","Tiempo de lectura":"1 minuto"},"schema":{"@context":"https:\/\/schema.org","@graph":[{"@type":"Article","@id":"https:\/\/luchonoticias.com\/editor\/papa-francisco-fue-internado-al-hospital-policlinico-gemelli-de-roma\/#article","isPartOf":{"@id":"https:\/\/luchonoticias.com\/editor\/papa-francisco-fue-internado-al-hospital-policlinico-gemelli-de-roma\/"},"author":{"name":"Editor General","@id":"https:\/\/luchonoticias.com\/editor\/#\/schema\/person\/29217990ddf6f14e35912b2866d591fb"},"headline":"Papa Francisco fue internado al hospital Policl\u00ednico Gemelli de Roma","datePublished":"2023-03-29T20:26:15+00:00","dateModified":"2023-03-29T20:26:17+00:00","mainEntityOfPage":{"@id":"https:\/\/luchonoticias.com\/editor\/papa-francisco-fue-internado-al-hospital-policlinico-gemelli-de-roma\/"},"wordCount":169,"commentCount":0,"publisher":{"@id":"https:\/\/luchonoticias.com\/editor\/#\/schema\/person\/7a7fd911f58561fd056dbac7b55af9cd"},"articleSection":["Actualidad","Destacado"],"inLanguage":"es","potentialAction":[{"@type":"CommentAction","name":"Comment","target":["https:\/\/luchonoticias.com\/editor\/papa-francisco-fue-internado-al-hospital-policlinico-gemelli-de-roma\/#respond"]}]},{"@type":"WebPage","@id":"https:\/\/luchonoticias.com\/editor\/papa-francisco-fue-internado-al-hospital-policlinico-gemelli-de-roma\/","url":"https:\/\/luchonoticias.com\/editor\/papa-francisco-fue-internado-al-hospital-policlinico-gemelli-de-roma\/","name":"Papa Francisco fue internado al hospital Policl\u00ednico Gemelli de Roma -","isPartOf":{"@id":"https:\/\/luchonoticias.com\/editor\/#website"},"datePublished":"2023-03-29T20:26:15+00:00","dateModified":"2023-03-29T20:26:17+00:00","breadcrumb":{"@id":"https:\/\/luchonoticias.com\/editor\/papa-francisco-fue-internado-al-hospital-policlinico-gemelli-de-roma\/#breadcrumb"},"inLanguage":"es","potentialAction":[{"@type":"ReadAction","target":["https:\/\/luchonoticias.com\/editor\/papa-francisco-fue-internado-al-hospital-policlinico-gemelli-de-roma\/"]}]},{"@type":"BreadcrumbList","@id":"https:\/\/luchonoticias.com\/editor\/papa-francisco-fue-internado-al-hospital-policlinico-gemelli-de-roma\/#breadcrumb","itemListElement":[{"@type":"ListItem","position":1,"name":"Portada","item":"https:\/\/luchonoticias.com\/editor\/"},{"@type":"ListItem","position":2,"name":"Papa Francisco fue internado al hospital Policl\u00ednico Gemelli de Roma"}]},{"@type":"WebSite","@id":"https:\/\/luchonoticias.com\/editor\/#website","url":"https:\/\/luchonoticias.com\/editor\/","name":"","description":"","publisher":{"@id":"https:\/\/luchonoticias.com\/editor\/#\/schema\/person\/7a7fd911f58561fd056dbac7b55af9cd"},"potentialAction":[{"@type":"SearchAction","target":{"@type":"EntryPoint","urlTemplate":"https:\/\/luchonoticias.com\/editor\/?s={search_term_string}"},"query-input":{"@type":"PropertyValueSpecification","valueRequired":true,"valueName":"search_term_string"}}],"inLanguage":"es"},{"@type":["Person","Organization"],"@id":"https:\/\/luchonoticias.com\/editor\/#\/schema\/person\/7a7fd911f58561fd056dbac7b55af9cd","name":"admin","image":{"@type":"ImageObject","inLanguage":"es","@id":"https:\/\/luchonoticias.com\/editor\/#\/schema\/person\/image\/","url":"https:\/\/luchonoticias.com\/editor\/wp-content\/uploads\/2024\/02\/cropped-cropped-logolu.webp","contentUrl":"https:\/\/luchonoticias.com\/editor\/wp-content\/uploads\/2024\/02\/cropped-cropped-logolu.webp","width":382,"height":170,"caption":"admin"},"logo":{"@id":"https:\/\/luchonoticias.com\/editor\/#\/schema\/person\/image\/"},"sameAs":["https:\/\/www.facebook.com\/luchonoticiasneiva"]},{"@type":"Person","@id":"https:\/\/luchonoticias.com\/editor\/#\/schema\/person\/29217990ddf6f14e35912b2866d591fb","name":"Editor General","image":{"@type":"ImageObject","inLanguage":"es","@id":"https:\/\/luchonoticias.com\/editor\/#\/schema\/person\/image\/","url":"https:\/\/luchonoticias.com\/editor\/wp-content\/uploads\/2024\/02\/cropped-cropped-logolu-150x150.webp","contentUrl":"https:\/\/luchonoticias.com\/editor\/wp-content\/uploads\/2024\/02\/cropped-cropped-logolu-150x150.webp","caption":"Editor General"},"sameAs":["https:\/\/luchonoticias.com\/"],"url":"https:\/\/luchonoticias.com\/editor\/author\/editor-general\/"}]}},"_links":{"self":[{"href":"https:\/\/luchonoticias.com\/editor\/wp-json\/wp\/v2\/posts\/49375","targetHints":{"allow":["GET"]}}],"collection":[{"href":"https:\/\/luchonoticias.com\/editor\/wp-json\/wp\/v2\/posts"}],"about":[{"href":"https:\/\/luchonoticias.com\/editor\/wp-json\/wp\/v2\/types\/post"}],"author":[{"embeddable":true,"href":"https:\/\/luchonoticias.com\/editor\/wp-json\/wp\/v2\/users\/2"}],"replies":[{"embeddable":true,"href":"https:\/\/luchonoticias.com\/editor\/wp-json\/wp\/v2\/comments?post=49375"}],"version-history":[{"count":0,"href":"https:\/\/luchonoticias.com\/editor\/wp-json\/wp\/v2\/posts\/49375\/revisions"}],"wp:attachment":[{"href":"https:\/\/luchonoticias.com\/editor\/wp-json\/wp\/v2\/media?parent=49375"}],"wp:term":[{"taxonomy":"category","embeddable":true,"href":"https:\/\/luchonoticias.com\/editor\/wp-json\/wp\/v2\/categories?post=49375"},{"taxonomy":"post_tag","embeddable":true,"href":"https:\/\/luchonoticias.com\/editor\/wp-json\/wp\/v2\/tags?post=49375"}],"curies":[{"name":"wp","href":"https:\/\/api.w.org\/{rel}","templated":true}]}}