{"id":49384,"date":"2023-03-29T15:34:50","date_gmt":"2023-03-29T20:34:50","guid":{"rendered":"https:\/\/luchonoticias.com\/?p=49384"},"modified":"2023-03-29T16:49:10","modified_gmt":"2023-03-29T21:49:10","slug":"un-importante-resultado-contra-el-hurto-logro-la-policia-metropolitana-y-la-fiscalia","status":"publish","type":"post","link":"https:\/\/luchonoticias.com\/editor\/un-importante-resultado-contra-el-hurto-logro-la-policia-metropolitana-y-la-fiscalia\/","title":{"rendered":"Un importante resultado contra el hurto, logr\u00f3 la Polic\u00eda Metropolitana y la Fiscal\u00eda"},"content":{"rendered":"\n<p>4 meses de investigaci\u00f3n, permitieron determinar la presunta responsabilidad de estas personas en el hurto de varias motocicletas<\/p>\n\n\n\n<p>Neiva. La Polic\u00eda Metropolitana de Neiva en un trabajo coordinado con la Fiscal\u00eda General de la Naci\u00f3n, llevan a cabo operaci\u00f3n de desarticulaci\u00f3n de una estructura delincuencial denominada \u201cLos del Vino\u201d.<\/p>\n\n\n\n<p>Es as\u00ed como la Seccional de Investigaci\u00f3n Criminal SIJIN en coordinaci\u00f3n con la Fiscal\u00eda, despu\u00e9s de un riguroso trabajo investigativo en el que se realizaron entrevistas, an\u00e1lisis de video y b\u00fasqueda selectiva en bases de datos, logra la captura de 3 personas por orden judicial, presuntamente vinculadas con el hurto de 5 motocicletas en la ciudad de Neiva, Palermo y Rivera, as\u00ed:<\/p>\n\n\n\n<p>1. Jhon Alexander Guarnizo Aroca, \u201cMango\u201d de 21 a\u00f1os, quien registra anotaciones judiciales por Hurto calificado y agravado.<\/p>\n\n\n\n<p>2. Eduard Alexander Falconeta Navas, \u201cVeneco\u201d de 23 a\u00f1os, quien igualmente registra anotaciones como indiciado por el Tr\u00e1fico, fabricaci\u00f3n o porte de estupefacientes y hurto calificado y agravado.<\/p>\n\n\n\n<p>3. Karen Liliana Carvajal Olaya, \u201cPikachu\u201d de 23 a\u00f1os, registra anotaciones por el delito de Hurto calificado y agravado.<\/p>\n\n\n\n<figure class=\"wp-block-gallery has-nested-images columns-default is-cropped wp-block-gallery-1 is-layout-flex wp-block-gallery-is-layout-flex\">\n<figure class=\"wp-block-image size-large\"><img decoding=\"async\" data-id=\"49386\" src=\"https:\/\/luchonoticias.com\/wp-content\/uploads\/2023\/03\/WhatsApp-Image-2023-03-29-at-3.06.23-PM.jpeg\" alt=\"\" class=\"wp-image-49386\"\/><\/figure>\n<\/figure>\n\n\n\n<p>Estos actores criminales, de acuerdo a la actividad investigativa, se dedicaban al hurto de motocicletas en la modalidad de atraco con arma de fuego y corto punzante en las comunas 1, 2, 6 y corregimiento Cagu\u00e1n de Neiva, la Ulloa de Rivera y el municipio de Palermo.<\/p>\n\n\n\n<p>De esta forma, el se\u00f1or Coronel Juan Pablo Ruiz Rodr\u00edguez, Comandante de la Polic\u00eda Metropolitana, aduce \u201c\u2026gracias a informaci\u00f3n de la ciudadan\u00eda, se logra de manera contundente realizar una afectaci\u00f3n a la cadena criminal del hurto a Motocicletas en el \u00e1rea metropolitana, permiti\u00e9ndonos como instituci\u00f3n dar una respuesta favorable a la petici\u00f3n de la comunidad que brinda informaci\u00f3n de inter\u00e9s para judicializar a estas personas que tanto da\u00f1o le hacen a la seguridad y la convivencia.\u201d<\/p>\n\n\n\n<p>Los capturados fueron dejados a disposici\u00f3n de un juez de control de garant\u00edas, donde despu\u00e9s de sustentada por la Fiscal\u00eda la imputaci\u00f3n de cargos por el punible de Hurto Calificado y Agravado, el togado determin\u00f3 cobijar a los dos masculinos con medida de aseguramiento en establecimiento carcelario y a la mujer casa por c\u00e1rcel.<\/p>\n\n\n\n<figure class=\"wp-block-video\"><video autoplay controls src=\"https:\/\/luchonoticias.com\/wp-content\/uploads\/2023\/03\/WhatsApp-Video-2023-03-29-at-3.08.00-PM.mp4\"><\/video><\/figure>\n\n\n\n<p>La polic\u00eda metropolitana de Neiva agradece la oportuna denuncia y la colaboraci\u00f3n de la ciudadan\u00eda, por lo cual los invita a confiar en su polic\u00eda, informando a la l\u00ednea 123 cualquier situaci\u00f3n que altere la sana convivencia y seguridad de su sector.<\/p>\n","protected":false},"excerpt":{"rendered":"<p>4 meses de investigaci\u00f3n, permitieron determinar la presunta responsabilidad de estas personas en el hurto de varias motocicletas Neiva. La Polic\u00eda Metropolitana de Neiva en un trabajo coordinado con la Fiscal\u00eda General de la Naci\u00f3n, llevan a cabo operaci\u00f3n de desarticulaci\u00f3n de una estructura delincuencial denominada \u201cLos del Vino\u201d. Es as\u00ed como la Seccional de [&hellip;]<\/p>\n","protected":false},"author":2,"featured_media":0,"comment_status":"open","ping_status":"open","sticky":false,"template":"","format":"standard","meta":{"footnotes":""},"categories":[36,29],"tags":[],"class_list":["post-49384","post","type-post","status-publish","format-standard","hentry","category-destacado","category-judicial"],"yoast_head":"<!-- This site is optimized with the Yoast SEO plugin v26.6 - https:\/\/yoast.com\/wordpress\/plugins\/seo\/ -->\n<title>Un importante resultado contra el hurto, logr\u00f3 la Polic\u00eda Metropolitana y la Fiscal\u00eda -<\/title>\n<meta name=\"robots\" content=\"index, follow, max-snippet:-1, max-image-preview:large, max-video-preview:-1\" \/>\n<link rel=\"canonical\" href=\"https:\/\/luchonoticias.com\/editor\/un-importante-resultado-contra-el-hurto-logro-la-policia-metropolitana-y-la-fiscalia\/\" \/>\n<meta property=\"og:locale\" content=\"es_ES\" \/>\n<meta property=\"og:type\" content=\"article\" \/>\n<meta property=\"og:title\" content=\"Un importante resultado contra el hurto, logr\u00f3 la Polic\u00eda Metropolitana y la Fiscal\u00eda -\" \/>\n<meta property=\"og:url\" content=\"https:\/\/luchonoticias.com\/editor\/un-importante-resultado-contra-el-hurto-logro-la-policia-metropolitana-y-la-fiscalia\/\" \/>\n<meta property=\"article:publisher\" content=\"https:\/\/www.facebook.com\/luchonoticiasneiva\" \/>\n<meta property=\"article:published_time\" content=\"2023-03-29T20:34:50+00:00\" \/>\n<meta property=\"article:modified_time\" content=\"2023-03-29T21:49:10+00:00\" \/>\n<meta property=\"og:image\" content=\"https:\/\/luchonoticias.com\/wp-content\/uploads\/2023\/03\/WhatsApp-Image-2023-03-29-at-3.06.23-PM.jpeg\" \/>\n<meta name=\"author\" content=\"Editor General\" \/>\n<meta name=\"twitter:card\" content=\"summary_large_image\" \/>\n<meta name=\"twitter:label1\" content=\"Escrito por\" \/>\n\t<meta name=\"twitter:data1\" content=\"Editor General\" \/>\n\t<meta name=\"twitter:label2\" content=\"Tiempo de lectura\" \/>\n\t<meta name=\"twitter:data2\" content=\"2 minutos\" \/>\n<script type=\"application\/ld+json\" class=\"yoast-schema-graph\">{\"@context\":\"https:\/\/schema.org\",\"@graph\":[{\"@type\":\"Article\",\"@id\":\"https:\/\/luchonoticias.com\/editor\/un-importante-resultado-contra-el-hurto-logro-la-policia-metropolitana-y-la-fiscalia\/#article\",\"isPartOf\":{\"@id\":\"https:\/\/luchonoticias.com\/editor\/un-importante-resultado-contra-el-hurto-logro-la-policia-metropolitana-y-la-fiscalia\/\"},\"author\":{\"name\":\"Editor General\",\"@id\":\"https:\/\/luchonoticias.com\/editor\/#\/schema\/person\/29217990ddf6f14e35912b2866d591fb\"},\"headline\":\"Un importante resultado contra el hurto, logr\u00f3 la Polic\u00eda Metropolitana y la Fiscal\u00eda\",\"datePublished\":\"2023-03-29T20:34:50+00:00\",\"dateModified\":\"2023-03-29T21:49:10+00:00\",\"mainEntityOfPage\":{\"@id\":\"https:\/\/luchonoticias.com\/editor\/un-importante-resultado-contra-el-hurto-logro-la-policia-metropolitana-y-la-fiscalia\/\"},\"wordCount\":439,\"commentCount\":0,\"publisher\":{\"@id\":\"https:\/\/luchonoticias.com\/editor\/#\/schema\/person\/7a7fd911f58561fd056dbac7b55af9cd\"},\"image\":{\"@id\":\"https:\/\/luchonoticias.com\/editor\/un-importante-resultado-contra-el-hurto-logro-la-policia-metropolitana-y-la-fiscalia\/#primaryimage\"},\"thumbnailUrl\":\"https:\/\/luchonoticias.com\/wp-content\/uploads\/2023\/03\/WhatsApp-Image-2023-03-29-at-3.06.23-PM.jpeg\",\"articleSection\":[\"Destacado\",\"Judicial\"],\"inLanguage\":\"es\",\"potentialAction\":[{\"@type\":\"CommentAction\",\"name\":\"Comment\",\"target\":[\"https:\/\/luchonoticias.com\/editor\/un-importante-resultado-contra-el-hurto-logro-la-policia-metropolitana-y-la-fiscalia\/#respond\"]}]},{\"@type\":\"WebPage\",\"@id\":\"https:\/\/luchonoticias.com\/editor\/un-importante-resultado-contra-el-hurto-logro-la-policia-metropolitana-y-la-fiscalia\/\",\"url\":\"https:\/\/luchonoticias.com\/editor\/un-importante-resultado-contra-el-hurto-logro-la-policia-metropolitana-y-la-fiscalia\/\",\"name\":\"Un importante resultado contra el hurto, logr\u00f3 la Polic\u00eda Metropolitana y la Fiscal\u00eda -\",\"isPartOf\":{\"@id\":\"https:\/\/luchonoticias.com\/editor\/#website\"},\"primaryImageOfPage\":{\"@id\":\"https:\/\/luchonoticias.com\/editor\/un-importante-resultado-contra-el-hurto-logro-la-policia-metropolitana-y-la-fiscalia\/#primaryimage\"},\"image\":{\"@id\":\"https:\/\/luchonoticias.com\/editor\/un-importante-resultado-contra-el-hurto-logro-la-policia-metropolitana-y-la-fiscalia\/#primaryimage\"},\"thumbnailUrl\":\"https:\/\/luchonoticias.com\/wp-content\/uploads\/2023\/03\/WhatsApp-Image-2023-03-29-at-3.06.23-PM.jpeg\",\"datePublished\":\"2023-03-29T20:34:50+00:00\",\"dateModified\":\"2023-03-29T21:49:10+00:00\",\"breadcrumb\":{\"@id\":\"https:\/\/luchonoticias.com\/editor\/un-importante-resultado-contra-el-hurto-logro-la-policia-metropolitana-y-la-fiscalia\/#breadcrumb\"},\"inLanguage\":\"es\",\"potentialAction\":[{\"@type\":\"ReadAction\",\"target\":[\"https:\/\/luchonoticias.com\/editor\/un-importante-resultado-contra-el-hurto-logro-la-policia-metropolitana-y-la-fiscalia\/\"]}]},{\"@type\":\"ImageObject\",\"inLanguage\":\"es\",\"@id\":\"https:\/\/luchonoticias.com\/editor\/un-importante-resultado-contra-el-hurto-logro-la-policia-metropolitana-y-la-fiscalia\/#primaryimage\",\"url\":\"https:\/\/luchonoticias.com\/wp-content\/uploads\/2023\/03\/WhatsApp-Image-2023-03-29-at-3.06.23-PM.jpeg\",\"contentUrl\":\"https:\/\/luchonoticias.com\/wp-content\/uploads\/2023\/03\/WhatsApp-Image-2023-03-29-at-3.06.23-PM.jpeg\"},{\"@type\":\"BreadcrumbList\",\"@id\":\"https:\/\/luchonoticias.com\/editor\/un-importante-resultado-contra-el-hurto-logro-la-policia-metropolitana-y-la-fiscalia\/#breadcrumb\",\"itemListElement\":[{\"@type\":\"ListItem\",\"position\":1,\"name\":\"Portada\",\"item\":\"https:\/\/luchonoticias.com\/editor\/\"},{\"@type\":\"ListItem\",\"position\":2,\"name\":\"Un importante resultado contra el hurto, logr\u00f3 la Polic\u00eda Metropolitana y la Fiscal\u00eda\"}]},{\"@type\":\"WebSite\",\"@id\":\"https:\/\/luchonoticias.com\/editor\/#website\",\"url\":\"https:\/\/luchonoticias.com\/editor\/\",\"name\":\"\",\"description\":\"\",\"publisher\":{\"@id\":\"https:\/\/luchonoticias.com\/editor\/#\/schema\/person\/7a7fd911f58561fd056dbac7b55af9cd\"},\"potentialAction\":[{\"@type\":\"SearchAction\",\"target\":{\"@type\":\"EntryPoint\",\"urlTemplate\":\"https:\/\/luchonoticias.com\/editor\/?s={search_term_string}\"},\"query-input\":{\"@type\":\"PropertyValueSpecification\",\"valueRequired\":true,\"valueName\":\"search_term_string\"}}],\"inLanguage\":\"es\"},{\"@type\":[\"Person\",\"Organization\"],\"@id\":\"https:\/\/luchonoticias.com\/editor\/#\/schema\/person\/7a7fd911f58561fd056dbac7b55af9cd\",\"name\":\"admin\",\"image\":{\"@type\":\"ImageObject\",\"inLanguage\":\"es\",\"@id\":\"https:\/\/luchonoticias.com\/editor\/#\/schema\/person\/image\/\",\"url\":\"https:\/\/luchonoticias.com\/editor\/wp-content\/uploads\/2024\/02\/cropped-cropped-logolu.webp\",\"contentUrl\":\"https:\/\/luchonoticias.com\/editor\/wp-content\/uploads\/2024\/02\/cropped-cropped-logolu.webp\",\"width\":382,\"height\":170,\"caption\":\"admin\"},\"logo\":{\"@id\":\"https:\/\/luchonoticias.com\/editor\/#\/schema\/person\/image\/\"},\"sameAs\":[\"https:\/\/www.facebook.com\/luchonoticiasneiva\"]},{\"@type\":\"Person\",\"@id\":\"https:\/\/luchonoticias.com\/editor\/#\/schema\/person\/29217990ddf6f14e35912b2866d591fb\",\"name\":\"Editor General\",\"image\":{\"@type\":\"ImageObject\",\"inLanguage\":\"es\",\"@id\":\"https:\/\/luchonoticias.com\/editor\/#\/schema\/person\/image\/\",\"url\":\"https:\/\/luchonoticias.com\/editor\/wp-content\/uploads\/2024\/02\/cropped-cropped-logolu-150x150.webp\",\"contentUrl\":\"https:\/\/luchonoticias.com\/editor\/wp-content\/uploads\/2024\/02\/cropped-cropped-logolu-150x150.webp\",\"caption\":\"Editor General\"},\"sameAs\":[\"https:\/\/luchonoticias.com\/\"],\"url\":\"https:\/\/luchonoticias.com\/editor\/author\/editor-general\/\"}]}<\/script>\n<!-- \/ Yoast SEO plugin. -->","yoast_head_json":{"title":"Un importante resultado contra el hurto, logr\u00f3 la Polic\u00eda Metropolitana y la Fiscal\u00eda -","robots":{"index":"index","follow":"follow","max-snippet":"max-snippet:-1","max-image-preview":"max-image-preview:large","max-video-preview":"max-video-preview:-1"},"canonical":"https:\/\/luchonoticias.com\/editor\/un-importante-resultado-contra-el-hurto-logro-la-policia-metropolitana-y-la-fiscalia\/","og_locale":"es_ES","og_type":"article","og_title":"Un importante resultado contra el hurto, logr\u00f3 la Polic\u00eda Metropolitana y la Fiscal\u00eda -","og_url":"https:\/\/luchonoticias.com\/editor\/un-importante-resultado-contra-el-hurto-logro-la-policia-metropolitana-y-la-fiscalia\/","article_publisher":"https:\/\/www.facebook.com\/luchonoticiasneiva","article_published_time":"2023-03-29T20:34:50+00:00","article_modified_time":"2023-03-29T21:49:10+00:00","og_image":[{"url":"https:\/\/luchonoticias.com\/wp-content\/uploads\/2023\/03\/WhatsApp-Image-2023-03-29-at-3.06.23-PM.jpeg","type":"","width":"","height":""}],"author":"Editor General","twitter_card":"summary_large_image","twitter_misc":{"Escrito por":"Editor General","Tiempo de lectura":"2 minutos"},"schema":{"@context":"https:\/\/schema.org","@graph":[{"@type":"Article","@id":"https:\/\/luchonoticias.com\/editor\/un-importante-resultado-contra-el-hurto-logro-la-policia-metropolitana-y-la-fiscalia\/#article","isPartOf":{"@id":"https:\/\/luchonoticias.com\/editor\/un-importante-resultado-contra-el-hurto-logro-la-policia-metropolitana-y-la-fiscalia\/"},"author":{"name":"Editor General","@id":"https:\/\/luchonoticias.com\/editor\/#\/schema\/person\/29217990ddf6f14e35912b2866d591fb"},"headline":"Un importante resultado contra el hurto, logr\u00f3 la Polic\u00eda Metropolitana y la Fiscal\u00eda","datePublished":"2023-03-29T20:34:50+00:00","dateModified":"2023-03-29T21:49:10+00:00","mainEntityOfPage":{"@id":"https:\/\/luchonoticias.com\/editor\/un-importante-resultado-contra-el-hurto-logro-la-policia-metropolitana-y-la-fiscalia\/"},"wordCount":439,"commentCount":0,"publisher":{"@id":"https:\/\/luchonoticias.com\/editor\/#\/schema\/person\/7a7fd911f58561fd056dbac7b55af9cd"},"image":{"@id":"https:\/\/luchonoticias.com\/editor\/un-importante-resultado-contra-el-hurto-logro-la-policia-metropolitana-y-la-fiscalia\/#primaryimage"},"thumbnailUrl":"https:\/\/luchonoticias.com\/wp-content\/uploads\/2023\/03\/WhatsApp-Image-2023-03-29-at-3.06.23-PM.jpeg","articleSection":["Destacado","Judicial"],"inLanguage":"es","potentialAction":[{"@type":"CommentAction","name":"Comment","target":["https:\/\/luchonoticias.com\/editor\/un-importante-resultado-contra-el-hurto-logro-la-policia-metropolitana-y-la-fiscalia\/#respond"]}]},{"@type":"WebPage","@id":"https:\/\/luchonoticias.com\/editor\/un-importante-resultado-contra-el-hurto-logro-la-policia-metropolitana-y-la-fiscalia\/","url":"https:\/\/luchonoticias.com\/editor\/un-importante-resultado-contra-el-hurto-logro-la-policia-metropolitana-y-la-fiscalia\/","name":"Un importante resultado contra el hurto, logr\u00f3 la Polic\u00eda Metropolitana y la Fiscal\u00eda -","isPartOf":{"@id":"https:\/\/luchonoticias.com\/editor\/#website"},"primaryImageOfPage":{"@id":"https:\/\/luchonoticias.com\/editor\/un-importante-resultado-contra-el-hurto-logro-la-policia-metropolitana-y-la-fiscalia\/#primaryimage"},"image":{"@id":"https:\/\/luchonoticias.com\/editor\/un-importante-resultado-contra-el-hurto-logro-la-policia-metropolitana-y-la-fiscalia\/#primaryimage"},"thumbnailUrl":"https:\/\/luchonoticias.com\/wp-content\/uploads\/2023\/03\/WhatsApp-Image-2023-03-29-at-3.06.23-PM.jpeg","datePublished":"2023-03-29T20:34:50+00:00","dateModified":"2023-03-29T21:49:10+00:00","breadcrumb":{"@id":"https:\/\/luchonoticias.com\/editor\/un-importante-resultado-contra-el-hurto-logro-la-policia-metropolitana-y-la-fiscalia\/#breadcrumb"},"inLanguage":"es","potentialAction":[{"@type":"ReadAction","target":["https:\/\/luchonoticias.com\/editor\/un-importante-resultado-contra-el-hurto-logro-la-policia-metropolitana-y-la-fiscalia\/"]}]},{"@type":"ImageObject","inLanguage":"es","@id":"https:\/\/luchonoticias.com\/editor\/un-importante-resultado-contra-el-hurto-logro-la-policia-metropolitana-y-la-fiscalia\/#primaryimage","url":"https:\/\/luchonoticias.com\/wp-content\/uploads\/2023\/03\/WhatsApp-Image-2023-03-29-at-3.06.23-PM.jpeg","contentUrl":"https:\/\/luchonoticias.com\/wp-content\/uploads\/2023\/03\/WhatsApp-Image-2023-03-29-at-3.06.23-PM.jpeg"},{"@type":"BreadcrumbList","@id":"https:\/\/luchonoticias.com\/editor\/un-importante-resultado-contra-el-hurto-logro-la-policia-metropolitana-y-la-fiscalia\/#breadcrumb","itemListElement":[{"@type":"ListItem","position":1,"name":"Portada","item":"https:\/\/luchonoticias.com\/editor\/"},{"@type":"ListItem","position":2,"name":"Un importante resultado contra el hurto, logr\u00f3 la Polic\u00eda Metropolitana y la Fiscal\u00eda"}]},{"@type":"WebSite","@id":"https:\/\/luchonoticias.com\/editor\/#website","url":"https:\/\/luchonoticias.com\/editor\/","name":"","description":"","publisher":{"@id":"https:\/\/luchonoticias.com\/editor\/#\/schema\/person\/7a7fd911f58561fd056dbac7b55af9cd"},"potentialAction":[{"@type":"SearchAction","target":{"@type":"EntryPoint","urlTemplate":"https:\/\/luchonoticias.com\/editor\/?s={search_term_string}"},"query-input":{"@type":"PropertyValueSpecification","valueRequired":true,"valueName":"search_term_string"}}],"inLanguage":"es"},{"@type":["Person","Organization"],"@id":"https:\/\/luchonoticias.com\/editor\/#\/schema\/person\/7a7fd911f58561fd056dbac7b55af9cd","name":"admin","image":{"@type":"ImageObject","inLanguage":"es","@id":"https:\/\/luchonoticias.com\/editor\/#\/schema\/person\/image\/","url":"https:\/\/luchonoticias.com\/editor\/wp-content\/uploads\/2024\/02\/cropped-cropped-logolu.webp","contentUrl":"https:\/\/luchonoticias.com\/editor\/wp-content\/uploads\/2024\/02\/cropped-cropped-logolu.webp","width":382,"height":170,"caption":"admin"},"logo":{"@id":"https:\/\/luchonoticias.com\/editor\/#\/schema\/person\/image\/"},"sameAs":["https:\/\/www.facebook.com\/luchonoticiasneiva"]},{"@type":"Person","@id":"https:\/\/luchonoticias.com\/editor\/#\/schema\/person\/29217990ddf6f14e35912b2866d591fb","name":"Editor General","image":{"@type":"ImageObject","inLanguage":"es","@id":"https:\/\/luchonoticias.com\/editor\/#\/schema\/person\/image\/","url":"https:\/\/luchonoticias.com\/editor\/wp-content\/uploads\/2024\/02\/cropped-cropped-logolu-150x150.webp","contentUrl":"https:\/\/luchonoticias.com\/editor\/wp-content\/uploads\/2024\/02\/cropped-cropped-logolu-150x150.webp","caption":"Editor General"},"sameAs":["https:\/\/luchonoticias.com\/"],"url":"https:\/\/luchonoticias.com\/editor\/author\/editor-general\/"}]}},"_links":{"self":[{"href":"https:\/\/luchonoticias.com\/editor\/wp-json\/wp\/v2\/posts\/49384","targetHints":{"allow":["GET"]}}],"collection":[{"href":"https:\/\/luchonoticias.com\/editor\/wp-json\/wp\/v2\/posts"}],"about":[{"href":"https:\/\/luchonoticias.com\/editor\/wp-json\/wp\/v2\/types\/post"}],"author":[{"embeddable":true,"href":"https:\/\/luchonoticias.com\/editor\/wp-json\/wp\/v2\/users\/2"}],"replies":[{"embeddable":true,"href":"https:\/\/luchonoticias.com\/editor\/wp-json\/wp\/v2\/comments?post=49384"}],"version-history":[{"count":0,"href":"https:\/\/luchonoticias.com\/editor\/wp-json\/wp\/v2\/posts\/49384\/revisions"}],"wp:attachment":[{"href":"https:\/\/luchonoticias.com\/editor\/wp-json\/wp\/v2\/media?parent=49384"}],"wp:term":[{"taxonomy":"category","embeddable":true,"href":"https:\/\/luchonoticias.com\/editor\/wp-json\/wp\/v2\/categories?post=49384"},{"taxonomy":"post_tag","embeddable":true,"href":"https:\/\/luchonoticias.com\/editor\/wp-json\/wp\/v2\/tags?post=49384"}],"curies":[{"name":"wp","href":"https:\/\/api.w.org\/{rel}","templated":true}]}}