{"id":49391,"date":"2023-03-29T18:31:29","date_gmt":"2023-03-29T23:31:29","guid":{"rendered":"https:\/\/luchonoticias.com\/?p=49391"},"modified":"2023-03-29T18:31:31","modified_gmt":"2023-03-29T23:31:31","slug":"las-inversiones-para-el-agro-del-centro-del-huila","status":"publish","type":"post","link":"https:\/\/luchonoticias.com\/editor\/las-inversiones-para-el-agro-del-centro-del-huila\/","title":{"rendered":"Las inversiones para el agro del centro del Huila"},"content":{"rendered":"\n<p>De acuerdo a datos de la Evaluaci\u00f3n Agropecuaria de 2021, el&nbsp;<strong>total de la producci\u00f3n del departamento fue valorada en $4,6 billones<\/strong>, de los cuales m\u00e1s de $900.000 millones fueron aportados por los municipios que integran la subregi\u00f3n centro del Huila, lo que representa m\u00e1s del 19% del gran total.<\/p>\n\n\n\n<p>Esto demuestra la&nbsp;<strong>importancia del sector agropecuario en la din\u00e1mica econ\u00f3mica del departamento,<\/strong>&nbsp;donde sobresalen renglones productivos como la caficultura, la piscicultura, los cereales y leguminosas, la ganader\u00eda, entre otras actividades, que vienen recibiendo el apoyo del gobierno \u201cHuila Crece\u201d a trav\u00e9s de diversos proyectos.<\/p>\n\n\n\n<p>En ese sentido se vienen desarrollando&nbsp;<strong>iniciativas por m\u00e1s de $33.000 millones, tanto con recursos propios como a trav\u00e9s de cofinanciaci\u00f3n<\/strong>, impactando a&nbsp;<strong>m\u00e1s de 250.000 beneficiarios&nbsp;<\/strong>con programas como extensi\u00f3n agropecuaria, alianzas productivas, fondo concursal de fomento para la mujer rural, rehabilitaci\u00f3n de distritos de riego, fortalecimiento de la cadena del caf\u00e9, podas para la rehabilitaci\u00f3n de cultivos de cacao, dotaci\u00f3n de mercados campesinos, fortalecimiento organizacional de asociaciones de productores en articulaci\u00f3n con Asocooph, implementaci\u00f3n de plantas mezcladoras de fertilizantes, mejoramiento de plazas de mercado, dotaci\u00f3n de laboratorios para an\u00e1lisis de suelos, implementaci\u00f3n de maquinas empacadoras de frijol, entre otras importantes inversiones.<\/p>\n\n\n\n<p>Tambi\u00e9n&nbsp;<strong>sobresalen proyectos que tienen un positivo impacto en la protecci\u00f3n y preservaci\u00f3n del medio ambiente,&nbsp;<\/strong>como es el caso de los proyectos ciudadanos de educaci\u00f3n ambiental \u2013 PROCEDA, iniciativas de econom\u00eda circular impulsadas a trav\u00e9s del programa Huila Recicla, implementaci\u00f3n de proyectos ap\u00edcolas direccionados a mejorar los procesos de polinizaci\u00f3n de cultivos y restauraci\u00f3n de bosques y matorrales, apoyo a la estrategia pajareritos con la que se busca empoderar a los ni\u00f1os en el conocimiento de las aves e importancia del cuidado de los ecosistemas, y apoyo financiero para la construcci\u00f3n del sendero ecol\u00f3gico Sendicam en Garz\u00f3n, que fortalecer\u00e1 los procesos de educaci\u00f3n ambiental en la comunidad del centro del Huila.<\/p>\n\n\n\n<p>Asimismo, se viene impulsando un&nbsp;<strong>proyecto con el que se busca contribuir al bienestar de las mascota<\/strong>s, a trav\u00e9s de las brigadas de salud animal que tiene como meta esterilizar 10.000 caninos y felinos, con el prop\u00f3sito de evitar el nacimiento de cr\u00edas en condici\u00f3n de abandono, que para el caso de los gatos terminan adoptando el comportamiento de animales ferales y semi-ferales, impactando negativamente los ecosistemas.<\/p>\n\n\n\n<p>Igualmente se vienen&nbsp;<strong>apoyando iniciativas direccionadas a fortalecer los procesos de seguridad alimentaria,<\/strong>&nbsp;mediante el desarrollo de proyectos de huertas comunitarias, producci\u00f3n de semilla de pl\u00e1tano de alta calidad mediante la tecnolog\u00eda de c\u00e1maras t\u00e9rmicas, y el fortalecimiento de los trapiches paneleros.<\/p>\n\n\n\n<h5 class=\"wp-block-heading\">Un llamado regional<\/h5>\n\n\n\n<p>Durante el evento de balance de inversiones del centro del Huila cumplido en el Colegio Sim\u00f3n Bol\u00edvar del municipio de Garz\u00f3n, el gobernador Luis Enrique Duss\u00e1n, inst\u00f3 a todo el pueblo huilense a&nbsp;<strong>aprovechar las bondades que ofrece el departamento para impulsar la productividad<\/strong>, y dinamizar la econom\u00eda regional.<\/p>\n\n\n\n<p>\u201cAqu\u00ed lo que quiero dejar como mensaje es una motivaci\u00f3n, desarroll\u00e9monos productivamente, tenemos con qu\u00e9. Tenemos todos los tipos de climas, suelos, agua, gente capaz, por eso no es posible que haya gente viviendo en la pobreza, parados encima de la riqueza; ese es el reto que tenemos, potenciar la riqueza y convertirla en calidad de vida y progreso para todos los huilenses\u201d, concluy\u00f3 el mandatario regional.<\/p>\n","protected":false},"excerpt":{"rendered":"<p>De acuerdo a datos de la Evaluaci\u00f3n Agropecuaria de 2021, el&nbsp;total de la producci\u00f3n del departamento fue valorada en $4,6 billones, de los cuales m\u00e1s de $900.000 millones fueron aportados por los municipios que integran la subregi\u00f3n centro del Huila, lo que representa m\u00e1s del 19% del gran total. Esto demuestra la&nbsp;importancia del sector agropecuario [&hellip;]<\/p>\n","protected":false},"author":2,"featured_media":0,"comment_status":"open","ping_status":"open","sticky":false,"template":"","format":"standard","meta":{"footnotes":""},"categories":[33],"tags":[],"class_list":["post-49391","post","type-post","status-publish","format-standard","hentry","category-huila"],"yoast_head":"<!-- This site is optimized with the Yoast SEO plugin v26.6 - https:\/\/yoast.com\/wordpress\/plugins\/seo\/ -->\n<title>Las inversiones para el agro del centro del Huila -<\/title>\n<meta name=\"robots\" content=\"index, follow, max-snippet:-1, max-image-preview:large, max-video-preview:-1\" \/>\n<link rel=\"canonical\" href=\"https:\/\/luchonoticias.com\/editor\/las-inversiones-para-el-agro-del-centro-del-huila\/\" \/>\n<meta property=\"og:locale\" content=\"es_ES\" \/>\n<meta property=\"og:type\" content=\"article\" \/>\n<meta property=\"og:title\" content=\"Las inversiones para el agro del centro del Huila -\" \/>\n<meta property=\"og:url\" content=\"https:\/\/luchonoticias.com\/editor\/las-inversiones-para-el-agro-del-centro-del-huila\/\" \/>\n<meta property=\"article:publisher\" content=\"https:\/\/www.facebook.com\/luchonoticiasneiva\" \/>\n<meta property=\"article:published_time\" content=\"2023-03-29T23:31:29+00:00\" \/>\n<meta property=\"article:modified_time\" content=\"2023-03-29T23:31:31+00:00\" \/>\n<meta name=\"author\" content=\"Editor General\" \/>\n<meta name=\"twitter:card\" content=\"summary_large_image\" \/>\n<meta name=\"twitter:label1\" content=\"Escrito por\" \/>\n\t<meta name=\"twitter:data1\" content=\"Editor General\" \/>\n\t<meta name=\"twitter:label2\" content=\"Tiempo de lectura\" \/>\n\t<meta name=\"twitter:data2\" content=\"3 minutos\" \/>\n<script type=\"application\/ld+json\" class=\"yoast-schema-graph\">{\"@context\":\"https:\/\/schema.org\",\"@graph\":[{\"@type\":\"Article\",\"@id\":\"https:\/\/luchonoticias.com\/editor\/las-inversiones-para-el-agro-del-centro-del-huila\/#article\",\"isPartOf\":{\"@id\":\"https:\/\/luchonoticias.com\/editor\/las-inversiones-para-el-agro-del-centro-del-huila\/\"},\"author\":{\"name\":\"Editor General\",\"@id\":\"https:\/\/luchonoticias.com\/editor\/#\/schema\/person\/29217990ddf6f14e35912b2866d591fb\"},\"headline\":\"Las inversiones para el agro del centro del Huila\",\"datePublished\":\"2023-03-29T23:31:29+00:00\",\"dateModified\":\"2023-03-29T23:31:31+00:00\",\"mainEntityOfPage\":{\"@id\":\"https:\/\/luchonoticias.com\/editor\/las-inversiones-para-el-agro-del-centro-del-huila\/\"},\"wordCount\":604,\"commentCount\":0,\"publisher\":{\"@id\":\"https:\/\/luchonoticias.com\/editor\/#\/schema\/person\/7a7fd911f58561fd056dbac7b55af9cd\"},\"articleSection\":[\"Huila\"],\"inLanguage\":\"es\",\"potentialAction\":[{\"@type\":\"CommentAction\",\"name\":\"Comment\",\"target\":[\"https:\/\/luchonoticias.com\/editor\/las-inversiones-para-el-agro-del-centro-del-huila\/#respond\"]}]},{\"@type\":\"WebPage\",\"@id\":\"https:\/\/luchonoticias.com\/editor\/las-inversiones-para-el-agro-del-centro-del-huila\/\",\"url\":\"https:\/\/luchonoticias.com\/editor\/las-inversiones-para-el-agro-del-centro-del-huila\/\",\"name\":\"Las inversiones para el agro del centro del Huila -\",\"isPartOf\":{\"@id\":\"https:\/\/luchonoticias.com\/editor\/#website\"},\"datePublished\":\"2023-03-29T23:31:29+00:00\",\"dateModified\":\"2023-03-29T23:31:31+00:00\",\"breadcrumb\":{\"@id\":\"https:\/\/luchonoticias.com\/editor\/las-inversiones-para-el-agro-del-centro-del-huila\/#breadcrumb\"},\"inLanguage\":\"es\",\"potentialAction\":[{\"@type\":\"ReadAction\",\"target\":[\"https:\/\/luchonoticias.com\/editor\/las-inversiones-para-el-agro-del-centro-del-huila\/\"]}]},{\"@type\":\"BreadcrumbList\",\"@id\":\"https:\/\/luchonoticias.com\/editor\/las-inversiones-para-el-agro-del-centro-del-huila\/#breadcrumb\",\"itemListElement\":[{\"@type\":\"ListItem\",\"position\":1,\"name\":\"Portada\",\"item\":\"https:\/\/luchonoticias.com\/editor\/\"},{\"@type\":\"ListItem\",\"position\":2,\"name\":\"Las inversiones para el agro del centro del Huila\"}]},{\"@type\":\"WebSite\",\"@id\":\"https:\/\/luchonoticias.com\/editor\/#website\",\"url\":\"https:\/\/luchonoticias.com\/editor\/\",\"name\":\"\",\"description\":\"\",\"publisher\":{\"@id\":\"https:\/\/luchonoticias.com\/editor\/#\/schema\/person\/7a7fd911f58561fd056dbac7b55af9cd\"},\"potentialAction\":[{\"@type\":\"SearchAction\",\"target\":{\"@type\":\"EntryPoint\",\"urlTemplate\":\"https:\/\/luchonoticias.com\/editor\/?s={search_term_string}\"},\"query-input\":{\"@type\":\"PropertyValueSpecification\",\"valueRequired\":true,\"valueName\":\"search_term_string\"}}],\"inLanguage\":\"es\"},{\"@type\":[\"Person\",\"Organization\"],\"@id\":\"https:\/\/luchonoticias.com\/editor\/#\/schema\/person\/7a7fd911f58561fd056dbac7b55af9cd\",\"name\":\"admin\",\"image\":{\"@type\":\"ImageObject\",\"inLanguage\":\"es\",\"@id\":\"https:\/\/luchonoticias.com\/editor\/#\/schema\/person\/image\/\",\"url\":\"https:\/\/luchonoticias.com\/editor\/wp-content\/uploads\/2024\/02\/cropped-cropped-logolu.webp\",\"contentUrl\":\"https:\/\/luchonoticias.com\/editor\/wp-content\/uploads\/2024\/02\/cropped-cropped-logolu.webp\",\"width\":382,\"height\":170,\"caption\":\"admin\"},\"logo\":{\"@id\":\"https:\/\/luchonoticias.com\/editor\/#\/schema\/person\/image\/\"},\"sameAs\":[\"https:\/\/www.facebook.com\/luchonoticiasneiva\"]},{\"@type\":\"Person\",\"@id\":\"https:\/\/luchonoticias.com\/editor\/#\/schema\/person\/29217990ddf6f14e35912b2866d591fb\",\"name\":\"Editor General\",\"image\":{\"@type\":\"ImageObject\",\"inLanguage\":\"es\",\"@id\":\"https:\/\/luchonoticias.com\/editor\/#\/schema\/person\/image\/\",\"url\":\"https:\/\/luchonoticias.com\/editor\/wp-content\/uploads\/2024\/02\/cropped-cropped-logolu-150x150.webp\",\"contentUrl\":\"https:\/\/luchonoticias.com\/editor\/wp-content\/uploads\/2024\/02\/cropped-cropped-logolu-150x150.webp\",\"caption\":\"Editor General\"},\"sameAs\":[\"https:\/\/luchonoticias.com\/\"],\"url\":\"https:\/\/luchonoticias.com\/editor\/author\/editor-general\/\"}]}<\/script>\n<!-- \/ Yoast SEO plugin. -->","yoast_head_json":{"title":"Las inversiones para el agro del centro del Huila -","robots":{"index":"index","follow":"follow","max-snippet":"max-snippet:-1","max-image-preview":"max-image-preview:large","max-video-preview":"max-video-preview:-1"},"canonical":"https:\/\/luchonoticias.com\/editor\/las-inversiones-para-el-agro-del-centro-del-huila\/","og_locale":"es_ES","og_type":"article","og_title":"Las inversiones para el agro del centro del Huila -","og_url":"https:\/\/luchonoticias.com\/editor\/las-inversiones-para-el-agro-del-centro-del-huila\/","article_publisher":"https:\/\/www.facebook.com\/luchonoticiasneiva","article_published_time":"2023-03-29T23:31:29+00:00","article_modified_time":"2023-03-29T23:31:31+00:00","author":"Editor General","twitter_card":"summary_large_image","twitter_misc":{"Escrito por":"Editor General","Tiempo de lectura":"3 minutos"},"schema":{"@context":"https:\/\/schema.org","@graph":[{"@type":"Article","@id":"https:\/\/luchonoticias.com\/editor\/las-inversiones-para-el-agro-del-centro-del-huila\/#article","isPartOf":{"@id":"https:\/\/luchonoticias.com\/editor\/las-inversiones-para-el-agro-del-centro-del-huila\/"},"author":{"name":"Editor General","@id":"https:\/\/luchonoticias.com\/editor\/#\/schema\/person\/29217990ddf6f14e35912b2866d591fb"},"headline":"Las inversiones para el agro del centro del Huila","datePublished":"2023-03-29T23:31:29+00:00","dateModified":"2023-03-29T23:31:31+00:00","mainEntityOfPage":{"@id":"https:\/\/luchonoticias.com\/editor\/las-inversiones-para-el-agro-del-centro-del-huila\/"},"wordCount":604,"commentCount":0,"publisher":{"@id":"https:\/\/luchonoticias.com\/editor\/#\/schema\/person\/7a7fd911f58561fd056dbac7b55af9cd"},"articleSection":["Huila"],"inLanguage":"es","potentialAction":[{"@type":"CommentAction","name":"Comment","target":["https:\/\/luchonoticias.com\/editor\/las-inversiones-para-el-agro-del-centro-del-huila\/#respond"]}]},{"@type":"WebPage","@id":"https:\/\/luchonoticias.com\/editor\/las-inversiones-para-el-agro-del-centro-del-huila\/","url":"https:\/\/luchonoticias.com\/editor\/las-inversiones-para-el-agro-del-centro-del-huila\/","name":"Las inversiones para el agro del centro del Huila -","isPartOf":{"@id":"https:\/\/luchonoticias.com\/editor\/#website"},"datePublished":"2023-03-29T23:31:29+00:00","dateModified":"2023-03-29T23:31:31+00:00","breadcrumb":{"@id":"https:\/\/luchonoticias.com\/editor\/las-inversiones-para-el-agro-del-centro-del-huila\/#breadcrumb"},"inLanguage":"es","potentialAction":[{"@type":"ReadAction","target":["https:\/\/luchonoticias.com\/editor\/las-inversiones-para-el-agro-del-centro-del-huila\/"]}]},{"@type":"BreadcrumbList","@id":"https:\/\/luchonoticias.com\/editor\/las-inversiones-para-el-agro-del-centro-del-huila\/#breadcrumb","itemListElement":[{"@type":"ListItem","position":1,"name":"Portada","item":"https:\/\/luchonoticias.com\/editor\/"},{"@type":"ListItem","position":2,"name":"Las inversiones para el agro del centro del Huila"}]},{"@type":"WebSite","@id":"https:\/\/luchonoticias.com\/editor\/#website","url":"https:\/\/luchonoticias.com\/editor\/","name":"","description":"","publisher":{"@id":"https:\/\/luchonoticias.com\/editor\/#\/schema\/person\/7a7fd911f58561fd056dbac7b55af9cd"},"potentialAction":[{"@type":"SearchAction","target":{"@type":"EntryPoint","urlTemplate":"https:\/\/luchonoticias.com\/editor\/?s={search_term_string}"},"query-input":{"@type":"PropertyValueSpecification","valueRequired":true,"valueName":"search_term_string"}}],"inLanguage":"es"},{"@type":["Person","Organization"],"@id":"https:\/\/luchonoticias.com\/editor\/#\/schema\/person\/7a7fd911f58561fd056dbac7b55af9cd","name":"admin","image":{"@type":"ImageObject","inLanguage":"es","@id":"https:\/\/luchonoticias.com\/editor\/#\/schema\/person\/image\/","url":"https:\/\/luchonoticias.com\/editor\/wp-content\/uploads\/2024\/02\/cropped-cropped-logolu.webp","contentUrl":"https:\/\/luchonoticias.com\/editor\/wp-content\/uploads\/2024\/02\/cropped-cropped-logolu.webp","width":382,"height":170,"caption":"admin"},"logo":{"@id":"https:\/\/luchonoticias.com\/editor\/#\/schema\/person\/image\/"},"sameAs":["https:\/\/www.facebook.com\/luchonoticiasneiva"]},{"@type":"Person","@id":"https:\/\/luchonoticias.com\/editor\/#\/schema\/person\/29217990ddf6f14e35912b2866d591fb","name":"Editor General","image":{"@type":"ImageObject","inLanguage":"es","@id":"https:\/\/luchonoticias.com\/editor\/#\/schema\/person\/image\/","url":"https:\/\/luchonoticias.com\/editor\/wp-content\/uploads\/2024\/02\/cropped-cropped-logolu-150x150.webp","contentUrl":"https:\/\/luchonoticias.com\/editor\/wp-content\/uploads\/2024\/02\/cropped-cropped-logolu-150x150.webp","caption":"Editor General"},"sameAs":["https:\/\/luchonoticias.com\/"],"url":"https:\/\/luchonoticias.com\/editor\/author\/editor-general\/"}]}},"_links":{"self":[{"href":"https:\/\/luchonoticias.com\/editor\/wp-json\/wp\/v2\/posts\/49391","targetHints":{"allow":["GET"]}}],"collection":[{"href":"https:\/\/luchonoticias.com\/editor\/wp-json\/wp\/v2\/posts"}],"about":[{"href":"https:\/\/luchonoticias.com\/editor\/wp-json\/wp\/v2\/types\/post"}],"author":[{"embeddable":true,"href":"https:\/\/luchonoticias.com\/editor\/wp-json\/wp\/v2\/users\/2"}],"replies":[{"embeddable":true,"href":"https:\/\/luchonoticias.com\/editor\/wp-json\/wp\/v2\/comments?post=49391"}],"version-history":[{"count":0,"href":"https:\/\/luchonoticias.com\/editor\/wp-json\/wp\/v2\/posts\/49391\/revisions"}],"wp:attachment":[{"href":"https:\/\/luchonoticias.com\/editor\/wp-json\/wp\/v2\/media?parent=49391"}],"wp:term":[{"taxonomy":"category","embeddable":true,"href":"https:\/\/luchonoticias.com\/editor\/wp-json\/wp\/v2\/categories?post=49391"},{"taxonomy":"post_tag","embeddable":true,"href":"https:\/\/luchonoticias.com\/editor\/wp-json\/wp\/v2\/tags?post=49391"}],"curies":[{"name":"wp","href":"https:\/\/api.w.org\/{rel}","templated":true}]}}