{"id":49395,"date":"2023-03-30T04:52:13","date_gmt":"2023-03-30T09:52:13","guid":{"rendered":"https:\/\/luchonoticias.com\/?p=49395"},"modified":"2023-03-30T04:52:14","modified_gmt":"2023-03-30T09:52:14","slug":"se-acerca-el-zonal-nacional-para-la-seleccion-sub-19-del-huila","status":"publish","type":"post","link":"https:\/\/luchonoticias.com\/editor\/se-acerca-el-zonal-nacional-para-la-seleccion-sub-19-del-huila\/","title":{"rendered":"Se acerca el zonal nacional para la Selecci\u00f3n sub &#8211; 19 del Huila"},"content":{"rendered":"\n<p>La\u00a0<strong>Selecci\u00f3n Huila sub \u2013 19\u00a0<\/strong>de f\u00fatbol afronta por estos d\u00edas su\u00a0<strong>\u00faltima semana de entrenamientos,<\/strong>\u00a0previo al zonal nacional que tendr\u00e1 la semana entrante en Armenia.<\/p>\n\n\n\n<p>El\u00a0<strong>equipo dirigido por Jeferson Sandino\u00a0<\/strong>ha venido cumpliendo entrenamientos en el Club Los Lagos y dedica estos \u00faltimos d\u00edas de trabajos a\u00a0<strong>corregir algunos detalles<\/strong>; considerando que el equipo intervino d\u00edas atr\u00e1s en la categor\u00eda libre de la Copa La Amistad, torneo en donde se coron\u00f3 campe\u00f3n.<\/p>\n\n\n\n<p>Para&nbsp;<strong>este s\u00e1bado en altas horas de la noche&nbsp;<\/strong>se tiene programado el viaje de la formaci\u00f3n a territorio quindiano.<\/p>\n","protected":false},"excerpt":{"rendered":"<p>La\u00a0Selecci\u00f3n Huila sub \u2013 19\u00a0de f\u00fatbol afronta por estos d\u00edas su\u00a0\u00faltima semana de entrenamientos,\u00a0previo al zonal nacional que tendr\u00e1 la semana entrante en Armenia. El\u00a0equipo dirigido por Jeferson Sandino\u00a0ha venido cumpliendo entrenamientos en el Club Los Lagos y dedica estos \u00faltimos d\u00edas de trabajos a\u00a0corregir algunos detalles; considerando que el equipo intervino d\u00edas atr\u00e1s en [&hellip;]<\/p>\n","protected":false},"author":2,"featured_media":0,"comment_status":"open","ping_status":"open","sticky":false,"template":"","format":"standard","meta":{"footnotes":""},"categories":[34],"tags":[],"class_list":["post-49395","post","type-post","status-publish","format-standard","hentry","category-deportes"],"yoast_head":"<!-- This site is optimized with the Yoast SEO plugin v26.6 - https:\/\/yoast.com\/wordpress\/plugins\/seo\/ -->\n<title>Se acerca el zonal nacional para la Selecci\u00f3n sub - 19 del Huila -<\/title>\n<meta name=\"robots\" content=\"index, follow, max-snippet:-1, max-image-preview:large, max-video-preview:-1\" \/>\n<link rel=\"canonical\" href=\"https:\/\/luchonoticias.com\/editor\/se-acerca-el-zonal-nacional-para-la-seleccion-sub-19-del-huila\/\" \/>\n<meta property=\"og:locale\" content=\"es_ES\" \/>\n<meta property=\"og:type\" content=\"article\" \/>\n<meta property=\"og:title\" content=\"Se acerca el zonal nacional para la Selecci\u00f3n sub - 19 del Huila -\" \/>\n<meta property=\"og:url\" content=\"https:\/\/luchonoticias.com\/editor\/se-acerca-el-zonal-nacional-para-la-seleccion-sub-19-del-huila\/\" \/>\n<meta property=\"article:publisher\" content=\"https:\/\/www.facebook.com\/luchonoticiasneiva\" \/>\n<meta property=\"article:published_time\" content=\"2023-03-30T09:52:13+00:00\" \/>\n<meta property=\"article:modified_time\" content=\"2023-03-30T09:52:14+00:00\" \/>\n<meta name=\"author\" content=\"Editor General\" \/>\n<meta name=\"twitter:card\" content=\"summary_large_image\" \/>\n<meta name=\"twitter:label1\" content=\"Escrito por\" \/>\n\t<meta name=\"twitter:data1\" content=\"Editor General\" \/>\n\t<meta name=\"twitter:label2\" content=\"Tiempo de lectura\" \/>\n\t<meta name=\"twitter:data2\" content=\"1 minuto\" \/>\n<script type=\"application\/ld+json\" class=\"yoast-schema-graph\">{\"@context\":\"https:\/\/schema.org\",\"@graph\":[{\"@type\":\"Article\",\"@id\":\"https:\/\/luchonoticias.com\/editor\/se-acerca-el-zonal-nacional-para-la-seleccion-sub-19-del-huila\/#article\",\"isPartOf\":{\"@id\":\"https:\/\/luchonoticias.com\/editor\/se-acerca-el-zonal-nacional-para-la-seleccion-sub-19-del-huila\/\"},\"author\":{\"name\":\"Editor General\",\"@id\":\"https:\/\/luchonoticias.com\/editor\/#\/schema\/person\/29217990ddf6f14e35912b2866d591fb\"},\"headline\":\"Se acerca el zonal nacional para la Selecci\u00f3n sub &#8211; 19 del Huila\",\"datePublished\":\"2023-03-30T09:52:13+00:00\",\"dateModified\":\"2023-03-30T09:52:14+00:00\",\"mainEntityOfPage\":{\"@id\":\"https:\/\/luchonoticias.com\/editor\/se-acerca-el-zonal-nacional-para-la-seleccion-sub-19-del-huila\/\"},\"wordCount\":119,\"commentCount\":0,\"publisher\":{\"@id\":\"https:\/\/luchonoticias.com\/editor\/#\/schema\/person\/7a7fd911f58561fd056dbac7b55af9cd\"},\"articleSection\":[\"Deportes\"],\"inLanguage\":\"es\",\"potentialAction\":[{\"@type\":\"CommentAction\",\"name\":\"Comment\",\"target\":[\"https:\/\/luchonoticias.com\/editor\/se-acerca-el-zonal-nacional-para-la-seleccion-sub-19-del-huila\/#respond\"]}]},{\"@type\":\"WebPage\",\"@id\":\"https:\/\/luchonoticias.com\/editor\/se-acerca-el-zonal-nacional-para-la-seleccion-sub-19-del-huila\/\",\"url\":\"https:\/\/luchonoticias.com\/editor\/se-acerca-el-zonal-nacional-para-la-seleccion-sub-19-del-huila\/\",\"name\":\"Se acerca el zonal nacional para la Selecci\u00f3n sub - 19 del Huila -\",\"isPartOf\":{\"@id\":\"https:\/\/luchonoticias.com\/editor\/#website\"},\"datePublished\":\"2023-03-30T09:52:13+00:00\",\"dateModified\":\"2023-03-30T09:52:14+00:00\",\"breadcrumb\":{\"@id\":\"https:\/\/luchonoticias.com\/editor\/se-acerca-el-zonal-nacional-para-la-seleccion-sub-19-del-huila\/#breadcrumb\"},\"inLanguage\":\"es\",\"potentialAction\":[{\"@type\":\"ReadAction\",\"target\":[\"https:\/\/luchonoticias.com\/editor\/se-acerca-el-zonal-nacional-para-la-seleccion-sub-19-del-huila\/\"]}]},{\"@type\":\"BreadcrumbList\",\"@id\":\"https:\/\/luchonoticias.com\/editor\/se-acerca-el-zonal-nacional-para-la-seleccion-sub-19-del-huila\/#breadcrumb\",\"itemListElement\":[{\"@type\":\"ListItem\",\"position\":1,\"name\":\"Portada\",\"item\":\"https:\/\/luchonoticias.com\/editor\/\"},{\"@type\":\"ListItem\",\"position\":2,\"name\":\"Se acerca el zonal nacional para la Selecci\u00f3n sub &#8211; 19 del Huila\"}]},{\"@type\":\"WebSite\",\"@id\":\"https:\/\/luchonoticias.com\/editor\/#website\",\"url\":\"https:\/\/luchonoticias.com\/editor\/\",\"name\":\"\",\"description\":\"\",\"publisher\":{\"@id\":\"https:\/\/luchonoticias.com\/editor\/#\/schema\/person\/7a7fd911f58561fd056dbac7b55af9cd\"},\"potentialAction\":[{\"@type\":\"SearchAction\",\"target\":{\"@type\":\"EntryPoint\",\"urlTemplate\":\"https:\/\/luchonoticias.com\/editor\/?s={search_term_string}\"},\"query-input\":{\"@type\":\"PropertyValueSpecification\",\"valueRequired\":true,\"valueName\":\"search_term_string\"}}],\"inLanguage\":\"es\"},{\"@type\":[\"Person\",\"Organization\"],\"@id\":\"https:\/\/luchonoticias.com\/editor\/#\/schema\/person\/7a7fd911f58561fd056dbac7b55af9cd\",\"name\":\"admin\",\"image\":{\"@type\":\"ImageObject\",\"inLanguage\":\"es\",\"@id\":\"https:\/\/luchonoticias.com\/editor\/#\/schema\/person\/image\/\",\"url\":\"https:\/\/luchonoticias.com\/editor\/wp-content\/uploads\/2024\/02\/cropped-cropped-logolu.webp\",\"contentUrl\":\"https:\/\/luchonoticias.com\/editor\/wp-content\/uploads\/2024\/02\/cropped-cropped-logolu.webp\",\"width\":382,\"height\":170,\"caption\":\"admin\"},\"logo\":{\"@id\":\"https:\/\/luchonoticias.com\/editor\/#\/schema\/person\/image\/\"},\"sameAs\":[\"https:\/\/www.facebook.com\/luchonoticiasneiva\"]},{\"@type\":\"Person\",\"@id\":\"https:\/\/luchonoticias.com\/editor\/#\/schema\/person\/29217990ddf6f14e35912b2866d591fb\",\"name\":\"Editor General\",\"image\":{\"@type\":\"ImageObject\",\"inLanguage\":\"es\",\"@id\":\"https:\/\/luchonoticias.com\/editor\/#\/schema\/person\/image\/\",\"url\":\"https:\/\/luchonoticias.com\/editor\/wp-content\/uploads\/2024\/02\/cropped-cropped-logolu-150x150.webp\",\"contentUrl\":\"https:\/\/luchonoticias.com\/editor\/wp-content\/uploads\/2024\/02\/cropped-cropped-logolu-150x150.webp\",\"caption\":\"Editor General\"},\"sameAs\":[\"https:\/\/luchonoticias.com\/\"],\"url\":\"https:\/\/luchonoticias.com\/editor\/author\/editor-general\/\"}]}<\/script>\n<!-- \/ Yoast SEO plugin. -->","yoast_head_json":{"title":"Se acerca el zonal nacional para la Selecci\u00f3n sub - 19 del Huila -","robots":{"index":"index","follow":"follow","max-snippet":"max-snippet:-1","max-image-preview":"max-image-preview:large","max-video-preview":"max-video-preview:-1"},"canonical":"https:\/\/luchonoticias.com\/editor\/se-acerca-el-zonal-nacional-para-la-seleccion-sub-19-del-huila\/","og_locale":"es_ES","og_type":"article","og_title":"Se acerca el zonal nacional para la Selecci\u00f3n sub - 19 del Huila -","og_url":"https:\/\/luchonoticias.com\/editor\/se-acerca-el-zonal-nacional-para-la-seleccion-sub-19-del-huila\/","article_publisher":"https:\/\/www.facebook.com\/luchonoticiasneiva","article_published_time":"2023-03-30T09:52:13+00:00","article_modified_time":"2023-03-30T09:52:14+00:00","author":"Editor General","twitter_card":"summary_large_image","twitter_misc":{"Escrito por":"Editor General","Tiempo de lectura":"1 minuto"},"schema":{"@context":"https:\/\/schema.org","@graph":[{"@type":"Article","@id":"https:\/\/luchonoticias.com\/editor\/se-acerca-el-zonal-nacional-para-la-seleccion-sub-19-del-huila\/#article","isPartOf":{"@id":"https:\/\/luchonoticias.com\/editor\/se-acerca-el-zonal-nacional-para-la-seleccion-sub-19-del-huila\/"},"author":{"name":"Editor General","@id":"https:\/\/luchonoticias.com\/editor\/#\/schema\/person\/29217990ddf6f14e35912b2866d591fb"},"headline":"Se acerca el zonal nacional para la Selecci\u00f3n sub &#8211; 19 del Huila","datePublished":"2023-03-30T09:52:13+00:00","dateModified":"2023-03-30T09:52:14+00:00","mainEntityOfPage":{"@id":"https:\/\/luchonoticias.com\/editor\/se-acerca-el-zonal-nacional-para-la-seleccion-sub-19-del-huila\/"},"wordCount":119,"commentCount":0,"publisher":{"@id":"https:\/\/luchonoticias.com\/editor\/#\/schema\/person\/7a7fd911f58561fd056dbac7b55af9cd"},"articleSection":["Deportes"],"inLanguage":"es","potentialAction":[{"@type":"CommentAction","name":"Comment","target":["https:\/\/luchonoticias.com\/editor\/se-acerca-el-zonal-nacional-para-la-seleccion-sub-19-del-huila\/#respond"]}]},{"@type":"WebPage","@id":"https:\/\/luchonoticias.com\/editor\/se-acerca-el-zonal-nacional-para-la-seleccion-sub-19-del-huila\/","url":"https:\/\/luchonoticias.com\/editor\/se-acerca-el-zonal-nacional-para-la-seleccion-sub-19-del-huila\/","name":"Se acerca el zonal nacional para la Selecci\u00f3n sub - 19 del Huila -","isPartOf":{"@id":"https:\/\/luchonoticias.com\/editor\/#website"},"datePublished":"2023-03-30T09:52:13+00:00","dateModified":"2023-03-30T09:52:14+00:00","breadcrumb":{"@id":"https:\/\/luchonoticias.com\/editor\/se-acerca-el-zonal-nacional-para-la-seleccion-sub-19-del-huila\/#breadcrumb"},"inLanguage":"es","potentialAction":[{"@type":"ReadAction","target":["https:\/\/luchonoticias.com\/editor\/se-acerca-el-zonal-nacional-para-la-seleccion-sub-19-del-huila\/"]}]},{"@type":"BreadcrumbList","@id":"https:\/\/luchonoticias.com\/editor\/se-acerca-el-zonal-nacional-para-la-seleccion-sub-19-del-huila\/#breadcrumb","itemListElement":[{"@type":"ListItem","position":1,"name":"Portada","item":"https:\/\/luchonoticias.com\/editor\/"},{"@type":"ListItem","position":2,"name":"Se acerca el zonal nacional para la Selecci\u00f3n sub &#8211; 19 del Huila"}]},{"@type":"WebSite","@id":"https:\/\/luchonoticias.com\/editor\/#website","url":"https:\/\/luchonoticias.com\/editor\/","name":"","description":"","publisher":{"@id":"https:\/\/luchonoticias.com\/editor\/#\/schema\/person\/7a7fd911f58561fd056dbac7b55af9cd"},"potentialAction":[{"@type":"SearchAction","target":{"@type":"EntryPoint","urlTemplate":"https:\/\/luchonoticias.com\/editor\/?s={search_term_string}"},"query-input":{"@type":"PropertyValueSpecification","valueRequired":true,"valueName":"search_term_string"}}],"inLanguage":"es"},{"@type":["Person","Organization"],"@id":"https:\/\/luchonoticias.com\/editor\/#\/schema\/person\/7a7fd911f58561fd056dbac7b55af9cd","name":"admin","image":{"@type":"ImageObject","inLanguage":"es","@id":"https:\/\/luchonoticias.com\/editor\/#\/schema\/person\/image\/","url":"https:\/\/luchonoticias.com\/editor\/wp-content\/uploads\/2024\/02\/cropped-cropped-logolu.webp","contentUrl":"https:\/\/luchonoticias.com\/editor\/wp-content\/uploads\/2024\/02\/cropped-cropped-logolu.webp","width":382,"height":170,"caption":"admin"},"logo":{"@id":"https:\/\/luchonoticias.com\/editor\/#\/schema\/person\/image\/"},"sameAs":["https:\/\/www.facebook.com\/luchonoticiasneiva"]},{"@type":"Person","@id":"https:\/\/luchonoticias.com\/editor\/#\/schema\/person\/29217990ddf6f14e35912b2866d591fb","name":"Editor General","image":{"@type":"ImageObject","inLanguage":"es","@id":"https:\/\/luchonoticias.com\/editor\/#\/schema\/person\/image\/","url":"https:\/\/luchonoticias.com\/editor\/wp-content\/uploads\/2024\/02\/cropped-cropped-logolu-150x150.webp","contentUrl":"https:\/\/luchonoticias.com\/editor\/wp-content\/uploads\/2024\/02\/cropped-cropped-logolu-150x150.webp","caption":"Editor General"},"sameAs":["https:\/\/luchonoticias.com\/"],"url":"https:\/\/luchonoticias.com\/editor\/author\/editor-general\/"}]}},"_links":{"self":[{"href":"https:\/\/luchonoticias.com\/editor\/wp-json\/wp\/v2\/posts\/49395","targetHints":{"allow":["GET"]}}],"collection":[{"href":"https:\/\/luchonoticias.com\/editor\/wp-json\/wp\/v2\/posts"}],"about":[{"href":"https:\/\/luchonoticias.com\/editor\/wp-json\/wp\/v2\/types\/post"}],"author":[{"embeddable":true,"href":"https:\/\/luchonoticias.com\/editor\/wp-json\/wp\/v2\/users\/2"}],"replies":[{"embeddable":true,"href":"https:\/\/luchonoticias.com\/editor\/wp-json\/wp\/v2\/comments?post=49395"}],"version-history":[{"count":0,"href":"https:\/\/luchonoticias.com\/editor\/wp-json\/wp\/v2\/posts\/49395\/revisions"}],"wp:attachment":[{"href":"https:\/\/luchonoticias.com\/editor\/wp-json\/wp\/v2\/media?parent=49395"}],"wp:term":[{"taxonomy":"category","embeddable":true,"href":"https:\/\/luchonoticias.com\/editor\/wp-json\/wp\/v2\/categories?post=49395"},{"taxonomy":"post_tag","embeddable":true,"href":"https:\/\/luchonoticias.com\/editor\/wp-json\/wp\/v2\/tags?post=49395"}],"curies":[{"name":"wp","href":"https:\/\/api.w.org\/{rel}","templated":true}]}}