{"id":49403,"date":"2023-03-30T05:04:18","date_gmt":"2023-03-30T10:04:18","guid":{"rendered":"https:\/\/luchonoticias.com\/?p=49403"},"modified":"2023-03-30T05:04:19","modified_gmt":"2023-03-30T10:04:19","slug":"huila-y-su-homenaje-al-teatro-en-su-dia","status":"publish","type":"post","link":"https:\/\/luchonoticias.com\/editor\/huila-y-su-homenaje-al-teatro-en-su-dia\/","title":{"rendered":"Huila y su homenaje al teatro en su d\u00eda"},"content":{"rendered":"\n<p>Una&nbsp;<strong>nutrida agenda cultural<\/strong>&nbsp;se desarroll\u00f3 en las escuelas de arte de la capital del Huila, precisamente en la&nbsp;<strong>celebraci\u00f3n del D\u00eda Internacional del Teatro&nbsp;<\/strong>el pasado lunes 27 de marzo, por parte del Consejo de Teatro del Huila y que cont\u00f3 con el apoyo incondicional de la Secretar\u00eda de Cultura y Turismo Departamental. Todo para homenajear a este gran arte que tantas satisfacciones ha dejado a la gente y sus territorios.<\/p>\n\n\n\n<p>El teatro como ejercicio pleno de la libertad es espacio en el que la humanidad ha explorado, indagado, caminado y so\u00f1ado a trav\u00e9s de la historia para encontrarse as\u00ed mismo. Efectivamente&nbsp;<strong>el teatro en el Huila durante los \u00faltimos cuarenta a\u00f1os se ha fortalecido con todos los elementos de nuestra identidad cultural&nbsp;<\/strong>manteniendo encendida en el escenario la llama de las costumbres y tradiciones, tal como lo anota Lila Yesenia Garz\u00f3n, representante del Consejo Departamental de Teatro. \u201cEn el Huila la importancia de la parte art\u00edstica es grande, realmente hoy podemos ver que tenemos apoyo de nuestra parte institucional como es la secretar\u00eda de cultura y turismo la cual nos ayuda y nos aporta la oportunidad de poder ver a nuestros j\u00f3venes en la parte art\u00edstica donde pueden desarrollarse profesionalmente teniendo como eje fundamental el sentido social\u201d.<\/p>\n\n\n\n<p>Asimismo, Yorman Harvey Farf\u00e1n, director teatral de la Escuela al Arte de la ciudad de Neiva destac\u00f3 que el teatro emite emociones, y nos sirve para reconocernos, saber qui\u00e9nes somos reflejado en el otro. \u201c<strong>En el Huila hay mucho talento teatral<\/strong>&nbsp;que de alguna u otra forma con sus acciones, con sus eventos y propuestas teatrales narran lo que es la historia de un diario vivir, hoy yo tambi\u00e9n los felicito a todos que contra viento y marea a\u00fan siguen adelante en el ejercicio teatral\u201d, manifest\u00f3 Farf\u00e1n.<\/p>\n\n\n\n<p>Gracias al gran trabajo que se ha venido desarrollando con este sector teatral el consejero Jordi Mauricio Suarez nos comparte ese mensaje positivo para el gobierno HuilaCrece que sigue creyendo en el talento cultural de esta regi\u00f3n. \u201cUn agradecimiento muy especial a la Gobernaci\u00f3n del Huila, al doctor Luis Enrique Duss\u00e1n L\u00f3pez. Esta Secretar\u00eda de Cultura y Turismo nos ha escuchado y gracias precisamente a este gobierno nosotros tenemos el espacio en nuestro festival de teatro que se celebra por lo general entre octubre y diciembre, es un festival maravilloso en donde hemos llenado el Teatro Pigoanza y creo que es algo que hace muchos a\u00f1os no se ve\u00eda.&nbsp;<strong>Hoy tenemos la certeza de que el teatro no se ha muerto, el teatro sigue vivo en nuestro departamento<\/strong>\u201d.<\/p>\n","protected":false},"excerpt":{"rendered":"<p>Una&nbsp;nutrida agenda cultural&nbsp;se desarroll\u00f3 en las escuelas de arte de la capital del Huila, precisamente en la&nbsp;celebraci\u00f3n del D\u00eda Internacional del Teatro&nbsp;el pasado lunes 27 de marzo, por parte del Consejo de Teatro del Huila y que cont\u00f3 con el apoyo incondicional de la Secretar\u00eda de Cultura y Turismo Departamental. Todo para homenajear a este [&hellip;]<\/p>\n","protected":false},"author":2,"featured_media":0,"comment_status":"open","ping_status":"open","sticky":false,"template":"","format":"standard","meta":{"footnotes":""},"categories":[33],"tags":[],"class_list":["post-49403","post","type-post","status-publish","format-standard","hentry","category-huila"],"yoast_head":"<!-- This site is optimized with the Yoast SEO plugin v26.6 - https:\/\/yoast.com\/wordpress\/plugins\/seo\/ -->\n<title>Huila y su homenaje al teatro en su d\u00eda -<\/title>\n<meta name=\"robots\" content=\"index, follow, max-snippet:-1, max-image-preview:large, max-video-preview:-1\" \/>\n<link rel=\"canonical\" href=\"https:\/\/luchonoticias.com\/editor\/huila-y-su-homenaje-al-teatro-en-su-dia\/\" \/>\n<meta property=\"og:locale\" content=\"es_ES\" \/>\n<meta property=\"og:type\" content=\"article\" \/>\n<meta property=\"og:title\" content=\"Huila y su homenaje al teatro en su d\u00eda -\" \/>\n<meta property=\"og:url\" content=\"https:\/\/luchonoticias.com\/editor\/huila-y-su-homenaje-al-teatro-en-su-dia\/\" \/>\n<meta property=\"article:publisher\" content=\"https:\/\/www.facebook.com\/luchonoticiasneiva\" \/>\n<meta property=\"article:published_time\" content=\"2023-03-30T10:04:18+00:00\" \/>\n<meta property=\"article:modified_time\" content=\"2023-03-30T10:04:19+00:00\" \/>\n<meta name=\"author\" content=\"Editor General\" \/>\n<meta name=\"twitter:card\" content=\"summary_large_image\" \/>\n<meta name=\"twitter:label1\" content=\"Escrito por\" \/>\n\t<meta name=\"twitter:data1\" content=\"Editor General\" \/>\n\t<meta name=\"twitter:label2\" content=\"Tiempo de lectura\" \/>\n\t<meta name=\"twitter:data2\" content=\"2 minutos\" \/>\n<script type=\"application\/ld+json\" class=\"yoast-schema-graph\">{\"@context\":\"https:\/\/schema.org\",\"@graph\":[{\"@type\":\"Article\",\"@id\":\"https:\/\/luchonoticias.com\/editor\/huila-y-su-homenaje-al-teatro-en-su-dia\/#article\",\"isPartOf\":{\"@id\":\"https:\/\/luchonoticias.com\/editor\/huila-y-su-homenaje-al-teatro-en-su-dia\/\"},\"author\":{\"name\":\"Editor General\",\"@id\":\"https:\/\/luchonoticias.com\/editor\/#\/schema\/person\/29217990ddf6f14e35912b2866d591fb\"},\"headline\":\"Huila y su homenaje al teatro en su d\u00eda\",\"datePublished\":\"2023-03-30T10:04:18+00:00\",\"dateModified\":\"2023-03-30T10:04:19+00:00\",\"mainEntityOfPage\":{\"@id\":\"https:\/\/luchonoticias.com\/editor\/huila-y-su-homenaje-al-teatro-en-su-dia\/\"},\"wordCount\":464,\"commentCount\":0,\"publisher\":{\"@id\":\"https:\/\/luchonoticias.com\/editor\/#\/schema\/person\/7a7fd911f58561fd056dbac7b55af9cd\"},\"articleSection\":[\"Huila\"],\"inLanguage\":\"es\",\"potentialAction\":[{\"@type\":\"CommentAction\",\"name\":\"Comment\",\"target\":[\"https:\/\/luchonoticias.com\/editor\/huila-y-su-homenaje-al-teatro-en-su-dia\/#respond\"]}]},{\"@type\":\"WebPage\",\"@id\":\"https:\/\/luchonoticias.com\/editor\/huila-y-su-homenaje-al-teatro-en-su-dia\/\",\"url\":\"https:\/\/luchonoticias.com\/editor\/huila-y-su-homenaje-al-teatro-en-su-dia\/\",\"name\":\"Huila y su homenaje al teatro en su d\u00eda -\",\"isPartOf\":{\"@id\":\"https:\/\/luchonoticias.com\/editor\/#website\"},\"datePublished\":\"2023-03-30T10:04:18+00:00\",\"dateModified\":\"2023-03-30T10:04:19+00:00\",\"breadcrumb\":{\"@id\":\"https:\/\/luchonoticias.com\/editor\/huila-y-su-homenaje-al-teatro-en-su-dia\/#breadcrumb\"},\"inLanguage\":\"es\",\"potentialAction\":[{\"@type\":\"ReadAction\",\"target\":[\"https:\/\/luchonoticias.com\/editor\/huila-y-su-homenaje-al-teatro-en-su-dia\/\"]}]},{\"@type\":\"BreadcrumbList\",\"@id\":\"https:\/\/luchonoticias.com\/editor\/huila-y-su-homenaje-al-teatro-en-su-dia\/#breadcrumb\",\"itemListElement\":[{\"@type\":\"ListItem\",\"position\":1,\"name\":\"Portada\",\"item\":\"https:\/\/luchonoticias.com\/editor\/\"},{\"@type\":\"ListItem\",\"position\":2,\"name\":\"Huila y su homenaje al teatro en su d\u00eda\"}]},{\"@type\":\"WebSite\",\"@id\":\"https:\/\/luchonoticias.com\/editor\/#website\",\"url\":\"https:\/\/luchonoticias.com\/editor\/\",\"name\":\"\",\"description\":\"\",\"publisher\":{\"@id\":\"https:\/\/luchonoticias.com\/editor\/#\/schema\/person\/7a7fd911f58561fd056dbac7b55af9cd\"},\"potentialAction\":[{\"@type\":\"SearchAction\",\"target\":{\"@type\":\"EntryPoint\",\"urlTemplate\":\"https:\/\/luchonoticias.com\/editor\/?s={search_term_string}\"},\"query-input\":{\"@type\":\"PropertyValueSpecification\",\"valueRequired\":true,\"valueName\":\"search_term_string\"}}],\"inLanguage\":\"es\"},{\"@type\":[\"Person\",\"Organization\"],\"@id\":\"https:\/\/luchonoticias.com\/editor\/#\/schema\/person\/7a7fd911f58561fd056dbac7b55af9cd\",\"name\":\"admin\",\"image\":{\"@type\":\"ImageObject\",\"inLanguage\":\"es\",\"@id\":\"https:\/\/luchonoticias.com\/editor\/#\/schema\/person\/image\/\",\"url\":\"https:\/\/luchonoticias.com\/editor\/wp-content\/uploads\/2024\/02\/cropped-cropped-logolu.webp\",\"contentUrl\":\"https:\/\/luchonoticias.com\/editor\/wp-content\/uploads\/2024\/02\/cropped-cropped-logolu.webp\",\"width\":382,\"height\":170,\"caption\":\"admin\"},\"logo\":{\"@id\":\"https:\/\/luchonoticias.com\/editor\/#\/schema\/person\/image\/\"},\"sameAs\":[\"https:\/\/www.facebook.com\/luchonoticiasneiva\"]},{\"@type\":\"Person\",\"@id\":\"https:\/\/luchonoticias.com\/editor\/#\/schema\/person\/29217990ddf6f14e35912b2866d591fb\",\"name\":\"Editor General\",\"image\":{\"@type\":\"ImageObject\",\"inLanguage\":\"es\",\"@id\":\"https:\/\/luchonoticias.com\/editor\/#\/schema\/person\/image\/\",\"url\":\"https:\/\/luchonoticias.com\/editor\/wp-content\/uploads\/2024\/02\/cropped-cropped-logolu-150x150.webp\",\"contentUrl\":\"https:\/\/luchonoticias.com\/editor\/wp-content\/uploads\/2024\/02\/cropped-cropped-logolu-150x150.webp\",\"caption\":\"Editor General\"},\"sameAs\":[\"https:\/\/luchonoticias.com\/\"],\"url\":\"https:\/\/luchonoticias.com\/editor\/author\/editor-general\/\"}]}<\/script>\n<!-- \/ Yoast SEO plugin. -->","yoast_head_json":{"title":"Huila y su homenaje al teatro en su d\u00eda -","robots":{"index":"index","follow":"follow","max-snippet":"max-snippet:-1","max-image-preview":"max-image-preview:large","max-video-preview":"max-video-preview:-1"},"canonical":"https:\/\/luchonoticias.com\/editor\/huila-y-su-homenaje-al-teatro-en-su-dia\/","og_locale":"es_ES","og_type":"article","og_title":"Huila y su homenaje al teatro en su d\u00eda -","og_url":"https:\/\/luchonoticias.com\/editor\/huila-y-su-homenaje-al-teatro-en-su-dia\/","article_publisher":"https:\/\/www.facebook.com\/luchonoticiasneiva","article_published_time":"2023-03-30T10:04:18+00:00","article_modified_time":"2023-03-30T10:04:19+00:00","author":"Editor General","twitter_card":"summary_large_image","twitter_misc":{"Escrito por":"Editor General","Tiempo de lectura":"2 minutos"},"schema":{"@context":"https:\/\/schema.org","@graph":[{"@type":"Article","@id":"https:\/\/luchonoticias.com\/editor\/huila-y-su-homenaje-al-teatro-en-su-dia\/#article","isPartOf":{"@id":"https:\/\/luchonoticias.com\/editor\/huila-y-su-homenaje-al-teatro-en-su-dia\/"},"author":{"name":"Editor General","@id":"https:\/\/luchonoticias.com\/editor\/#\/schema\/person\/29217990ddf6f14e35912b2866d591fb"},"headline":"Huila y su homenaje al teatro en su d\u00eda","datePublished":"2023-03-30T10:04:18+00:00","dateModified":"2023-03-30T10:04:19+00:00","mainEntityOfPage":{"@id":"https:\/\/luchonoticias.com\/editor\/huila-y-su-homenaje-al-teatro-en-su-dia\/"},"wordCount":464,"commentCount":0,"publisher":{"@id":"https:\/\/luchonoticias.com\/editor\/#\/schema\/person\/7a7fd911f58561fd056dbac7b55af9cd"},"articleSection":["Huila"],"inLanguage":"es","potentialAction":[{"@type":"CommentAction","name":"Comment","target":["https:\/\/luchonoticias.com\/editor\/huila-y-su-homenaje-al-teatro-en-su-dia\/#respond"]}]},{"@type":"WebPage","@id":"https:\/\/luchonoticias.com\/editor\/huila-y-su-homenaje-al-teatro-en-su-dia\/","url":"https:\/\/luchonoticias.com\/editor\/huila-y-su-homenaje-al-teatro-en-su-dia\/","name":"Huila y su homenaje al teatro en su d\u00eda -","isPartOf":{"@id":"https:\/\/luchonoticias.com\/editor\/#website"},"datePublished":"2023-03-30T10:04:18+00:00","dateModified":"2023-03-30T10:04:19+00:00","breadcrumb":{"@id":"https:\/\/luchonoticias.com\/editor\/huila-y-su-homenaje-al-teatro-en-su-dia\/#breadcrumb"},"inLanguage":"es","potentialAction":[{"@type":"ReadAction","target":["https:\/\/luchonoticias.com\/editor\/huila-y-su-homenaje-al-teatro-en-su-dia\/"]}]},{"@type":"BreadcrumbList","@id":"https:\/\/luchonoticias.com\/editor\/huila-y-su-homenaje-al-teatro-en-su-dia\/#breadcrumb","itemListElement":[{"@type":"ListItem","position":1,"name":"Portada","item":"https:\/\/luchonoticias.com\/editor\/"},{"@type":"ListItem","position":2,"name":"Huila y su homenaje al teatro en su d\u00eda"}]},{"@type":"WebSite","@id":"https:\/\/luchonoticias.com\/editor\/#website","url":"https:\/\/luchonoticias.com\/editor\/","name":"","description":"","publisher":{"@id":"https:\/\/luchonoticias.com\/editor\/#\/schema\/person\/7a7fd911f58561fd056dbac7b55af9cd"},"potentialAction":[{"@type":"SearchAction","target":{"@type":"EntryPoint","urlTemplate":"https:\/\/luchonoticias.com\/editor\/?s={search_term_string}"},"query-input":{"@type":"PropertyValueSpecification","valueRequired":true,"valueName":"search_term_string"}}],"inLanguage":"es"},{"@type":["Person","Organization"],"@id":"https:\/\/luchonoticias.com\/editor\/#\/schema\/person\/7a7fd911f58561fd056dbac7b55af9cd","name":"admin","image":{"@type":"ImageObject","inLanguage":"es","@id":"https:\/\/luchonoticias.com\/editor\/#\/schema\/person\/image\/","url":"https:\/\/luchonoticias.com\/editor\/wp-content\/uploads\/2024\/02\/cropped-cropped-logolu.webp","contentUrl":"https:\/\/luchonoticias.com\/editor\/wp-content\/uploads\/2024\/02\/cropped-cropped-logolu.webp","width":382,"height":170,"caption":"admin"},"logo":{"@id":"https:\/\/luchonoticias.com\/editor\/#\/schema\/person\/image\/"},"sameAs":["https:\/\/www.facebook.com\/luchonoticiasneiva"]},{"@type":"Person","@id":"https:\/\/luchonoticias.com\/editor\/#\/schema\/person\/29217990ddf6f14e35912b2866d591fb","name":"Editor General","image":{"@type":"ImageObject","inLanguage":"es","@id":"https:\/\/luchonoticias.com\/editor\/#\/schema\/person\/image\/","url":"https:\/\/luchonoticias.com\/editor\/wp-content\/uploads\/2024\/02\/cropped-cropped-logolu-150x150.webp","contentUrl":"https:\/\/luchonoticias.com\/editor\/wp-content\/uploads\/2024\/02\/cropped-cropped-logolu-150x150.webp","caption":"Editor General"},"sameAs":["https:\/\/luchonoticias.com\/"],"url":"https:\/\/luchonoticias.com\/editor\/author\/editor-general\/"}]}},"_links":{"self":[{"href":"https:\/\/luchonoticias.com\/editor\/wp-json\/wp\/v2\/posts\/49403","targetHints":{"allow":["GET"]}}],"collection":[{"href":"https:\/\/luchonoticias.com\/editor\/wp-json\/wp\/v2\/posts"}],"about":[{"href":"https:\/\/luchonoticias.com\/editor\/wp-json\/wp\/v2\/types\/post"}],"author":[{"embeddable":true,"href":"https:\/\/luchonoticias.com\/editor\/wp-json\/wp\/v2\/users\/2"}],"replies":[{"embeddable":true,"href":"https:\/\/luchonoticias.com\/editor\/wp-json\/wp\/v2\/comments?post=49403"}],"version-history":[{"count":0,"href":"https:\/\/luchonoticias.com\/editor\/wp-json\/wp\/v2\/posts\/49403\/revisions"}],"wp:attachment":[{"href":"https:\/\/luchonoticias.com\/editor\/wp-json\/wp\/v2\/media?parent=49403"}],"wp:term":[{"taxonomy":"category","embeddable":true,"href":"https:\/\/luchonoticias.com\/editor\/wp-json\/wp\/v2\/categories?post=49403"},{"taxonomy":"post_tag","embeddable":true,"href":"https:\/\/luchonoticias.com\/editor\/wp-json\/wp\/v2\/tags?post=49403"}],"curies":[{"name":"wp","href":"https:\/\/api.w.org\/{rel}","templated":true}]}}