{"id":49611,"date":"2023-04-01T06:42:08","date_gmt":"2023-04-01T11:42:08","guid":{"rendered":"https:\/\/luchonoticias.com\/?p=49611"},"modified":"2023-04-01T06:42:09","modified_gmt":"2023-04-01T11:42:09","slug":"gobierno-nacional-anuncia-que-3-aerolineas-la-fuerza-aerea-transportaran-pasajeros-afectados-por-la-crisis-aerea-del-pais","status":"publish","type":"post","link":"https:\/\/luchonoticias.com\/editor\/gobierno-nacional-anuncia-que-3-aerolineas-la-fuerza-aerea-transportaran-pasajeros-afectados-por-la-crisis-aerea-del-pais\/","title":{"rendered":"Gobierno Nacional anuncia que 3 aerol\u00edneas la Fuerza A\u00e9rea transportar\u00e1n pasajeros afectados por la crisis a\u00e9rea del pa\u00eds"},"content":{"rendered":"\n<p>El Gobierno Nacional, a trav\u00e9s del Ministro del Transporte, Guillermo Reyes, anunci\u00f3 este viernes que las aerol\u00edneas Avianca, Latam y Wingo, sumadas a la Fuerza A\u00e9rea Colombiana (FAC), transportar\u00e1n a pasajeros afectados en medio de crisis a\u00e9rea que enfrenta el pa\u00eds por la suspensi\u00f3n de operaciones de la empresa Ultra Air.<\/p>\n\n\n\n<p>El titular de la cartera de Transporte indic\u00f3 que las medidas tomadas, por instrucciones del Presidente Gustavo Petro, est\u00e1n enfocadas a atender a los pasajeros de Ultra Air tanto en \u201cel plan de evacuaci\u00f3n como en el cumplimiento de sus itinerarios de viaje de Semana Santa y en lo que vendr\u00e1 despu\u00e9s de esta temporada\u201d.<\/p>\n\n\n\n<p>El Ministro Reyes inform\u00f3 que \u201cAvianca ha ofrecido una serie de aviones y de cupos adicionales para trasladar a pasajeros hacia y desde el archipi\u00e9lago de San Andr\u00e9s hacia el centro del pa\u00eds, en un sentido de solidaridad y compromiso\u201d.<\/p>\n\n\n\n<p>En ese contexto, indic\u00f3 que, en atenci\u00f3n al llamado que hizo el Gobierno Nacional, Avianca ha dispuesto de cuatro aeronaves a partir de la madrugada del s\u00e1bado.<\/p>\n\n\n\n<p>Explic\u00f3 que son \u201ccuatro aviones saliendo en simult\u00e1nea con capacidad para cerca de 600 pasajeros hacia San Andr\u00e9s, saliendo desde Bogot\u00e1 (dos vuelos), Cali (un vuelo) y Medell\u00edn-Rionegro (un vuelo), en su gran mayor\u00eda cumpliendo el sue\u00f1o de las vacaciones de Semana Santa\u201d.<\/p>\n\n\n\n<p>Asimismo, estos aviones van a regresar m\u00e1s tarde con pasajeros desde San Andr\u00e9s hacia Bogot\u00e1, Cali y Rionegro.<\/p>\n\n\n\n<p>Adicionalmente, el Ministro de Transporte dijo que de aqu\u00ed al 10 de abril la aerol\u00ednea Avianca dispondr\u00e1 de 82 vuelos desde y hacia San Andr\u00e9s con m\u00e1s de 15.000 sillas disponibles para atender la crisis.<\/p>\n\n\n\n<p>Respecto a la empresa Latam, Reyes dijo que \u201cha ofrecido un vuelo, en la fecha, San Andr\u00e9s Isla-Bogot\u00e1, con un total de 176 pasajeros movilizados, m\u00e1s tarifas adicionales a los pasajeros con tiquete reservado de Ultra. Se han logrado ocupar m\u00e1s de 2.000 pasajeros\u201d.<\/p>\n\n\n\n<p>\u201cPor su parte, la aerol\u00ednea Wingo ha ofrecido algunas disponibilidades en sus vuelos, que con ch\u00e1rter se aproximan a 2.722 pasajeros\u201d, agreg\u00f3.<\/p>\n\n\n\n<p><strong>El apoyo de la Fuerza A\u00e9rea<\/strong><\/p>\n\n\n\n<p>Con relaci\u00f3n a la disposici\u00f3n de aviones ordenada por el Presidente Petro en la FAC, el Ministro destac\u00f3 que esto se ha traducido en tres vuelos, dos de ellos con aeronaves Boeing 707 y 737, lo que ha significa la movilizaci\u00f3n de 124 pasajeros desde San Andr\u00e9s a destinos como Rionegro y Bogot\u00e1.<\/p>\n\n\n\n<p>Igualmente, con el avi\u00f3n presidencial se adelant\u00f3 la ruta Cartagena-Santa Marta- Bogot\u00e1 para apoyar a 30 pasajeros.<\/p>\n\n\n\n<p>\u201cSolicitamos tranquilidad y respeto al personal en los aeropuertos, porque esta coyuntura no se soluciona con las v\u00edas de hecho. Se est\u00e1n ofreciendo disponibilidades para todos y no me cabe la menor duda que todos los pasajeros de Ultra ser\u00e1n atendidos para que junto con sus familias cumplan con el anhelado viaje de Semana Santa\u201d, manifest\u00f3 el titular de la cartera de Transporte.<\/p>\n\n\n\n<p>Finalmente, el Ministro resalt\u00f3 que frente a esta crisis el Gobierno Nacional ha respondido de manera pronta y \u00e1gil para ayudar a los pasajeros afectados.<\/p>\n","protected":false},"excerpt":{"rendered":"<p>El Gobierno Nacional, a trav\u00e9s del Ministro del Transporte, Guillermo Reyes, anunci\u00f3 este viernes que las aerol\u00edneas Avianca, Latam y Wingo, sumadas a la Fuerza A\u00e9rea Colombiana (FAC), transportar\u00e1n a pasajeros afectados en medio de crisis a\u00e9rea que enfrenta el pa\u00eds por la suspensi\u00f3n de operaciones de la empresa Ultra Air. El titular de la [&hellip;]<\/p>\n","protected":false},"author":2,"featured_media":0,"comment_status":"open","ping_status":"open","sticky":false,"template":"","format":"standard","meta":{"footnotes":""},"categories":[36,32],"tags":[],"class_list":["post-49611","post","type-post","status-publish","format-standard","hentry","category-destacado","category-nacional"],"yoast_head":"<!-- This site is optimized with the Yoast SEO plugin v26.6 - https:\/\/yoast.com\/wordpress\/plugins\/seo\/ -->\n<title>Gobierno Nacional anuncia que 3 aerol\u00edneas la Fuerza A\u00e9rea transportar\u00e1n pasajeros afectados por la crisis a\u00e9rea del pa\u00eds -<\/title>\n<meta name=\"robots\" content=\"index, follow, max-snippet:-1, max-image-preview:large, max-video-preview:-1\" \/>\n<link rel=\"canonical\" href=\"https:\/\/luchonoticias.com\/editor\/gobierno-nacional-anuncia-que-3-aerolineas-la-fuerza-aerea-transportaran-pasajeros-afectados-por-la-crisis-aerea-del-pais\/\" \/>\n<meta property=\"og:locale\" content=\"es_ES\" \/>\n<meta property=\"og:type\" content=\"article\" \/>\n<meta property=\"og:title\" content=\"Gobierno Nacional anuncia que 3 aerol\u00edneas la Fuerza A\u00e9rea transportar\u00e1n pasajeros afectados por la crisis a\u00e9rea del pa\u00eds -\" \/>\n<meta property=\"og:url\" content=\"https:\/\/luchonoticias.com\/editor\/gobierno-nacional-anuncia-que-3-aerolineas-la-fuerza-aerea-transportaran-pasajeros-afectados-por-la-crisis-aerea-del-pais\/\" \/>\n<meta property=\"article:publisher\" content=\"https:\/\/www.facebook.com\/luchonoticiasneiva\" \/>\n<meta property=\"article:published_time\" content=\"2023-04-01T11:42:08+00:00\" \/>\n<meta property=\"article:modified_time\" content=\"2023-04-01T11:42:09+00:00\" \/>\n<meta name=\"author\" content=\"Editor General\" \/>\n<meta name=\"twitter:card\" content=\"summary_large_image\" \/>\n<meta name=\"twitter:label1\" content=\"Escrito por\" \/>\n\t<meta name=\"twitter:data1\" content=\"Editor General\" \/>\n\t<meta name=\"twitter:label2\" content=\"Tiempo de lectura\" \/>\n\t<meta name=\"twitter:data2\" content=\"3 minutos\" \/>\n<script type=\"application\/ld+json\" class=\"yoast-schema-graph\">{\"@context\":\"https:\/\/schema.org\",\"@graph\":[{\"@type\":\"Article\",\"@id\":\"https:\/\/luchonoticias.com\/editor\/gobierno-nacional-anuncia-que-3-aerolineas-la-fuerza-aerea-transportaran-pasajeros-afectados-por-la-crisis-aerea-del-pais\/#article\",\"isPartOf\":{\"@id\":\"https:\/\/luchonoticias.com\/editor\/gobierno-nacional-anuncia-que-3-aerolineas-la-fuerza-aerea-transportaran-pasajeros-afectados-por-la-crisis-aerea-del-pais\/\"},\"author\":{\"name\":\"Editor General\",\"@id\":\"https:\/\/luchonoticias.com\/editor\/#\/schema\/person\/29217990ddf6f14e35912b2866d591fb\"},\"headline\":\"Gobierno Nacional anuncia que 3 aerol\u00edneas la Fuerza A\u00e9rea transportar\u00e1n pasajeros afectados por la crisis a\u00e9rea del pa\u00eds\",\"datePublished\":\"2023-04-01T11:42:08+00:00\",\"dateModified\":\"2023-04-01T11:42:09+00:00\",\"mainEntityOfPage\":{\"@id\":\"https:\/\/luchonoticias.com\/editor\/gobierno-nacional-anuncia-que-3-aerolineas-la-fuerza-aerea-transportaran-pasajeros-afectados-por-la-crisis-aerea-del-pais\/\"},\"wordCount\":549,\"commentCount\":0,\"publisher\":{\"@id\":\"https:\/\/luchonoticias.com\/editor\/#\/schema\/person\/7a7fd911f58561fd056dbac7b55af9cd\"},\"articleSection\":[\"Destacado\",\"Nacional\"],\"inLanguage\":\"es\",\"potentialAction\":[{\"@type\":\"CommentAction\",\"name\":\"Comment\",\"target\":[\"https:\/\/luchonoticias.com\/editor\/gobierno-nacional-anuncia-que-3-aerolineas-la-fuerza-aerea-transportaran-pasajeros-afectados-por-la-crisis-aerea-del-pais\/#respond\"]}]},{\"@type\":\"WebPage\",\"@id\":\"https:\/\/luchonoticias.com\/editor\/gobierno-nacional-anuncia-que-3-aerolineas-la-fuerza-aerea-transportaran-pasajeros-afectados-por-la-crisis-aerea-del-pais\/\",\"url\":\"https:\/\/luchonoticias.com\/editor\/gobierno-nacional-anuncia-que-3-aerolineas-la-fuerza-aerea-transportaran-pasajeros-afectados-por-la-crisis-aerea-del-pais\/\",\"name\":\"Gobierno Nacional anuncia que 3 aerol\u00edneas la Fuerza A\u00e9rea transportar\u00e1n pasajeros afectados por la crisis a\u00e9rea del pa\u00eds -\",\"isPartOf\":{\"@id\":\"https:\/\/luchonoticias.com\/editor\/#website\"},\"datePublished\":\"2023-04-01T11:42:08+00:00\",\"dateModified\":\"2023-04-01T11:42:09+00:00\",\"breadcrumb\":{\"@id\":\"https:\/\/luchonoticias.com\/editor\/gobierno-nacional-anuncia-que-3-aerolineas-la-fuerza-aerea-transportaran-pasajeros-afectados-por-la-crisis-aerea-del-pais\/#breadcrumb\"},\"inLanguage\":\"es\",\"potentialAction\":[{\"@type\":\"ReadAction\",\"target\":[\"https:\/\/luchonoticias.com\/editor\/gobierno-nacional-anuncia-que-3-aerolineas-la-fuerza-aerea-transportaran-pasajeros-afectados-por-la-crisis-aerea-del-pais\/\"]}]},{\"@type\":\"BreadcrumbList\",\"@id\":\"https:\/\/luchonoticias.com\/editor\/gobierno-nacional-anuncia-que-3-aerolineas-la-fuerza-aerea-transportaran-pasajeros-afectados-por-la-crisis-aerea-del-pais\/#breadcrumb\",\"itemListElement\":[{\"@type\":\"ListItem\",\"position\":1,\"name\":\"Portada\",\"item\":\"https:\/\/luchonoticias.com\/editor\/\"},{\"@type\":\"ListItem\",\"position\":2,\"name\":\"Gobierno Nacional anuncia que 3 aerol\u00edneas la Fuerza A\u00e9rea transportar\u00e1n pasajeros afectados por la crisis a\u00e9rea del pa\u00eds\"}]},{\"@type\":\"WebSite\",\"@id\":\"https:\/\/luchonoticias.com\/editor\/#website\",\"url\":\"https:\/\/luchonoticias.com\/editor\/\",\"name\":\"\",\"description\":\"\",\"publisher\":{\"@id\":\"https:\/\/luchonoticias.com\/editor\/#\/schema\/person\/7a7fd911f58561fd056dbac7b55af9cd\"},\"potentialAction\":[{\"@type\":\"SearchAction\",\"target\":{\"@type\":\"EntryPoint\",\"urlTemplate\":\"https:\/\/luchonoticias.com\/editor\/?s={search_term_string}\"},\"query-input\":{\"@type\":\"PropertyValueSpecification\",\"valueRequired\":true,\"valueName\":\"search_term_string\"}}],\"inLanguage\":\"es\"},{\"@type\":[\"Person\",\"Organization\"],\"@id\":\"https:\/\/luchonoticias.com\/editor\/#\/schema\/person\/7a7fd911f58561fd056dbac7b55af9cd\",\"name\":\"admin\",\"image\":{\"@type\":\"ImageObject\",\"inLanguage\":\"es\",\"@id\":\"https:\/\/luchonoticias.com\/editor\/#\/schema\/person\/image\/\",\"url\":\"https:\/\/luchonoticias.com\/editor\/wp-content\/uploads\/2024\/02\/cropped-cropped-logolu.webp\",\"contentUrl\":\"https:\/\/luchonoticias.com\/editor\/wp-content\/uploads\/2024\/02\/cropped-cropped-logolu.webp\",\"width\":382,\"height\":170,\"caption\":\"admin\"},\"logo\":{\"@id\":\"https:\/\/luchonoticias.com\/editor\/#\/schema\/person\/image\/\"},\"sameAs\":[\"https:\/\/www.facebook.com\/luchonoticiasneiva\"]},{\"@type\":\"Person\",\"@id\":\"https:\/\/luchonoticias.com\/editor\/#\/schema\/person\/29217990ddf6f14e35912b2866d591fb\",\"name\":\"Editor General\",\"image\":{\"@type\":\"ImageObject\",\"inLanguage\":\"es\",\"@id\":\"https:\/\/luchonoticias.com\/editor\/#\/schema\/person\/image\/\",\"url\":\"https:\/\/luchonoticias.com\/editor\/wp-content\/uploads\/2024\/02\/cropped-cropped-logolu-150x150.webp\",\"contentUrl\":\"https:\/\/luchonoticias.com\/editor\/wp-content\/uploads\/2024\/02\/cropped-cropped-logolu-150x150.webp\",\"caption\":\"Editor General\"},\"sameAs\":[\"https:\/\/luchonoticias.com\/\"],\"url\":\"https:\/\/luchonoticias.com\/editor\/author\/editor-general\/\"}]}<\/script>\n<!-- \/ Yoast SEO plugin. -->","yoast_head_json":{"title":"Gobierno Nacional anuncia que 3 aerol\u00edneas la Fuerza A\u00e9rea transportar\u00e1n pasajeros afectados por la crisis a\u00e9rea del pa\u00eds -","robots":{"index":"index","follow":"follow","max-snippet":"max-snippet:-1","max-image-preview":"max-image-preview:large","max-video-preview":"max-video-preview:-1"},"canonical":"https:\/\/luchonoticias.com\/editor\/gobierno-nacional-anuncia-que-3-aerolineas-la-fuerza-aerea-transportaran-pasajeros-afectados-por-la-crisis-aerea-del-pais\/","og_locale":"es_ES","og_type":"article","og_title":"Gobierno Nacional anuncia que 3 aerol\u00edneas la Fuerza A\u00e9rea transportar\u00e1n pasajeros afectados por la crisis a\u00e9rea del pa\u00eds -","og_url":"https:\/\/luchonoticias.com\/editor\/gobierno-nacional-anuncia-que-3-aerolineas-la-fuerza-aerea-transportaran-pasajeros-afectados-por-la-crisis-aerea-del-pais\/","article_publisher":"https:\/\/www.facebook.com\/luchonoticiasneiva","article_published_time":"2023-04-01T11:42:08+00:00","article_modified_time":"2023-04-01T11:42:09+00:00","author":"Editor General","twitter_card":"summary_large_image","twitter_misc":{"Escrito por":"Editor General","Tiempo de lectura":"3 minutos"},"schema":{"@context":"https:\/\/schema.org","@graph":[{"@type":"Article","@id":"https:\/\/luchonoticias.com\/editor\/gobierno-nacional-anuncia-que-3-aerolineas-la-fuerza-aerea-transportaran-pasajeros-afectados-por-la-crisis-aerea-del-pais\/#article","isPartOf":{"@id":"https:\/\/luchonoticias.com\/editor\/gobierno-nacional-anuncia-que-3-aerolineas-la-fuerza-aerea-transportaran-pasajeros-afectados-por-la-crisis-aerea-del-pais\/"},"author":{"name":"Editor General","@id":"https:\/\/luchonoticias.com\/editor\/#\/schema\/person\/29217990ddf6f14e35912b2866d591fb"},"headline":"Gobierno Nacional anuncia que 3 aerol\u00edneas la Fuerza A\u00e9rea transportar\u00e1n pasajeros afectados por la crisis a\u00e9rea del pa\u00eds","datePublished":"2023-04-01T11:42:08+00:00","dateModified":"2023-04-01T11:42:09+00:00","mainEntityOfPage":{"@id":"https:\/\/luchonoticias.com\/editor\/gobierno-nacional-anuncia-que-3-aerolineas-la-fuerza-aerea-transportaran-pasajeros-afectados-por-la-crisis-aerea-del-pais\/"},"wordCount":549,"commentCount":0,"publisher":{"@id":"https:\/\/luchonoticias.com\/editor\/#\/schema\/person\/7a7fd911f58561fd056dbac7b55af9cd"},"articleSection":["Destacado","Nacional"],"inLanguage":"es","potentialAction":[{"@type":"CommentAction","name":"Comment","target":["https:\/\/luchonoticias.com\/editor\/gobierno-nacional-anuncia-que-3-aerolineas-la-fuerza-aerea-transportaran-pasajeros-afectados-por-la-crisis-aerea-del-pais\/#respond"]}]},{"@type":"WebPage","@id":"https:\/\/luchonoticias.com\/editor\/gobierno-nacional-anuncia-que-3-aerolineas-la-fuerza-aerea-transportaran-pasajeros-afectados-por-la-crisis-aerea-del-pais\/","url":"https:\/\/luchonoticias.com\/editor\/gobierno-nacional-anuncia-que-3-aerolineas-la-fuerza-aerea-transportaran-pasajeros-afectados-por-la-crisis-aerea-del-pais\/","name":"Gobierno Nacional anuncia que 3 aerol\u00edneas la Fuerza A\u00e9rea transportar\u00e1n pasajeros afectados por la crisis a\u00e9rea del pa\u00eds -","isPartOf":{"@id":"https:\/\/luchonoticias.com\/editor\/#website"},"datePublished":"2023-04-01T11:42:08+00:00","dateModified":"2023-04-01T11:42:09+00:00","breadcrumb":{"@id":"https:\/\/luchonoticias.com\/editor\/gobierno-nacional-anuncia-que-3-aerolineas-la-fuerza-aerea-transportaran-pasajeros-afectados-por-la-crisis-aerea-del-pais\/#breadcrumb"},"inLanguage":"es","potentialAction":[{"@type":"ReadAction","target":["https:\/\/luchonoticias.com\/editor\/gobierno-nacional-anuncia-que-3-aerolineas-la-fuerza-aerea-transportaran-pasajeros-afectados-por-la-crisis-aerea-del-pais\/"]}]},{"@type":"BreadcrumbList","@id":"https:\/\/luchonoticias.com\/editor\/gobierno-nacional-anuncia-que-3-aerolineas-la-fuerza-aerea-transportaran-pasajeros-afectados-por-la-crisis-aerea-del-pais\/#breadcrumb","itemListElement":[{"@type":"ListItem","position":1,"name":"Portada","item":"https:\/\/luchonoticias.com\/editor\/"},{"@type":"ListItem","position":2,"name":"Gobierno Nacional anuncia que 3 aerol\u00edneas la Fuerza A\u00e9rea transportar\u00e1n pasajeros afectados por la crisis a\u00e9rea del pa\u00eds"}]},{"@type":"WebSite","@id":"https:\/\/luchonoticias.com\/editor\/#website","url":"https:\/\/luchonoticias.com\/editor\/","name":"","description":"","publisher":{"@id":"https:\/\/luchonoticias.com\/editor\/#\/schema\/person\/7a7fd911f58561fd056dbac7b55af9cd"},"potentialAction":[{"@type":"SearchAction","target":{"@type":"EntryPoint","urlTemplate":"https:\/\/luchonoticias.com\/editor\/?s={search_term_string}"},"query-input":{"@type":"PropertyValueSpecification","valueRequired":true,"valueName":"search_term_string"}}],"inLanguage":"es"},{"@type":["Person","Organization"],"@id":"https:\/\/luchonoticias.com\/editor\/#\/schema\/person\/7a7fd911f58561fd056dbac7b55af9cd","name":"admin","image":{"@type":"ImageObject","inLanguage":"es","@id":"https:\/\/luchonoticias.com\/editor\/#\/schema\/person\/image\/","url":"https:\/\/luchonoticias.com\/editor\/wp-content\/uploads\/2024\/02\/cropped-cropped-logolu.webp","contentUrl":"https:\/\/luchonoticias.com\/editor\/wp-content\/uploads\/2024\/02\/cropped-cropped-logolu.webp","width":382,"height":170,"caption":"admin"},"logo":{"@id":"https:\/\/luchonoticias.com\/editor\/#\/schema\/person\/image\/"},"sameAs":["https:\/\/www.facebook.com\/luchonoticiasneiva"]},{"@type":"Person","@id":"https:\/\/luchonoticias.com\/editor\/#\/schema\/person\/29217990ddf6f14e35912b2866d591fb","name":"Editor General","image":{"@type":"ImageObject","inLanguage":"es","@id":"https:\/\/luchonoticias.com\/editor\/#\/schema\/person\/image\/","url":"https:\/\/luchonoticias.com\/editor\/wp-content\/uploads\/2024\/02\/cropped-cropped-logolu-150x150.webp","contentUrl":"https:\/\/luchonoticias.com\/editor\/wp-content\/uploads\/2024\/02\/cropped-cropped-logolu-150x150.webp","caption":"Editor General"},"sameAs":["https:\/\/luchonoticias.com\/"],"url":"https:\/\/luchonoticias.com\/editor\/author\/editor-general\/"}]}},"_links":{"self":[{"href":"https:\/\/luchonoticias.com\/editor\/wp-json\/wp\/v2\/posts\/49611","targetHints":{"allow":["GET"]}}],"collection":[{"href":"https:\/\/luchonoticias.com\/editor\/wp-json\/wp\/v2\/posts"}],"about":[{"href":"https:\/\/luchonoticias.com\/editor\/wp-json\/wp\/v2\/types\/post"}],"author":[{"embeddable":true,"href":"https:\/\/luchonoticias.com\/editor\/wp-json\/wp\/v2\/users\/2"}],"replies":[{"embeddable":true,"href":"https:\/\/luchonoticias.com\/editor\/wp-json\/wp\/v2\/comments?post=49611"}],"version-history":[{"count":0,"href":"https:\/\/luchonoticias.com\/editor\/wp-json\/wp\/v2\/posts\/49611\/revisions"}],"wp:attachment":[{"href":"https:\/\/luchonoticias.com\/editor\/wp-json\/wp\/v2\/media?parent=49611"}],"wp:term":[{"taxonomy":"category","embeddable":true,"href":"https:\/\/luchonoticias.com\/editor\/wp-json\/wp\/v2\/categories?post=49611"},{"taxonomy":"post_tag","embeddable":true,"href":"https:\/\/luchonoticias.com\/editor\/wp-json\/wp\/v2\/tags?post=49611"}],"curies":[{"name":"wp","href":"https:\/\/api.w.org\/{rel}","templated":true}]}}