{"id":49614,"date":"2023-04-01T06:57:08","date_gmt":"2023-04-01T11:57:08","guid":{"rendered":"https:\/\/luchonoticias.com\/?p=49614"},"modified":"2023-04-01T06:57:09","modified_gmt":"2023-04-01T11:57:09","slug":"maxima-alerta-por-posible-erupcion-del-volcan-nevado-del-ruiz","status":"publish","type":"post","link":"https:\/\/luchonoticias.com\/editor\/maxima-alerta-por-posible-erupcion-del-volcan-nevado-del-ruiz\/","title":{"rendered":"M\u00e1xima alerta por posible erupci\u00f3n del Volc\u00e1n Nevado del Ru\u00edz"},"content":{"rendered":"\n<p>La alerta que se ha mantenido por d\u00edas por el volc\u00e1n Nevado del Ruiz y que subi\u00f3 a naranja, tiene a cinco Departamentos del pa\u00eds con la activaci\u00f3n de sus comit\u00e9s de riesgo en alerta ante la posible erupci\u00f3n del Volc\u00e1n Nevado del Ru\u00edz.<\/p>\n\n\n\n<p>De acuerdo con el UNGRD, la zona de influencia del volc\u00e1n abarca 22 municipios de los departamentos de Tolima, Caldas, Risaralda, Quind\u00edo y Cundinamarca. En estos residen cerca de 57 mil personas en cabeceras municipales y zonas rurales dispersas.<\/p>\n\n\n\n<p>Los municipios que se ver\u00edan m\u00e1s afectados seg\u00fan el SGC son Villamar\u00eda por el lado de Caldas, Herveo, Casabianca, Villahermosa y Murillo en la parte del Tolima) y Santa Rosa de Cabal en la zona de Risaralda.<\/p>\n\n\n\n<figure class=\"wp-block-video\"><video controls src=\"https:\/\/luchonoticias.com\/wp-content\/uploads\/2023\/04\/338449784_237287982111188_3477264889966971181_n.mp4\"><\/video><\/figure>\n\n\n\n<p>Asimismo seg\u00fan lo revelado por las autoridades, otro de los puntos que tendr\u00eda grave afectaciones por una erupci\u00f3n del Volc\u00e1n Nevado del Ru\u00edz, serian las cuencas de los r\u00edos: Lagunilla, Gual\u00ed, Azufrado, Recio, Molinos, Las quebradas Nereidas, Alfombrales, La Lisa, La Marcada, La Hedionda, Aguas Calientes, La Plazuela y La Negra.<\/p>\n\n\n\n<p>\u00abLa alerta naranja se mantiene hasta tanto la situaci\u00f3n no cambie. No podemos adivinar o determinar que suceder\u00e1, pero esperamos poder cambiar a alerta amarilla. Nuestra actividad es generar reportes diarios y si hay cambios de actividad\u00bb, dijo el director del SGC Julio Fierro Morales.<\/p>\n","protected":false},"excerpt":{"rendered":"<p>La alerta que se ha mantenido por d\u00edas por el volc\u00e1n Nevado del Ruiz y que subi\u00f3 a naranja, tiene a cinco Departamentos del pa\u00eds con la activaci\u00f3n de sus comit\u00e9s de riesgo en alerta ante la posible erupci\u00f3n del Volc\u00e1n Nevado del Ru\u00edz. De acuerdo con el UNGRD, la zona de influencia del volc\u00e1n [&hellip;]<\/p>\n","protected":false},"author":2,"featured_media":0,"comment_status":"open","ping_status":"open","sticky":false,"template":"","format":"standard","meta":{"footnotes":""},"categories":[28,36],"tags":[],"class_list":["post-49614","post","type-post","status-publish","format-standard","hentry","category-actualidad","category-destacado"],"yoast_head":"<!-- This site is optimized with the Yoast SEO plugin v26.6 - https:\/\/yoast.com\/wordpress\/plugins\/seo\/ -->\n<title>M\u00e1xima alerta por posible erupci\u00f3n del Volc\u00e1n Nevado del Ru\u00edz -<\/title>\n<meta name=\"robots\" content=\"index, follow, max-snippet:-1, max-image-preview:large, max-video-preview:-1\" \/>\n<link rel=\"canonical\" href=\"https:\/\/luchonoticias.com\/editor\/maxima-alerta-por-posible-erupcion-del-volcan-nevado-del-ruiz\/\" \/>\n<meta property=\"og:locale\" content=\"es_ES\" \/>\n<meta property=\"og:type\" content=\"article\" \/>\n<meta property=\"og:title\" content=\"M\u00e1xima alerta por posible erupci\u00f3n del Volc\u00e1n Nevado del Ru\u00edz -\" \/>\n<meta property=\"og:url\" content=\"https:\/\/luchonoticias.com\/editor\/maxima-alerta-por-posible-erupcion-del-volcan-nevado-del-ruiz\/\" \/>\n<meta property=\"article:publisher\" content=\"https:\/\/www.facebook.com\/luchonoticiasneiva\" \/>\n<meta property=\"article:published_time\" content=\"2023-04-01T11:57:08+00:00\" \/>\n<meta property=\"article:modified_time\" content=\"2023-04-01T11:57:09+00:00\" \/>\n<meta name=\"author\" content=\"Editor General\" \/>\n<meta name=\"twitter:card\" content=\"summary_large_image\" \/>\n<meta name=\"twitter:label1\" content=\"Escrito por\" \/>\n\t<meta name=\"twitter:data1\" content=\"Editor General\" \/>\n\t<meta name=\"twitter:label2\" content=\"Tiempo de lectura\" \/>\n\t<meta name=\"twitter:data2\" content=\"1 minuto\" \/>\n<script type=\"application\/ld+json\" class=\"yoast-schema-graph\">{\"@context\":\"https:\/\/schema.org\",\"@graph\":[{\"@type\":\"Article\",\"@id\":\"https:\/\/luchonoticias.com\/editor\/maxima-alerta-por-posible-erupcion-del-volcan-nevado-del-ruiz\/#article\",\"isPartOf\":{\"@id\":\"https:\/\/luchonoticias.com\/editor\/maxima-alerta-por-posible-erupcion-del-volcan-nevado-del-ruiz\/\"},\"author\":{\"name\":\"Editor General\",\"@id\":\"https:\/\/luchonoticias.com\/editor\/#\/schema\/person\/29217990ddf6f14e35912b2866d591fb\"},\"headline\":\"M\u00e1xima alerta por posible erupci\u00f3n del Volc\u00e1n Nevado del Ru\u00edz\",\"datePublished\":\"2023-04-01T11:57:08+00:00\",\"dateModified\":\"2023-04-01T11:57:09+00:00\",\"mainEntityOfPage\":{\"@id\":\"https:\/\/luchonoticias.com\/editor\/maxima-alerta-por-posible-erupcion-del-volcan-nevado-del-ruiz\/\"},\"wordCount\":249,\"commentCount\":0,\"publisher\":{\"@id\":\"https:\/\/luchonoticias.com\/editor\/#\/schema\/person\/7a7fd911f58561fd056dbac7b55af9cd\"},\"articleSection\":[\"Actualidad\",\"Destacado\"],\"inLanguage\":\"es\",\"potentialAction\":[{\"@type\":\"CommentAction\",\"name\":\"Comment\",\"target\":[\"https:\/\/luchonoticias.com\/editor\/maxima-alerta-por-posible-erupcion-del-volcan-nevado-del-ruiz\/#respond\"]}]},{\"@type\":\"WebPage\",\"@id\":\"https:\/\/luchonoticias.com\/editor\/maxima-alerta-por-posible-erupcion-del-volcan-nevado-del-ruiz\/\",\"url\":\"https:\/\/luchonoticias.com\/editor\/maxima-alerta-por-posible-erupcion-del-volcan-nevado-del-ruiz\/\",\"name\":\"M\u00e1xima alerta por posible erupci\u00f3n del Volc\u00e1n Nevado del Ru\u00edz -\",\"isPartOf\":{\"@id\":\"https:\/\/luchonoticias.com\/editor\/#website\"},\"datePublished\":\"2023-04-01T11:57:08+00:00\",\"dateModified\":\"2023-04-01T11:57:09+00:00\",\"breadcrumb\":{\"@id\":\"https:\/\/luchonoticias.com\/editor\/maxima-alerta-por-posible-erupcion-del-volcan-nevado-del-ruiz\/#breadcrumb\"},\"inLanguage\":\"es\",\"potentialAction\":[{\"@type\":\"ReadAction\",\"target\":[\"https:\/\/luchonoticias.com\/editor\/maxima-alerta-por-posible-erupcion-del-volcan-nevado-del-ruiz\/\"]}]},{\"@type\":\"BreadcrumbList\",\"@id\":\"https:\/\/luchonoticias.com\/editor\/maxima-alerta-por-posible-erupcion-del-volcan-nevado-del-ruiz\/#breadcrumb\",\"itemListElement\":[{\"@type\":\"ListItem\",\"position\":1,\"name\":\"Portada\",\"item\":\"https:\/\/luchonoticias.com\/editor\/\"},{\"@type\":\"ListItem\",\"position\":2,\"name\":\"M\u00e1xima alerta por posible erupci\u00f3n del Volc\u00e1n Nevado del Ru\u00edz\"}]},{\"@type\":\"WebSite\",\"@id\":\"https:\/\/luchonoticias.com\/editor\/#website\",\"url\":\"https:\/\/luchonoticias.com\/editor\/\",\"name\":\"\",\"description\":\"\",\"publisher\":{\"@id\":\"https:\/\/luchonoticias.com\/editor\/#\/schema\/person\/7a7fd911f58561fd056dbac7b55af9cd\"},\"potentialAction\":[{\"@type\":\"SearchAction\",\"target\":{\"@type\":\"EntryPoint\",\"urlTemplate\":\"https:\/\/luchonoticias.com\/editor\/?s={search_term_string}\"},\"query-input\":{\"@type\":\"PropertyValueSpecification\",\"valueRequired\":true,\"valueName\":\"search_term_string\"}}],\"inLanguage\":\"es\"},{\"@type\":[\"Person\",\"Organization\"],\"@id\":\"https:\/\/luchonoticias.com\/editor\/#\/schema\/person\/7a7fd911f58561fd056dbac7b55af9cd\",\"name\":\"admin\",\"image\":{\"@type\":\"ImageObject\",\"inLanguage\":\"es\",\"@id\":\"https:\/\/luchonoticias.com\/editor\/#\/schema\/person\/image\/\",\"url\":\"https:\/\/luchonoticias.com\/editor\/wp-content\/uploads\/2024\/02\/cropped-cropped-logolu.webp\",\"contentUrl\":\"https:\/\/luchonoticias.com\/editor\/wp-content\/uploads\/2024\/02\/cropped-cropped-logolu.webp\",\"width\":382,\"height\":170,\"caption\":\"admin\"},\"logo\":{\"@id\":\"https:\/\/luchonoticias.com\/editor\/#\/schema\/person\/image\/\"},\"sameAs\":[\"https:\/\/www.facebook.com\/luchonoticiasneiva\"]},{\"@type\":\"Person\",\"@id\":\"https:\/\/luchonoticias.com\/editor\/#\/schema\/person\/29217990ddf6f14e35912b2866d591fb\",\"name\":\"Editor General\",\"image\":{\"@type\":\"ImageObject\",\"inLanguage\":\"es\",\"@id\":\"https:\/\/luchonoticias.com\/editor\/#\/schema\/person\/image\/\",\"url\":\"https:\/\/luchonoticias.com\/editor\/wp-content\/uploads\/2024\/02\/cropped-cropped-logolu-150x150.webp\",\"contentUrl\":\"https:\/\/luchonoticias.com\/editor\/wp-content\/uploads\/2024\/02\/cropped-cropped-logolu-150x150.webp\",\"caption\":\"Editor General\"},\"sameAs\":[\"https:\/\/luchonoticias.com\/\"],\"url\":\"https:\/\/luchonoticias.com\/editor\/author\/editor-general\/\"}]}<\/script>\n<!-- \/ Yoast SEO plugin. -->","yoast_head_json":{"title":"M\u00e1xima alerta por posible erupci\u00f3n del Volc\u00e1n Nevado del Ru\u00edz -","robots":{"index":"index","follow":"follow","max-snippet":"max-snippet:-1","max-image-preview":"max-image-preview:large","max-video-preview":"max-video-preview:-1"},"canonical":"https:\/\/luchonoticias.com\/editor\/maxima-alerta-por-posible-erupcion-del-volcan-nevado-del-ruiz\/","og_locale":"es_ES","og_type":"article","og_title":"M\u00e1xima alerta por posible erupci\u00f3n del Volc\u00e1n Nevado del Ru\u00edz -","og_url":"https:\/\/luchonoticias.com\/editor\/maxima-alerta-por-posible-erupcion-del-volcan-nevado-del-ruiz\/","article_publisher":"https:\/\/www.facebook.com\/luchonoticiasneiva","article_published_time":"2023-04-01T11:57:08+00:00","article_modified_time":"2023-04-01T11:57:09+00:00","author":"Editor General","twitter_card":"summary_large_image","twitter_misc":{"Escrito por":"Editor General","Tiempo de lectura":"1 minuto"},"schema":{"@context":"https:\/\/schema.org","@graph":[{"@type":"Article","@id":"https:\/\/luchonoticias.com\/editor\/maxima-alerta-por-posible-erupcion-del-volcan-nevado-del-ruiz\/#article","isPartOf":{"@id":"https:\/\/luchonoticias.com\/editor\/maxima-alerta-por-posible-erupcion-del-volcan-nevado-del-ruiz\/"},"author":{"name":"Editor General","@id":"https:\/\/luchonoticias.com\/editor\/#\/schema\/person\/29217990ddf6f14e35912b2866d591fb"},"headline":"M\u00e1xima alerta por posible erupci\u00f3n del Volc\u00e1n Nevado del Ru\u00edz","datePublished":"2023-04-01T11:57:08+00:00","dateModified":"2023-04-01T11:57:09+00:00","mainEntityOfPage":{"@id":"https:\/\/luchonoticias.com\/editor\/maxima-alerta-por-posible-erupcion-del-volcan-nevado-del-ruiz\/"},"wordCount":249,"commentCount":0,"publisher":{"@id":"https:\/\/luchonoticias.com\/editor\/#\/schema\/person\/7a7fd911f58561fd056dbac7b55af9cd"},"articleSection":["Actualidad","Destacado"],"inLanguage":"es","potentialAction":[{"@type":"CommentAction","name":"Comment","target":["https:\/\/luchonoticias.com\/editor\/maxima-alerta-por-posible-erupcion-del-volcan-nevado-del-ruiz\/#respond"]}]},{"@type":"WebPage","@id":"https:\/\/luchonoticias.com\/editor\/maxima-alerta-por-posible-erupcion-del-volcan-nevado-del-ruiz\/","url":"https:\/\/luchonoticias.com\/editor\/maxima-alerta-por-posible-erupcion-del-volcan-nevado-del-ruiz\/","name":"M\u00e1xima alerta por posible erupci\u00f3n del Volc\u00e1n Nevado del Ru\u00edz -","isPartOf":{"@id":"https:\/\/luchonoticias.com\/editor\/#website"},"datePublished":"2023-04-01T11:57:08+00:00","dateModified":"2023-04-01T11:57:09+00:00","breadcrumb":{"@id":"https:\/\/luchonoticias.com\/editor\/maxima-alerta-por-posible-erupcion-del-volcan-nevado-del-ruiz\/#breadcrumb"},"inLanguage":"es","potentialAction":[{"@type":"ReadAction","target":["https:\/\/luchonoticias.com\/editor\/maxima-alerta-por-posible-erupcion-del-volcan-nevado-del-ruiz\/"]}]},{"@type":"BreadcrumbList","@id":"https:\/\/luchonoticias.com\/editor\/maxima-alerta-por-posible-erupcion-del-volcan-nevado-del-ruiz\/#breadcrumb","itemListElement":[{"@type":"ListItem","position":1,"name":"Portada","item":"https:\/\/luchonoticias.com\/editor\/"},{"@type":"ListItem","position":2,"name":"M\u00e1xima alerta por posible erupci\u00f3n del Volc\u00e1n Nevado del Ru\u00edz"}]},{"@type":"WebSite","@id":"https:\/\/luchonoticias.com\/editor\/#website","url":"https:\/\/luchonoticias.com\/editor\/","name":"","description":"","publisher":{"@id":"https:\/\/luchonoticias.com\/editor\/#\/schema\/person\/7a7fd911f58561fd056dbac7b55af9cd"},"potentialAction":[{"@type":"SearchAction","target":{"@type":"EntryPoint","urlTemplate":"https:\/\/luchonoticias.com\/editor\/?s={search_term_string}"},"query-input":{"@type":"PropertyValueSpecification","valueRequired":true,"valueName":"search_term_string"}}],"inLanguage":"es"},{"@type":["Person","Organization"],"@id":"https:\/\/luchonoticias.com\/editor\/#\/schema\/person\/7a7fd911f58561fd056dbac7b55af9cd","name":"admin","image":{"@type":"ImageObject","inLanguage":"es","@id":"https:\/\/luchonoticias.com\/editor\/#\/schema\/person\/image\/","url":"https:\/\/luchonoticias.com\/editor\/wp-content\/uploads\/2024\/02\/cropped-cropped-logolu.webp","contentUrl":"https:\/\/luchonoticias.com\/editor\/wp-content\/uploads\/2024\/02\/cropped-cropped-logolu.webp","width":382,"height":170,"caption":"admin"},"logo":{"@id":"https:\/\/luchonoticias.com\/editor\/#\/schema\/person\/image\/"},"sameAs":["https:\/\/www.facebook.com\/luchonoticiasneiva"]},{"@type":"Person","@id":"https:\/\/luchonoticias.com\/editor\/#\/schema\/person\/29217990ddf6f14e35912b2866d591fb","name":"Editor General","image":{"@type":"ImageObject","inLanguage":"es","@id":"https:\/\/luchonoticias.com\/editor\/#\/schema\/person\/image\/","url":"https:\/\/luchonoticias.com\/editor\/wp-content\/uploads\/2024\/02\/cropped-cropped-logolu-150x150.webp","contentUrl":"https:\/\/luchonoticias.com\/editor\/wp-content\/uploads\/2024\/02\/cropped-cropped-logolu-150x150.webp","caption":"Editor General"},"sameAs":["https:\/\/luchonoticias.com\/"],"url":"https:\/\/luchonoticias.com\/editor\/author\/editor-general\/"}]}},"_links":{"self":[{"href":"https:\/\/luchonoticias.com\/editor\/wp-json\/wp\/v2\/posts\/49614","targetHints":{"allow":["GET"]}}],"collection":[{"href":"https:\/\/luchonoticias.com\/editor\/wp-json\/wp\/v2\/posts"}],"about":[{"href":"https:\/\/luchonoticias.com\/editor\/wp-json\/wp\/v2\/types\/post"}],"author":[{"embeddable":true,"href":"https:\/\/luchonoticias.com\/editor\/wp-json\/wp\/v2\/users\/2"}],"replies":[{"embeddable":true,"href":"https:\/\/luchonoticias.com\/editor\/wp-json\/wp\/v2\/comments?post=49614"}],"version-history":[{"count":0,"href":"https:\/\/luchonoticias.com\/editor\/wp-json\/wp\/v2\/posts\/49614\/revisions"}],"wp:attachment":[{"href":"https:\/\/luchonoticias.com\/editor\/wp-json\/wp\/v2\/media?parent=49614"}],"wp:term":[{"taxonomy":"category","embeddable":true,"href":"https:\/\/luchonoticias.com\/editor\/wp-json\/wp\/v2\/categories?post=49614"},{"taxonomy":"post_tag","embeddable":true,"href":"https:\/\/luchonoticias.com\/editor\/wp-json\/wp\/v2\/tags?post=49614"}],"curies":[{"name":"wp","href":"https:\/\/api.w.org\/{rel}","templated":true}]}}