{"id":49715,"date":"2023-04-03T06:32:25","date_gmt":"2023-04-03T11:32:25","guid":{"rendered":"https:\/\/luchonoticias.com\/?p=49715"},"modified":"2023-04-03T06:32:26","modified_gmt":"2023-04-03T11:32:26","slug":"fiscalia-ubico-a-dos-personas-requeridas-por-delitos-sexuales-y-homicidio-en-ecuador","status":"publish","type":"post","link":"https:\/\/luchonoticias.com\/editor\/fiscalia-ubico-a-dos-personas-requeridas-por-delitos-sexuales-y-homicidio-en-ecuador\/","title":{"rendered":"Fiscal\u00eda ubic\u00f3 a dos personas requeridas por delitos sexuales y homicidio en Ecuador"},"content":{"rendered":"\n<p>La Fiscal\u00eda General de la Naci\u00f3n, en cumplimiento del acuerdo de cooperaci\u00f3n para la ubicaci\u00f3n de fugitivos internacionales, suscrito con la Agencia U.S. Marshals del Departamento de Justicia de Estados Unidos, localiz\u00f3 a dos ciudadanos ecuatorianos que hu\u00edan de las autoridades de su pa\u00eds e intentaban pasar desapercibidos en Colombia.<\/p>\n\n\n\n<p>Inicialmente, funcionarios del CTI ubicaron a en zona comercial de Cali (Valle del Cauca) a un hombre requerido mediante notificaci\u00f3n roja de Interpol, para que responda ante la justicia ecuatoriana por delitos sexuales.<\/p>\n\n\n\n<p>Esta persona, al parecer, agredi\u00f3 sexualmente a su hijastra de 12 a\u00f1os e ingres\u00f3 a Colombia por la frontera sur en 2018. Desde entonces habr\u00eda obtenido trabajo para evadir a las autoridades, consciente de que el proceso penal en su contra avanzaba en Ecuador.<\/p>\n\n\n\n<p>De otra parte, los investigadores ubicaron a Aron Sebasti\u00e1n Loor Paredes en Jamund\u00ed (Valle del Cauca). Este ciudadano extranjero tambi\u00e9n era buscado mediante notificaci\u00f3n roja de Interpol por cargos relacionados con homicidio. Las autoridades ecuatorianas le atribuyen el crimen de un joven, en medio de un asalto sexual ocurrido en la provincia de Santo Domingo de los Ts\u00e1chilas, en 2014.<\/p>\n\n\n\n<p>En las labores de verificaci\u00f3n se estableci\u00f3 que Loor Paredes entr\u00f3 al pa\u00eds hace ocho a\u00f1os y, presuntamente, se vincul\u00f3 a estructuras delictivas.<\/p>\n\n\n\n<p>Estas dos personas quedaron a disposici\u00f3n de la Fiscal\u00eda General de la Naci\u00f3n, mientras se surten las comunicaciones y se cumplen los procedimientos de ley para su traslado a Ecuador.<\/p>\n","protected":false},"excerpt":{"rendered":"<p>La Fiscal\u00eda General de la Naci\u00f3n, en cumplimiento del acuerdo de cooperaci\u00f3n para la ubicaci\u00f3n de fugitivos internacionales, suscrito con la Agencia U.S. Marshals del Departamento de Justicia de Estados Unidos, localiz\u00f3 a dos ciudadanos ecuatorianos que hu\u00edan de las autoridades de su pa\u00eds e intentaban pasar desapercibidos en Colombia. Inicialmente, funcionarios del CTI ubicaron [&hellip;]<\/p>\n","protected":false},"author":2,"featured_media":0,"comment_status":"open","ping_status":"open","sticky":false,"template":"","format":"standard","meta":{"footnotes":""},"categories":[36,29],"tags":[],"class_list":["post-49715","post","type-post","status-publish","format-standard","hentry","category-destacado","category-judicial"],"yoast_head":"<!-- This site is optimized with the Yoast SEO plugin v26.6 - https:\/\/yoast.com\/wordpress\/plugins\/seo\/ -->\n<title>Fiscal\u00eda ubic\u00f3 a dos personas requeridas por delitos sexuales y homicidio en Ecuador -<\/title>\n<meta name=\"robots\" content=\"index, follow, max-snippet:-1, max-image-preview:large, max-video-preview:-1\" \/>\n<link rel=\"canonical\" href=\"https:\/\/luchonoticias.com\/editor\/fiscalia-ubico-a-dos-personas-requeridas-por-delitos-sexuales-y-homicidio-en-ecuador\/\" \/>\n<meta property=\"og:locale\" content=\"es_ES\" \/>\n<meta property=\"og:type\" content=\"article\" \/>\n<meta property=\"og:title\" content=\"Fiscal\u00eda ubic\u00f3 a dos personas requeridas por delitos sexuales y homicidio en Ecuador -\" \/>\n<meta property=\"og:url\" content=\"https:\/\/luchonoticias.com\/editor\/fiscalia-ubico-a-dos-personas-requeridas-por-delitos-sexuales-y-homicidio-en-ecuador\/\" \/>\n<meta property=\"article:publisher\" content=\"https:\/\/www.facebook.com\/luchonoticiasneiva\" \/>\n<meta property=\"article:published_time\" content=\"2023-04-03T11:32:25+00:00\" \/>\n<meta property=\"article:modified_time\" content=\"2023-04-03T11:32:26+00:00\" \/>\n<meta name=\"author\" content=\"Editor General\" \/>\n<meta name=\"twitter:card\" content=\"summary_large_image\" \/>\n<meta name=\"twitter:label1\" content=\"Escrito por\" \/>\n\t<meta name=\"twitter:data1\" content=\"Editor General\" \/>\n\t<meta name=\"twitter:label2\" content=\"Tiempo de lectura\" \/>\n\t<meta name=\"twitter:data2\" content=\"1 minuto\" \/>\n<script type=\"application\/ld+json\" class=\"yoast-schema-graph\">{\"@context\":\"https:\/\/schema.org\",\"@graph\":[{\"@type\":\"Article\",\"@id\":\"https:\/\/luchonoticias.com\/editor\/fiscalia-ubico-a-dos-personas-requeridas-por-delitos-sexuales-y-homicidio-en-ecuador\/#article\",\"isPartOf\":{\"@id\":\"https:\/\/luchonoticias.com\/editor\/fiscalia-ubico-a-dos-personas-requeridas-por-delitos-sexuales-y-homicidio-en-ecuador\/\"},\"author\":{\"name\":\"Editor General\",\"@id\":\"https:\/\/luchonoticias.com\/editor\/#\/schema\/person\/29217990ddf6f14e35912b2866d591fb\"},\"headline\":\"Fiscal\u00eda ubic\u00f3 a dos personas requeridas por delitos sexuales y homicidio en Ecuador\",\"datePublished\":\"2023-04-03T11:32:25+00:00\",\"dateModified\":\"2023-04-03T11:32:26+00:00\",\"mainEntityOfPage\":{\"@id\":\"https:\/\/luchonoticias.com\/editor\/fiscalia-ubico-a-dos-personas-requeridas-por-delitos-sexuales-y-homicidio-en-ecuador\/\"},\"wordCount\":271,\"commentCount\":0,\"publisher\":{\"@id\":\"https:\/\/luchonoticias.com\/editor\/#\/schema\/person\/7a7fd911f58561fd056dbac7b55af9cd\"},\"articleSection\":[\"Destacado\",\"Judicial\"],\"inLanguage\":\"es\",\"potentialAction\":[{\"@type\":\"CommentAction\",\"name\":\"Comment\",\"target\":[\"https:\/\/luchonoticias.com\/editor\/fiscalia-ubico-a-dos-personas-requeridas-por-delitos-sexuales-y-homicidio-en-ecuador\/#respond\"]}]},{\"@type\":\"WebPage\",\"@id\":\"https:\/\/luchonoticias.com\/editor\/fiscalia-ubico-a-dos-personas-requeridas-por-delitos-sexuales-y-homicidio-en-ecuador\/\",\"url\":\"https:\/\/luchonoticias.com\/editor\/fiscalia-ubico-a-dos-personas-requeridas-por-delitos-sexuales-y-homicidio-en-ecuador\/\",\"name\":\"Fiscal\u00eda ubic\u00f3 a dos personas requeridas por delitos sexuales y homicidio en Ecuador -\",\"isPartOf\":{\"@id\":\"https:\/\/luchonoticias.com\/editor\/#website\"},\"datePublished\":\"2023-04-03T11:32:25+00:00\",\"dateModified\":\"2023-04-03T11:32:26+00:00\",\"breadcrumb\":{\"@id\":\"https:\/\/luchonoticias.com\/editor\/fiscalia-ubico-a-dos-personas-requeridas-por-delitos-sexuales-y-homicidio-en-ecuador\/#breadcrumb\"},\"inLanguage\":\"es\",\"potentialAction\":[{\"@type\":\"ReadAction\",\"target\":[\"https:\/\/luchonoticias.com\/editor\/fiscalia-ubico-a-dos-personas-requeridas-por-delitos-sexuales-y-homicidio-en-ecuador\/\"]}]},{\"@type\":\"BreadcrumbList\",\"@id\":\"https:\/\/luchonoticias.com\/editor\/fiscalia-ubico-a-dos-personas-requeridas-por-delitos-sexuales-y-homicidio-en-ecuador\/#breadcrumb\",\"itemListElement\":[{\"@type\":\"ListItem\",\"position\":1,\"name\":\"Portada\",\"item\":\"https:\/\/luchonoticias.com\/editor\/\"},{\"@type\":\"ListItem\",\"position\":2,\"name\":\"Fiscal\u00eda ubic\u00f3 a dos personas requeridas por delitos sexuales y homicidio en Ecuador\"}]},{\"@type\":\"WebSite\",\"@id\":\"https:\/\/luchonoticias.com\/editor\/#website\",\"url\":\"https:\/\/luchonoticias.com\/editor\/\",\"name\":\"\",\"description\":\"\",\"publisher\":{\"@id\":\"https:\/\/luchonoticias.com\/editor\/#\/schema\/person\/7a7fd911f58561fd056dbac7b55af9cd\"},\"potentialAction\":[{\"@type\":\"SearchAction\",\"target\":{\"@type\":\"EntryPoint\",\"urlTemplate\":\"https:\/\/luchonoticias.com\/editor\/?s={search_term_string}\"},\"query-input\":{\"@type\":\"PropertyValueSpecification\",\"valueRequired\":true,\"valueName\":\"search_term_string\"}}],\"inLanguage\":\"es\"},{\"@type\":[\"Person\",\"Organization\"],\"@id\":\"https:\/\/luchonoticias.com\/editor\/#\/schema\/person\/7a7fd911f58561fd056dbac7b55af9cd\",\"name\":\"admin\",\"image\":{\"@type\":\"ImageObject\",\"inLanguage\":\"es\",\"@id\":\"https:\/\/luchonoticias.com\/editor\/#\/schema\/person\/image\/\",\"url\":\"https:\/\/luchonoticias.com\/editor\/wp-content\/uploads\/2024\/02\/cropped-cropped-logolu.webp\",\"contentUrl\":\"https:\/\/luchonoticias.com\/editor\/wp-content\/uploads\/2024\/02\/cropped-cropped-logolu.webp\",\"width\":382,\"height\":170,\"caption\":\"admin\"},\"logo\":{\"@id\":\"https:\/\/luchonoticias.com\/editor\/#\/schema\/person\/image\/\"},\"sameAs\":[\"https:\/\/www.facebook.com\/luchonoticiasneiva\"]},{\"@type\":\"Person\",\"@id\":\"https:\/\/luchonoticias.com\/editor\/#\/schema\/person\/29217990ddf6f14e35912b2866d591fb\",\"name\":\"Editor General\",\"image\":{\"@type\":\"ImageObject\",\"inLanguage\":\"es\",\"@id\":\"https:\/\/luchonoticias.com\/editor\/#\/schema\/person\/image\/\",\"url\":\"https:\/\/luchonoticias.com\/editor\/wp-content\/uploads\/2024\/02\/cropped-cropped-logolu-150x150.webp\",\"contentUrl\":\"https:\/\/luchonoticias.com\/editor\/wp-content\/uploads\/2024\/02\/cropped-cropped-logolu-150x150.webp\",\"caption\":\"Editor General\"},\"sameAs\":[\"https:\/\/luchonoticias.com\/\"],\"url\":\"https:\/\/luchonoticias.com\/editor\/author\/editor-general\/\"}]}<\/script>\n<!-- \/ Yoast SEO plugin. -->","yoast_head_json":{"title":"Fiscal\u00eda ubic\u00f3 a dos personas requeridas por delitos sexuales y homicidio en Ecuador -","robots":{"index":"index","follow":"follow","max-snippet":"max-snippet:-1","max-image-preview":"max-image-preview:large","max-video-preview":"max-video-preview:-1"},"canonical":"https:\/\/luchonoticias.com\/editor\/fiscalia-ubico-a-dos-personas-requeridas-por-delitos-sexuales-y-homicidio-en-ecuador\/","og_locale":"es_ES","og_type":"article","og_title":"Fiscal\u00eda ubic\u00f3 a dos personas requeridas por delitos sexuales y homicidio en Ecuador -","og_url":"https:\/\/luchonoticias.com\/editor\/fiscalia-ubico-a-dos-personas-requeridas-por-delitos-sexuales-y-homicidio-en-ecuador\/","article_publisher":"https:\/\/www.facebook.com\/luchonoticiasneiva","article_published_time":"2023-04-03T11:32:25+00:00","article_modified_time":"2023-04-03T11:32:26+00:00","author":"Editor General","twitter_card":"summary_large_image","twitter_misc":{"Escrito por":"Editor General","Tiempo de lectura":"1 minuto"},"schema":{"@context":"https:\/\/schema.org","@graph":[{"@type":"Article","@id":"https:\/\/luchonoticias.com\/editor\/fiscalia-ubico-a-dos-personas-requeridas-por-delitos-sexuales-y-homicidio-en-ecuador\/#article","isPartOf":{"@id":"https:\/\/luchonoticias.com\/editor\/fiscalia-ubico-a-dos-personas-requeridas-por-delitos-sexuales-y-homicidio-en-ecuador\/"},"author":{"name":"Editor General","@id":"https:\/\/luchonoticias.com\/editor\/#\/schema\/person\/29217990ddf6f14e35912b2866d591fb"},"headline":"Fiscal\u00eda ubic\u00f3 a dos personas requeridas por delitos sexuales y homicidio en Ecuador","datePublished":"2023-04-03T11:32:25+00:00","dateModified":"2023-04-03T11:32:26+00:00","mainEntityOfPage":{"@id":"https:\/\/luchonoticias.com\/editor\/fiscalia-ubico-a-dos-personas-requeridas-por-delitos-sexuales-y-homicidio-en-ecuador\/"},"wordCount":271,"commentCount":0,"publisher":{"@id":"https:\/\/luchonoticias.com\/editor\/#\/schema\/person\/7a7fd911f58561fd056dbac7b55af9cd"},"articleSection":["Destacado","Judicial"],"inLanguage":"es","potentialAction":[{"@type":"CommentAction","name":"Comment","target":["https:\/\/luchonoticias.com\/editor\/fiscalia-ubico-a-dos-personas-requeridas-por-delitos-sexuales-y-homicidio-en-ecuador\/#respond"]}]},{"@type":"WebPage","@id":"https:\/\/luchonoticias.com\/editor\/fiscalia-ubico-a-dos-personas-requeridas-por-delitos-sexuales-y-homicidio-en-ecuador\/","url":"https:\/\/luchonoticias.com\/editor\/fiscalia-ubico-a-dos-personas-requeridas-por-delitos-sexuales-y-homicidio-en-ecuador\/","name":"Fiscal\u00eda ubic\u00f3 a dos personas requeridas por delitos sexuales y homicidio en Ecuador -","isPartOf":{"@id":"https:\/\/luchonoticias.com\/editor\/#website"},"datePublished":"2023-04-03T11:32:25+00:00","dateModified":"2023-04-03T11:32:26+00:00","breadcrumb":{"@id":"https:\/\/luchonoticias.com\/editor\/fiscalia-ubico-a-dos-personas-requeridas-por-delitos-sexuales-y-homicidio-en-ecuador\/#breadcrumb"},"inLanguage":"es","potentialAction":[{"@type":"ReadAction","target":["https:\/\/luchonoticias.com\/editor\/fiscalia-ubico-a-dos-personas-requeridas-por-delitos-sexuales-y-homicidio-en-ecuador\/"]}]},{"@type":"BreadcrumbList","@id":"https:\/\/luchonoticias.com\/editor\/fiscalia-ubico-a-dos-personas-requeridas-por-delitos-sexuales-y-homicidio-en-ecuador\/#breadcrumb","itemListElement":[{"@type":"ListItem","position":1,"name":"Portada","item":"https:\/\/luchonoticias.com\/editor\/"},{"@type":"ListItem","position":2,"name":"Fiscal\u00eda ubic\u00f3 a dos personas requeridas por delitos sexuales y homicidio en Ecuador"}]},{"@type":"WebSite","@id":"https:\/\/luchonoticias.com\/editor\/#website","url":"https:\/\/luchonoticias.com\/editor\/","name":"","description":"","publisher":{"@id":"https:\/\/luchonoticias.com\/editor\/#\/schema\/person\/7a7fd911f58561fd056dbac7b55af9cd"},"potentialAction":[{"@type":"SearchAction","target":{"@type":"EntryPoint","urlTemplate":"https:\/\/luchonoticias.com\/editor\/?s={search_term_string}"},"query-input":{"@type":"PropertyValueSpecification","valueRequired":true,"valueName":"search_term_string"}}],"inLanguage":"es"},{"@type":["Person","Organization"],"@id":"https:\/\/luchonoticias.com\/editor\/#\/schema\/person\/7a7fd911f58561fd056dbac7b55af9cd","name":"admin","image":{"@type":"ImageObject","inLanguage":"es","@id":"https:\/\/luchonoticias.com\/editor\/#\/schema\/person\/image\/","url":"https:\/\/luchonoticias.com\/editor\/wp-content\/uploads\/2024\/02\/cropped-cropped-logolu.webp","contentUrl":"https:\/\/luchonoticias.com\/editor\/wp-content\/uploads\/2024\/02\/cropped-cropped-logolu.webp","width":382,"height":170,"caption":"admin"},"logo":{"@id":"https:\/\/luchonoticias.com\/editor\/#\/schema\/person\/image\/"},"sameAs":["https:\/\/www.facebook.com\/luchonoticiasneiva"]},{"@type":"Person","@id":"https:\/\/luchonoticias.com\/editor\/#\/schema\/person\/29217990ddf6f14e35912b2866d591fb","name":"Editor General","image":{"@type":"ImageObject","inLanguage":"es","@id":"https:\/\/luchonoticias.com\/editor\/#\/schema\/person\/image\/","url":"https:\/\/luchonoticias.com\/editor\/wp-content\/uploads\/2024\/02\/cropped-cropped-logolu-150x150.webp","contentUrl":"https:\/\/luchonoticias.com\/editor\/wp-content\/uploads\/2024\/02\/cropped-cropped-logolu-150x150.webp","caption":"Editor General"},"sameAs":["https:\/\/luchonoticias.com\/"],"url":"https:\/\/luchonoticias.com\/editor\/author\/editor-general\/"}]}},"_links":{"self":[{"href":"https:\/\/luchonoticias.com\/editor\/wp-json\/wp\/v2\/posts\/49715","targetHints":{"allow":["GET"]}}],"collection":[{"href":"https:\/\/luchonoticias.com\/editor\/wp-json\/wp\/v2\/posts"}],"about":[{"href":"https:\/\/luchonoticias.com\/editor\/wp-json\/wp\/v2\/types\/post"}],"author":[{"embeddable":true,"href":"https:\/\/luchonoticias.com\/editor\/wp-json\/wp\/v2\/users\/2"}],"replies":[{"embeddable":true,"href":"https:\/\/luchonoticias.com\/editor\/wp-json\/wp\/v2\/comments?post=49715"}],"version-history":[{"count":0,"href":"https:\/\/luchonoticias.com\/editor\/wp-json\/wp\/v2\/posts\/49715\/revisions"}],"wp:attachment":[{"href":"https:\/\/luchonoticias.com\/editor\/wp-json\/wp\/v2\/media?parent=49715"}],"wp:term":[{"taxonomy":"category","embeddable":true,"href":"https:\/\/luchonoticias.com\/editor\/wp-json\/wp\/v2\/categories?post=49715"},{"taxonomy":"post_tag","embeddable":true,"href":"https:\/\/luchonoticias.com\/editor\/wp-json\/wp\/v2\/tags?post=49715"}],"curies":[{"name":"wp","href":"https:\/\/api.w.org\/{rel}","templated":true}]}}