{"id":49718,"date":"2023-04-03T06:39:06","date_gmt":"2023-04-03T11:39:06","guid":{"rendered":"https:\/\/luchonoticias.com\/?p=49718"},"modified":"2023-04-03T06:39:07","modified_gmt":"2023-04-03T11:39:07","slug":"fuerte-ofensiva-contra-la-delincuencia-durante-el-domingo-de-ramos-en-el-huila","status":"publish","type":"post","link":"https:\/\/luchonoticias.com\/editor\/fuerte-ofensiva-contra-la-delincuencia-durante-el-domingo-de-ramos-en-el-huila\/","title":{"rendered":"Fuerte ofensiva contra la delincuencia durante el Domingo de Ramos en el Huila"},"content":{"rendered":"\n<p>En las \u00faltimas horas, las autoridades huilenses dieron a conocer que, mediante la ejecuci\u00f3n del plan para garantizar la convivencia y seguridad en esta Semana Santa, fue logrado duros golpes contra la delincuencia.<\/p>\n\n\n\n<p>\u201cPuesto en marcha el Plan \u201cSemana Santa Por La Vida\u201d donde el Departamento de Polic\u00eda Huila ha desplegado todas sus capacidades para el acompa\u00f1amiento de las actividades religiosas, turismo, viajes, protecci\u00f3n del medio ambiente y por ende la seguridad y tranquilidad de propios y visitantes, se ha logrado la captura de 26 delincuentes, varios de estos comprometidos en delitos como hurto, tr\u00e1fico de estupefacientes y delitos sexuales\u201d, indicaron las fuentes oficiales.<\/p>\n\n\n\n<p>En los planes de acompa\u00f1amiento y control que ha realizado la Polic\u00eda Huila en los 33 municipios de su jurisdicci\u00f3n, fueron capturadas 15 personas por orden judicial y 9 m\u00e1s en flagrancia, de los cuales, 13 fueron por el delito de hurto calificado y agravado, 4 por tr\u00e1fico de estupefacientes, 3 por delitos sexuales, 2 por violencia intrafamiliar y 4 por otras conductas.<\/p>\n\n\n\n<figure class=\"wp-block-gallery has-nested-images columns-default is-cropped wp-block-gallery-1 is-layout-flex wp-block-gallery-is-layout-flex\">\n<figure class=\"wp-block-image size-large\"><img decoding=\"async\" data-id=\"49722\" src=\"https:\/\/luchonoticias.com\/wp-content\/uploads\/2023\/04\/WhatsApp-Image-2023-04-02-at-2.48.39-PM-1024x576.jpeg\" alt=\"\" class=\"wp-image-49722\"\/><\/figure>\n\n\n\n<figure class=\"wp-block-image size-large\"><img decoding=\"async\" data-id=\"49720\" src=\"https:\/\/luchonoticias.com\/wp-content\/uploads\/2023\/04\/WhatsApp-Image-2023-04-02-at-2.48.38-PM.jpeg\" alt=\"\" class=\"wp-image-49720\"\/><\/figure>\n\n\n\n<figure class=\"wp-block-image size-large\"><img decoding=\"async\" data-id=\"49721\" src=\"https:\/\/luchonoticias.com\/wp-content\/uploads\/2023\/04\/WhatsApp-Image-2023-04-02-at-2.48.37-PM-768x1024.jpeg\" alt=\"\" class=\"wp-image-49721\"\/><\/figure>\n<\/figure>\n\n\n\n<p>Adem\u00e1s, se ha logrado la incautaci\u00f3n de 3 armas de fuego, 8 armas traum\u00e1ticas y m\u00e1s de 58 armas blancas, con lo que se previenen hechos de afectaci\u00f3n a la vida e integridad de los ciudadanos.&nbsp;&nbsp;<\/p>\n\n\n\n<p>Cabe resaltar que,&nbsp; durante este fin de semana, la Polic\u00eda Huila puso en marcha la estrategia de visibilizar\u00edan del servicio de inteligencia, que consiste en infiltrar polic\u00edas de civil en medio de la poblaci\u00f3n que se encuentra en establecimientos comerciales y abiertos al p\u00fablico, as\u00ed como en lugares de aglomeraci\u00f3n. De esta manera se logr\u00f3 contrarrestar acciones delincuenciales y capturar actores generadores de violencia.<\/p>\n","protected":false},"excerpt":{"rendered":"<p>En las \u00faltimas horas, las autoridades huilenses dieron a conocer que, mediante la ejecuci\u00f3n del plan para garantizar la convivencia y seguridad en esta Semana Santa, fue logrado duros golpes contra la delincuencia. \u201cPuesto en marcha el Plan \u201cSemana Santa Por La Vida\u201d donde el Departamento de Polic\u00eda Huila ha desplegado todas sus capacidades para [&hellip;]<\/p>\n","protected":false},"author":2,"featured_media":0,"comment_status":"open","ping_status":"open","sticky":false,"template":"","format":"standard","meta":{"footnotes":""},"categories":[36,29],"tags":[],"class_list":["post-49718","post","type-post","status-publish","format-standard","hentry","category-destacado","category-judicial"],"yoast_head":"<!-- This site is optimized with the Yoast SEO plugin v26.6 - https:\/\/yoast.com\/wordpress\/plugins\/seo\/ -->\n<title>Fuerte ofensiva contra la delincuencia durante el Domingo de Ramos en el Huila -<\/title>\n<meta name=\"robots\" content=\"index, follow, max-snippet:-1, max-image-preview:large, max-video-preview:-1\" \/>\n<link rel=\"canonical\" href=\"https:\/\/luchonoticias.com\/editor\/fuerte-ofensiva-contra-la-delincuencia-durante-el-domingo-de-ramos-en-el-huila\/\" \/>\n<meta property=\"og:locale\" content=\"es_ES\" \/>\n<meta property=\"og:type\" content=\"article\" \/>\n<meta property=\"og:title\" content=\"Fuerte ofensiva contra la delincuencia durante el Domingo de Ramos en el Huila -\" \/>\n<meta property=\"og:url\" content=\"https:\/\/luchonoticias.com\/editor\/fuerte-ofensiva-contra-la-delincuencia-durante-el-domingo-de-ramos-en-el-huila\/\" \/>\n<meta property=\"article:publisher\" content=\"https:\/\/www.facebook.com\/luchonoticiasneiva\" \/>\n<meta property=\"article:published_time\" content=\"2023-04-03T11:39:06+00:00\" \/>\n<meta property=\"article:modified_time\" content=\"2023-04-03T11:39:07+00:00\" \/>\n<meta property=\"og:image\" content=\"https:\/\/luchonoticias.com\/wp-content\/uploads\/2023\/04\/WhatsApp-Image-2023-04-02-at-2.48.39-PM-1024x576.jpeg\" \/>\n<meta name=\"author\" content=\"Editor General\" \/>\n<meta name=\"twitter:card\" content=\"summary_large_image\" \/>\n<meta name=\"twitter:label1\" content=\"Escrito por\" \/>\n\t<meta name=\"twitter:data1\" content=\"Editor General\" \/>\n\t<meta name=\"twitter:label2\" content=\"Tiempo de lectura\" \/>\n\t<meta name=\"twitter:data2\" content=\"1 minuto\" \/>\n<script type=\"application\/ld+json\" class=\"yoast-schema-graph\">{\"@context\":\"https:\/\/schema.org\",\"@graph\":[{\"@type\":\"Article\",\"@id\":\"https:\/\/luchonoticias.com\/editor\/fuerte-ofensiva-contra-la-delincuencia-durante-el-domingo-de-ramos-en-el-huila\/#article\",\"isPartOf\":{\"@id\":\"https:\/\/luchonoticias.com\/editor\/fuerte-ofensiva-contra-la-delincuencia-durante-el-domingo-de-ramos-en-el-huila\/\"},\"author\":{\"name\":\"Editor General\",\"@id\":\"https:\/\/luchonoticias.com\/editor\/#\/schema\/person\/29217990ddf6f14e35912b2866d591fb\"},\"headline\":\"Fuerte ofensiva contra la delincuencia durante el Domingo de Ramos en el Huila\",\"datePublished\":\"2023-04-03T11:39:06+00:00\",\"dateModified\":\"2023-04-03T11:39:07+00:00\",\"mainEntityOfPage\":{\"@id\":\"https:\/\/luchonoticias.com\/editor\/fuerte-ofensiva-contra-la-delincuencia-durante-el-domingo-de-ramos-en-el-huila\/\"},\"wordCount\":292,\"commentCount\":0,\"publisher\":{\"@id\":\"https:\/\/luchonoticias.com\/editor\/#\/schema\/person\/7a7fd911f58561fd056dbac7b55af9cd\"},\"image\":{\"@id\":\"https:\/\/luchonoticias.com\/editor\/fuerte-ofensiva-contra-la-delincuencia-durante-el-domingo-de-ramos-en-el-huila\/#primaryimage\"},\"thumbnailUrl\":\"https:\/\/luchonoticias.com\/wp-content\/uploads\/2023\/04\/WhatsApp-Image-2023-04-02-at-2.48.39-PM-1024x576.jpeg\",\"articleSection\":[\"Destacado\",\"Judicial\"],\"inLanguage\":\"es\",\"potentialAction\":[{\"@type\":\"CommentAction\",\"name\":\"Comment\",\"target\":[\"https:\/\/luchonoticias.com\/editor\/fuerte-ofensiva-contra-la-delincuencia-durante-el-domingo-de-ramos-en-el-huila\/#respond\"]}]},{\"@type\":\"WebPage\",\"@id\":\"https:\/\/luchonoticias.com\/editor\/fuerte-ofensiva-contra-la-delincuencia-durante-el-domingo-de-ramos-en-el-huila\/\",\"url\":\"https:\/\/luchonoticias.com\/editor\/fuerte-ofensiva-contra-la-delincuencia-durante-el-domingo-de-ramos-en-el-huila\/\",\"name\":\"Fuerte ofensiva contra la delincuencia durante el Domingo de Ramos en el Huila -\",\"isPartOf\":{\"@id\":\"https:\/\/luchonoticias.com\/editor\/#website\"},\"primaryImageOfPage\":{\"@id\":\"https:\/\/luchonoticias.com\/editor\/fuerte-ofensiva-contra-la-delincuencia-durante-el-domingo-de-ramos-en-el-huila\/#primaryimage\"},\"image\":{\"@id\":\"https:\/\/luchonoticias.com\/editor\/fuerte-ofensiva-contra-la-delincuencia-durante-el-domingo-de-ramos-en-el-huila\/#primaryimage\"},\"thumbnailUrl\":\"https:\/\/luchonoticias.com\/wp-content\/uploads\/2023\/04\/WhatsApp-Image-2023-04-02-at-2.48.39-PM-1024x576.jpeg\",\"datePublished\":\"2023-04-03T11:39:06+00:00\",\"dateModified\":\"2023-04-03T11:39:07+00:00\",\"breadcrumb\":{\"@id\":\"https:\/\/luchonoticias.com\/editor\/fuerte-ofensiva-contra-la-delincuencia-durante-el-domingo-de-ramos-en-el-huila\/#breadcrumb\"},\"inLanguage\":\"es\",\"potentialAction\":[{\"@type\":\"ReadAction\",\"target\":[\"https:\/\/luchonoticias.com\/editor\/fuerte-ofensiva-contra-la-delincuencia-durante-el-domingo-de-ramos-en-el-huila\/\"]}]},{\"@type\":\"ImageObject\",\"inLanguage\":\"es\",\"@id\":\"https:\/\/luchonoticias.com\/editor\/fuerte-ofensiva-contra-la-delincuencia-durante-el-domingo-de-ramos-en-el-huila\/#primaryimage\",\"url\":\"https:\/\/luchonoticias.com\/wp-content\/uploads\/2023\/04\/WhatsApp-Image-2023-04-02-at-2.48.39-PM-1024x576.jpeg\",\"contentUrl\":\"https:\/\/luchonoticias.com\/wp-content\/uploads\/2023\/04\/WhatsApp-Image-2023-04-02-at-2.48.39-PM-1024x576.jpeg\"},{\"@type\":\"BreadcrumbList\",\"@id\":\"https:\/\/luchonoticias.com\/editor\/fuerte-ofensiva-contra-la-delincuencia-durante-el-domingo-de-ramos-en-el-huila\/#breadcrumb\",\"itemListElement\":[{\"@type\":\"ListItem\",\"position\":1,\"name\":\"Portada\",\"item\":\"https:\/\/luchonoticias.com\/editor\/\"},{\"@type\":\"ListItem\",\"position\":2,\"name\":\"Fuerte ofensiva contra la delincuencia durante el Domingo de Ramos en el Huila\"}]},{\"@type\":\"WebSite\",\"@id\":\"https:\/\/luchonoticias.com\/editor\/#website\",\"url\":\"https:\/\/luchonoticias.com\/editor\/\",\"name\":\"\",\"description\":\"\",\"publisher\":{\"@id\":\"https:\/\/luchonoticias.com\/editor\/#\/schema\/person\/7a7fd911f58561fd056dbac7b55af9cd\"},\"potentialAction\":[{\"@type\":\"SearchAction\",\"target\":{\"@type\":\"EntryPoint\",\"urlTemplate\":\"https:\/\/luchonoticias.com\/editor\/?s={search_term_string}\"},\"query-input\":{\"@type\":\"PropertyValueSpecification\",\"valueRequired\":true,\"valueName\":\"search_term_string\"}}],\"inLanguage\":\"es\"},{\"@type\":[\"Person\",\"Organization\"],\"@id\":\"https:\/\/luchonoticias.com\/editor\/#\/schema\/person\/7a7fd911f58561fd056dbac7b55af9cd\",\"name\":\"admin\",\"image\":{\"@type\":\"ImageObject\",\"inLanguage\":\"es\",\"@id\":\"https:\/\/luchonoticias.com\/editor\/#\/schema\/person\/image\/\",\"url\":\"https:\/\/luchonoticias.com\/editor\/wp-content\/uploads\/2024\/02\/cropped-cropped-logolu.webp\",\"contentUrl\":\"https:\/\/luchonoticias.com\/editor\/wp-content\/uploads\/2024\/02\/cropped-cropped-logolu.webp\",\"width\":382,\"height\":170,\"caption\":\"admin\"},\"logo\":{\"@id\":\"https:\/\/luchonoticias.com\/editor\/#\/schema\/person\/image\/\"},\"sameAs\":[\"https:\/\/www.facebook.com\/luchonoticiasneiva\"]},{\"@type\":\"Person\",\"@id\":\"https:\/\/luchonoticias.com\/editor\/#\/schema\/person\/29217990ddf6f14e35912b2866d591fb\",\"name\":\"Editor General\",\"image\":{\"@type\":\"ImageObject\",\"inLanguage\":\"es\",\"@id\":\"https:\/\/luchonoticias.com\/editor\/#\/schema\/person\/image\/\",\"url\":\"https:\/\/luchonoticias.com\/editor\/wp-content\/uploads\/2024\/02\/cropped-cropped-logolu-150x150.webp\",\"contentUrl\":\"https:\/\/luchonoticias.com\/editor\/wp-content\/uploads\/2024\/02\/cropped-cropped-logolu-150x150.webp\",\"caption\":\"Editor General\"},\"sameAs\":[\"https:\/\/luchonoticias.com\/\"],\"url\":\"https:\/\/luchonoticias.com\/editor\/author\/editor-general\/\"}]}<\/script>\n<!-- \/ Yoast SEO plugin. -->","yoast_head_json":{"title":"Fuerte ofensiva contra la delincuencia durante el Domingo de Ramos en el Huila -","robots":{"index":"index","follow":"follow","max-snippet":"max-snippet:-1","max-image-preview":"max-image-preview:large","max-video-preview":"max-video-preview:-1"},"canonical":"https:\/\/luchonoticias.com\/editor\/fuerte-ofensiva-contra-la-delincuencia-durante-el-domingo-de-ramos-en-el-huila\/","og_locale":"es_ES","og_type":"article","og_title":"Fuerte ofensiva contra la delincuencia durante el Domingo de Ramos en el Huila -","og_url":"https:\/\/luchonoticias.com\/editor\/fuerte-ofensiva-contra-la-delincuencia-durante-el-domingo-de-ramos-en-el-huila\/","article_publisher":"https:\/\/www.facebook.com\/luchonoticiasneiva","article_published_time":"2023-04-03T11:39:06+00:00","article_modified_time":"2023-04-03T11:39:07+00:00","og_image":[{"url":"https:\/\/luchonoticias.com\/wp-content\/uploads\/2023\/04\/WhatsApp-Image-2023-04-02-at-2.48.39-PM-1024x576.jpeg","type":"","width":"","height":""}],"author":"Editor General","twitter_card":"summary_large_image","twitter_misc":{"Escrito por":"Editor General","Tiempo de lectura":"1 minuto"},"schema":{"@context":"https:\/\/schema.org","@graph":[{"@type":"Article","@id":"https:\/\/luchonoticias.com\/editor\/fuerte-ofensiva-contra-la-delincuencia-durante-el-domingo-de-ramos-en-el-huila\/#article","isPartOf":{"@id":"https:\/\/luchonoticias.com\/editor\/fuerte-ofensiva-contra-la-delincuencia-durante-el-domingo-de-ramos-en-el-huila\/"},"author":{"name":"Editor General","@id":"https:\/\/luchonoticias.com\/editor\/#\/schema\/person\/29217990ddf6f14e35912b2866d591fb"},"headline":"Fuerte ofensiva contra la delincuencia durante el Domingo de Ramos en el Huila","datePublished":"2023-04-03T11:39:06+00:00","dateModified":"2023-04-03T11:39:07+00:00","mainEntityOfPage":{"@id":"https:\/\/luchonoticias.com\/editor\/fuerte-ofensiva-contra-la-delincuencia-durante-el-domingo-de-ramos-en-el-huila\/"},"wordCount":292,"commentCount":0,"publisher":{"@id":"https:\/\/luchonoticias.com\/editor\/#\/schema\/person\/7a7fd911f58561fd056dbac7b55af9cd"},"image":{"@id":"https:\/\/luchonoticias.com\/editor\/fuerte-ofensiva-contra-la-delincuencia-durante-el-domingo-de-ramos-en-el-huila\/#primaryimage"},"thumbnailUrl":"https:\/\/luchonoticias.com\/wp-content\/uploads\/2023\/04\/WhatsApp-Image-2023-04-02-at-2.48.39-PM-1024x576.jpeg","articleSection":["Destacado","Judicial"],"inLanguage":"es","potentialAction":[{"@type":"CommentAction","name":"Comment","target":["https:\/\/luchonoticias.com\/editor\/fuerte-ofensiva-contra-la-delincuencia-durante-el-domingo-de-ramos-en-el-huila\/#respond"]}]},{"@type":"WebPage","@id":"https:\/\/luchonoticias.com\/editor\/fuerte-ofensiva-contra-la-delincuencia-durante-el-domingo-de-ramos-en-el-huila\/","url":"https:\/\/luchonoticias.com\/editor\/fuerte-ofensiva-contra-la-delincuencia-durante-el-domingo-de-ramos-en-el-huila\/","name":"Fuerte ofensiva contra la delincuencia durante el Domingo de Ramos en el Huila -","isPartOf":{"@id":"https:\/\/luchonoticias.com\/editor\/#website"},"primaryImageOfPage":{"@id":"https:\/\/luchonoticias.com\/editor\/fuerte-ofensiva-contra-la-delincuencia-durante-el-domingo-de-ramos-en-el-huila\/#primaryimage"},"image":{"@id":"https:\/\/luchonoticias.com\/editor\/fuerte-ofensiva-contra-la-delincuencia-durante-el-domingo-de-ramos-en-el-huila\/#primaryimage"},"thumbnailUrl":"https:\/\/luchonoticias.com\/wp-content\/uploads\/2023\/04\/WhatsApp-Image-2023-04-02-at-2.48.39-PM-1024x576.jpeg","datePublished":"2023-04-03T11:39:06+00:00","dateModified":"2023-04-03T11:39:07+00:00","breadcrumb":{"@id":"https:\/\/luchonoticias.com\/editor\/fuerte-ofensiva-contra-la-delincuencia-durante-el-domingo-de-ramos-en-el-huila\/#breadcrumb"},"inLanguage":"es","potentialAction":[{"@type":"ReadAction","target":["https:\/\/luchonoticias.com\/editor\/fuerte-ofensiva-contra-la-delincuencia-durante-el-domingo-de-ramos-en-el-huila\/"]}]},{"@type":"ImageObject","inLanguage":"es","@id":"https:\/\/luchonoticias.com\/editor\/fuerte-ofensiva-contra-la-delincuencia-durante-el-domingo-de-ramos-en-el-huila\/#primaryimage","url":"https:\/\/luchonoticias.com\/wp-content\/uploads\/2023\/04\/WhatsApp-Image-2023-04-02-at-2.48.39-PM-1024x576.jpeg","contentUrl":"https:\/\/luchonoticias.com\/wp-content\/uploads\/2023\/04\/WhatsApp-Image-2023-04-02-at-2.48.39-PM-1024x576.jpeg"},{"@type":"BreadcrumbList","@id":"https:\/\/luchonoticias.com\/editor\/fuerte-ofensiva-contra-la-delincuencia-durante-el-domingo-de-ramos-en-el-huila\/#breadcrumb","itemListElement":[{"@type":"ListItem","position":1,"name":"Portada","item":"https:\/\/luchonoticias.com\/editor\/"},{"@type":"ListItem","position":2,"name":"Fuerte ofensiva contra la delincuencia durante el Domingo de Ramos en el Huila"}]},{"@type":"WebSite","@id":"https:\/\/luchonoticias.com\/editor\/#website","url":"https:\/\/luchonoticias.com\/editor\/","name":"","description":"","publisher":{"@id":"https:\/\/luchonoticias.com\/editor\/#\/schema\/person\/7a7fd911f58561fd056dbac7b55af9cd"},"potentialAction":[{"@type":"SearchAction","target":{"@type":"EntryPoint","urlTemplate":"https:\/\/luchonoticias.com\/editor\/?s={search_term_string}"},"query-input":{"@type":"PropertyValueSpecification","valueRequired":true,"valueName":"search_term_string"}}],"inLanguage":"es"},{"@type":["Person","Organization"],"@id":"https:\/\/luchonoticias.com\/editor\/#\/schema\/person\/7a7fd911f58561fd056dbac7b55af9cd","name":"admin","image":{"@type":"ImageObject","inLanguage":"es","@id":"https:\/\/luchonoticias.com\/editor\/#\/schema\/person\/image\/","url":"https:\/\/luchonoticias.com\/editor\/wp-content\/uploads\/2024\/02\/cropped-cropped-logolu.webp","contentUrl":"https:\/\/luchonoticias.com\/editor\/wp-content\/uploads\/2024\/02\/cropped-cropped-logolu.webp","width":382,"height":170,"caption":"admin"},"logo":{"@id":"https:\/\/luchonoticias.com\/editor\/#\/schema\/person\/image\/"},"sameAs":["https:\/\/www.facebook.com\/luchonoticiasneiva"]},{"@type":"Person","@id":"https:\/\/luchonoticias.com\/editor\/#\/schema\/person\/29217990ddf6f14e35912b2866d591fb","name":"Editor General","image":{"@type":"ImageObject","inLanguage":"es","@id":"https:\/\/luchonoticias.com\/editor\/#\/schema\/person\/image\/","url":"https:\/\/luchonoticias.com\/editor\/wp-content\/uploads\/2024\/02\/cropped-cropped-logolu-150x150.webp","contentUrl":"https:\/\/luchonoticias.com\/editor\/wp-content\/uploads\/2024\/02\/cropped-cropped-logolu-150x150.webp","caption":"Editor General"},"sameAs":["https:\/\/luchonoticias.com\/"],"url":"https:\/\/luchonoticias.com\/editor\/author\/editor-general\/"}]}},"_links":{"self":[{"href":"https:\/\/luchonoticias.com\/editor\/wp-json\/wp\/v2\/posts\/49718","targetHints":{"allow":["GET"]}}],"collection":[{"href":"https:\/\/luchonoticias.com\/editor\/wp-json\/wp\/v2\/posts"}],"about":[{"href":"https:\/\/luchonoticias.com\/editor\/wp-json\/wp\/v2\/types\/post"}],"author":[{"embeddable":true,"href":"https:\/\/luchonoticias.com\/editor\/wp-json\/wp\/v2\/users\/2"}],"replies":[{"embeddable":true,"href":"https:\/\/luchonoticias.com\/editor\/wp-json\/wp\/v2\/comments?post=49718"}],"version-history":[{"count":0,"href":"https:\/\/luchonoticias.com\/editor\/wp-json\/wp\/v2\/posts\/49718\/revisions"}],"wp:attachment":[{"href":"https:\/\/luchonoticias.com\/editor\/wp-json\/wp\/v2\/media?parent=49718"}],"wp:term":[{"taxonomy":"category","embeddable":true,"href":"https:\/\/luchonoticias.com\/editor\/wp-json\/wp\/v2\/categories?post=49718"},{"taxonomy":"post_tag","embeddable":true,"href":"https:\/\/luchonoticias.com\/editor\/wp-json\/wp\/v2\/tags?post=49718"}],"curies":[{"name":"wp","href":"https:\/\/api.w.org\/{rel}","templated":true}]}}